{"id":74557,"date":"2018-10-23T16:34:54","date_gmt":"2018-10-23T14:34:54","guid":{"rendered":"https:\/\/www.clients.horus-informatique71.fr\/advocnar_backup\/?p=74557"},"modified":"2021-04-02T18:37:36","modified_gmt":"2021-04-02T16:37:36","slug":"laeroport-de-roissy-va-sagrandir","status":"publish","type":"post","link":"https:\/\/www.clients.horus-informatique71.fr\/advocnar_backup\/2018\/10\/laeroport-de-roissy-va-sagrandir\/","title":{"rendered":"L\u2019a\u00e9roport de Roissy va s\u2019agrandir : \u00abA force, \u00e7a va finir dans mon jardin\u00bb"},"content":{"rendered":"<h4>20.10.2018 &#8211; Le Parisien<\/h4>\n<h5>Suzy, habitante de Louvres (Val-d\u2019Oise), est venue se renseigner sur le terminal 4 \u00e0 l\u2019un des rendez-vous d\u2019information du Groupe ADP.<\/h5>\n<p>Devant l\u2019ampleur de son projet, le Groupe ADP a pris les devants. D\u00e8s cette semaine, avant la concertation publique qui commence en janvier, des employ\u00e9s volontaires de l\u2019entreprise ont rev\u00eatu des gilets bleus et se sont rendus, dans une camionnette aux couleurs du T4, dans les villes autour de l\u2019a\u00e9roport distribuer des d\u00e9pliants.<\/p>\n<p>Mercredi, \u00e0 Goussainville, premi\u00e8re \u00e9tape de ce \u00ab T4 tour \u00bb de 33 dates dans 19 communes*, 200 personnes ont d\u00e9pos\u00e9 des questions dans des bo\u00eetes aux lettres pr\u00e9vues \u00e0 cet effet. Jeudi, c\u2019est \u00e0 Louvres que les riverains pouvaient s\u2019informer.<\/p>\n<p>\u00ab Je veux savoir si \u00e7a va \u00eatre catastrophique ou pas, r\u00e9sume Suzy, habitante de la commune depuis 60 ans, toujours le sourire aux l\u00e8vres. Parce qu\u2019\u00e0 force, vous grandissez tellement que \u00e7a va finir dans mon jardin ! \u00bb Le p\u00e9rim\u00e8tre de l\u2019a\u00e9roport ne s\u2019\u00e9tend pas, et il n\u2019y a pas de nouvelle piste pr\u00e9vue, lui r\u00e9pond une employ\u00e9e d\u2019ADP.<\/p>\n<h5>Pollution et emplois<\/h5>\n<p>\u00ab Cela me rassure un peu\u2026 S\u2019il n\u2019y a pas de nouvelle piste, \u00e7a va \u00bb. Mais la pollution des avions l\u2019inqui\u00e8te aussi. \u00ab Quand je pars plusieurs semaines, ma terrasse est bien noire en rentrant. Je les vois les avions : ce qu\u2019ils d\u00e9gagent, \u00e7a nous tombe direct sur la cafeti\u00e8re ! \u00bb D\u2019ici 20 ans, les avions seront moins bruyants et moins polluants, tente de la rassurer un cadre d\u2019ADP.<\/p>\n<p>Avec les nuisances environnementales, le second sujet le plus fr\u00e9quemment abord\u00e9, c\u2019est l\u2019emploi. \u00ab \u00c7a recrute l\u00e0-bas \u00bb, lance une jeune fille, \u00e0 peine sortie du RER, en voyant le minibus bleu. \u00ab J\u2019ai pour projet de travailler \u00e0 l\u2019a\u00e9roport, depuis petite cela me fait r\u00eaver \u00bb, avoue No\u00e9mie, 23 ans, qui enverra des questions \u00e0 ADP sur le sujet. Jean-Pierre, lui, est favorable au T4. \u00ab C\u2019est un avantage, cela am\u00e8ne du travail, et nos villes s\u2019agrandissent \u00bb, estime cet habitant de Puiseux.<\/p>\n<p>*Prochain point info le 24 octobre matin au march\u00e9 de Garges-l\u00e8s-Gonesse, puis le 26 \u00e0 Villeparisis et Fosses. Programme complet jusqu\u2019au 17 novembre sur <a href=\"https:\/\/www.parisaeroport.fr\/passagers\/paris-aeroport-change\/paris-cdg-change\/terminal4-cdg#toutsavoir\">terminal4-cdg.groupeadp.fr<\/a><\/p>\n<p>&nbsp;<\/p>\n","protected":false},"excerpt":{"rendered":"<p>20.10.2018 &#8211; Le Parisien Suzy, habitante de Louvres (Val-d\u2019Oise), est venue se renseigner sur le terminal 4 \u00e0 l\u2019un des rendez-vous d\u2019information du Groupe ADP. Devant l\u2019ampleur de son projet, le Groupe ADP a pris les devants. D\u00e8s cette semaine, avant la concertation publique qui commence en janvier, des employ\u00e9s volontaires de l\u2019entreprise ont rev\u00eatu [&hellip;]<\/p>\n","protected":false},"author":10,"featured_media":0,"comment_status":"closed","ping_status":"open","sticky":false,"template":"","format":"standard","meta":{"footnotes":""},"categories":[49],"tags":[],"yoast_head":"<!-- This site is optimized with the Yoast SEO plugin v22.0 - https:\/\/yoast.com\/wordpress\/plugins\/seo\/ -->\n<title>L\u2019a\u00e9roport de Roissy va s\u2019agrandir : \u00abA force, \u00e7a va finir dans mon jardin\u00bb - Advocnar<\/title>\n<meta name=\"robots\" content=\"index, follow, max-snippet:-1, max-image-preview:large, max-video-preview:-1\" \/>\n<link rel=\"canonical\" href=\"https:\/\/www.clients.horus-informatique71.fr\/advocnar_backup\/2018\/10\/laeroport-de-roissy-va-sagrandir\/\" \/>\n<meta property=\"og:locale\" content=\"fr_FR\" \/>\n<meta property=\"og:type\" content=\"article\" \/>\n<meta property=\"og:title\" content=\"L\u2019a\u00e9roport de Roissy va s\u2019agrandir : \u00abA force, \u00e7a va finir dans mon jardin\u00bb - Advocnar\" \/>\n<meta property=\"og:description\" content=\"20.10.2018 &#8211; Le Parisien Suzy, habitante de Louvres (Val-d\u2019Oise), est venue se renseigner sur le terminal 4 \u00e0 l\u2019un des rendez-vous d\u2019information du Groupe ADP. Devant l\u2019ampleur de son projet, le Groupe ADP a pris les devants. D\u00e8s cette semaine, avant la concertation publique qui commence en janvier, des employ\u00e9s volontaires de l\u2019entreprise ont rev\u00eatu [&hellip;]\" \/>\n<meta property=\"og:url\" content=\"https:\/\/www.clients.horus-informatique71.fr\/advocnar_backup\/2018\/10\/laeroport-de-roissy-va-sagrandir\/\" \/>\n<meta property=\"og:site_name\" content=\"Advocnar\" \/>\n<meta property=\"article:published_time\" content=\"2018-10-23T14:34:54+00:00\" \/>\n<meta property=\"article:modified_time\" content=\"2021-04-02T16:37:36+00:00\" \/>\n<meta name=\"author\" content=\"FBrochot\" \/>\n<meta name=\"twitter:card\" content=\"summary_large_image\" \/>\n<meta name=\"twitter:label1\" content=\"\u00c9crit par\" \/>\n\t<meta name=\"twitter:data1\" content=\"FBrochot\" \/>\n\t<meta name=\"twitter:label2\" content=\"Dur\u00e9e de lecture estim\u00e9e\" \/>\n\t<meta name=\"twitter:data2\" content=\"2 minutes\" \/>\n<script type=\"application\/ld+json\" class=\"yoast-schema-graph\">{\"@context\":\"https:\/\/schema.org\",\"@graph\":[{\"@type\":\"WebPage\",\"@id\":\"https:\/\/www.clients.horus-informatique71.fr\/advocnar_backup\/2018\/10\/laeroport-de-roissy-va-sagrandir\/\",\"url\":\"https:\/\/www.clients.horus-informatique71.fr\/advocnar_backup\/2018\/10\/laeroport-de-roissy-va-sagrandir\/\",\"name\":\"L\u2019a\u00e9roport de Roissy va s\u2019agrandir : \u00abA force, \u00e7a va finir dans mon jardin\u00bb - Advocnar\",\"isPartOf\":{\"@id\":\"https:\/\/www.clients.horus-informatique71.fr\/advocnar_backup\/#website\"},\"datePublished\":\"2018-10-23T14:34:54+00:00\",\"dateModified\":\"2021-04-02T16:37:36+00:00\",\"author\":{\"@id\":\"https:\/\/www.clients.horus-informatique71.fr\/advocnar_backup\/#\/schema\/person\/28ec283f897fb44e1146415d8015d23e\"},\"breadcrumb\":{\"@id\":\"https:\/\/www.clients.horus-informatique71.fr\/advocnar_backup\/2018\/10\/laeroport-de-roissy-va-sagrandir\/#breadcrumb\"},\"inLanguage\":\"fr-FR\",\"potentialAction\":[{\"@type\":\"ReadAction\",\"target\":[\"https:\/\/www.clients.horus-informatique71.fr\/advocnar_backup\/2018\/10\/laeroport-de-roissy-va-sagrandir\/\"]}]},{\"@type\":\"BreadcrumbList\",\"@id\":\"https:\/\/www.clients.horus-informatique71.fr\/advocnar_backup\/2018\/10\/laeroport-de-roissy-va-sagrandir\/#breadcrumb\",\"itemListElement\":[{\"@type\":\"ListItem\",\"position\":1,\"name\":\"Accueil\",\"item\":\"https:\/\/www.clients.horus-informatique71.fr\/advocnar_backup\/\"},{\"@type\":\"ListItem\",\"position\":2,\"name\":\"L\u2019a\u00e9roport de Roissy va s\u2019agrandir : \u00abA force, \u00e7a va finir dans mon jardin\u00bb\"}]},{\"@type\":\"WebSite\",\"@id\":\"https:\/\/www.clients.horus-informatique71.fr\/advocnar_backup\/#website\",\"url\":\"https:\/\/www.clients.horus-informatique71.fr\/advocnar_backup\/\",\"name\":\"Advocnar\",\"description\":\"Association de D\u00e9fense Contre les Nuisances A\u00e9riennes\",\"potentialAction\":[{\"@type\":\"SearchAction\",\"target\":{\"@type\":\"EntryPoint\",\"urlTemplate\":\"https:\/\/www.clients.horus-informatique71.fr\/advocnar_backup\/?s={search_term_string}\"},\"query-input\":\"required name=search_term_string\"}],\"inLanguage\":\"fr-FR\"},{\"@type\":\"Person\",\"@id\":\"https:\/\/www.clients.horus-informatique71.fr\/advocnar_backup\/#\/schema\/person\/28ec283f897fb44e1146415d8015d23e\",\"name\":\"FBrochot\",\"url\":\"https:\/\/www.clients.horus-informatique71.fr\/advocnar_backup\/author\/fbrochot\/\"}]}<\/script>\n<!-- \/ Yoast SEO plugin. -->","yoast_head_json":{"title":"L\u2019a\u00e9roport de Roissy va s\u2019agrandir : \u00abA force, \u00e7a va finir dans mon jardin\u00bb - Advocnar","robots":{"index":"index","follow":"follow","max-snippet":"max-snippet:-1","max-image-preview":"max-image-preview:large","max-video-preview":"max-video-preview:-1"},"canonical":"https:\/\/www.clients.horus-informatique71.fr\/advocnar_backup\/2018\/10\/laeroport-de-roissy-va-sagrandir\/","og_locale":"fr_FR","og_type":"article","og_title":"L\u2019a\u00e9roport de Roissy va s\u2019agrandir : \u00abA force, \u00e7a va finir dans mon jardin\u00bb - Advocnar","og_description":"20.10.2018 &#8211; Le Parisien Suzy, habitante de Louvres (Val-d\u2019Oise), est venue se renseigner sur le terminal 4 \u00e0 l\u2019un des rendez-vous d\u2019information du Groupe ADP. Devant l\u2019ampleur de son projet, le Groupe ADP a pris les devants. D\u00e8s cette semaine, avant la concertation publique qui commence en janvier, des employ\u00e9s volontaires de l\u2019entreprise ont rev\u00eatu [&hellip;]","og_url":"https:\/\/www.clients.horus-informatique71.fr\/advocnar_backup\/2018\/10\/laeroport-de-roissy-va-sagrandir\/","og_site_name":"Advocnar","article_published_time":"2018-10-23T14:34:54+00:00","article_modified_time":"2021-04-02T16:37:36+00:00","author":"FBrochot","twitter_card":"summary_large_image","twitter_misc":{"\u00c9crit par":"FBrochot","Dur\u00e9e de lecture estim\u00e9e":"2 minutes"},"schema":{"@context":"https:\/\/schema.org","@graph":[{"@type":"WebPage","@id":"https:\/\/www.clients.horus-informatique71.fr\/advocnar_backup\/2018\/10\/laeroport-de-roissy-va-sagrandir\/","url":"https:\/\/www.clients.horus-informatique71.fr\/advocnar_backup\/2018\/10\/laeroport-de-roissy-va-sagrandir\/","name":"L\u2019a\u00e9roport de Roissy va s\u2019agrandir : \u00abA force, \u00e7a va finir dans mon jardin\u00bb - Advocnar","isPartOf":{"@id":"https:\/\/www.clients.horus-informatique71.fr\/advocnar_backup\/#website"},"datePublished":"2018-10-23T14:34:54+00:00","dateModified":"2021-04-02T16:37:36+00:00","author":{"@id":"https:\/\/www.clients.horus-informatique71.fr\/advocnar_backup\/#\/schema\/person\/28ec283f897fb44e1146415d8015d23e"},"breadcrumb":{"@id":"https:\/\/www.clients.horus-informatique71.fr\/advocnar_backup\/2018\/10\/laeroport-de-roissy-va-sagrandir\/#breadcrumb"},"inLanguage":"fr-FR","potentialAction":[{"@type":"ReadAction","target":["https:\/\/www.clients.horus-informatique71.fr\/advocnar_backup\/2018\/10\/laeroport-de-roissy-va-sagrandir\/"]}]},{"@type":"BreadcrumbList","@id":"https:\/\/www.clients.horus-informatique71.fr\/advocnar_backup\/2018\/10\/laeroport-de-roissy-va-sagrandir\/#breadcrumb","itemListElement":[{"@type":"ListItem","position":1,"name":"Accueil","item":"https:\/\/www.clients.horus-informatique71.fr\/advocnar_backup\/"},{"@type":"ListItem","position":2,"name":"L\u2019a\u00e9roport de Roissy va s\u2019agrandir : \u00abA force, \u00e7a va finir dans mon jardin\u00bb"}]},{"@type":"WebSite","@id":"https:\/\/www.clients.horus-informatique71.fr\/advocnar_backup\/#website","url":"https:\/\/www.clients.horus-informatique71.fr\/advocnar_backup\/","name":"Advocnar","description":"Association de D\u00e9fense Contre les Nuisances A\u00e9riennes","potentialAction":[{"@type":"SearchAction","target":{"@type":"EntryPoint","urlTemplate":"https:\/\/www.clients.horus-informatique71.fr\/advocnar_backup\/?s={search_term_string}"},"query-input":"required name=search_term_string"}],"inLanguage":"fr-FR"},{"@type":"Person","@id":"https:\/\/www.clients.horus-informatique71.fr\/advocnar_backup\/#\/schema\/person\/28ec283f897fb44e1146415d8015d23e","name":"FBrochot","url":"https:\/\/www.clients.horus-informatique71.fr\/advocnar_backup\/author\/fbrochot\/"}]}},"_links":{"self":[{"href":"https:\/\/www.clients.horus-informatique71.fr\/advocnar_backup\/wp-json\/wp\/v2\/posts\/74557"}],"collection":[{"href":"https:\/\/www.clients.horus-informatique71.fr\/advocnar_backup\/wp-json\/wp\/v2\/posts"}],"about":[{"href":"https:\/\/www.clients.horus-informatique71.fr\/advocnar_backup\/wp-json\/wp\/v2\/types\/post"}],"author":[{"embeddable":true,"href":"https:\/\/www.clients.horus-informatique71.fr\/advocnar_backup\/wp-json\/wp\/v2\/users\/10"}],"replies":[{"embeddable":true,"href":"https:\/\/www.clients.horus-informatique71.fr\/advocnar_backup\/wp-json\/wp\/v2\/comments?post=74557"}],"version-history":[{"count":2,"href":"https:\/\/www.clients.horus-informatique71.fr\/advocnar_backup\/wp-json\/wp\/v2\/posts\/74557\/revisions"}],"predecessor-version":[{"id":74559,"href":"https:\/\/www.clients.horus-informatique71.fr\/advocnar_backup\/wp-json\/wp\/v2\/posts\/74557\/revisions\/74559"}],"wp:attachment":[{"href":"https:\/\/www.clients.horus-informatique71.fr\/advocnar_backup\/wp-json\/wp\/v2\/media?parent=74557"}],"wp:term":[{"taxonomy":"category","embeddable":true,"href":"https:\/\/www.clients.horus-informatique71.fr\/advocnar_backup\/wp-json\/wp\/v2\/categories?post=74557"},{"taxonomy":"post_tag","embeddable":true,"href":"https:\/\/www.clients.horus-informatique71.fr\/advocnar_backup\/wp-json\/wp\/v2\/tags?post=74557"}],"curies":[{"name":"wp","href":"https:\/\/api.w.org\/{rel}","templated":true}]}}