{"id":74561,"date":"2018-10-31T15:55:14","date_gmt":"2018-10-31T14:55:14","guid":{"rendered":"https:\/\/www.clients.horus-informatique71.fr\/advocnar_backup\/?p=74561"},"modified":"2018-12-18T17:02:45","modified_gmt":"2018-12-18T16:02:45","slug":"danger-projet-de-terminal-4-a-roissy-cdg","status":"publish","type":"post","link":"https:\/\/www.clients.horus-informatique71.fr\/advocnar_backup\/2018\/10\/danger-projet-de-terminal-4-a-roissy-cdg\/","title":{"rendered":"Danger ! Projet de Terminal 4 \u00e0 Roissy CDG = jusqu&rsquo;\u00e0 38% d&rsquo;avions en plus \u00e0 terme"},"content":{"rendered":"<h4>Avec le projet de Terminal 4, dont les travaux vont d\u00e9buter \u00e0 l&rsquo;\u00e9t\u00e9 2020, ADP a la folie des grandeurs &#8230; au m\u00e9pris de la sant\u00e9 et de la qualit\u00e9 de vie des habitants survol\u00e9s !<\/h4>\n<p>Environ 70 millions de passagers ont \u00e9t\u00e9 accueillis \u00e0 Roissy Charles-de-Gaulle en 2017, pour 483\u00a0000 mouvements d\u2019avions.<\/p>\n<p>Le contrat de r\u00e9gulation \u00e9conomique CRE 2016-2020 a pr\u00e9vu 3,1 milliards d\u2019euros de travaux pour porter la capacit\u00e9 de Roissy CDG \u00e0 80 millions de passagers en 2020 (r\u00e9novation du Terminal 1, r\u00e9ouverture du Terminal 2B, b\u00e2timent de jonction entre le Terminal 2B et le Terminal 2D, r\u00e9novation de deux pistes)<\/p>\n<p>Le projet de nouveau Terminal 4 a pour objectif d&rsquo;accueillir 30 \u00e0 40 millions de passagers suppl\u00e9mentaires \u00e0 terme, soit 50% de plus que la capacit\u00e9 en 2020. La premi\u00e8re tranche est pr\u00e9vue en 2024 pour 7 \u00e0 10 millions de passagers suppl\u00e9mentaires.<\/p>\n<p><strong>Cette augmentation du nombre de passagers ne se fera pas sans une augmentation cons\u00e9quente du nombre de vols au-dessus de nos t\u00eates\u00a0!<\/strong><\/p>\n<h5>ADP a enfin d\u00e9voil\u00e9 quelques chiffres:<\/h5>\n<p>Aujourd&rsquo;hui:\u00a0\u00a0\u00a0\u00a0\u00a0\u00a0\u00a0\u00a0\u00a0\u00a0\u00a0\u00a0\u00a0\u00a0\u00a0\u00a0\u00a0\u00a0\u00a0\u00a0\u00a0\u00a0\u00a0\u00a0\u00a0\u00a0\u00a0\u00a0\u00a0\u00a0\u00a0\u00a0\u00a0\u00a0\u00a0\u00a0\u00a0\u00a0\u00a0\u00a0\u00a0\u00a0\u00a0 A terme:<\/p>\n<p>1 300 vols\/jours\u00a0\u00a0\u00a0\u00a0\u00a0\u00a0\u00a0\u00a0\u00a0\u00a0\u00a0\u00a0\u00a0\u00a0\u00a0\u00a0\u00a0\u00a0\u00a0\u00a0\u00a0\u00a0\u00a0\u00a0\u00a0\u00a0\u00a0\u00a0\u00a0\u00a0\u00a0\u00a0\u00a0\u00a0\u00a0\u00a0 1 800 vols\/jours\u00a0\u00a0\u00a0\u00a0\u00a0\u00a0\u00a0\u00a0\u00a0\u00a0\u00a0\u00a0\u00a0\u00a0\u00a0\u00a0\u00a0\u00a0\u00a0\u00a0\u00a0\u00a0\u00a0\u00a0\u00a0\u00a0\u00a0\u00a0\u00a0 <span style=\"color: #ff0000;\"><strong>soit 38% de vols en plus !<\/strong><\/span><br \/>\n483 000 vols\/an\u00a0\u00a0\u00a0\u00a0\u00a0\u00a0\u00a0\u00a0\u00a0\u00a0\u00a0\u00a0\u00a0\u00a0\u00a0\u00a0\u00a0\u00a0\u00a0\u00a0\u00a0\u00a0\u00a0\u00a0\u00a0\u00a0\u00a0\u00a0\u00a0\u00a0\u00a0\u00a0\u00a0\u00a0\u00a0\u00a0 660 000 vols\/an<\/p>\n<p>C&rsquo;est inadmissible! Chacun doit r\u00e9agir lors des phases de pr\u00e9-concertation et de concertation pr\u00e9alable.<\/p>\n<h3>Pr\u00e9-concertation: du 15 octobre au 28 novembre 2018<\/h3>\n<p>Le \u00ab\u00a0bus du Terminal 4\u00a0\u00bb effectue une tourn\u00e9e h\u00e9las limit\u00e9e \u00e0 certaines communes ci-dessous. C&rsquo;est n\u00e9anmoins l&rsquo;occasion de vous informer aupr\u00e8s des \u00ab\u00a0ambassadeurs ADP du projet\u00a0\u00bb, et de donner votre avis concernant l&rsquo;organisation de la concertation pr\u00e9vue d\u00e9but 2019 et les th\u00e8mes \u00e0 y aborder.<\/p>\n<p><strong>Dates et lieux de la tourn\u00e9e du bus pour le mois d&rsquo;Octobre<\/strong><\/p>\n<p>Mercredi 17 octobre &#8211; 8h-12h: Goussainville &#8211; March\u00e9 de Goussainville<br \/>\nJeudi 18 octobre &#8211; 16h-19h30: Louvres &#8211; Gare RER de Louvres<br \/>\nSamedi 20 octobre &#8211; 9h-13h: Fosses &#8211; March\u00e9 du centre ville<br \/>\nMercredi 24 octobre &#8211; 8h-12h: Garges- l\u00e8s-Gonesse &#8211; March\u00e9 du rond-point<br \/>\nVendredi 26 octobre &#8211; 8h-12h: Villeparisis &#8211; Place du march\u00e9 de Villeparisis<br \/>\nVendredi 26 octobre &#8211; 16h-19h30: Fosses &#8211; Place de la gare<br \/>\nMercredi 31 octobre &#8211; 11h-15h: Roissy-en-France &#8211; Parvis de la Fontaine (face mairie)<br \/>\nMercredi 31 octobre &#8211; 16h-19h: Le Mesnil Amelot &#8211; Piscine Oxyg\u00e8ne<\/p>\n<p><strong>Dates et lieux de la tourn\u00e9e du bus pour le mois de Novembre<\/strong><\/p>\n<p>Samedi 3 novembre &#8211; 8h-12h: Moussy le neuf &#8211; Place du march\u00e9<br \/>\nMercredi 7 novembre &#8211; 14h-19h: Le Blanc Mesnil &#8211; Gare RER<br \/>\nJeudi 8 novembre &#8211; 8h-12h: Garges-l\u00e8s-Gonesse &#8211; March\u00e9 saint Just<br \/>\nJeudi 8 novembre &#8211; 16h-19h: Villepinte &#8211; Gare RER de Villepinte<br \/>\nMardi 13 novembre &#8211; 16h-19h: Louvres &#8211; Gare RER<br \/>\nJeudi 15 novembre &#8211; 8h-12h: Le Blanc-Mesnil &#8211; March\u00e9 du centre<br \/>\njeudi 15 novembre &#8211; 16h-19h: Gonesse &#8211; Place du G\u00e9n\u00e9ral de Gaulle<br \/>\nSamedi 17 novembre &#8211; 8h-12h: Goussainville &#8211; March\u00e9 de Goussainville<br \/>\nDimanche 18 novembre &#8211; 10h-14h: Eaubonne &#8211; March\u00e9 d&rsquo;Eaubonne et Salon des \u00e9nergies et de l&rsquo;habitat<br \/>\nMardi 20 novembre &#8211; 16h00-19h00: Mitry-Mory &#8211; Gare RER de Mitry Claye<br \/>\nJeudi 22 novembre &#8211; 8h-12h30: Aulnay-sous-bois &#8211; March\u00e9 de la gare<br \/>\nJeudi 22 novembre &#8211; 16h-19h: Marly la ville &#8211; Mairie<br \/>\nSamedi 24 novembre &#8211; 8h-12h: Dammartin-en-Go\u00eble &#8211; Parking du cimeti\u00e8re<br \/>\nDimanche 25 novembre &#8211; 8h-12h: Domont &#8211; Place du march\u00e9<br \/>\nMardi 27 novembre &#8211; 14h-19h30: Villiers le Bel &#8211; March\u00e9 Puits-la-Marli\u00e8re<br \/>\nMercredi 28 novembre &#8211; 8h-12h30: Montmorency &#8211; March\u00e9 du centre<\/p>\n<p>Des informations sont disponibles sur le site de <a href=\"https:\/\/www.parisaeroport.fr\/passagers\/paris-aeroport-change\/paris-cdg-change\/terminal4-cdg\">Paris A\u00e9roport Change.<\/a><\/p>\n<p>Vous pouvez envoyer vos suggestions en ligne: <a href=\"mailto:terminal4-cdg@adp.fr\">terminal4-cdg@adp.fr<\/a><\/p>\n<h3>Attention changement de dates pour la concertation pr\u00e9alable:<br \/>\ndu 12 f\u00e9vrier au 12 mai 2019<\/h3>\n<p>A ce jour nous attendons les informations pour cette phase officielle qui s&rsquo;effectuera sous le contr\u00f4le de quatre garants nomm\u00e9s par la CNDP*. A l&rsquo;issue des 3 mois de concertation pr\u00e9alable, les garants remettront un bilan qui sera rendu public et joint au dossier d&rsquo;enqu\u00eate publique.<\/p>\n<p>&nbsp;<\/p>\n<hr \/>\n<p>*CNDP: Commission Nationale du D\u00e9bat Public<\/p>\n<p><img loading=\"lazy\" decoding=\"async\" class=\" wp-image-74549 aligncenter\" src=\"https:\/\/www.clients.horus-informatique71.fr\/advocnar_backup\/wp-content\/uploads\/2018\/10\/Affiche-terminal-4.png\" alt=\"\" width=\"474\" height=\"667\" srcset=\"https:\/\/www.clients.horus-informatique71.fr\/advocnar_backup\/wp-content\/uploads\/2018\/10\/Affiche-terminal-4.png 588w, https:\/\/www.clients.horus-informatique71.fr\/advocnar_backup\/wp-content\/uploads\/2018\/10\/Affiche-terminal-4-213x300.png 213w\" sizes=\"(max-width: 474px) 100vw, 474px\" \/><\/p>\n<p>&nbsp;<\/p>\n","protected":false},"excerpt":{"rendered":"<p>Avec le projet de Terminal 4, dont les travaux vont d\u00e9buter \u00e0 l&rsquo;\u00e9t\u00e9 2020, ADP a la folie des grandeurs &#8230; au m\u00e9pris de la sant\u00e9 et de la qualit\u00e9 de vie des habitants survol\u00e9s ! Environ 70 millions de passagers ont \u00e9t\u00e9 accueillis \u00e0 Roissy Charles-de-Gaulle en 2017, pour 483\u00a0000 mouvements d\u2019avions. Le contrat [&hellip;]<\/p>\n","protected":false},"author":10,"featured_media":74550,"comment_status":"closed","ping_status":"open","sticky":false,"template":"","format":"standard","meta":{"footnotes":""},"categories":[46],"tags":[],"yoast_head":"<!-- This site is optimized with the Yoast SEO plugin v22.0 - https:\/\/yoast.com\/wordpress\/plugins\/seo\/ -->\n<title>Danger ! Projet de Terminal 4 \u00e0 Roissy CDG = jusqu&#039;\u00e0 38% d&#039;avions en plus \u00e0 terme - Advocnar<\/title>\n<meta name=\"robots\" content=\"index, follow, max-snippet:-1, max-image-preview:large, max-video-preview:-1\" \/>\n<link rel=\"canonical\" href=\"https:\/\/www.clients.horus-informatique71.fr\/advocnar_backup\/2018\/10\/danger-projet-de-terminal-4-a-roissy-cdg\/\" \/>\n<meta property=\"og:locale\" content=\"fr_FR\" \/>\n<meta property=\"og:type\" content=\"article\" \/>\n<meta property=\"og:title\" content=\"Danger ! Projet de Terminal 4 \u00e0 Roissy CDG = jusqu&#039;\u00e0 38% d&#039;avions en plus \u00e0 terme - Advocnar\" \/>\n<meta property=\"og:description\" content=\"Avec le projet de Terminal 4, dont les travaux vont d\u00e9buter \u00e0 l&rsquo;\u00e9t\u00e9 2020, ADP a la folie des grandeurs &#8230; au m\u00e9pris de la sant\u00e9 et de la qualit\u00e9 de vie des habitants survol\u00e9s ! Environ 70 millions de passagers ont \u00e9t\u00e9 accueillis \u00e0 Roissy Charles-de-Gaulle en 2017, pour 483\u00a0000 mouvements d\u2019avions. Le contrat [&hellip;]\" \/>\n<meta property=\"og:url\" content=\"https:\/\/www.clients.horus-informatique71.fr\/advocnar_backup\/2018\/10\/danger-projet-de-terminal-4-a-roissy-cdg\/\" \/>\n<meta property=\"og:site_name\" content=\"Advocnar\" \/>\n<meta property=\"article:published_time\" content=\"2018-10-31T14:55:14+00:00\" \/>\n<meta property=\"article:modified_time\" content=\"2018-12-18T16:02:45+00:00\" \/>\n<meta property=\"og:image\" content=\"https:\/\/www.clients.horus-informatique71.fr\/advocnar_backup\/wp-content\/uploads\/2018\/10\/Affiche-terminal-4-2.png\" \/>\n\t<meta property=\"og:image:width\" content=\"586\" \/>\n\t<meta property=\"og:image:height\" content=\"440\" \/>\n\t<meta property=\"og:image:type\" content=\"image\/png\" \/>\n<meta name=\"author\" content=\"FBrochot\" \/>\n<meta name=\"twitter:card\" content=\"summary_large_image\" \/>\n<meta name=\"twitter:label1\" content=\"\u00c9crit par\" \/>\n\t<meta name=\"twitter:data1\" content=\"FBrochot\" \/>\n\t<meta name=\"twitter:label2\" content=\"Dur\u00e9e de lecture estim\u00e9e\" \/>\n\t<meta name=\"twitter:data2\" content=\"3 minutes\" \/>\n<script type=\"application\/ld+json\" class=\"yoast-schema-graph\">{\"@context\":\"https:\/\/schema.org\",\"@graph\":[{\"@type\":\"WebPage\",\"@id\":\"https:\/\/www.clients.horus-informatique71.fr\/advocnar_backup\/2018\/10\/danger-projet-de-terminal-4-a-roissy-cdg\/\",\"url\":\"https:\/\/www.clients.horus-informatique71.fr\/advocnar_backup\/2018\/10\/danger-projet-de-terminal-4-a-roissy-cdg\/\",\"name\":\"Danger ! Projet de Terminal 4 \u00e0 Roissy CDG = jusqu'\u00e0 38% d'avions en plus \u00e0 terme - Advocnar\",\"isPartOf\":{\"@id\":\"https:\/\/www.clients.horus-informatique71.fr\/advocnar_backup\/#website\"},\"datePublished\":\"2018-10-31T14:55:14+00:00\",\"dateModified\":\"2018-12-18T16:02:45+00:00\",\"author\":{\"@id\":\"https:\/\/www.clients.horus-informatique71.fr\/advocnar_backup\/#\/schema\/person\/28ec283f897fb44e1146415d8015d23e\"},\"breadcrumb\":{\"@id\":\"https:\/\/www.clients.horus-informatique71.fr\/advocnar_backup\/2018\/10\/danger-projet-de-terminal-4-a-roissy-cdg\/#breadcrumb\"},\"inLanguage\":\"fr-FR\",\"potentialAction\":[{\"@type\":\"ReadAction\",\"target\":[\"https:\/\/www.clients.horus-informatique71.fr\/advocnar_backup\/2018\/10\/danger-projet-de-terminal-4-a-roissy-cdg\/\"]}]},{\"@type\":\"BreadcrumbList\",\"@id\":\"https:\/\/www.clients.horus-informatique71.fr\/advocnar_backup\/2018\/10\/danger-projet-de-terminal-4-a-roissy-cdg\/#breadcrumb\",\"itemListElement\":[{\"@type\":\"ListItem\",\"position\":1,\"name\":\"Accueil\",\"item\":\"https:\/\/www.clients.horus-informatique71.fr\/advocnar_backup\/\"},{\"@type\":\"ListItem\",\"position\":2,\"name\":\"Danger ! Projet de Terminal 4 \u00e0 Roissy CDG = jusqu&#8217;\u00e0 38% d&#8217;avions en plus \u00e0 terme\"}]},{\"@type\":\"WebSite\",\"@id\":\"https:\/\/www.clients.horus-informatique71.fr\/advocnar_backup\/#website\",\"url\":\"https:\/\/www.clients.horus-informatique71.fr\/advocnar_backup\/\",\"name\":\"Advocnar\",\"description\":\"Association de D\u00e9fense Contre les Nuisances A\u00e9riennes\",\"potentialAction\":[{\"@type\":\"SearchAction\",\"target\":{\"@type\":\"EntryPoint\",\"urlTemplate\":\"https:\/\/www.clients.horus-informatique71.fr\/advocnar_backup\/?s={search_term_string}\"},\"query-input\":\"required name=search_term_string\"}],\"inLanguage\":\"fr-FR\"},{\"@type\":\"Person\",\"@id\":\"https:\/\/www.clients.horus-informatique71.fr\/advocnar_backup\/#\/schema\/person\/28ec283f897fb44e1146415d8015d23e\",\"name\":\"FBrochot\",\"url\":\"https:\/\/www.clients.horus-informatique71.fr\/advocnar_backup\/author\/fbrochot\/\"}]}<\/script>\n<!-- \/ Yoast SEO plugin. -->","yoast_head_json":{"title":"Danger ! Projet de Terminal 4 \u00e0 Roissy CDG = jusqu'\u00e0 38% d'avions en plus \u00e0 terme - Advocnar","robots":{"index":"index","follow":"follow","max-snippet":"max-snippet:-1","max-image-preview":"max-image-preview:large","max-video-preview":"max-video-preview:-1"},"canonical":"https:\/\/www.clients.horus-informatique71.fr\/advocnar_backup\/2018\/10\/danger-projet-de-terminal-4-a-roissy-cdg\/","og_locale":"fr_FR","og_type":"article","og_title":"Danger ! Projet de Terminal 4 \u00e0 Roissy CDG = jusqu'\u00e0 38% d'avions en plus \u00e0 terme - Advocnar","og_description":"Avec le projet de Terminal 4, dont les travaux vont d\u00e9buter \u00e0 l&rsquo;\u00e9t\u00e9 2020, ADP a la folie des grandeurs &#8230; au m\u00e9pris de la sant\u00e9 et de la qualit\u00e9 de vie des habitants survol\u00e9s ! Environ 70 millions de passagers ont \u00e9t\u00e9 accueillis \u00e0 Roissy Charles-de-Gaulle en 2017, pour 483\u00a0000 mouvements d\u2019avions. Le contrat [&hellip;]","og_url":"https:\/\/www.clients.horus-informatique71.fr\/advocnar_backup\/2018\/10\/danger-projet-de-terminal-4-a-roissy-cdg\/","og_site_name":"Advocnar","article_published_time":"2018-10-31T14:55:14+00:00","article_modified_time":"2018-12-18T16:02:45+00:00","og_image":[{"width":586,"height":440,"url":"https:\/\/www.clients.horus-informatique71.fr\/advocnar_backup\/wp-content\/uploads\/2018\/10\/Affiche-terminal-4-2.png","type":"image\/png"}],"author":"FBrochot","twitter_card":"summary_large_image","twitter_misc":{"\u00c9crit par":"FBrochot","Dur\u00e9e de lecture estim\u00e9e":"3 minutes"},"schema":{"@context":"https:\/\/schema.org","@graph":[{"@type":"WebPage","@id":"https:\/\/www.clients.horus-informatique71.fr\/advocnar_backup\/2018\/10\/danger-projet-de-terminal-4-a-roissy-cdg\/","url":"https:\/\/www.clients.horus-informatique71.fr\/advocnar_backup\/2018\/10\/danger-projet-de-terminal-4-a-roissy-cdg\/","name":"Danger ! Projet de Terminal 4 \u00e0 Roissy CDG = jusqu'\u00e0 38% d'avions en plus \u00e0 terme - Advocnar","isPartOf":{"@id":"https:\/\/www.clients.horus-informatique71.fr\/advocnar_backup\/#website"},"datePublished":"2018-10-31T14:55:14+00:00","dateModified":"2018-12-18T16:02:45+00:00","author":{"@id":"https:\/\/www.clients.horus-informatique71.fr\/advocnar_backup\/#\/schema\/person\/28ec283f897fb44e1146415d8015d23e"},"breadcrumb":{"@id":"https:\/\/www.clients.horus-informatique71.fr\/advocnar_backup\/2018\/10\/danger-projet-de-terminal-4-a-roissy-cdg\/#breadcrumb"},"inLanguage":"fr-FR","potentialAction":[{"@type":"ReadAction","target":["https:\/\/www.clients.horus-informatique71.fr\/advocnar_backup\/2018\/10\/danger-projet-de-terminal-4-a-roissy-cdg\/"]}]},{"@type":"BreadcrumbList","@id":"https:\/\/www.clients.horus-informatique71.fr\/advocnar_backup\/2018\/10\/danger-projet-de-terminal-4-a-roissy-cdg\/#breadcrumb","itemListElement":[{"@type":"ListItem","position":1,"name":"Accueil","item":"https:\/\/www.clients.horus-informatique71.fr\/advocnar_backup\/"},{"@type":"ListItem","position":2,"name":"Danger ! Projet de Terminal 4 \u00e0 Roissy CDG = jusqu&#8217;\u00e0 38% d&#8217;avions en plus \u00e0 terme"}]},{"@type":"WebSite","@id":"https:\/\/www.clients.horus-informatique71.fr\/advocnar_backup\/#website","url":"https:\/\/www.clients.horus-informatique71.fr\/advocnar_backup\/","name":"Advocnar","description":"Association de D\u00e9fense Contre les Nuisances A\u00e9riennes","potentialAction":[{"@type":"SearchAction","target":{"@type":"EntryPoint","urlTemplate":"https:\/\/www.clients.horus-informatique71.fr\/advocnar_backup\/?s={search_term_string}"},"query-input":"required name=search_term_string"}],"inLanguage":"fr-FR"},{"@type":"Person","@id":"https:\/\/www.clients.horus-informatique71.fr\/advocnar_backup\/#\/schema\/person\/28ec283f897fb44e1146415d8015d23e","name":"FBrochot","url":"https:\/\/www.clients.horus-informatique71.fr\/advocnar_backup\/author\/fbrochot\/"}]}},"_links":{"self":[{"href":"https:\/\/www.clients.horus-informatique71.fr\/advocnar_backup\/wp-json\/wp\/v2\/posts\/74561"}],"collection":[{"href":"https:\/\/www.clients.horus-informatique71.fr\/advocnar_backup\/wp-json\/wp\/v2\/posts"}],"about":[{"href":"https:\/\/www.clients.horus-informatique71.fr\/advocnar_backup\/wp-json\/wp\/v2\/types\/post"}],"author":[{"embeddable":true,"href":"https:\/\/www.clients.horus-informatique71.fr\/advocnar_backup\/wp-json\/wp\/v2\/users\/10"}],"replies":[{"embeddable":true,"href":"https:\/\/www.clients.horus-informatique71.fr\/advocnar_backup\/wp-json\/wp\/v2\/comments?post=74561"}],"version-history":[{"count":25,"href":"https:\/\/www.clients.horus-informatique71.fr\/advocnar_backup\/wp-json\/wp\/v2\/posts\/74561\/revisions"}],"predecessor-version":[{"id":74635,"href":"https:\/\/www.clients.horus-informatique71.fr\/advocnar_backup\/wp-json\/wp\/v2\/posts\/74561\/revisions\/74635"}],"wp:featuredmedia":[{"embeddable":true,"href":"https:\/\/www.clients.horus-informatique71.fr\/advocnar_backup\/wp-json\/wp\/v2\/media\/74550"}],"wp:attachment":[{"href":"https:\/\/www.clients.horus-informatique71.fr\/advocnar_backup\/wp-json\/wp\/v2\/media?parent=74561"}],"wp:term":[{"taxonomy":"category","embeddable":true,"href":"https:\/\/www.clients.horus-informatique71.fr\/advocnar_backup\/wp-json\/wp\/v2\/categories?post=74561"},{"taxonomy":"post_tag","embeddable":true,"href":"https:\/\/www.clients.horus-informatique71.fr\/advocnar_backup\/wp-json\/wp\/v2\/tags?post=74561"}],"curies":[{"name":"wp","href":"https:\/\/api.w.org\/{rel}","templated":true}]}}