{"id":74644,"date":"2019-02-11T09:28:19","date_gmt":"2019-02-11T08:28:19","guid":{"rendered":"https:\/\/www.clients.horus-informatique71.fr\/advocnar_backup\/?p=74644"},"modified":"2019-02-15T21:05:44","modified_gmt":"2019-02-15T20:05:44","slug":"assemblee-generale-lundi-11-fevrier-eaubonne","status":"publish","type":"post","link":"https:\/\/www.clients.horus-informatique71.fr\/advocnar_backup\/2019\/02\/assemblee-generale-lundi-11-fevrier-eaubonne\/","title":{"rendered":"Assembl\u00e9e G\u00e9n\u00e9rale lundi 11 f\u00e9vrier &#8211; Eaubonne"},"content":{"rendered":"<p><img loading=\"lazy\" decoding=\"async\" width=\"2048\" height=\"1004\" class=\"alignleft size-full wp-image-74675\" src=\"https:\/\/www.clients.horus-informatique71.fr\/advocnar_backup\/wp-content\/uploads\/2019\/02\/2019-Assemblee-generale-Eaubonne-030-3.jpg\" alt=\"\" srcset=\"https:\/\/www.clients.horus-informatique71.fr\/advocnar_backup\/wp-content\/uploads\/2019\/02\/2019-Assemblee-generale-Eaubonne-030-3.jpg 2048w, https:\/\/www.clients.horus-informatique71.fr\/advocnar_backup\/wp-content\/uploads\/2019\/02\/2019-Assemblee-generale-Eaubonne-030-3-300x147.jpg 300w, https:\/\/www.clients.horus-informatique71.fr\/advocnar_backup\/wp-content\/uploads\/2019\/02\/2019-Assemblee-generale-Eaubonne-030-3-768x377.jpg 768w, https:\/\/www.clients.horus-informatique71.fr\/advocnar_backup\/wp-content\/uploads\/2019\/02\/2019-Assemblee-generale-Eaubonne-030-3-1024x502.jpg 1024w\" sizes=\"(max-width: 2048px) 100vw, 2048px\" \/><\/p>\n<p><a href=\"https:\/\/www.clients.horus-informatique71.fr\/advocnar_backup\/wp-content\/uploads\/2019\/02\/2019_02_11-ADV-AG-2019-EAUBONNE-Site.pdf\"><img loading=\"lazy\" decoding=\"async\" class=\"alignleft wp-image-74676\" src=\"https:\/\/www.clients.horus-informatique71.fr\/advocnar_backup\/wp-content\/uploads\/2019\/02\/PPT-AG-2019.png\" alt=\"\" width=\"256\" height=\"192\" srcset=\"https:\/\/www.clients.horus-informatique71.fr\/advocnar_backup\/wp-content\/uploads\/2019\/02\/PPT-AG-2019.png 721w, https:\/\/www.clients.horus-informatique71.fr\/advocnar_backup\/wp-content\/uploads\/2019\/02\/PPT-AG-2019-300x225.png 300w\" sizes=\"(max-width: 256px) 100vw, 256px\" \/><\/a><\/p>\n<p>&nbsp;<\/p>\n<p>&nbsp;<\/p>\n<p>&nbsp;<\/p>\n<p><a href=\"https:\/\/www.clients.horus-informatique71.fr\/advocnar_backup\/wp-content\/uploads\/2019\/02\/2019_02_11-ADV-AG-2019-EAUBONNE-Site.pdf\">Voir la pr\u00e9sentation faite en s\u00e9ance<\/a><\/p>\n<p>&nbsp;<\/p>\n<p>&nbsp;<\/p>\n<hr \/>\n<p>L\u2019Assembl\u00e9e G\u00e9n\u00e9rale de notre association ADVOCNAR se tiendra le\u00a0:<\/p>\n<h4 style=\"text-align: center;\">Lundi 11 f\u00e9vrier 2019 \u00e0\u00a020h<br \/>\nSalle de l\u2019Orangerie &#8211; Parc de M\u00e9zi\u00e8res<br \/>\n14 avenue de l\u2019Europe &#8211; EAUBONNE<\/h4>\n<p>L\u2019ordre du jour est le suivant\u00a0:<\/p>\n<ul>\n<li>approbation du compte-rendu de l\u2019Assembl\u00e9e G\u00e9n\u00e9rale du 12 f\u00e9vrier 2018<\/li>\n<li>rapport financier<\/li>\n<li>\u00e9lection du Conseil d\u2019Administration<\/li>\n<li>rapport moral et rapport d\u2019activit\u00e9s, avec un point sur nos actions juridiques<\/li>\n<li>actions et projets<\/li>\n<\/ul>\n<p>Si vous souhaitez que l\u2019on aborde certains points particuliers, nous vous remercions de contacter le secr\u00e9tariat par mail ou par t\u00e9l\u00e9phone jusqu\u2019au 4 f\u00e9vrier 2019.<\/p>\n<p>Il sera possible, pour celles et ceux qui n\u2019auraient pas cotis\u00e9 en 2018, de r\u00e9gler leur cotisation \u00e0 l\u2019entr\u00e9e pour assister et voter \u00e0 l\u2019Assembl\u00e9e G\u00e9n\u00e9rale.<\/p>\n<p>Nous vous proposons de terminer les \u00e9changes de fa\u00e7on conviviale autour d\u2019un verre.<br \/>\nNous comptons sur votre participation.<\/p>\n","protected":false},"excerpt":{"rendered":"<p>&nbsp; &nbsp; &nbsp; Voir la pr\u00e9sentation faite en s\u00e9ance &nbsp; &nbsp; L\u2019Assembl\u00e9e G\u00e9n\u00e9rale de notre association ADVOCNAR se tiendra le\u00a0: Lundi 11 f\u00e9vrier 2019 \u00e0\u00a020h Salle de l\u2019Orangerie &#8211; Parc de M\u00e9zi\u00e8res 14 avenue de l\u2019Europe &#8211; EAUBONNE L\u2019ordre du jour est le suivant\u00a0: approbation du compte-rendu de l\u2019Assembl\u00e9e G\u00e9n\u00e9rale du 12 f\u00e9vrier 2018 rapport [&hellip;]<\/p>\n","protected":false},"author":10,"featured_media":74642,"comment_status":"closed","ping_status":"open","sticky":false,"template":"","format":"standard","meta":{"footnotes":""},"categories":[46],"tags":[],"yoast_head":"<!-- This site is optimized with the Yoast SEO plugin v22.0 - https:\/\/yoast.com\/wordpress\/plugins\/seo\/ -->\n<title>Assembl\u00e9e G\u00e9n\u00e9rale lundi 11 f\u00e9vrier - Eaubonne - Advocnar<\/title>\n<meta name=\"robots\" content=\"index, follow, max-snippet:-1, max-image-preview:large, max-video-preview:-1\" \/>\n<link rel=\"canonical\" href=\"https:\/\/www.clients.horus-informatique71.fr\/advocnar_backup\/2019\/02\/assemblee-generale-lundi-11-fevrier-eaubonne\/\" \/>\n<meta property=\"og:locale\" content=\"fr_FR\" \/>\n<meta property=\"og:type\" content=\"article\" \/>\n<meta property=\"og:title\" content=\"Assembl\u00e9e G\u00e9n\u00e9rale lundi 11 f\u00e9vrier - Eaubonne - Advocnar\" \/>\n<meta property=\"og:description\" content=\"&nbsp; &nbsp; &nbsp; Voir la pr\u00e9sentation faite en s\u00e9ance &nbsp; &nbsp; L\u2019Assembl\u00e9e G\u00e9n\u00e9rale de notre association ADVOCNAR se tiendra le\u00a0: Lundi 11 f\u00e9vrier 2019 \u00e0\u00a020h Salle de l\u2019Orangerie &#8211; Parc de M\u00e9zi\u00e8res 14 avenue de l\u2019Europe &#8211; EAUBONNE L\u2019ordre du jour est le suivant\u00a0: approbation du compte-rendu de l\u2019Assembl\u00e9e G\u00e9n\u00e9rale du 12 f\u00e9vrier 2018 rapport [&hellip;]\" \/>\n<meta property=\"og:url\" content=\"https:\/\/www.clients.horus-informatique71.fr\/advocnar_backup\/2019\/02\/assemblee-generale-lundi-11-fevrier-eaubonne\/\" \/>\n<meta property=\"og:site_name\" content=\"Advocnar\" \/>\n<meta property=\"article:published_time\" content=\"2019-02-11T08:28:19+00:00\" \/>\n<meta property=\"article:modified_time\" content=\"2019-02-15T20:05:44+00:00\" \/>\n<meta property=\"og:image\" content=\"https:\/\/www.clients.horus-informatique71.fr\/advocnar_backup\/wp-content\/uploads\/2019\/01\/Assemblee-generale-2019.png\" \/>\n\t<meta property=\"og:image:width\" content=\"838\" \/>\n\t<meta property=\"og:image:height\" content=\"629\" \/>\n\t<meta property=\"og:image:type\" content=\"image\/png\" \/>\n<meta name=\"author\" content=\"FBrochot\" \/>\n<meta name=\"twitter:card\" content=\"summary_large_image\" \/>\n<meta name=\"twitter:label1\" content=\"\u00c9crit par\" \/>\n\t<meta name=\"twitter:data1\" content=\"FBrochot\" \/>\n\t<meta name=\"twitter:label2\" content=\"Dur\u00e9e de lecture estim\u00e9e\" \/>\n\t<meta name=\"twitter:data2\" content=\"1 minute\" \/>\n<script type=\"application\/ld+json\" class=\"yoast-schema-graph\">{\"@context\":\"https:\/\/schema.org\",\"@graph\":[{\"@type\":\"WebPage\",\"@id\":\"https:\/\/www.clients.horus-informatique71.fr\/advocnar_backup\/2019\/02\/assemblee-generale-lundi-11-fevrier-eaubonne\/\",\"url\":\"https:\/\/www.clients.horus-informatique71.fr\/advocnar_backup\/2019\/02\/assemblee-generale-lundi-11-fevrier-eaubonne\/\",\"name\":\"Assembl\u00e9e G\u00e9n\u00e9rale lundi 11 f\u00e9vrier - Eaubonne - Advocnar\",\"isPartOf\":{\"@id\":\"https:\/\/www.clients.horus-informatique71.fr\/advocnar_backup\/#website\"},\"datePublished\":\"2019-02-11T08:28:19+00:00\",\"dateModified\":\"2019-02-15T20:05:44+00:00\",\"author\":{\"@id\":\"https:\/\/www.clients.horus-informatique71.fr\/advocnar_backup\/#\/schema\/person\/28ec283f897fb44e1146415d8015d23e\"},\"breadcrumb\":{\"@id\":\"https:\/\/www.clients.horus-informatique71.fr\/advocnar_backup\/2019\/02\/assemblee-generale-lundi-11-fevrier-eaubonne\/#breadcrumb\"},\"inLanguage\":\"fr-FR\",\"potentialAction\":[{\"@type\":\"ReadAction\",\"target\":[\"https:\/\/www.clients.horus-informatique71.fr\/advocnar_backup\/2019\/02\/assemblee-generale-lundi-11-fevrier-eaubonne\/\"]}]},{\"@type\":\"BreadcrumbList\",\"@id\":\"https:\/\/www.clients.horus-informatique71.fr\/advocnar_backup\/2019\/02\/assemblee-generale-lundi-11-fevrier-eaubonne\/#breadcrumb\",\"itemListElement\":[{\"@type\":\"ListItem\",\"position\":1,\"name\":\"Accueil\",\"item\":\"https:\/\/www.clients.horus-informatique71.fr\/advocnar_backup\/\"},{\"@type\":\"ListItem\",\"position\":2,\"name\":\"Assembl\u00e9e G\u00e9n\u00e9rale lundi 11 f\u00e9vrier &#8211; Eaubonne\"}]},{\"@type\":\"WebSite\",\"@id\":\"https:\/\/www.clients.horus-informatique71.fr\/advocnar_backup\/#website\",\"url\":\"https:\/\/www.clients.horus-informatique71.fr\/advocnar_backup\/\",\"name\":\"Advocnar\",\"description\":\"Association de D\u00e9fense Contre les Nuisances A\u00e9riennes\",\"potentialAction\":[{\"@type\":\"SearchAction\",\"target\":{\"@type\":\"EntryPoint\",\"urlTemplate\":\"https:\/\/www.clients.horus-informatique71.fr\/advocnar_backup\/?s={search_term_string}\"},\"query-input\":\"required name=search_term_string\"}],\"inLanguage\":\"fr-FR\"},{\"@type\":\"Person\",\"@id\":\"https:\/\/www.clients.horus-informatique71.fr\/advocnar_backup\/#\/schema\/person\/28ec283f897fb44e1146415d8015d23e\",\"name\":\"FBrochot\",\"url\":\"https:\/\/www.clients.horus-informatique71.fr\/advocnar_backup\/author\/fbrochot\/\"}]}<\/script>\n<!-- \/ Yoast SEO plugin. -->","yoast_head_json":{"title":"Assembl\u00e9e G\u00e9n\u00e9rale lundi 11 f\u00e9vrier - Eaubonne - Advocnar","robots":{"index":"index","follow":"follow","max-snippet":"max-snippet:-1","max-image-preview":"max-image-preview:large","max-video-preview":"max-video-preview:-1"},"canonical":"https:\/\/www.clients.horus-informatique71.fr\/advocnar_backup\/2019\/02\/assemblee-generale-lundi-11-fevrier-eaubonne\/","og_locale":"fr_FR","og_type":"article","og_title":"Assembl\u00e9e G\u00e9n\u00e9rale lundi 11 f\u00e9vrier - Eaubonne - Advocnar","og_description":"&nbsp; &nbsp; &nbsp; Voir la pr\u00e9sentation faite en s\u00e9ance &nbsp; &nbsp; L\u2019Assembl\u00e9e G\u00e9n\u00e9rale de notre association ADVOCNAR se tiendra le\u00a0: Lundi 11 f\u00e9vrier 2019 \u00e0\u00a020h Salle de l\u2019Orangerie &#8211; Parc de M\u00e9zi\u00e8res 14 avenue de l\u2019Europe &#8211; EAUBONNE L\u2019ordre du jour est le suivant\u00a0: approbation du compte-rendu de l\u2019Assembl\u00e9e G\u00e9n\u00e9rale du 12 f\u00e9vrier 2018 rapport [&hellip;]","og_url":"https:\/\/www.clients.horus-informatique71.fr\/advocnar_backup\/2019\/02\/assemblee-generale-lundi-11-fevrier-eaubonne\/","og_site_name":"Advocnar","article_published_time":"2019-02-11T08:28:19+00:00","article_modified_time":"2019-02-15T20:05:44+00:00","og_image":[{"width":838,"height":629,"url":"https:\/\/www.clients.horus-informatique71.fr\/advocnar_backup\/wp-content\/uploads\/2019\/01\/Assemblee-generale-2019.png","type":"image\/png"}],"author":"FBrochot","twitter_card":"summary_large_image","twitter_misc":{"\u00c9crit par":"FBrochot","Dur\u00e9e de lecture estim\u00e9e":"1 minute"},"schema":{"@context":"https:\/\/schema.org","@graph":[{"@type":"WebPage","@id":"https:\/\/www.clients.horus-informatique71.fr\/advocnar_backup\/2019\/02\/assemblee-generale-lundi-11-fevrier-eaubonne\/","url":"https:\/\/www.clients.horus-informatique71.fr\/advocnar_backup\/2019\/02\/assemblee-generale-lundi-11-fevrier-eaubonne\/","name":"Assembl\u00e9e G\u00e9n\u00e9rale lundi 11 f\u00e9vrier - Eaubonne - Advocnar","isPartOf":{"@id":"https:\/\/www.clients.horus-informatique71.fr\/advocnar_backup\/#website"},"datePublished":"2019-02-11T08:28:19+00:00","dateModified":"2019-02-15T20:05:44+00:00","author":{"@id":"https:\/\/www.clients.horus-informatique71.fr\/advocnar_backup\/#\/schema\/person\/28ec283f897fb44e1146415d8015d23e"},"breadcrumb":{"@id":"https:\/\/www.clients.horus-informatique71.fr\/advocnar_backup\/2019\/02\/assemblee-generale-lundi-11-fevrier-eaubonne\/#breadcrumb"},"inLanguage":"fr-FR","potentialAction":[{"@type":"ReadAction","target":["https:\/\/www.clients.horus-informatique71.fr\/advocnar_backup\/2019\/02\/assemblee-generale-lundi-11-fevrier-eaubonne\/"]}]},{"@type":"BreadcrumbList","@id":"https:\/\/www.clients.horus-informatique71.fr\/advocnar_backup\/2019\/02\/assemblee-generale-lundi-11-fevrier-eaubonne\/#breadcrumb","itemListElement":[{"@type":"ListItem","position":1,"name":"Accueil","item":"https:\/\/www.clients.horus-informatique71.fr\/advocnar_backup\/"},{"@type":"ListItem","position":2,"name":"Assembl\u00e9e G\u00e9n\u00e9rale lundi 11 f\u00e9vrier &#8211; Eaubonne"}]},{"@type":"WebSite","@id":"https:\/\/www.clients.horus-informatique71.fr\/advocnar_backup\/#website","url":"https:\/\/www.clients.horus-informatique71.fr\/advocnar_backup\/","name":"Advocnar","description":"Association de D\u00e9fense Contre les Nuisances A\u00e9riennes","potentialAction":[{"@type":"SearchAction","target":{"@type":"EntryPoint","urlTemplate":"https:\/\/www.clients.horus-informatique71.fr\/advocnar_backup\/?s={search_term_string}"},"query-input":"required name=search_term_string"}],"inLanguage":"fr-FR"},{"@type":"Person","@id":"https:\/\/www.clients.horus-informatique71.fr\/advocnar_backup\/#\/schema\/person\/28ec283f897fb44e1146415d8015d23e","name":"FBrochot","url":"https:\/\/www.clients.horus-informatique71.fr\/advocnar_backup\/author\/fbrochot\/"}]}},"_links":{"self":[{"href":"https:\/\/www.clients.horus-informatique71.fr\/advocnar_backup\/wp-json\/wp\/v2\/posts\/74644"}],"collection":[{"href":"https:\/\/www.clients.horus-informatique71.fr\/advocnar_backup\/wp-json\/wp\/v2\/posts"}],"about":[{"href":"https:\/\/www.clients.horus-informatique71.fr\/advocnar_backup\/wp-json\/wp\/v2\/types\/post"}],"author":[{"embeddable":true,"href":"https:\/\/www.clients.horus-informatique71.fr\/advocnar_backup\/wp-json\/wp\/v2\/users\/10"}],"replies":[{"embeddable":true,"href":"https:\/\/www.clients.horus-informatique71.fr\/advocnar_backup\/wp-json\/wp\/v2\/comments?post=74644"}],"version-history":[{"count":8,"href":"https:\/\/www.clients.horus-informatique71.fr\/advocnar_backup\/wp-json\/wp\/v2\/posts\/74644\/revisions"}],"predecessor-version":[{"id":74681,"href":"https:\/\/www.clients.horus-informatique71.fr\/advocnar_backup\/wp-json\/wp\/v2\/posts\/74644\/revisions\/74681"}],"wp:featuredmedia":[{"embeddable":true,"href":"https:\/\/www.clients.horus-informatique71.fr\/advocnar_backup\/wp-json\/wp\/v2\/media\/74642"}],"wp:attachment":[{"href":"https:\/\/www.clients.horus-informatique71.fr\/advocnar_backup\/wp-json\/wp\/v2\/media?parent=74644"}],"wp:term":[{"taxonomy":"category","embeddable":true,"href":"https:\/\/www.clients.horus-informatique71.fr\/advocnar_backup\/wp-json\/wp\/v2\/categories?post=74644"},{"taxonomy":"post_tag","embeddable":true,"href":"https:\/\/www.clients.horus-informatique71.fr\/advocnar_backup\/wp-json\/wp\/v2\/tags?post=74644"}],"curies":[{"name":"wp","href":"https:\/\/api.w.org\/{rel}","templated":true}]}}