{"id":74665,"date":"2019-02-12T21:19:49","date_gmt":"2019-02-12T20:19:49","guid":{"rendered":"https:\/\/www.clients.horus-informatique71.fr\/advocnar_backup\/?p=74665"},"modified":"2019-04-21T17:23:13","modified_gmt":"2019-04-21T15:23:13","slug":"terminal-4-a-roissy-cdg-concertation-du-12-fevrier-au-12-mai-2019","status":"publish","type":"post","link":"https:\/\/www.clients.horus-informatique71.fr\/advocnar_backup\/2019\/02\/terminal-4-a-roissy-cdg-concertation-du-12-fevrier-au-12-mai-2019\/","title":{"rendered":"TERMINAL 4 \u00c0 ROISSY CDG: CONCERTATION DU 12 F\u00c9VRIER AU 12 MAI 2019"},"content":{"rendered":"<p><em>Mis \u00e0 jour le 21 avril 2019<\/em><\/p>\n<h1><span style=\"color: #ff0000;\">EXTENSION DE ROISSY !<\/span><\/h1>\n<h3>Concertation pr\u00e9alable sur le projet du Terminal 4 du 12 f\u00e9vrier au 12 mai 2019<\/h3>\n<hr \/>\n<p>Retrouvez toutes les informations sur le site <a href=\"https:\/\/terminal4-cdg.groupeadp.fr\/\">https:\/\/terminal4-cdg.groupeadp.fr\/\u00a0<\/a><\/p>\n<hr \/>\n<h4>Comment participer ?<\/h4>\n<p>Donnez votre avis par mail: <a href=\"mailto:terminal4-cdg@adp.fr\">terminal4-cdg@adp.fr<\/a><\/p>\n<p>Participez en ligne: <a href=\"https:\/\/terminal4-cdg.groupeadp.fr\/exprimez-vous\/participez-en-ligne\/\">https:\/\/terminal4-cdg.groupeadp.fr\/exprimez-vous\/participez-en-ligne\/<\/a><\/p>\n<p>Des r\u00e9unions publiques, ateliers et caf\u00e9s participatifs sont organis\u00e9es par ADP.<br \/>\nVenez d\u00e9battre et donner votre avis sur ce projet.<\/p>\n<div class=\"teq-container -narrow\">\n<p><strong>R\u00c9UNIONS PUBLIQUES<\/strong><\/p>\n<p><span style=\"color: #808080;\">MARDI 12 F\u00c9VRIER :\u00a019h : Gonesse \/ Salle Jacques-Brel<\/span><br \/>\n<span style=\"color: #808080;\">MARDI 19 F\u00c9VRIER :\u00a019h : Aulnay-sous-Bois \/ Espace Pierre-Peugeot<\/span><br \/>\n<span style=\"color: #808080;\">MARDI 19 MARS :\u00a019h : Saint-Soupplets \/ Espace Claude-Maurice<\/span><br \/>\n<span style=\"color: #808080;\">LUNDI 25 MARS :\u00a020h : Eaubonne \/ Salle des f\u00eates (sous l\u2019h\u00f4tel de ville)<\/span><br \/>\n<span style=\"color: #808080;\">MARDI 26 MARS : 19h : Mitry-Mory\/ Salle Jean Vilar<\/span><br \/>\n<span style=\"color: #808080;\">MARDI 2 AVRIL : 20h : Conflans-Sainte-Honorine \/ Salle des f\u00eates, place Auguste Romagn\u00e9<\/span><br \/>\n<span style=\"color: #808080;\">JEUDI 11 AVRIL : 19h : Paris \/ Espace Saint-Martin, 3e arrondissement<\/span><br \/>\n<span style=\"color: #808080;\">LUNDI 15 AVRIL :\u00a019h : Senlis \/ Centre de rencontre de l&rsquo;Ob\u00e9lisque<\/span><br \/>\n<span style=\"color: #808080;\">MARDI 16 AVRIL : 19h : Meaux \/ Maison de l\u2019Economie et de l\u2019Emploi<\/span><br \/>\nLUNDI 6 MAI :\u00a019h : Le Mesnil-Amelot \/ Salle Maurice-Droy<\/p>\n<p><strong>ATELIERS PARTICIPATIFS<\/strong><\/p>\n<p><em>Entr\u00e9e libre dans la limite des places disponibles<\/em><\/p>\n<p><em>Ce format sera\u00a0structur\u00e9 autour de trois th\u00e9matiques (mais n\u2019exclut pas tout autre th\u00e8me):<\/em><br \/>\n<em>Le <strong>d\u00e9veloppement \u00e9conomique et l\u2019emploi<\/strong>, les <strong>enjeux et impacts environnementaux<\/strong>, ainsi que <strong>l\u2019accessibilit\u00e9, le d\u00e9placement et la mobilit\u00e9<\/strong>.<\/em><\/p>\n<p><span style=\"color: #808080;\">MERCREDI 20 F\u00c9VRIER :\u00a019h-20h30 : Dammartin-en-Go\u00eble \/ Salle Villa De G\u00e8vres<\/span><br \/>\n<span style=\"color: #808080;\">MARDI 9 AVRIL :\u00a019h-20h30 : Tremblay-en-France \/ Espace Jean-Ferrat<\/span><br \/>\n<span style=\"color: #808080;\">MERCREDI 10 AVRIL :\u00a019h-20h30 : Villiers-le-Bel \/ Salle Marcel-Pagnol<\/span><br \/>\nJEUDI 25 AVRIL : 19h-20h30\u00a0: Villepinte \/\u00a0Espace V<\/p>\n<p><em>Inscrivez-vous par e-mail via<\/em> <a href=\"mailto:Terminal4-cdg@adp.fr\">terminal4-cdg@adp.fr<\/a><\/p>\n<div class=\"teq-container -narrow\">\n<p><strong>REUNIONS THEMATIQUES<\/strong><\/p>\n<p><em>Les r\u00e9unions th\u00e9matiques consistent dans un premier temps \u00e0 pr\u00e9senter le projet de mani\u00e8re concise pour \u00e9galiser le niveau d\u2019information aupr\u00e8s du public, pour ensuite d\u00e9velopper une th\u00e9matique particuli\u00e8re, puis donner la parole \u00e0 des experts tiers au Groupe ADP et pour enfin, lancer un \u00e9change en lien exclusivement avec la th\u00e9matique, avec le public pr\u00e9sent.<\/em><br \/>\n<i>Entr\u00e9e libre dans la limite des places disponibles<\/i><\/p>\n<p><span style=\"color: #808080;\">LUNDI 8 AVRIL : 19h-21h30\/ Maison de l\u2019Environnement, Paris-Charles de Gaulle, Roissypole\/ <\/span><strong><span style=\"color: #808080;\">Th\u00e8me : Emploi \u2013 Formations<\/span><br \/>\n<\/strong>JEUDI 18 AVRIL : 19h-21h30 : Goussainville \/ Salle Colucci \/ <strong>Th\u00e8me : Accessibilit\u00e9<br \/>\n<\/strong>MERCREDI 24 AVRIL : 19h-21h30 : Maison de l\u2019Environnement, Paris-Charles de Gaulle, RoissyPole \/ <strong>Th\u00e8me : Trajectoires a\u00e9riennes, opportunit\u00e9s et alternatives au projet<br \/>\n<\/strong>LUNDI 29 AVRIL : 19h-21h30 : Maison de l\u2019Environnement, Paris-Charles de Gaulle, Roissypole<strong> \/ Th\u00e8me : Sant\u00e9, bruit et qualit\u00e9 de l\u2019air<\/strong><\/p>\n<\/div>\n<p><strong>CAF\u00c9S PARTICIPATIFS<\/strong><\/p>\n<p><span style=\"color: #808080;\">VENDREDI 22 F\u00c9VRIER :\u00a09h-11h30 : Luzarches \/ Bar brasserie Le Lutetia<\/span><br \/>\n<span style=\"color: #808080;\">SAMEDI 16 MARS :\u00a09h30-12h : Meaux \/ Caf\u00e9 Jeanne d\u2019Arc<\/span><br \/>\n<span style=\"color: #808080;\">MERCREDI 3 AVRIL :\u00a09h-12h30 : Franconville \/ Bar Le Cyrano<\/span><\/p>\n<p><strong>LES BALADES IMMERSIVES SUR SITE<\/strong><\/p>\n<p>Les visites sur site <span style=\"color: #808080;\">19 mars (compl\u00e8te), 16 avril (compl\u00e8te)<\/span> et 25 avril de 14h30 \u00e0 16h30 vous permettront de vous rendre \u00e0 l\u2019a\u00e9roport en pr\u00e9sence des d\u00e9cideurs du projet.<\/p>\n<p><em>Inscrivez-vous par e-mail via<\/em><a href=\"mailto:Terminal4-cdg@adp.fr\"> terminal4-cdg@adp.fr<\/a><br \/>\n<em>Inscriptions ouvertes \u00e0 partir du 25 f\u00e9vrier 2019.<br \/>\nJoindre une copie de votre passeport ou CNI.<br \/>\n<\/em><\/p>\n<\/div>\n","protected":false},"excerpt":{"rendered":"<p>Mis \u00e0 jour le 21 avril 2019 EXTENSION DE ROISSY ! Concertation pr\u00e9alable sur le projet du Terminal 4 du 12 f\u00e9vrier au 12 mai 2019 Retrouvez toutes les informations sur le site https:\/\/terminal4-cdg.groupeadp.fr\/\u00a0 Comment participer ? Donnez votre avis par mail: terminal4-cdg@adp.fr Participez en ligne: https:\/\/terminal4-cdg.groupeadp.fr\/exprimez-vous\/participez-en-ligne\/ Des r\u00e9unions publiques, ateliers et caf\u00e9s participatifs sont [&hellip;]<\/p>\n","protected":false},"author":10,"featured_media":74664,"comment_status":"closed","ping_status":"open","sticky":false,"template":"","format":"standard","meta":{"footnotes":""},"categories":[46],"tags":[],"yoast_head":"<!-- This site is optimized with the Yoast SEO plugin v22.0 - https:\/\/yoast.com\/wordpress\/plugins\/seo\/ -->\n<title>TERMINAL 4 \u00c0 ROISSY CDG: CONCERTATION DU 12 F\u00c9VRIER AU 12 MAI 2019 - Advocnar<\/title>\n<meta name=\"robots\" content=\"index, follow, max-snippet:-1, max-image-preview:large, max-video-preview:-1\" \/>\n<link rel=\"canonical\" href=\"https:\/\/www.clients.horus-informatique71.fr\/advocnar_backup\/2019\/02\/terminal-4-a-roissy-cdg-concertation-du-12-fevrier-au-12-mai-2019\/\" \/>\n<meta property=\"og:locale\" content=\"fr_FR\" \/>\n<meta property=\"og:type\" content=\"article\" \/>\n<meta property=\"og:title\" content=\"TERMINAL 4 \u00c0 ROISSY CDG: CONCERTATION DU 12 F\u00c9VRIER AU 12 MAI 2019 - Advocnar\" \/>\n<meta property=\"og:description\" content=\"Mis \u00e0 jour le 21 avril 2019 EXTENSION DE ROISSY ! Concertation pr\u00e9alable sur le projet du Terminal 4 du 12 f\u00e9vrier au 12 mai 2019 Retrouvez toutes les informations sur le site https:\/\/terminal4-cdg.groupeadp.fr\/\u00a0 Comment participer ? Donnez votre avis par mail: terminal4-cdg@adp.fr Participez en ligne: https:\/\/terminal4-cdg.groupeadp.fr\/exprimez-vous\/participez-en-ligne\/ Des r\u00e9unions publiques, ateliers et caf\u00e9s participatifs sont [&hellip;]\" \/>\n<meta property=\"og:url\" content=\"https:\/\/www.clients.horus-informatique71.fr\/advocnar_backup\/2019\/02\/terminal-4-a-roissy-cdg-concertation-du-12-fevrier-au-12-mai-2019\/\" \/>\n<meta property=\"og:site_name\" content=\"Advocnar\" \/>\n<meta property=\"article:published_time\" content=\"2019-02-12T20:19:49+00:00\" \/>\n<meta property=\"article:modified_time\" content=\"2019-04-21T15:23:13+00:00\" \/>\n<meta property=\"og:image\" content=\"https:\/\/www.clients.horus-informatique71.fr\/advocnar_backup\/wp-content\/uploads\/2019\/01\/Avis-de-concertation-T4.png\" \/>\n\t<meta property=\"og:image:width\" content=\"601\" \/>\n\t<meta property=\"og:image:height\" content=\"450\" \/>\n\t<meta property=\"og:image:type\" content=\"image\/png\" \/>\n<meta name=\"author\" content=\"FBrochot\" \/>\n<meta name=\"twitter:card\" content=\"summary_large_image\" \/>\n<meta name=\"twitter:label1\" content=\"\u00c9crit par\" \/>\n\t<meta name=\"twitter:data1\" content=\"FBrochot\" \/>\n\t<meta name=\"twitter:label2\" content=\"Dur\u00e9e de lecture estim\u00e9e\" \/>\n\t<meta name=\"twitter:data2\" content=\"2 minutes\" \/>\n<script type=\"application\/ld+json\" class=\"yoast-schema-graph\">{\"@context\":\"https:\/\/schema.org\",\"@graph\":[{\"@type\":\"WebPage\",\"@id\":\"https:\/\/www.clients.horus-informatique71.fr\/advocnar_backup\/2019\/02\/terminal-4-a-roissy-cdg-concertation-du-12-fevrier-au-12-mai-2019\/\",\"url\":\"https:\/\/www.clients.horus-informatique71.fr\/advocnar_backup\/2019\/02\/terminal-4-a-roissy-cdg-concertation-du-12-fevrier-au-12-mai-2019\/\",\"name\":\"TERMINAL 4 \u00c0 ROISSY CDG: CONCERTATION DU 12 F\u00c9VRIER AU 12 MAI 2019 - Advocnar\",\"isPartOf\":{\"@id\":\"https:\/\/www.clients.horus-informatique71.fr\/advocnar_backup\/#website\"},\"datePublished\":\"2019-02-12T20:19:49+00:00\",\"dateModified\":\"2019-04-21T15:23:13+00:00\",\"author\":{\"@id\":\"https:\/\/www.clients.horus-informatique71.fr\/advocnar_backup\/#\/schema\/person\/28ec283f897fb44e1146415d8015d23e\"},\"breadcrumb\":{\"@id\":\"https:\/\/www.clients.horus-informatique71.fr\/advocnar_backup\/2019\/02\/terminal-4-a-roissy-cdg-concertation-du-12-fevrier-au-12-mai-2019\/#breadcrumb\"},\"inLanguage\":\"fr-FR\",\"potentialAction\":[{\"@type\":\"ReadAction\",\"target\":[\"https:\/\/www.clients.horus-informatique71.fr\/advocnar_backup\/2019\/02\/terminal-4-a-roissy-cdg-concertation-du-12-fevrier-au-12-mai-2019\/\"]}]},{\"@type\":\"BreadcrumbList\",\"@id\":\"https:\/\/www.clients.horus-informatique71.fr\/advocnar_backup\/2019\/02\/terminal-4-a-roissy-cdg-concertation-du-12-fevrier-au-12-mai-2019\/#breadcrumb\",\"itemListElement\":[{\"@type\":\"ListItem\",\"position\":1,\"name\":\"Accueil\",\"item\":\"https:\/\/www.clients.horus-informatique71.fr\/advocnar_backup\/\"},{\"@type\":\"ListItem\",\"position\":2,\"name\":\"TERMINAL 4 \u00c0 ROISSY CDG: CONCERTATION DU 12 F\u00c9VRIER AU 12 MAI 2019\"}]},{\"@type\":\"WebSite\",\"@id\":\"https:\/\/www.clients.horus-informatique71.fr\/advocnar_backup\/#website\",\"url\":\"https:\/\/www.clients.horus-informatique71.fr\/advocnar_backup\/\",\"name\":\"Advocnar\",\"description\":\"Association de D\u00e9fense Contre les Nuisances A\u00e9riennes\",\"potentialAction\":[{\"@type\":\"SearchAction\",\"target\":{\"@type\":\"EntryPoint\",\"urlTemplate\":\"https:\/\/www.clients.horus-informatique71.fr\/advocnar_backup\/?s={search_term_string}\"},\"query-input\":\"required name=search_term_string\"}],\"inLanguage\":\"fr-FR\"},{\"@type\":\"Person\",\"@id\":\"https:\/\/www.clients.horus-informatique71.fr\/advocnar_backup\/#\/schema\/person\/28ec283f897fb44e1146415d8015d23e\",\"name\":\"FBrochot\",\"url\":\"https:\/\/www.clients.horus-informatique71.fr\/advocnar_backup\/author\/fbrochot\/\"}]}<\/script>\n<!-- \/ Yoast SEO plugin. -->","yoast_head_json":{"title":"TERMINAL 4 \u00c0 ROISSY CDG: CONCERTATION DU 12 F\u00c9VRIER AU 12 MAI 2019 - Advocnar","robots":{"index":"index","follow":"follow","max-snippet":"max-snippet:-1","max-image-preview":"max-image-preview:large","max-video-preview":"max-video-preview:-1"},"canonical":"https:\/\/www.clients.horus-informatique71.fr\/advocnar_backup\/2019\/02\/terminal-4-a-roissy-cdg-concertation-du-12-fevrier-au-12-mai-2019\/","og_locale":"fr_FR","og_type":"article","og_title":"TERMINAL 4 \u00c0 ROISSY CDG: CONCERTATION DU 12 F\u00c9VRIER AU 12 MAI 2019 - Advocnar","og_description":"Mis \u00e0 jour le 21 avril 2019 EXTENSION DE ROISSY ! Concertation pr\u00e9alable sur le projet du Terminal 4 du 12 f\u00e9vrier au 12 mai 2019 Retrouvez toutes les informations sur le site https:\/\/terminal4-cdg.groupeadp.fr\/\u00a0 Comment participer ? Donnez votre avis par mail: terminal4-cdg@adp.fr Participez en ligne: https:\/\/terminal4-cdg.groupeadp.fr\/exprimez-vous\/participez-en-ligne\/ Des r\u00e9unions publiques, ateliers et caf\u00e9s participatifs sont [&hellip;]","og_url":"https:\/\/www.clients.horus-informatique71.fr\/advocnar_backup\/2019\/02\/terminal-4-a-roissy-cdg-concertation-du-12-fevrier-au-12-mai-2019\/","og_site_name":"Advocnar","article_published_time":"2019-02-12T20:19:49+00:00","article_modified_time":"2019-04-21T15:23:13+00:00","og_image":[{"width":601,"height":450,"url":"https:\/\/www.clients.horus-informatique71.fr\/advocnar_backup\/wp-content\/uploads\/2019\/01\/Avis-de-concertation-T4.png","type":"image\/png"}],"author":"FBrochot","twitter_card":"summary_large_image","twitter_misc":{"\u00c9crit par":"FBrochot","Dur\u00e9e de lecture estim\u00e9e":"2 minutes"},"schema":{"@context":"https:\/\/schema.org","@graph":[{"@type":"WebPage","@id":"https:\/\/www.clients.horus-informatique71.fr\/advocnar_backup\/2019\/02\/terminal-4-a-roissy-cdg-concertation-du-12-fevrier-au-12-mai-2019\/","url":"https:\/\/www.clients.horus-informatique71.fr\/advocnar_backup\/2019\/02\/terminal-4-a-roissy-cdg-concertation-du-12-fevrier-au-12-mai-2019\/","name":"TERMINAL 4 \u00c0 ROISSY CDG: CONCERTATION DU 12 F\u00c9VRIER AU 12 MAI 2019 - Advocnar","isPartOf":{"@id":"https:\/\/www.clients.horus-informatique71.fr\/advocnar_backup\/#website"},"datePublished":"2019-02-12T20:19:49+00:00","dateModified":"2019-04-21T15:23:13+00:00","author":{"@id":"https:\/\/www.clients.horus-informatique71.fr\/advocnar_backup\/#\/schema\/person\/28ec283f897fb44e1146415d8015d23e"},"breadcrumb":{"@id":"https:\/\/www.clients.horus-informatique71.fr\/advocnar_backup\/2019\/02\/terminal-4-a-roissy-cdg-concertation-du-12-fevrier-au-12-mai-2019\/#breadcrumb"},"inLanguage":"fr-FR","potentialAction":[{"@type":"ReadAction","target":["https:\/\/www.clients.horus-informatique71.fr\/advocnar_backup\/2019\/02\/terminal-4-a-roissy-cdg-concertation-du-12-fevrier-au-12-mai-2019\/"]}]},{"@type":"BreadcrumbList","@id":"https:\/\/www.clients.horus-informatique71.fr\/advocnar_backup\/2019\/02\/terminal-4-a-roissy-cdg-concertation-du-12-fevrier-au-12-mai-2019\/#breadcrumb","itemListElement":[{"@type":"ListItem","position":1,"name":"Accueil","item":"https:\/\/www.clients.horus-informatique71.fr\/advocnar_backup\/"},{"@type":"ListItem","position":2,"name":"TERMINAL 4 \u00c0 ROISSY CDG: CONCERTATION DU 12 F\u00c9VRIER AU 12 MAI 2019"}]},{"@type":"WebSite","@id":"https:\/\/www.clients.horus-informatique71.fr\/advocnar_backup\/#website","url":"https:\/\/www.clients.horus-informatique71.fr\/advocnar_backup\/","name":"Advocnar","description":"Association de D\u00e9fense Contre les Nuisances A\u00e9riennes","potentialAction":[{"@type":"SearchAction","target":{"@type":"EntryPoint","urlTemplate":"https:\/\/www.clients.horus-informatique71.fr\/advocnar_backup\/?s={search_term_string}"},"query-input":"required name=search_term_string"}],"inLanguage":"fr-FR"},{"@type":"Person","@id":"https:\/\/www.clients.horus-informatique71.fr\/advocnar_backup\/#\/schema\/person\/28ec283f897fb44e1146415d8015d23e","name":"FBrochot","url":"https:\/\/www.clients.horus-informatique71.fr\/advocnar_backup\/author\/fbrochot\/"}]}},"_links":{"self":[{"href":"https:\/\/www.clients.horus-informatique71.fr\/advocnar_backup\/wp-json\/wp\/v2\/posts\/74665"}],"collection":[{"href":"https:\/\/www.clients.horus-informatique71.fr\/advocnar_backup\/wp-json\/wp\/v2\/posts"}],"about":[{"href":"https:\/\/www.clients.horus-informatique71.fr\/advocnar_backup\/wp-json\/wp\/v2\/types\/post"}],"author":[{"embeddable":true,"href":"https:\/\/www.clients.horus-informatique71.fr\/advocnar_backup\/wp-json\/wp\/v2\/users\/10"}],"replies":[{"embeddable":true,"href":"https:\/\/www.clients.horus-informatique71.fr\/advocnar_backup\/wp-json\/wp\/v2\/comments?post=74665"}],"version-history":[{"count":32,"href":"https:\/\/www.clients.horus-informatique71.fr\/advocnar_backup\/wp-json\/wp\/v2\/posts\/74665\/revisions"}],"predecessor-version":[{"id":74885,"href":"https:\/\/www.clients.horus-informatique71.fr\/advocnar_backup\/wp-json\/wp\/v2\/posts\/74665\/revisions\/74885"}],"wp:featuredmedia":[{"embeddable":true,"href":"https:\/\/www.clients.horus-informatique71.fr\/advocnar_backup\/wp-json\/wp\/v2\/media\/74664"}],"wp:attachment":[{"href":"https:\/\/www.clients.horus-informatique71.fr\/advocnar_backup\/wp-json\/wp\/v2\/media?parent=74665"}],"wp:term":[{"taxonomy":"category","embeddable":true,"href":"https:\/\/www.clients.horus-informatique71.fr\/advocnar_backup\/wp-json\/wp\/v2\/categories?post=74665"},{"taxonomy":"post_tag","embeddable":true,"href":"https:\/\/www.clients.horus-informatique71.fr\/advocnar_backup\/wp-json\/wp\/v2\/tags?post=74665"}],"curies":[{"name":"wp","href":"https:\/\/api.w.org\/{rel}","templated":true}]}}