{"id":74785,"date":"2019-03-16T07:51:46","date_gmt":"2019-03-16T06:51:46","guid":{"rendered":"https:\/\/www.clients.horus-informatique71.fr\/advocnar_backup\/?p=74785"},"modified":"2019-03-22T18:02:30","modified_gmt":"2019-03-22T17:02:30","slug":"on-se-reveille-tous-les-jours-a-4-heures-du-matin-comment-le-bruit-de-laeroport-paris-charles-de-gaulle-pourrit-la-vie-de-certains-franciliens","status":"publish","type":"post","link":"https:\/\/www.clients.horus-informatique71.fr\/advocnar_backup\/2019\/03\/on-se-reveille-tous-les-jours-a-4-heures-du-matin-comment-le-bruit-de-laeroport-paris-charles-de-gaulle-pourrit-la-vie-de-certains-franciliens\/","title":{"rendered":"\u00ab\u00a0On se r\u00e9veille tous les jours \u00e0 4 heures du matin\u00a0\u00bb : comment le bruit de l&rsquo;a\u00e9roport Paris-Charles-de-Gaulle pourrit la vie de certains Franciliens"},"content":{"rendered":"<h4>04.03.2019 &#8211; FranceInfoTv<\/h4>\n<p>&nbsp;<\/p>\n<p>Un r\u00e9cent rapport de Bruitparif quantifie les effets n\u00e9fastes que provoque\u00a0le bruit routier, ferr\u00e9 ou a\u00e9rien\u00a0sur la sant\u00e9 des habitants.<\/p>\n<p>Des pavillons align\u00e9s, une \u00e9glise, un bar et une \u00e9picerie\u2026 A premi\u00e8re vue, Compans pourrait ressembler \u00e0 n&rsquo;importe quel petit village. A un \u00ab\u00a0d\u00e9tail\u00a0\u00bb pr\u00e8s\u00a0: les 800\u00a0habitants de cette commune de Seine-et-Marne subissent quotidiennement le grondement des avions qui passent au-dessus de leur t\u00eate dans un ballet ininterrompu. Chaque jour, des dizaines d&rsquo;appareils survolent la commune, \u00e0 basse altitude. C&rsquo;est que Compans se niche juste \u00e0 la lisi\u00e8re de la zone a\u00e9roportuaire de Paris-Charles-de-Gaulle, \u00e0 seulement 4\u00a0km de l&rsquo;extr\u00e9mit\u00e9 de la piste sud de la deuxi\u00e8me plateforme europ\u00e9enne.<\/p>\n<p><img loading=\"lazy\" decoding=\"async\" width=\"578\" height=\"324\" class=\"alignleft size-full wp-image-74783\" src=\"https:\/\/www.clients.horus-informatique71.fr\/advocnar_backup\/wp-content\/uploads\/2019\/03\/2019-03-04-Franceinfotv-Photo-2.jpg\" alt=\"\" srcset=\"https:\/\/www.clients.horus-informatique71.fr\/advocnar_backup\/wp-content\/uploads\/2019\/03\/2019-03-04-Franceinfotv-Photo-2.jpg 578w, https:\/\/www.clients.horus-informatique71.fr\/advocnar_backup\/wp-content\/uploads\/2019\/03\/2019-03-04-Franceinfotv-Photo-2-300x168.jpg 300w\" sizes=\"(max-width: 578px) 100vw, 578px\" \/><\/p>\n<p><em>Le village de Compans est situ\u00e9 \u00e0 seulement 4 km de l&rsquo;extr\u00e9mit\u00e9 de la piste sud de l&rsquo;a\u00e9roport Paris\u2013Charles\u2013de\u2013Gaulle. (GOOGLE MAPS)<\/em><\/p>\n<p>Le vacarme ne fait pas que casser les oreilles des Companais. Il ab\u00eeme leur sant\u00e9 \u00e0 petit feu. C&rsquo;est en tout cas ce que souligne une \u00e9tude de Bruitparif, l&rsquo;observatoire du bruit en Ile-de-France, publi\u00e9e le 9\u00a0f\u00e9vrier. Et c&rsquo;est dans ce village que les effets seraient les plus d\u00e9vastateurs, avec une moyenne de 38,1\u00a0mois d&rsquo;esp\u00e9rance de vie en bonne sant\u00e9 en moins pour ses habitants. Autrement dit, une personne r\u00e9sidant \u00e0 Compans perdrait, sur l&rsquo;ensemble de son existence, plus de trois ann\u00e9es de vie en bonne sant\u00e9 \u00e0 cause du bruit, qu&rsquo;il soit a\u00e9rien, ferr\u00e9 ou routier. Car \u00e0 Compans, outre les avions, les trains de la ligne\u00a0K du Transilien troublent aussi la qui\u00e9tude du village.<\/p>\n<h5>\u00ab\u00a0On a souvent des migraines\u00a0\u00bb<\/h5>\n<p>Pour parvenir \u00e0 cette conclusion inqui\u00e9tante, Bruitparif s&rsquo;est bas\u00e9 sur les cartes d&rsquo;exposition au bruit, d\u00e9j\u00e0 existantes, r\u00e9alis\u00e9es gr\u00e2ce \u00e0 des estimations tenant compte des sources de nuisances, de la topographie, etc. L&rsquo;observatoire a ensuite analys\u00e9 ces donn\u00e9es \u00e0 l&rsquo;aune des mod\u00e8les de l&rsquo;Organisation mondiale de la sant\u00e9 (OMS), qui \u00e9tablit une corr\u00e9lation entre l&rsquo;intensit\u00e9 du bruit subi et les risques pour la sant\u00e9, notamment la g\u00eane provoqu\u00e9e et les troubles du sommeil. L&rsquo;OMS alerte aussi sur les risques pour le syst\u00e8me auditif, les troubles cardiovasculaires et la baisse des capacit\u00e9s d\u2019apprentissage. Des \u00e9l\u00e9ments que Bruitparif n&rsquo;a pas pris en compte dans son \u00e9tude, pour des raisons de m\u00e9thodologie.<\/p>\n<p>Jeune retrait\u00e9e, Dominique vit \u00e0 Compans depuis une trentaine d&rsquo;ann\u00e9es avec son mari. Tous les matins vers 6\u00a0heures, il y a un gros avion cargo qui passe. \u00ab\u00a0<em>\u00c7a nous perturbe, on a souvent des migraines<\/em>\u00ab\u00a0, explique-t-elle sur le pas de sa porte. L&rsquo;\u00e9t\u00e9, dormir avec les fen\u00eatres ouvertes est un v\u00e9ritable d\u00e9fi, \u00e0 moins de porter des bouchons d&rsquo;oreille.<\/p>\n<p>\u00ab\u00a0<em>Le soir, quand on rentre du boulot, on aurait envie de se d\u00e9tendre, de prendre l&rsquo;air\u2026<\/em>\u00ab\u00a0, t\u00e9moigne C\u00e9cile, qui vit l\u00e0 avec son mari et leurs trois enfants. Au lieu de cela, la famille se terre chez elle, toutes fen\u00eatres ferm\u00e9es, et ne profite gu\u00e8re du jardin. \u00ab\u00a0<em>Un jour, un copain qui venait du Sud de la France nous a lanc\u00e9 qu&rsquo;on \u00e9tait des meurtriers de faire grandir nos enfants dans cet environnement<\/em>\u00ab\u00a0, raconte-t-elle.<\/p>\n<p>On a envie de se prendre la t\u00eate entre les mains et de dire : &lsquo;<em>Stop, je n&rsquo;en peux plus, s&rsquo;il vous pla\u00eet, juste 10 minutes de silence !&rsquo;<\/em>C\u00e9cile, habitante de Compans\u00e0 franceinfo<\/p>\n<p>Le ballet des avions est devenu partie int\u00e9grante de leur vie. \u00ab\u00a0<em>Le matin, avant de me r\u00e9veiller, je sais inconsciemment quelle heure il est, parce que dans mon sommeil j&rsquo;ai entendu le premier d\u00e9collage<\/em>\u00ab\u00a0, explique C\u00e9cile. Quant \u00e0 son plus grand fils, \u00e2g\u00e9 de 18\u00a0ans, \u00ab\u00a0<em>il est berc\u00e9 depuis tout petit au bruit des avions. Quand il n&rsquo;arrive pas \u00e0 dormir, il ouvre le velux et il s&rsquo;endort<\/em>\u00ab\u00a0.<\/p>\n<h5>Des\u00a0riverains habitu\u00e9s<\/h5>\n<p>A quelques centaines de m\u00e8tres de l\u00e0, C\u00e9lia, 23\u00a0ans, vit quotidiennement avec ces avions qui d\u00e9filent, mais aussi avec les trains qui passent tout pr\u00e8s de chez elle, parfois \u00e0 vive allure, toutes les 15 \u00e0 30\u00a0minutes. \u00ab\u00a0<em>J&rsquo;habite ici depuis que j&rsquo;ai 4\u00a0ans, donc j&rsquo;ai toujours v\u00e9cu avec ce bruit<\/em>\u00ab\u00a0, explique-t-elle en affirmant ne m\u00eame plus les entendre. A l&rsquo;autre bout du village, Mathieu, 32\u00a0ans, ne s&rsquo;est install\u00e9 qu&rsquo;il y a deux ans, mais ses oreilles semblent d\u00e9j\u00e0 habitu\u00e9es. Ce manutentionnaire qui travaille de nuit \u00e0 l&rsquo;a\u00e9roport reconna\u00eet que le double-vitrage de son appartement ne parvient pas totalement \u00e0 masquer le bruit. \u00ab\u00a0<em>Mais je ne fais plus attention<\/em>\u00ab\u00a0, assure-t-il.<\/p>\n<p>\u00ab\u00a0<em>Les gens qui habitent la commune depuis plusieurs ann\u00e9es ont pris l&rsquo;habitude de vivre avec le bruit. Ils ont am\u00e9nag\u00e9 leur vie en fonction du trafic a\u00e9rien<\/em>\u00ab\u00a0, observe le maire de Compans, Jo\u00ebl Marion. Un constat qui ne le rassure pas, bien au contraire.<\/p>\n<p>Il faut bien comprendre que l&rsquo;habitude nous joue des tours. Les gens s&rsquo;habituent au bruit, mais ce n&rsquo;est pas bon pour leur sant\u00e9.Jo\u00ebl Marion, maire de Compans \u00e0 franceinfo<\/p>\n<p>Si Compans est la commune d&rsquo;Ile-de-France o\u00f9 le bruit aurait, selon l&rsquo;\u00e9tude, le plus grand impact sanitaire, c&rsquo;est toute la r\u00e9gion qui est touch\u00e9e. \u00ab\u00a0<em>Le bruit des transports est responsable au total de 107\u00a0766 ann\u00e9es de vie en bonne sant\u00e9 perdue chaque ann\u00e9e au sein de la zone dense francilienne<\/em>\u00ab\u00a0, \u00e9crit Bruitparif. 61% de ces ann\u00e9es perdues sont dues au bruit routier, 22% au bruit ferr\u00e9 et 17% au bruit a\u00e9rien. Le bruit a\u00e9rien touche moins de monde que celui de la circulation routi\u00e8re, mais il reste celui qui occasionne les plus fortes nuisances individuelles pour ceux qui les subissent, parfois m\u00eame dans des zones \u00e9loign\u00e9es des a\u00e9roports.<\/p>\n<h5>A 20\u00a0km de l&rsquo;a\u00e9roport, des nuisances tout aussi fr\u00e9quentes<\/h5>\n<p>Catherine, 65\u00a0ans, vit ainsi \u00e0 Sannois (Val-d&rsquo;Oise), \u00e0 plus de 20\u00a0km de l&rsquo;a\u00e9roport de Paris-Charles-de-Gaulle \u00e0 vol d&rsquo;oiseau. Mais manque de chance, sa maison est situ\u00e9e exactement sur le trac\u00e9 du couloir a\u00e9rien utilis\u00e9 par les avions qui d\u00e9collent ou atterrissent sur les pistes sud de l&rsquo;a\u00e9roport. Les avions y volent plus haut qu&rsquo;\u00e0 Compans, mais \u00e0 une fr\u00e9quence tout aussi soutenue, toutes les deux minutes aux heures de pointe. Et surtout, \u00e0 l&rsquo;exacte verticale de sa maison. \u00ab\u00a0<em>On en a 450 \u00e0 500 par jour<\/em>\u00ab\u00a0, de l&rsquo;aube jusqu&rsquo;\u00e0 minuit, assure-t-elle.<\/p>\n<p>Ici \u00ab\u00a0depuis toute petite\u00a0\u00bb, Catherine \u00e9tait d\u00e9j\u00e0 l\u00e0 quand l&rsquo;a\u00e9roport de Paris-Charles-de-Gaulle\u00a0a \u00e9t\u00e9 mis en service, en 1974. Elle a observ\u00e9, au fil des ann\u00e9es, l&rsquo;explosion du trafic a\u00e9rien. \u00ab\u00a0<em>C&rsquo;est insidieux, c&rsquo;est chaque jour davantage<\/em>\u00ab\u00a0, dit-elle. \u00ab\u00a0<em>Il y a d&rsquo;abord eu l&rsquo;exasp\u00e9ration et l&rsquo;\u00e9puisement li\u00e9 au manque de sommeil. Ensuite, il y a eu une phase o\u00f9 j&rsquo;\u00e9tais \u00e0 l&rsquo;aff\u00fbt du moindre bruit<\/em>\u00ab\u00a0, raconte Catherine.<\/p>\n<p><em>J&rsquo;ai commenc\u00e9 \u00e0 avoir des petits malaises le matin, des trous de m\u00e9moire et des allergies<\/em>. Catherine, habitante de Sannois \u00e0 franceinfo<\/p>\n<p>Peu \u00e0 peu, elle s&rsquo;est calfeutr\u00e9e, jusqu&rsquo;\u00e0 abandonner sa chambre \u00e0 coucher et les autres pi\u00e8ces situ\u00e9es \u00e0 l&rsquo;\u00e9tage, sous les toits, o\u00f9 elle ne met plus les pieds \u00ab\u00a0<em>depuis douze\u00a0ans<\/em>\u00ab\u00a0. En 2007, elle a fait am\u00e9nager le sous-sol de la maison. C&rsquo;est donc d\u00e9sormais dans la cave que Catherine a install\u00e9 son lit, une t\u00e9l\u00e9, un bureau, et un petit lavabo.<\/p>\n<p><img loading=\"lazy\" decoding=\"async\" width=\"578\" height=\"325\" class=\"alignleft size-full wp-image-74784\" src=\"https:\/\/www.clients.horus-informatique71.fr\/advocnar_backup\/wp-content\/uploads\/2019\/03\/2019-03-04-Franceinfotv-Photo-3.jpg\" alt=\"\" srcset=\"https:\/\/www.clients.horus-informatique71.fr\/advocnar_backup\/wp-content\/uploads\/2019\/03\/2019-03-04-Franceinfotv-Photo-3.jpg 578w, https:\/\/www.clients.horus-informatique71.fr\/advocnar_backup\/wp-content\/uploads\/2019\/03\/2019-03-04-Franceinfotv-Photo-3-300x169.jpg 300w\" sizes=\"(max-width: 578px) 100vw, 578px\" \/><\/p>\n<p><em>Catherine a d\u00e9laiss\u00e9 l&rsquo;\u00e9tage de sa maison de Sannois (Val\u2013d&rsquo;Oise) pour am\u00e9nager sa chambre au sous\u2013sol. (ILAN CARO \/ FRANCEINFO)<\/em><\/p>\n<p>A la retraite, elle en profite pour passer un maximum de temps hors de chez elle. Elle peut passer plusieurs semaines dans une grange qu&rsquo;elle poss\u00e8de dans l&rsquo;Orne, ou dans son studio de la c\u00f4te atlantique, et retrouver un peu de s\u00e9r\u00e9nit\u00e9.<\/p>\n<h5><\/h5>\n<h5>La croissance de Paris-CDG\u00a0n&rsquo;est pas termin\u00e9e<\/h5>\n<p>Michel-Jean, lui, a franchi le pas. Il y a trois mois, avec son \u00e9pouse, ce septuag\u00e9naire a quitt\u00e9 la ville d&rsquo;Ermont, \u00e9galement dans le Val-d&rsquo;Oise, pour couler des jours plus tranquilles \u00e0 Perpignan. \u00ab\u00a0<em>Le bien-vivre \u00e9tait atteint<\/em>\u00ab\u00a0, dit-il en se rem\u00e9morant ces ann\u00e9es pass\u00e9es \u00e0 endurer les nuisances sonores, notamment celles du Concorde, qui d\u00e9gageait plus de bruit que tout autre avion.<\/p>\n<p>Dans la ville voisine d&rsquo;Eaubonne, Nadine et David continuent \u00e0 souffrir du bruit. \u00ab\u00a0<em>On se r\u00e9veille quasiment tous les jours vers 4\u00a0heures du matin<\/em>\u00ab\u00a0, t\u00e9moigne ce couple de quinquag\u00e9naires. Incapable de se rendormir, Nadine se surprend parfois \u00e0 arriver au travail \u00e0 6h30 alors qu&rsquo;elle est cens\u00e9e prendre son service \u00e0 8\u00a0heures. \u00ab\u00a0On est fatigu\u00e9s, \u00e9nerv\u00e9s, stress\u00e9s\u00a0\u00bb, souligne David. Au contraire d&rsquo;autres voisins qui se sont accommod\u00e9s du bruit, eux n&rsquo;ont jamais pu s&rsquo;y faire, en dix\u00a0ans de pr\u00e9sence. \u00ab\u00a0<em>Ceux qui disent s&rsquo;habituer, ils ne doivent pas \u00e9couter leur corps, juge David. Le cerveau enregistre tout\u00a0! On sait qu&rsquo;un stress continu a toujours des effets n\u00e9fastes pour la sant\u00e9.<\/em>\u00a0\u00bb<\/p>\n<p>Nadine, David, Catherine, C\u00e9cile et les autres ne sont pas au bout de leurs peines. M\u00eame si les avions modernes sont de moins en moins bruyants, les passages pourraient \u00eatre de plus en plus fr\u00e9quents dans les ann\u00e9es \u00e0 venir. L&rsquo;a\u00e9roport Paris-Charles-de-Gaulle, fort de ses quatre pistes, est loin d&rsquo;avoir atteint sa capacit\u00e9 maximale. Un projet de construction d&rsquo;un quatri\u00e8me terminal, qui pourrait voir le jour en 2028, vient d&rsquo;entrer dans sa phase de concertation. A terme, il pourrait accueillir quelque 40\u00a0millions de passagers suppl\u00e9mentaires. L&rsquo;\u00e9quivalent du trafic actuel \u00e0 Orly.<\/p>\n<p><em>Ilan Caro France T\u00e9l\u00e9visions<\/em><\/p>\n","protected":false},"excerpt":{"rendered":"<p>04.03.2019 &#8211; FranceInfoTv &nbsp; Un r\u00e9cent rapport de Bruitparif quantifie les effets n\u00e9fastes que provoque\u00a0le bruit routier, ferr\u00e9 ou a\u00e9rien\u00a0sur la sant\u00e9 des habitants. Des pavillons align\u00e9s, une \u00e9glise, un bar et une \u00e9picerie\u2026 A premi\u00e8re vue, Compans pourrait ressembler \u00e0 n&rsquo;importe quel petit village. A un \u00ab\u00a0d\u00e9tail\u00a0\u00bb pr\u00e8s\u00a0: les 800\u00a0habitants de cette commune de [&hellip;]<\/p>\n","protected":false},"author":10,"featured_media":74782,"comment_status":"closed","ping_status":"open","sticky":false,"template":"","format":"standard","meta":{"footnotes":""},"categories":[49],"tags":[],"yoast_head":"<!-- This site is optimized with the Yoast SEO plugin v22.0 - https:\/\/yoast.com\/wordpress\/plugins\/seo\/ -->\n<title>&quot;On se r\u00e9veille tous les jours \u00e0 4 heures du matin&quot; : comment le bruit de l&#039;a\u00e9roport Paris-Charles-de-Gaulle pourrit la vie de certains Franciliens - Advocnar<\/title>\n<meta name=\"robots\" content=\"index, follow, max-snippet:-1, max-image-preview:large, max-video-preview:-1\" \/>\n<link rel=\"canonical\" href=\"https:\/\/www.clients.horus-informatique71.fr\/advocnar_backup\/2019\/03\/on-se-reveille-tous-les-jours-a-4-heures-du-matin-comment-le-bruit-de-laeroport-paris-charles-de-gaulle-pourrit-la-vie-de-certains-franciliens\/\" \/>\n<meta property=\"og:locale\" content=\"fr_FR\" \/>\n<meta property=\"og:type\" content=\"article\" \/>\n<meta property=\"og:title\" content=\"&quot;On se r\u00e9veille tous les jours \u00e0 4 heures du matin&quot; : comment le bruit de l&#039;a\u00e9roport Paris-Charles-de-Gaulle pourrit la vie de certains Franciliens - Advocnar\" \/>\n<meta property=\"og:description\" content=\"04.03.2019 &#8211; FranceInfoTv &nbsp; Un r\u00e9cent rapport de Bruitparif quantifie les effets n\u00e9fastes que provoque\u00a0le bruit routier, ferr\u00e9 ou a\u00e9rien\u00a0sur la sant\u00e9 des habitants. Des pavillons align\u00e9s, une \u00e9glise, un bar et une \u00e9picerie\u2026 A premi\u00e8re vue, Compans pourrait ressembler \u00e0 n&rsquo;importe quel petit village. A un \u00ab\u00a0d\u00e9tail\u00a0\u00bb pr\u00e8s\u00a0: les 800\u00a0habitants de cette commune de [&hellip;]\" \/>\n<meta property=\"og:url\" content=\"https:\/\/www.clients.horus-informatique71.fr\/advocnar_backup\/2019\/03\/on-se-reveille-tous-les-jours-a-4-heures-du-matin-comment-le-bruit-de-laeroport-paris-charles-de-gaulle-pourrit-la-vie-de-certains-franciliens\/\" \/>\n<meta property=\"og:site_name\" content=\"Advocnar\" \/>\n<meta property=\"article:published_time\" content=\"2019-03-16T06:51:46+00:00\" \/>\n<meta property=\"article:modified_time\" content=\"2019-03-22T17:02:30+00:00\" \/>\n<meta property=\"og:image\" content=\"https:\/\/www.clients.horus-informatique71.fr\/advocnar_backup\/wp-content\/uploads\/2019\/03\/2019-03-04-Franceinfotv-Photo-1.jpg\" \/>\n\t<meta property=\"og:image:width\" content=\"598\" \/>\n\t<meta property=\"og:image:height\" content=\"448\" \/>\n\t<meta property=\"og:image:type\" content=\"image\/jpeg\" \/>\n<meta name=\"author\" content=\"FBrochot\" \/>\n<meta name=\"twitter:card\" content=\"summary_large_image\" \/>\n<meta name=\"twitter:label1\" content=\"\u00c9crit par\" \/>\n\t<meta name=\"twitter:data1\" content=\"FBrochot\" \/>\n\t<meta name=\"twitter:label2\" content=\"Dur\u00e9e de lecture estim\u00e9e\" \/>\n\t<meta name=\"twitter:data2\" content=\"8 minutes\" \/>\n<script type=\"application\/ld+json\" class=\"yoast-schema-graph\">{\"@context\":\"https:\/\/schema.org\",\"@graph\":[{\"@type\":\"WebPage\",\"@id\":\"https:\/\/www.clients.horus-informatique71.fr\/advocnar_backup\/2019\/03\/on-se-reveille-tous-les-jours-a-4-heures-du-matin-comment-le-bruit-de-laeroport-paris-charles-de-gaulle-pourrit-la-vie-de-certains-franciliens\/\",\"url\":\"https:\/\/www.clients.horus-informatique71.fr\/advocnar_backup\/2019\/03\/on-se-reveille-tous-les-jours-a-4-heures-du-matin-comment-le-bruit-de-laeroport-paris-charles-de-gaulle-pourrit-la-vie-de-certains-franciliens\/\",\"name\":\"\\\"On se r\u00e9veille tous les jours \u00e0 4 heures du matin\\\" : comment le bruit de l'a\u00e9roport Paris-Charles-de-Gaulle pourrit la vie de certains Franciliens - Advocnar\",\"isPartOf\":{\"@id\":\"https:\/\/www.clients.horus-informatique71.fr\/advocnar_backup\/#website\"},\"datePublished\":\"2019-03-16T06:51:46+00:00\",\"dateModified\":\"2019-03-22T17:02:30+00:00\",\"author\":{\"@id\":\"https:\/\/www.clients.horus-informatique71.fr\/advocnar_backup\/#\/schema\/person\/28ec283f897fb44e1146415d8015d23e\"},\"breadcrumb\":{\"@id\":\"https:\/\/www.clients.horus-informatique71.fr\/advocnar_backup\/2019\/03\/on-se-reveille-tous-les-jours-a-4-heures-du-matin-comment-le-bruit-de-laeroport-paris-charles-de-gaulle-pourrit-la-vie-de-certains-franciliens\/#breadcrumb\"},\"inLanguage\":\"fr-FR\",\"potentialAction\":[{\"@type\":\"ReadAction\",\"target\":[\"https:\/\/www.clients.horus-informatique71.fr\/advocnar_backup\/2019\/03\/on-se-reveille-tous-les-jours-a-4-heures-du-matin-comment-le-bruit-de-laeroport-paris-charles-de-gaulle-pourrit-la-vie-de-certains-franciliens\/\"]}]},{\"@type\":\"BreadcrumbList\",\"@id\":\"https:\/\/www.clients.horus-informatique71.fr\/advocnar_backup\/2019\/03\/on-se-reveille-tous-les-jours-a-4-heures-du-matin-comment-le-bruit-de-laeroport-paris-charles-de-gaulle-pourrit-la-vie-de-certains-franciliens\/#breadcrumb\",\"itemListElement\":[{\"@type\":\"ListItem\",\"position\":1,\"name\":\"Accueil\",\"item\":\"https:\/\/www.clients.horus-informatique71.fr\/advocnar_backup\/\"},{\"@type\":\"ListItem\",\"position\":2,\"name\":\"&#8220;On se r\u00e9veille tous les jours \u00e0 4 heures du matin&#8221; : comment le bruit de l&#8217;a\u00e9roport Paris-Charles-de-Gaulle pourrit la vie de certains Franciliens\"}]},{\"@type\":\"WebSite\",\"@id\":\"https:\/\/www.clients.horus-informatique71.fr\/advocnar_backup\/#website\",\"url\":\"https:\/\/www.clients.horus-informatique71.fr\/advocnar_backup\/\",\"name\":\"Advocnar\",\"description\":\"Association de D\u00e9fense Contre les Nuisances A\u00e9riennes\",\"potentialAction\":[{\"@type\":\"SearchAction\",\"target\":{\"@type\":\"EntryPoint\",\"urlTemplate\":\"https:\/\/www.clients.horus-informatique71.fr\/advocnar_backup\/?s={search_term_string}\"},\"query-input\":\"required name=search_term_string\"}],\"inLanguage\":\"fr-FR\"},{\"@type\":\"Person\",\"@id\":\"https:\/\/www.clients.horus-informatique71.fr\/advocnar_backup\/#\/schema\/person\/28ec283f897fb44e1146415d8015d23e\",\"name\":\"FBrochot\",\"url\":\"https:\/\/www.clients.horus-informatique71.fr\/advocnar_backup\/author\/fbrochot\/\"}]}<\/script>\n<!-- \/ Yoast SEO plugin. -->","yoast_head_json":{"title":"\"On se r\u00e9veille tous les jours \u00e0 4 heures du matin\" : comment le bruit de l'a\u00e9roport Paris-Charles-de-Gaulle pourrit la vie de certains Franciliens - Advocnar","robots":{"index":"index","follow":"follow","max-snippet":"max-snippet:-1","max-image-preview":"max-image-preview:large","max-video-preview":"max-video-preview:-1"},"canonical":"https:\/\/www.clients.horus-informatique71.fr\/advocnar_backup\/2019\/03\/on-se-reveille-tous-les-jours-a-4-heures-du-matin-comment-le-bruit-de-laeroport-paris-charles-de-gaulle-pourrit-la-vie-de-certains-franciliens\/","og_locale":"fr_FR","og_type":"article","og_title":"\"On se r\u00e9veille tous les jours \u00e0 4 heures du matin\" : comment le bruit de l'a\u00e9roport Paris-Charles-de-Gaulle pourrit la vie de certains Franciliens - Advocnar","og_description":"04.03.2019 &#8211; FranceInfoTv &nbsp; Un r\u00e9cent rapport de Bruitparif quantifie les effets n\u00e9fastes que provoque\u00a0le bruit routier, ferr\u00e9 ou a\u00e9rien\u00a0sur la sant\u00e9 des habitants. Des pavillons align\u00e9s, une \u00e9glise, un bar et une \u00e9picerie\u2026 A premi\u00e8re vue, Compans pourrait ressembler \u00e0 n&rsquo;importe quel petit village. A un \u00ab\u00a0d\u00e9tail\u00a0\u00bb pr\u00e8s\u00a0: les 800\u00a0habitants de cette commune de [&hellip;]","og_url":"https:\/\/www.clients.horus-informatique71.fr\/advocnar_backup\/2019\/03\/on-se-reveille-tous-les-jours-a-4-heures-du-matin-comment-le-bruit-de-laeroport-paris-charles-de-gaulle-pourrit-la-vie-de-certains-franciliens\/","og_site_name":"Advocnar","article_published_time":"2019-03-16T06:51:46+00:00","article_modified_time":"2019-03-22T17:02:30+00:00","og_image":[{"width":598,"height":448,"url":"https:\/\/www.clients.horus-informatique71.fr\/advocnar_backup\/wp-content\/uploads\/2019\/03\/2019-03-04-Franceinfotv-Photo-1.jpg","type":"image\/jpeg"}],"author":"FBrochot","twitter_card":"summary_large_image","twitter_misc":{"\u00c9crit par":"FBrochot","Dur\u00e9e de lecture estim\u00e9e":"8 minutes"},"schema":{"@context":"https:\/\/schema.org","@graph":[{"@type":"WebPage","@id":"https:\/\/www.clients.horus-informatique71.fr\/advocnar_backup\/2019\/03\/on-se-reveille-tous-les-jours-a-4-heures-du-matin-comment-le-bruit-de-laeroport-paris-charles-de-gaulle-pourrit-la-vie-de-certains-franciliens\/","url":"https:\/\/www.clients.horus-informatique71.fr\/advocnar_backup\/2019\/03\/on-se-reveille-tous-les-jours-a-4-heures-du-matin-comment-le-bruit-de-laeroport-paris-charles-de-gaulle-pourrit-la-vie-de-certains-franciliens\/","name":"\"On se r\u00e9veille tous les jours \u00e0 4 heures du matin\" : comment le bruit de l'a\u00e9roport Paris-Charles-de-Gaulle pourrit la vie de certains Franciliens - Advocnar","isPartOf":{"@id":"https:\/\/www.clients.horus-informatique71.fr\/advocnar_backup\/#website"},"datePublished":"2019-03-16T06:51:46+00:00","dateModified":"2019-03-22T17:02:30+00:00","author":{"@id":"https:\/\/www.clients.horus-informatique71.fr\/advocnar_backup\/#\/schema\/person\/28ec283f897fb44e1146415d8015d23e"},"breadcrumb":{"@id":"https:\/\/www.clients.horus-informatique71.fr\/advocnar_backup\/2019\/03\/on-se-reveille-tous-les-jours-a-4-heures-du-matin-comment-le-bruit-de-laeroport-paris-charles-de-gaulle-pourrit-la-vie-de-certains-franciliens\/#breadcrumb"},"inLanguage":"fr-FR","potentialAction":[{"@type":"ReadAction","target":["https:\/\/www.clients.horus-informatique71.fr\/advocnar_backup\/2019\/03\/on-se-reveille-tous-les-jours-a-4-heures-du-matin-comment-le-bruit-de-laeroport-paris-charles-de-gaulle-pourrit-la-vie-de-certains-franciliens\/"]}]},{"@type":"BreadcrumbList","@id":"https:\/\/www.clients.horus-informatique71.fr\/advocnar_backup\/2019\/03\/on-se-reveille-tous-les-jours-a-4-heures-du-matin-comment-le-bruit-de-laeroport-paris-charles-de-gaulle-pourrit-la-vie-de-certains-franciliens\/#breadcrumb","itemListElement":[{"@type":"ListItem","position":1,"name":"Accueil","item":"https:\/\/www.clients.horus-informatique71.fr\/advocnar_backup\/"},{"@type":"ListItem","position":2,"name":"&#8220;On se r\u00e9veille tous les jours \u00e0 4 heures du matin&#8221; : comment le bruit de l&#8217;a\u00e9roport Paris-Charles-de-Gaulle pourrit la vie de certains Franciliens"}]},{"@type":"WebSite","@id":"https:\/\/www.clients.horus-informatique71.fr\/advocnar_backup\/#website","url":"https:\/\/www.clients.horus-informatique71.fr\/advocnar_backup\/","name":"Advocnar","description":"Association de D\u00e9fense Contre les Nuisances A\u00e9riennes","potentialAction":[{"@type":"SearchAction","target":{"@type":"EntryPoint","urlTemplate":"https:\/\/www.clients.horus-informatique71.fr\/advocnar_backup\/?s={search_term_string}"},"query-input":"required name=search_term_string"}],"inLanguage":"fr-FR"},{"@type":"Person","@id":"https:\/\/www.clients.horus-informatique71.fr\/advocnar_backup\/#\/schema\/person\/28ec283f897fb44e1146415d8015d23e","name":"FBrochot","url":"https:\/\/www.clients.horus-informatique71.fr\/advocnar_backup\/author\/fbrochot\/"}]}},"_links":{"self":[{"href":"https:\/\/www.clients.horus-informatique71.fr\/advocnar_backup\/wp-json\/wp\/v2\/posts\/74785"}],"collection":[{"href":"https:\/\/www.clients.horus-informatique71.fr\/advocnar_backup\/wp-json\/wp\/v2\/posts"}],"about":[{"href":"https:\/\/www.clients.horus-informatique71.fr\/advocnar_backup\/wp-json\/wp\/v2\/types\/post"}],"author":[{"embeddable":true,"href":"https:\/\/www.clients.horus-informatique71.fr\/advocnar_backup\/wp-json\/wp\/v2\/users\/10"}],"replies":[{"embeddable":true,"href":"https:\/\/www.clients.horus-informatique71.fr\/advocnar_backup\/wp-json\/wp\/v2\/comments?post=74785"}],"version-history":[{"count":4,"href":"https:\/\/www.clients.horus-informatique71.fr\/advocnar_backup\/wp-json\/wp\/v2\/posts\/74785\/revisions"}],"predecessor-version":[{"id":74789,"href":"https:\/\/www.clients.horus-informatique71.fr\/advocnar_backup\/wp-json\/wp\/v2\/posts\/74785\/revisions\/74789"}],"wp:featuredmedia":[{"embeddable":true,"href":"https:\/\/www.clients.horus-informatique71.fr\/advocnar_backup\/wp-json\/wp\/v2\/media\/74782"}],"wp:attachment":[{"href":"https:\/\/www.clients.horus-informatique71.fr\/advocnar_backup\/wp-json\/wp\/v2\/media?parent=74785"}],"wp:term":[{"taxonomy":"category","embeddable":true,"href":"https:\/\/www.clients.horus-informatique71.fr\/advocnar_backup\/wp-json\/wp\/v2\/categories?post=74785"},{"taxonomy":"post_tag","embeddable":true,"href":"https:\/\/www.clients.horus-informatique71.fr\/advocnar_backup\/wp-json\/wp\/v2\/tags?post=74785"}],"curies":[{"name":"wp","href":"https:\/\/api.w.org\/{rel}","templated":true}]}}