{"id":74795,"date":"2019-02-08T18:05:41","date_gmt":"2019-02-08T17:05:41","guid":{"rendered":"https:\/\/www.clients.horus-informatique71.fr\/advocnar_backup\/?p=74795"},"modified":"2021-04-02T18:34:13","modified_gmt":"2021-04-02T16:34:13","slug":"terminal-4-dadp-europacity-meme-combat-2","status":"publish","type":"post","link":"https:\/\/www.clients.horus-informatique71.fr\/advocnar_backup\/2019\/02\/terminal-4-dadp-europacity-meme-combat-2\/","title":{"rendered":"Terminal 4 d&rsquo;ADP, Europacity, m\u00eame combat"},"content":{"rendered":"<h4>08.02.2019 &#8211; Blog M\u00e9diapart<\/h4>\n<p><em>Par Pierre Sassier<\/em><\/p>\n<p>Un volet de l&rsquo;action du collectif pour le triangle de Gonesse (CPTG) concerne l&rsquo;impact sur l&rsquo;environnement du transport a\u00e9rien. L&rsquo;association de d\u00e9fense du Val d&rsquo;Oise contre les nuisances a\u00e9riennes (ADVOCNAR) souligne l&rsquo;impact des nuisances sonores sur la sant\u00e9 de la population. On constate donc une convergence entre les deux associations, qui unissent leurs forces dans le d\u00e9bat citoyen.<\/p>\n<p>La construction du terminal 4 (T4) d&rsquo;ADP suscite la controverse, en raison des nuisances sonores qu&rsquo;elle impose aux riverains. Le probl\u00e8me ne se limite pas aux communes limitrophes et concerne aussi toute la vall\u00e9e de Montmorency. D\u00e8s 2015, la mairie de Saint-Prix, commune distante de Roissy d&rsquo;une vingtaine de kilom\u00e8tres &#8211; d\u00e9posait une plainte pour nuisances sonores m\u00e9dicalement reconnues par un expert des troubles du sommeil : \u00ab Nous essayons d&rsquo;attirer depuis tr\u00e8s longtemps l&rsquo;attention des pouvoirs publics sur ce probl\u00e8me. Actuellement 163 avions d\u00e9collent chaque nuit de Roissy. Mais on nous r\u00e9pondait toujours que nous exag\u00e9rions. Cette fois-ci, l&rsquo;Autorit\u00e9 de contr\u00f4le des nuisances a\u00e9roportuaires (Acnusa) elle-m\u00eame confirme les cons\u00e9quences m\u00e9dicales graves. \u00bb En effet, dans les zones fortement impact\u00e9es par le bruit, l&rsquo;esp\u00e9rance de vie en bonne sant\u00e9 est statistiquement moins \u00e9lev\u00e9e que sur l&rsquo;ensemble du territoire.<br \/>\nLes \u00e9lus de l&rsquo;Avenir Ensemble, minoritaires au conseil municipal de Montmorency, s&rsquo;en inqui\u00e8tent \u00e9galement et rappellent l&rsquo;exigence d&rsquo;une p\u00e9riode nocturne sans avions, pour assurer une p\u00e9riode de sommeil d&rsquo;au moins six heures aux riverains. Cela n&rsquo;est nullement irr\u00e9aliste, car ce \u00ab\u00a0couvre-feu\u00a0\u00bb est d\u00e9j\u00e0 en vigueur non seulement \u00e0 Orly, mais aussi dans un des plus grands a\u00e9roports d&rsquo;Europe, celui de Roissy. Ces \u00e9lus minoritaires ont soumis au Conseil Municipal une motion s&rsquo;opposant \u00e0 la construction du T4 \u00ab\u00a0sans mise en \u0153uvre de ce couvre-feu et d&rsquo;une politique volontariste d&rsquo;accompagnement pour la protection contre les nuisances a\u00e9riennes\u00a0\u00bb. Cette motion a \u00e9t\u00e9 adopt\u00e9e \u00e0 l&rsquo;unanimit\u00e9. Mais il est peu probable que cette option soit retenue par les Pouvoirs Publics, qui pr\u00e9voient, d\u00e8s que la loi Pacte sera d\u00e9finitivement vot\u00e9e, d&rsquo;enclencher le processus de privatisation d&rsquo;ADP, qui est partie int\u00e9grante de cette<a href=\"https:\/\/blogs.mediapart.fr\/pierre-sassier\/blog\/270119\/la-grande-braderie-de-leconomie-francaise\"> \u00ab\u00a0vente \u00e0 la d\u00e9coupe\u00a0\u00bb<\/a> \u00e9voqu\u00e9e dans une pr\u00e9c\u00e9dente contribution : il s&rsquo;agit avant tout d&rsquo;une mise aux ench\u00e8res entre les investisseurs potentiels. Cela suppose de stimuler l&rsquo;app\u00e9tit de ceux-ci en augmentant de fa\u00e7on significative le nombre de vols, quitte \u00e0 d\u00e9grader encore un peu plus la qualit\u00e9 de vie et la sant\u00e9 des riverains.<br \/>\nLe maire de Gonesse n&rsquo;en est plus \u00e0 un paradoxe pr\u00e8s, lui qui d\u00e9nonce la \u00ab\u00a0saturation environnementale \u00a0\u00bb li\u00e9e aux nuisances a\u00e9riennes, mais soutient \u00e9galement un projet (EuropaCity) qui affiche l&rsquo;ambition d&rsquo;attirer 31 millions de visiteurs par an, dont <a href=\"https:\/\/blogs.mediapart.fr\/pierre-sassier\/blog\/151217\/europacity-le-livre-blanc-de-la-climatologie\">plus de la moiti\u00e9 viendrait en avion de toute l&rsquo;Europe<\/a>. A moins d&rsquo;\u00eatre tr\u00e8s mal renseign\u00e9 sur EuropaCity, monsieur Blazy ne peut ignorer cette r\u00e9alit\u00e9. Il serait grand temps que nos hommes politiques soient coh\u00e9rents avec eux-m\u00eames, dans leurs paroles comme dans leurs actes !<\/p>\n<p>Les nuisances a\u00e9riennes constituent donc un v\u00e9ritable probl\u00e8me de sant\u00e9 publique, mais ce n&rsquo;est apparemment pas le probl\u00e8me d&rsquo;ADP ni de l\u2019\u00c9tat, actionnaire majoritaire <a href=\"https:\/\/www.liberation.fr\/france\/2019\/01\/31\/privatisation-apres-les-autoroutes-les-aeroports-de-paris_1706689\">(plus pour tr\u00e8s longtemps !)<\/a>. Dans <a href=\"https:\/\/actu.fr\/ile-de-france\/roissy-en-france_95527\/roissy-cdg-futur-terminal-4-autre-grand-debat_21138354.html\">une interview au Parisien<\/a>, Fran\u00e7oise Brochot, pr\u00e9sidente de l&rsquo;ADVOCNAR, pr\u00e9cise que la r\u00e9alisation du projet T4 ferait passer le trafic de 1300 \u00e0 1700 vols par jour. Ceci n&rsquo;est qu&rsquo;une estimation basse, car, <a href=\"https:\/\/www.lepoint.fr\/economie\/un-nouvel-aeroport-va-etre-construit-a-roissy-cdg-16-06-2017-2135956_28.php\">nous dit le Point<\/a>, la capacit\u00e9 potentielle de ce nouveau terminal permettrait techniquement une augmentation beaucoup plus importante. Le p\u00e9riodique pr\u00e9cise que le trafic a\u00e9rien augmente de fa\u00e7on exponentielle, avec un doublement tous les quinze ans.<\/p>\n<p>Un autre point concerne EuropaCity et ses opposants : qui dit nouveau terminal dit \u00e9galement cr\u00e9ation de boutiques de luxe, vendant leurs articles en duty free, une rude concurrence pour le secteur commercial du grand projet inutile. Il s&rsquo;agit d&rsquo;une course \u00e0 l&rsquo;\u00e9chalotte entre deux projets qui affaiblira n\u00e9cessairement l&rsquo;un d&rsquo;entre eux, le plus vraisemblablement EuropaCity. La viabilit\u00e9 \u00e9conomique du projet devient de moins en moins \u00e9vidente.<\/p>\n<p>Il y a convergence entre les actions du CPTG et celles de l&rsquo;ADVOCNAR : cette derni\u00e8re association, comme son nom l&rsquo;indique, a mis l&rsquo;accent sur les nuisances a\u00e9riennes dont sont victimes les riverains et qui continueront \u00e0 se d\u00e9velopper si la politique de d\u00e9veloppement du transport a\u00e9rien est men\u00e9e \u00e0 son terme. L&rsquo;action du&nbsp; CPTG, repose sur d&rsquo;autres consid\u00e9rations : il s&rsquo;agit d&rsquo;\u00e9viter que se cr\u00e9e aux portes de Paris un complexe au bilan carbone d\u00e9sastreux, que soient b\u00e9tonn\u00e9es des terres agricoles qui sont le poumon de la r\u00e9gion, que le transport a\u00e9rien augmente dans des proportions catastrophiques. Cette derni\u00e8re proposition est le lien entre ce que d\u00e9fendent les deux associations. C&rsquo;est aussi la position de Vincent Gayrard, des Amis de la terre : \u00ab\u00a0il faut associer l&rsquo;extension du terminal T4 avec le projet voisin d&rsquo;EuropaCity et leurs cons\u00e9quences sur le climat. On s&rsquo;\u00e9vertuera \u00e0 prouver qu&rsquo;il s&rsquo;agit du m\u00eame sujet [&#8230;] On ne peut pas monter de tels projets en les dissociant\u00a0\u00bb.<\/p>\n<p>C&rsquo;est aussi la position de Chantal Jouanno, fermement oppos\u00e9e \u00e0 la pratique du \u00ab\u00a0saucissonnage\u00a0\u00bb, qui recommande qu&rsquo;un d\u00e9bat public traite de toute la politique territoriale de l&rsquo;Ile de France. Mais, en lieu et place de d\u00e9bat public,&nbsp; il y aura <a href=\"https:\/\/actu.fr\/ile-de-france\/roissy-en-france_95527\/roissy-cdg-futur-terminal-4-autre-grand-debat_21138354.html\">une concertation, pilot\u00e9e par ADP<\/a>. Dans ces conditions, la neutralit\u00e9 et l&rsquo;ind\u00e9pendance du d\u00e9bat ne sont en aucune fa\u00e7on garanties, m\u00eame si ADP assure vouloir donner une dur\u00e9e la plus longue au d\u00e9bat (3 mois), si l&rsquo;AVOCNAR obtient l&rsquo;organisation de r\u00e9unions suppl\u00e9mentaires en vall\u00e9e de Montmorency, dans le secteur du confluent et en Seine et Marne. Pourtant, l&rsquo;extension de ces consultations citoyennes annonce une bonne nouvelle : le souhait de participation accrue des citoyens aux affaires les concernant. La Pr\u00e9sidente de l&rsquo;AVOCNAR souhaite donc une forte participation citoyenne \u00e0 ces consultations, m\u00eame si elle d\u00e9nonce un dispositif \u00ab\u00a0sous-dimensionn\u00e9\u00a0\u00bb.<\/p>\n<p>&nbsp;<\/p>\n","protected":false},"excerpt":{"rendered":"<p>08.02.2019 &#8211; Blog M\u00e9diapart Par Pierre Sassier Un volet de l&rsquo;action du collectif pour le triangle de Gonesse (CPTG) concerne l&rsquo;impact sur l&rsquo;environnement du transport a\u00e9rien. L&rsquo;association de d\u00e9fense du Val d&rsquo;Oise contre les nuisances a\u00e9riennes (ADVOCNAR) souligne l&rsquo;impact des nuisances sonores sur la sant\u00e9 de la population. On constate donc une convergence entre les [&hellip;]<\/p>\n","protected":false},"author":10,"featured_media":0,"comment_status":"closed","ping_status":"open","sticky":false,"template":"","format":"standard","meta":{"footnotes":""},"categories":[49],"tags":[53],"yoast_head":"<!-- This site is optimized with the Yoast SEO plugin v22.0 - https:\/\/yoast.com\/wordpress\/plugins\/seo\/ -->\n<title>Terminal 4 d&#039;ADP, Europacity, m\u00eame combat - Advocnar<\/title>\n<meta name=\"robots\" content=\"index, follow, max-snippet:-1, max-image-preview:large, max-video-preview:-1\" \/>\n<link rel=\"canonical\" href=\"https:\/\/www.clients.horus-informatique71.fr\/advocnar_backup\/2019\/02\/terminal-4-dadp-europacity-meme-combat-2\/\" \/>\n<meta property=\"og:locale\" content=\"fr_FR\" \/>\n<meta property=\"og:type\" content=\"article\" \/>\n<meta property=\"og:title\" content=\"Terminal 4 d&#039;ADP, Europacity, m\u00eame combat - Advocnar\" \/>\n<meta property=\"og:description\" content=\"08.02.2019 &#8211; Blog M\u00e9diapart Par Pierre Sassier Un volet de l&rsquo;action du collectif pour le triangle de Gonesse (CPTG) concerne l&rsquo;impact sur l&rsquo;environnement du transport a\u00e9rien. L&rsquo;association de d\u00e9fense du Val d&rsquo;Oise contre les nuisances a\u00e9riennes (ADVOCNAR) souligne l&rsquo;impact des nuisances sonores sur la sant\u00e9 de la population. On constate donc une convergence entre les [&hellip;]\" \/>\n<meta property=\"og:url\" content=\"https:\/\/www.clients.horus-informatique71.fr\/advocnar_backup\/2019\/02\/terminal-4-dadp-europacity-meme-combat-2\/\" \/>\n<meta property=\"og:site_name\" content=\"Advocnar\" \/>\n<meta property=\"article:published_time\" content=\"2019-02-08T17:05:41+00:00\" \/>\n<meta property=\"article:modified_time\" content=\"2021-04-02T16:34:13+00:00\" \/>\n<meta name=\"author\" content=\"FBrochot\" \/>\n<meta name=\"twitter:card\" content=\"summary_large_image\" \/>\n<meta name=\"twitter:label1\" content=\"\u00c9crit par\" \/>\n\t<meta name=\"twitter:data1\" content=\"FBrochot\" \/>\n\t<meta name=\"twitter:label2\" content=\"Dur\u00e9e de lecture estim\u00e9e\" \/>\n\t<meta name=\"twitter:data2\" content=\"5 minutes\" \/>\n<script type=\"application\/ld+json\" class=\"yoast-schema-graph\">{\"@context\":\"https:\/\/schema.org\",\"@graph\":[{\"@type\":\"WebPage\",\"@id\":\"https:\/\/www.clients.horus-informatique71.fr\/advocnar_backup\/2019\/02\/terminal-4-dadp-europacity-meme-combat-2\/\",\"url\":\"https:\/\/www.clients.horus-informatique71.fr\/advocnar_backup\/2019\/02\/terminal-4-dadp-europacity-meme-combat-2\/\",\"name\":\"Terminal 4 d'ADP, Europacity, m\u00eame combat - Advocnar\",\"isPartOf\":{\"@id\":\"https:\/\/www.clients.horus-informatique71.fr\/advocnar_backup\/#website\"},\"datePublished\":\"2019-02-08T17:05:41+00:00\",\"dateModified\":\"2021-04-02T16:34:13+00:00\",\"author\":{\"@id\":\"https:\/\/www.clients.horus-informatique71.fr\/advocnar_backup\/#\/schema\/person\/28ec283f897fb44e1146415d8015d23e\"},\"breadcrumb\":{\"@id\":\"https:\/\/www.clients.horus-informatique71.fr\/advocnar_backup\/2019\/02\/terminal-4-dadp-europacity-meme-combat-2\/#breadcrumb\"},\"inLanguage\":\"fr-FR\",\"potentialAction\":[{\"@type\":\"ReadAction\",\"target\":[\"https:\/\/www.clients.horus-informatique71.fr\/advocnar_backup\/2019\/02\/terminal-4-dadp-europacity-meme-combat-2\/\"]}]},{\"@type\":\"BreadcrumbList\",\"@id\":\"https:\/\/www.clients.horus-informatique71.fr\/advocnar_backup\/2019\/02\/terminal-4-dadp-europacity-meme-combat-2\/#breadcrumb\",\"itemListElement\":[{\"@type\":\"ListItem\",\"position\":1,\"name\":\"Accueil\",\"item\":\"https:\/\/www.clients.horus-informatique71.fr\/advocnar_backup\/\"},{\"@type\":\"ListItem\",\"position\":2,\"name\":\"Terminal 4 d&#8217;ADP, Europacity, m\u00eame combat\"}]},{\"@type\":\"WebSite\",\"@id\":\"https:\/\/www.clients.horus-informatique71.fr\/advocnar_backup\/#website\",\"url\":\"https:\/\/www.clients.horus-informatique71.fr\/advocnar_backup\/\",\"name\":\"Advocnar\",\"description\":\"Association de D\u00e9fense Contre les Nuisances A\u00e9riennes\",\"potentialAction\":[{\"@type\":\"SearchAction\",\"target\":{\"@type\":\"EntryPoint\",\"urlTemplate\":\"https:\/\/www.clients.horus-informatique71.fr\/advocnar_backup\/?s={search_term_string}\"},\"query-input\":\"required name=search_term_string\"}],\"inLanguage\":\"fr-FR\"},{\"@type\":\"Person\",\"@id\":\"https:\/\/www.clients.horus-informatique71.fr\/advocnar_backup\/#\/schema\/person\/28ec283f897fb44e1146415d8015d23e\",\"name\":\"FBrochot\",\"url\":\"https:\/\/www.clients.horus-informatique71.fr\/advocnar_backup\/author\/fbrochot\/\"}]}<\/script>\n<!-- \/ Yoast SEO plugin. -->","yoast_head_json":{"title":"Terminal 4 d'ADP, Europacity, m\u00eame combat - Advocnar","robots":{"index":"index","follow":"follow","max-snippet":"max-snippet:-1","max-image-preview":"max-image-preview:large","max-video-preview":"max-video-preview:-1"},"canonical":"https:\/\/www.clients.horus-informatique71.fr\/advocnar_backup\/2019\/02\/terminal-4-dadp-europacity-meme-combat-2\/","og_locale":"fr_FR","og_type":"article","og_title":"Terminal 4 d'ADP, Europacity, m\u00eame combat - Advocnar","og_description":"08.02.2019 &#8211; Blog M\u00e9diapart Par Pierre Sassier Un volet de l&rsquo;action du collectif pour le triangle de Gonesse (CPTG) concerne l&rsquo;impact sur l&rsquo;environnement du transport a\u00e9rien. L&rsquo;association de d\u00e9fense du Val d&rsquo;Oise contre les nuisances a\u00e9riennes (ADVOCNAR) souligne l&rsquo;impact des nuisances sonores sur la sant\u00e9 de la population. On constate donc une convergence entre les [&hellip;]","og_url":"https:\/\/www.clients.horus-informatique71.fr\/advocnar_backup\/2019\/02\/terminal-4-dadp-europacity-meme-combat-2\/","og_site_name":"Advocnar","article_published_time":"2019-02-08T17:05:41+00:00","article_modified_time":"2021-04-02T16:34:13+00:00","author":"FBrochot","twitter_card":"summary_large_image","twitter_misc":{"\u00c9crit par":"FBrochot","Dur\u00e9e de lecture estim\u00e9e":"5 minutes"},"schema":{"@context":"https:\/\/schema.org","@graph":[{"@type":"WebPage","@id":"https:\/\/www.clients.horus-informatique71.fr\/advocnar_backup\/2019\/02\/terminal-4-dadp-europacity-meme-combat-2\/","url":"https:\/\/www.clients.horus-informatique71.fr\/advocnar_backup\/2019\/02\/terminal-4-dadp-europacity-meme-combat-2\/","name":"Terminal 4 d'ADP, Europacity, m\u00eame combat - Advocnar","isPartOf":{"@id":"https:\/\/www.clients.horus-informatique71.fr\/advocnar_backup\/#website"},"datePublished":"2019-02-08T17:05:41+00:00","dateModified":"2021-04-02T16:34:13+00:00","author":{"@id":"https:\/\/www.clients.horus-informatique71.fr\/advocnar_backup\/#\/schema\/person\/28ec283f897fb44e1146415d8015d23e"},"breadcrumb":{"@id":"https:\/\/www.clients.horus-informatique71.fr\/advocnar_backup\/2019\/02\/terminal-4-dadp-europacity-meme-combat-2\/#breadcrumb"},"inLanguage":"fr-FR","potentialAction":[{"@type":"ReadAction","target":["https:\/\/www.clients.horus-informatique71.fr\/advocnar_backup\/2019\/02\/terminal-4-dadp-europacity-meme-combat-2\/"]}]},{"@type":"BreadcrumbList","@id":"https:\/\/www.clients.horus-informatique71.fr\/advocnar_backup\/2019\/02\/terminal-4-dadp-europacity-meme-combat-2\/#breadcrumb","itemListElement":[{"@type":"ListItem","position":1,"name":"Accueil","item":"https:\/\/www.clients.horus-informatique71.fr\/advocnar_backup\/"},{"@type":"ListItem","position":2,"name":"Terminal 4 d&#8217;ADP, Europacity, m\u00eame combat"}]},{"@type":"WebSite","@id":"https:\/\/www.clients.horus-informatique71.fr\/advocnar_backup\/#website","url":"https:\/\/www.clients.horus-informatique71.fr\/advocnar_backup\/","name":"Advocnar","description":"Association de D\u00e9fense Contre les Nuisances A\u00e9riennes","potentialAction":[{"@type":"SearchAction","target":{"@type":"EntryPoint","urlTemplate":"https:\/\/www.clients.horus-informatique71.fr\/advocnar_backup\/?s={search_term_string}"},"query-input":"required name=search_term_string"}],"inLanguage":"fr-FR"},{"@type":"Person","@id":"https:\/\/www.clients.horus-informatique71.fr\/advocnar_backup\/#\/schema\/person\/28ec283f897fb44e1146415d8015d23e","name":"FBrochot","url":"https:\/\/www.clients.horus-informatique71.fr\/advocnar_backup\/author\/fbrochot\/"}]}},"_links":{"self":[{"href":"https:\/\/www.clients.horus-informatique71.fr\/advocnar_backup\/wp-json\/wp\/v2\/posts\/74795"}],"collection":[{"href":"https:\/\/www.clients.horus-informatique71.fr\/advocnar_backup\/wp-json\/wp\/v2\/posts"}],"about":[{"href":"https:\/\/www.clients.horus-informatique71.fr\/advocnar_backup\/wp-json\/wp\/v2\/types\/post"}],"author":[{"embeddable":true,"href":"https:\/\/www.clients.horus-informatique71.fr\/advocnar_backup\/wp-json\/wp\/v2\/users\/10"}],"replies":[{"embeddable":true,"href":"https:\/\/www.clients.horus-informatique71.fr\/advocnar_backup\/wp-json\/wp\/v2\/comments?post=74795"}],"version-history":[{"count":3,"href":"https:\/\/www.clients.horus-informatique71.fr\/advocnar_backup\/wp-json\/wp\/v2\/posts\/74795\/revisions"}],"predecessor-version":[{"id":76677,"href":"https:\/\/www.clients.horus-informatique71.fr\/advocnar_backup\/wp-json\/wp\/v2\/posts\/74795\/revisions\/76677"}],"wp:attachment":[{"href":"https:\/\/www.clients.horus-informatique71.fr\/advocnar_backup\/wp-json\/wp\/v2\/media?parent=74795"}],"wp:term":[{"taxonomy":"category","embeddable":true,"href":"https:\/\/www.clients.horus-informatique71.fr\/advocnar_backup\/wp-json\/wp\/v2\/categories?post=74795"},{"taxonomy":"post_tag","embeddable":true,"href":"https:\/\/www.clients.horus-informatique71.fr\/advocnar_backup\/wp-json\/wp\/v2\/tags?post=74795"}],"curies":[{"name":"wp","href":"https:\/\/api.w.org\/{rel}","templated":true}]}}