{"id":74807,"date":"2019-02-14T19:06:27","date_gmt":"2019-02-14T18:06:27","guid":{"rendered":"https:\/\/www.clients.horus-informatique71.fr\/advocnar_backup\/?p=74807"},"modified":"2021-04-02T18:04:00","modified_gmt":"2021-04-02T16:04:00","slug":"au-mepris-du-climat-et-des-riverains-laeroport-de-roissy-veut-40-millions-de-passagers-supplementaires","status":"publish","type":"post","link":"https:\/\/www.clients.horus-informatique71.fr\/advocnar_backup\/2019\/02\/au-mepris-du-climat-et-des-riverains-laeroport-de-roissy-veut-40-millions-de-passagers-supplementaires\/","title":{"rendered":"Au m\u00e9pris du climat et des riverains, l\u2019a\u00e9roport de Roissy veut 40 millions de passagers suppl\u00e9mentaires"},"content":{"rendered":"<h4>14.02.2019 &#8211; Reporterre<\/h4>\n<p><em>Par Alexandre-Reza Kokabi<\/em><\/p>\n<p>&nbsp;<\/p>\n<p>L\u2019a\u00e9roport de Roissy, au nord de Paris, veut construire un nouveau terminal, pouvant accueillir 40 millions de passagers par an, en sus des 70 millions actuels. Les nuisances pour les riverains vont s\u2019aggraver, tandis que les \u00e9missions de gaz \u00e0 effet de serre cro\u00eetront encore. Alors qu\u2019une concertation &#8211; sans d\u00e9bat public &#8211; commence, Reporterre fait le point.<\/p>\n<p>L\u2019a\u00e9roport de Roissy-Charles-de-Gaulle, au nord de Paris, est le th\u00e9\u00e2tre d\u2019un projet faramineux de nouveau terminal. Le T4 permettrait \u00e0 lui seul d\u2019absorber jusqu\u2019\u00e0 40 millions de passagers suppl\u00e9mentaires&nbsp;[1], par an, \u00e0 l\u2019horizon 2037. C\u2019est plus que l\u2019a\u00e9roport d\u2019Orly et ses 30 millions de passagers annuels. La future a\u00e9rogare occuperait 167 hectares, sur un espace comprenant l\u2019actuel terminal 3. Sa construction impliquerait de nouvelles liaisons de transport en commun et de nouvelles routes. Le projet est donc intrins\u00e8quement li\u00e9 au d\u00e9veloppement des gares et des lignes du <a href=\"https:\/\/reporterre.net\/L-opposition-grandit-contre-le-train-des-riches-Charle-de-Gaulle-Express\">Grand Paris Express<\/a>.<\/p>\n<p>L\u2019ouverture d\u2019un premier fragment du terminal, un temps envisag\u00e9e pour les Jeux Olympiques de 2024, est pr\u00e9vue pour 2028, \u00e0 la demande de la compagnie a\u00e9rienne Air France&nbsp;: le T4 lui serait d\u00e9di\u00e9. Le co\u00fbt de la construction et du d\u00e9veloppement de la plate-forme a\u00e9roportuaire, \u00e0 l\u2019horizon 2037, est estim\u00e9 entre 7 et 9 milliards d\u2019euros, enti\u00e8rement pris en charge par le Groupe ADP (A\u00e9roports de Paris), dont l\u2019\u00c9tat est <a href=\"https:\/\/www.liberation.fr\/france\/2019\/01\/31\/privatisation-apres-les-autoroutes-les-aeroports-de-paris_1706689\">(encore)<\/a> l\u2019actionnaire majoritaire.<\/p>\n<p><img loading=\"lazy\" decoding=\"async\" width=\"888\" height=\"667\" class=\"alignleft size-full wp-image-74809\" src=\"https:\/\/www.clients.horus-informatique71.fr\/advocnar_backup\/wp-content\/uploads\/2019\/03\/2019-02-14-Reporterre-Photo-2.jpg\" alt=\"vue du ciel de l'a\u00e9roport de Roissy\" srcset=\"https:\/\/www.clients.horus-informatique71.fr\/advocnar_backup\/wp-content\/uploads\/2019\/03\/2019-02-14-Reporterre-Photo-2.jpg 888w, https:\/\/www.clients.horus-informatique71.fr\/advocnar_backup\/wp-content\/uploads\/2019\/03\/2019-02-14-Reporterre-Photo-2-300x225.jpg 300w, https:\/\/www.clients.horus-informatique71.fr\/advocnar_backup\/wp-content\/uploads\/2019\/03\/2019-02-14-Reporterre-Photo-2-768x577.jpg 768w\" sizes=\"(max-width: 888px) 100vw, 888px\" \/><\/p>\n<p><em>L\u2019a\u00e9roport de Roissy-Charles-de-Gaulle.<\/em><\/p>\n<p>Mardi 12&nbsp;f\u00e9vrier, la ville de Gonesse accueillait la premi\u00e8re \u00e9tape de la concertation pr\u00e9alable, pilot\u00e9e par ADP.&nbsp;<a href=\"https:\/\/reporterre.net\/Au-mepris-du-climat-et-des-riverains-l-aeroport-de-Roissy-veut-40-millions-de?utm_source=actus_lilo#nb2\">[2]<\/a> Au pupitre, le directeur g\u00e9n\u00e9ral adjoint d\u2019ADP, Henri-Michel Comet, s\u2019est appesanti sur la n\u00e9cessit\u00e9 de d\u00e9velopper la capacit\u00e9 d\u2019accueil de l\u2019a\u00e9rogare&nbsp;: \u00ab&nbsp;Un doublement du trafic a\u00e9rien mondial est pr\u00e9vu dans les 15 prochaines ann\u00e9es. En cons\u00e9quence, nous devons anticiper une saturation de l\u2019a\u00e9roport \u00e0 l\u2019horizon 2027-2028. C\u2019est notre devoir d\u2019y r\u00e9pondre et de capter ce trafic, qui constitue un moteur \u00e9conomique et une ouverture consid\u00e9rable pour tout le monde.&nbsp;\u00bb<\/p>\n<p>Des \u00e9lus, des riverains et les associations environnementales ne l\u2019entendent pas de cette oreille et s\u2019inqui\u00e8tent vivement des nuisances sonores, environnementales et climatiques engendr\u00e9es par le passage accru des avions, ainsi que des d\u00e9cotes immobili\u00e8res et des b\u00e9n\u00e9fices limit\u00e9s de ce projet pour l\u2019emploi local. Reporterre est all\u00e9 \u00e0 leur rencontre et a relev\u00e9 quatre raisons, non-exhaustives, de ne pas r\u00e9aliser ce nouveau terminal.<\/p>\n<h5>1. Des nuisances sonores \u00ab&nbsp;insupportables&nbsp;\u00bb pour les riverains<\/h5>\n<p>Une fois le terminal 4 \u00e9rig\u00e9, le nombre de vols quotidiens \u00e0 l\u2019arriv\u00e9e et au d\u00e9part de Roissy-Charles-de-Gaulle pourrait avoisiner les 1.800, contre 1.300 vols aujourd\u2019hui.<em> \u00ab&nbsp;C\u2019est d\u00e9j\u00e0 synonyme, \u00e0 l\u2019heure actuelle, d\u2019une impossibilit\u00e9 \u00e0 vivre normalement, explique Fran\u00e7oise Brochot, pr\u00e9sidente de l\u2019Association de d\u00e9fense du Val-d\u2019Oise contre les nuisances a\u00e9rienne (Advocnar). En ext\u00e9rieur, sur une terrasse, un balcon ou dans un jardin, le bruit est tr\u00e8s d\u00e9sagr\u00e9able. L\u2019\u00e9t\u00e9, quand il fait chaud, on r\u00e9fl\u00e9chit \u00e0 deux fois avant d\u2019ouvrir la fen\u00eatre&nbsp;: on a le choix entre la chaleur et le bruit. Ces passages incessants perturbent le sommeil, provoquent des insomnies voire des d\u00e9pressions. Et chaque fois qu\u2019un avion passe, notre rythme cardiaque s\u2019acc\u00e9l\u00e8re, ce qui augmente les risques cardio-vasculaires.&nbsp;\u00bb<\/em><\/p>\n<p>Dans <a href=\"https:\/\/www.bruitparif.fr\/impacts-sanitaires-du-bruit-des-transports-dans-la-zone-dense-francilienne\/\">une \u00e9tude<\/a> publi\u00e9e le 9&nbsp;f\u00e9vrier dernier, le centre d\u2019\u00e9valuation BruitParif s\u2019est pench\u00e9 sur les cons\u00e9quences sanitaires du bruit des transports en Ile-de-France. Selon ses conclusions, les habitants de la zone dense francilienne perdent en moyenne 10,7 mois de vie en bonne sant\u00e9 du fait de leur exposition aux nuisances sonores g\u00e9n\u00e9r\u00e9es par les transports. L\u2019\u00e9tude permet de constater de forts \u00e9carts selon les territoires et notamment sous les couloirs a\u00e9riens&nbsp;: les habitants y perdent parfois, en moyenne, plus de trois ann\u00e9es de vie en bonne sant\u00e9.<\/p>\n<p><img loading=\"lazy\" decoding=\"async\" width=\"994\" height=\"746\" class=\"alignleft size-full wp-image-74810\" src=\"https:\/\/www.clients.horus-informatique71.fr\/advocnar_backup\/wp-content\/uploads\/2019\/03\/2019-02-14-Reporterre-Photo-3.jpg\" alt=\"cartographie\" srcset=\"https:\/\/www.clients.horus-informatique71.fr\/advocnar_backup\/wp-content\/uploads\/2019\/03\/2019-02-14-Reporterre-Photo-3.jpg 994w, https:\/\/www.clients.horus-informatique71.fr\/advocnar_backup\/wp-content\/uploads\/2019\/03\/2019-02-14-Reporterre-Photo-3-300x225.jpg 300w, https:\/\/www.clients.horus-informatique71.fr\/advocnar_backup\/wp-content\/uploads\/2019\/03\/2019-02-14-Reporterre-Photo-3-768x576.jpg 768w\" sizes=\"(max-width: 994px) 100vw, 994px\" \/><\/p>\n<p><em>\u00ab&nbsp;Avec le terminal 4, on passe de l\u2019insupportable \u00e0 l\u2019inadmissible, s\u2019insurge Philippe Houbart, porte-parole du Collectif inter-associatif de refus des nuisances a\u00e9riennes (Cirena). Vous avez vu combien la t\u00e2che rouge est grande autour de Roissy&nbsp;? On n\u2019en peut d\u00e9j\u00e0 plus, comment peut-on nous en ajouter encore&nbsp;?&nbsp;\u00bb<\/em><\/p>\n<p>En mati\u00e8re de r\u00e9duction de ces nuisances sonores, ADP compte, indique le dossier de concertation, sur la r\u00e9duction du bruit \u00e0 la source, en particulier \u00e0 travers \u00ab&nbsp;le renouvellement des flottes&nbsp;\u00bb \u2013 par des avions moins bruyants&nbsp;-, des \u00ab&nbsp;mesures relatives \u00e0 l\u2019urbanisme aux abord des a\u00e9roports&nbsp;\u00bb, des \u00ab&nbsp;proc\u00e9dures de vol \u00e0 moindre bruit&nbsp;\u00bb, et des \u00ab&nbsp;restrictions d\u2019exploitation&nbsp;\u00bb \u2013 comme le plafonnement du nombre de cr\u00e9neaux nocturnes -.<\/p>\n<h5>2. Une pollution de l\u2019air \u00e0 la hausse<\/h5>\n<p>Atterrissages, d\u00e9collages, stationnement des avions, production d\u2019\u00e9nergie, v\u00e9hicules de service, assistance en escale&#8230; D\u2019apr\u00e8s le dossier de concertation, l\u2019augmentation du nombre de mouvements \u00e0 Roissy-Charles-de-Gaule conduirait \u00e0 une augmentation des \u00e9missions de 30&nbsp;% pour les oxydes d\u2019azote (NOx) et de 11&nbsp;% pour les particules. <em>\u00ab&nbsp;Or, les particules sont canc\u00e9rig\u00e8nes&nbsp;! d\u00e9plore Fran\u00e7oise Brochot. La pollution de l\u2019air favorise les probl\u00e8mes respiratoires et cardiovasculaires. On parle tous les jours du diesel des voitures. C\u2019est le m\u00eame type de carburant pour les avions, pourquoi on ne les pointe pas du doigt&nbsp;? Pourquoi continuer d\u2019augmenter le trafic a\u00e9rien en connaissant des risques graves qui p\u00e8sent sur les populations&nbsp;?&nbsp;\u00bb<\/em><\/p>\n<p><img loading=\"lazy\" decoding=\"async\" width=\"998\" height=\"748\" class=\"alignleft size-full wp-image-74811\" src=\"https:\/\/www.clients.horus-informatique71.fr\/advocnar_backup\/wp-content\/uploads\/2019\/03\/2019-02-14-Reporterre-Photo-4.jpg\" alt=\"r\u00e9acteur d'avion \" srcset=\"https:\/\/www.clients.horus-informatique71.fr\/advocnar_backup\/wp-content\/uploads\/2019\/03\/2019-02-14-Reporterre-Photo-4.jpg 998w, https:\/\/www.clients.horus-informatique71.fr\/advocnar_backup\/wp-content\/uploads\/2019\/03\/2019-02-14-Reporterre-Photo-4-300x225.jpg 300w, https:\/\/www.clients.horus-informatique71.fr\/advocnar_backup\/wp-content\/uploads\/2019\/03\/2019-02-14-Reporterre-Photo-4-768x576.jpg 768w\" sizes=\"(max-width: 998px) 100vw, 998px\" \/><\/p>\n<p>Dans un avis sur le projet de T4, l\u2019Autorit\u00e9 environnementale estime qu\u2019il serait opportun de r\u00e9aliser \u00ab&nbsp;des campagnes de mesures pour les zones habit\u00e9es les plus proches, notamment \u00e0 l\u2019est de la plateforme (au Mesnil-Amelot et \u00e0 Mauregard), compte tenu de l\u2019implantation envisag\u00e9e du terminal.&nbsp;\u00bb L\u2019autorit\u00e9 souhaite par ailleurs que le \u00ab&nbsp;volet trafic&nbsp;\u00bb du dossier conduise \u00e0 identifier les axes routiers \u00ab&nbsp;sur lesquels le projet devrait induire une modification de plus de 10&nbsp;% du trafic, ainsi que les situations de saturation qu\u2019il est susceptible d\u2019engendrer.&nbsp;\u00bb L\u2019organisme constate \u00e9galement que le dossier n\u2019est pas \u00e9tay\u00e9 d\u2019une \u00ab&nbsp;\u00e9tude de risques sanitaires, existante ou pr\u00e9vue&nbsp;\u00bb et consid\u00e8re que cette question devrait \u00eatre abord\u00e9e \u00ab&nbsp;sur un p\u00e9rim\u00e8tre similaire \u00e0 celui des enjeux sanitaires majeurs du projet (bruit, air, sites et sols pollu\u00e9s)&nbsp;\u00bb afin de quantifier \u00ab&nbsp;les risques sanitaires auxquelles les populations sont expos\u00e9es, mais aussi le nombre de personnes expos\u00e9es.&nbsp;\u00bb<\/p>\n<h5>3. Le T4 va \u00e0 l\u2019encontre de la lutte contre le changement climatique<\/h5>\n<p><em>\u00ab&nbsp;Nous sommes engag\u00e9s dans une d\u00e9marche plus qu\u2019exemplaire, une volont\u00e9 de faire une a\u00e9rogare tr\u00e8s en avance&nbsp;\u00bb<\/em>, promet Henri-Michel Comet, directeur g\u00e9n\u00e9ral adjoint d\u2019ADP. Le groupe assure que le projet de construction du Terminal 4 \u00ab<em>&nbsp;int\u00e9grera la r\u00e9duction des \u00e9missions de gaz \u00e0 effet de serre d\u00e8s la conception du b\u00e2timent et des infrastructures li\u00e9es&nbsp;\u00bb<\/em> et indique que les compagnies a\u00e9riennes compenseront <em>\u00ab&nbsp;une partie des \u00e9missions pour les vols internationaux.&nbsp;\u00bb<\/em><\/p>\n<p>Aux yeux de Vincent Gayrard, des Amis de la Terre Val-d\u2019Oise, ce sont <em>\u00ab&nbsp;les \u00e2neries habituelles&nbsp;\u00bb&nbsp;<\/em>: <em>\u00ab&nbsp;Plus on met en place d\u2019infrastructures, plus le trafic a\u00e9rien se d\u00e9veloppe. Favoriser l\u2019accroissement du trafic a\u00e9rien et accueillir 40 millions de passagers suppl\u00e9mentaires par an, c\u2019est s\u2019affranchir de la lutte contre le changement climatique. Cet enjeu vital est aujourd\u2019hui encore sacrifi\u00e9 pour des vols d\u2019agr\u00e9ment et les int\u00e9r\u00eats \u00e9conomiques de certains, notamment d\u2019Air France. C\u2019est irresponsable vu le contexte actuel.&nbsp;\u00bb<\/em><\/p>\n<p>Selon les scientifiques du Giec (Groupe d\u2019experts intergouvernemental sur l\u2019\u00e9volution du climat), les \u00e9missions nettes de&nbsp;CO2&nbsp;doivent atteindre z\u00e9ro \u00e0 l\u2019horizon 2050 si l\u2019on veut maintenir l\u2019augmentation de la temp\u00e9rature terrestre en-dessous de 1,5&nbsp;\u00b0C par rapport \u00e0 l\u2019\u00e8re pr\u00e9-industrielle. Et ce afin de limiter les d\u00e9g\u00e2ts du changement climatique sur les \u00e9cosyst\u00e8mes et les soci\u00e9t\u00e9s humaines. Or, l\u2019 avion est l\u2019un des plus gros \u00e9metteurs de gaz \u00e0 effet serre&nbsp;: il est responsable de pr\u00e8s de 3&nbsp;% des rejets mondiaux de CO2 dans l\u2019atmosph\u00e8re, et de 5 \u00e0 10&nbsp;% de la totalit\u00e9 des gaz \u00e0 effet de serre.<\/p>\n<h5>4. Le \u00ab&nbsp;miroir aux alouettes&nbsp;\u00bb des emplois<\/h5>\n<p><em>\u00ab&nbsp;Les emplois, dit Vincent Gayrard, c\u2019est le miroir aux alouettes. On nous parle d\u2019emplois directs, indirects, catalytiques, induits&#8230; mais on n\u2019en verra certainement jamais le jour.&nbsp;\u00bb<\/em><\/p>\n<p>En cas de construction du T4, ADP pr\u00e9voit des cr\u00e9ations d\u2019emploi pouvant aller \u00ab&nbsp;jusqu\u2019\u00e0 50.000 emplois directs et 225.000 emplois soutenus&nbsp;\u00bb. Selon le dossier de concertation d\u2019ADP, l\u2019activit\u00e9 de Roissy-Charles-de-Gaulle g\u00e9n\u00e9rait 90.190 emplois directs en 2016. <em>\u00ab&nbsp;En r\u00e9alit\u00e9, entre 2009 et 2015, ce chiffre est pass\u00e9 de 94.000 \u00e0 74.000 emplois directs, dit Bernard Loup, pr\u00e9sident du Collectif Pour le Triangle de&nbsp;Gonesse&nbsp;(CPTG), s\u2019appuyant sur <a href=\"https:\/\/blogs.mediapart.fr\/j-lorthiois\/blog\/250119\/betisier-du-pole-de-roissy-1-utilite-locale-pour-son-territoire-6\">une \u00e9tude ind\u00e9pendante men\u00e9e par Jacqueline Lorthiois<\/a>. Dans le m\u00eame temps, le nombre de passagers a augment\u00e9 de 8 millions. Le trafic a\u00e9rien augmente, le nombre d\u2019emploi diminue&#8230; et on essaie de nous faire croire que la construction du T4 permettra de cr\u00e9er 50.000 emplois directs&nbsp;? On en doute fort.&nbsp;\u00bb<\/em><\/p>\n<p><img loading=\"lazy\" decoding=\"async\" width=\"998\" height=\"748\" class=\"alignleft size-full wp-image-74812\" src=\"https:\/\/www.clients.horus-informatique71.fr\/advocnar_backup\/wp-content\/uploads\/2019\/03\/2019-02-14-Reporterre-Photo-5.jpg\" alt=\"Tableau d'affichage des vols au d\u00e9pat\" srcset=\"https:\/\/www.clients.horus-informatique71.fr\/advocnar_backup\/wp-content\/uploads\/2019\/03\/2019-02-14-Reporterre-Photo-5.jpg 998w, https:\/\/www.clients.horus-informatique71.fr\/advocnar_backup\/wp-content\/uploads\/2019\/03\/2019-02-14-Reporterre-Photo-5-300x225.jpg 300w, https:\/\/www.clients.horus-informatique71.fr\/advocnar_backup\/wp-content\/uploads\/2019\/03\/2019-02-14-Reporterre-Photo-5-768x576.jpg 768w\" sizes=\"(max-width: 998px) 100vw, 998px\" \/><\/p>\n<p>ADP promet aussi \u00ab&nbsp;de fortes retomb\u00e9es pour l\u2019emploi local&nbsp;\u00bb. Selon Jean-Pierre Blazy, maire de la commune de Gonesse (Val-d\u2019Oise), l\u2019a\u00e9roport ne serait pourtant pas <em>\u00ab&nbsp;l\u2019eldorado promis pour les populations locales, puisque seuls 6&nbsp;% des emplois de la plateforme sont occup\u00e9s par des habitants de l\u2019est du Val-d\u2019Oise.&nbsp;\u00bb Pour Bernard Loup, \u00ab&nbsp;la palette des m\u00e9tiers propos\u00e9s par Roissy est d\u00e9s\u00e9quilibr\u00e9e et restreinte, elle concerne surtout les transports et la logistique. Les emplois cr\u00e9\u00e9s avec ce T4 ne b\u00e9n\u00e9ficieraient donc que tr\u00e8s peu \u00e0 la population locale.&nbsp;\u00bb<\/em><\/p>\n<p>L\u2019AGENDA DES PROCHAINES R\u00c9UNIONS PUBLIQUES<\/p>\n<p>Mardi 12&nbsp;f\u00e9vrier&nbsp;: 19&nbsp;h \u2013 Gonesse \/ Salle Jacques-Brel<br \/>\nMardi 19&nbsp;f\u00e9vrier&nbsp;: 19&nbsp;h \u2013 Aulnay-sous-Bois \/ Espace Pierre-Peugeot<br \/>\nMardi 19&nbsp;mars&nbsp;: 19&nbsp;h \u2013 Saint-Soupplets \/ Espace Claude-Maurice<br \/>\nLundi 25&nbsp;mars&nbsp;: 20&nbsp;h \u2013 Eaubonne \/ Salle des f\u00eates (sous l\u2019h\u00f4tel de ville)<br \/>\nMardi 2&nbsp;avril&nbsp;: 20&nbsp;h \u2013 Conflans-Sainte-Honorine\/ Salle des F\u00eates place Auguste-Romagn\u00e9<br \/>\nLundi 6&nbsp;mai&nbsp;: 19&nbsp;h&nbsp;: Le Mesnil-Amelot \/ Salle Maurice-Droy<\/p>\n<p>&nbsp;<\/p>\n","protected":false},"excerpt":{"rendered":"<p>14.02.2019 &#8211; Reporterre Par Alexandre-Reza Kokabi &nbsp; L\u2019a\u00e9roport de Roissy, au nord de Paris, veut construire un nouveau terminal, pouvant accueillir 40 millions de passagers par an, en sus des 70 millions actuels. Les nuisances pour les riverains vont s\u2019aggraver, tandis que les \u00e9missions de gaz \u00e0 effet de serre cro\u00eetront encore. Alors qu\u2019une concertation [&hellip;]<\/p>\n","protected":false},"author":10,"featured_media":0,"comment_status":"closed","ping_status":"open","sticky":false,"template":"","format":"standard","meta":{"footnotes":""},"categories":[49],"tags":[],"yoast_head":"<!-- This site is optimized with the Yoast SEO plugin v22.0 - https:\/\/yoast.com\/wordpress\/plugins\/seo\/ -->\n<title>Au m\u00e9pris du climat et des riverains, l\u2019a\u00e9roport de Roissy veut 40 millions de passagers suppl\u00e9mentaires - Advocnar<\/title>\n<meta name=\"robots\" content=\"index, follow, max-snippet:-1, max-image-preview:large, max-video-preview:-1\" \/>\n<link rel=\"canonical\" href=\"https:\/\/www.clients.horus-informatique71.fr\/advocnar_backup\/2019\/02\/au-mepris-du-climat-et-des-riverains-laeroport-de-roissy-veut-40-millions-de-passagers-supplementaires\/\" \/>\n<meta property=\"og:locale\" content=\"fr_FR\" \/>\n<meta property=\"og:type\" content=\"article\" \/>\n<meta property=\"og:title\" content=\"Au m\u00e9pris du climat et des riverains, l\u2019a\u00e9roport de Roissy veut 40 millions de passagers suppl\u00e9mentaires - Advocnar\" \/>\n<meta property=\"og:description\" content=\"14.02.2019 &#8211; Reporterre Par Alexandre-Reza Kokabi &nbsp; L\u2019a\u00e9roport de Roissy, au nord de Paris, veut construire un nouveau terminal, pouvant accueillir 40 millions de passagers par an, en sus des 70 millions actuels. Les nuisances pour les riverains vont s\u2019aggraver, tandis que les \u00e9missions de gaz \u00e0 effet de serre cro\u00eetront encore. Alors qu\u2019une concertation [&hellip;]\" \/>\n<meta property=\"og:url\" content=\"https:\/\/www.clients.horus-informatique71.fr\/advocnar_backup\/2019\/02\/au-mepris-du-climat-et-des-riverains-laeroport-de-roissy-veut-40-millions-de-passagers-supplementaires\/\" \/>\n<meta property=\"og:site_name\" content=\"Advocnar\" \/>\n<meta property=\"article:published_time\" content=\"2019-02-14T18:06:27+00:00\" \/>\n<meta property=\"article:modified_time\" content=\"2021-04-02T16:04:00+00:00\" \/>\n<meta property=\"og:image\" content=\"https:\/\/www.advocnar.frwp-content\/uploads\/2019\/03\/2019-02-14-Reporterre-Photo-2.jpg\" \/>\n<meta name=\"author\" content=\"FBrochot\" \/>\n<meta name=\"twitter:card\" content=\"summary_large_image\" \/>\n<meta name=\"twitter:label1\" content=\"\u00c9crit par\" \/>\n\t<meta name=\"twitter:data1\" content=\"FBrochot\" \/>\n\t<meta name=\"twitter:label2\" content=\"Dur\u00e9e de lecture estim\u00e9e\" \/>\n\t<meta name=\"twitter:data2\" content=\"8 minutes\" \/>\n<script type=\"application\/ld+json\" class=\"yoast-schema-graph\">{\"@context\":\"https:\/\/schema.org\",\"@graph\":[{\"@type\":\"WebPage\",\"@id\":\"https:\/\/www.clients.horus-informatique71.fr\/advocnar_backup\/2019\/02\/au-mepris-du-climat-et-des-riverains-laeroport-de-roissy-veut-40-millions-de-passagers-supplementaires\/\",\"url\":\"https:\/\/www.clients.horus-informatique71.fr\/advocnar_backup\/2019\/02\/au-mepris-du-climat-et-des-riverains-laeroport-de-roissy-veut-40-millions-de-passagers-supplementaires\/\",\"name\":\"Au m\u00e9pris du climat et des riverains, l\u2019a\u00e9roport de Roissy veut 40 millions de passagers suppl\u00e9mentaires - Advocnar\",\"isPartOf\":{\"@id\":\"https:\/\/www.clients.horus-informatique71.fr\/advocnar_backup\/#website\"},\"datePublished\":\"2019-02-14T18:06:27+00:00\",\"dateModified\":\"2021-04-02T16:04:00+00:00\",\"author\":{\"@id\":\"https:\/\/www.clients.horus-informatique71.fr\/advocnar_backup\/#\/schema\/person\/28ec283f897fb44e1146415d8015d23e\"},\"breadcrumb\":{\"@id\":\"https:\/\/www.clients.horus-informatique71.fr\/advocnar_backup\/2019\/02\/au-mepris-du-climat-et-des-riverains-laeroport-de-roissy-veut-40-millions-de-passagers-supplementaires\/#breadcrumb\"},\"inLanguage\":\"fr-FR\",\"potentialAction\":[{\"@type\":\"ReadAction\",\"target\":[\"https:\/\/www.clients.horus-informatique71.fr\/advocnar_backup\/2019\/02\/au-mepris-du-climat-et-des-riverains-laeroport-de-roissy-veut-40-millions-de-passagers-supplementaires\/\"]}]},{\"@type\":\"BreadcrumbList\",\"@id\":\"https:\/\/www.clients.horus-informatique71.fr\/advocnar_backup\/2019\/02\/au-mepris-du-climat-et-des-riverains-laeroport-de-roissy-veut-40-millions-de-passagers-supplementaires\/#breadcrumb\",\"itemListElement\":[{\"@type\":\"ListItem\",\"position\":1,\"name\":\"Accueil\",\"item\":\"https:\/\/www.clients.horus-informatique71.fr\/advocnar_backup\/\"},{\"@type\":\"ListItem\",\"position\":2,\"name\":\"Au m\u00e9pris du climat et des riverains, l\u2019a\u00e9roport de Roissy veut 40 millions de passagers suppl\u00e9mentaires\"}]},{\"@type\":\"WebSite\",\"@id\":\"https:\/\/www.clients.horus-informatique71.fr\/advocnar_backup\/#website\",\"url\":\"https:\/\/www.clients.horus-informatique71.fr\/advocnar_backup\/\",\"name\":\"Advocnar\",\"description\":\"Association de D\u00e9fense Contre les Nuisances A\u00e9riennes\",\"potentialAction\":[{\"@type\":\"SearchAction\",\"target\":{\"@type\":\"EntryPoint\",\"urlTemplate\":\"https:\/\/www.clients.horus-informatique71.fr\/advocnar_backup\/?s={search_term_string}\"},\"query-input\":\"required name=search_term_string\"}],\"inLanguage\":\"fr-FR\"},{\"@type\":\"Person\",\"@id\":\"https:\/\/www.clients.horus-informatique71.fr\/advocnar_backup\/#\/schema\/person\/28ec283f897fb44e1146415d8015d23e\",\"name\":\"FBrochot\",\"url\":\"https:\/\/www.clients.horus-informatique71.fr\/advocnar_backup\/author\/fbrochot\/\"}]}<\/script>\n<!-- \/ Yoast SEO plugin. -->","yoast_head_json":{"title":"Au m\u00e9pris du climat et des riverains, l\u2019a\u00e9roport de Roissy veut 40 millions de passagers suppl\u00e9mentaires - Advocnar","robots":{"index":"index","follow":"follow","max-snippet":"max-snippet:-1","max-image-preview":"max-image-preview:large","max-video-preview":"max-video-preview:-1"},"canonical":"https:\/\/www.clients.horus-informatique71.fr\/advocnar_backup\/2019\/02\/au-mepris-du-climat-et-des-riverains-laeroport-de-roissy-veut-40-millions-de-passagers-supplementaires\/","og_locale":"fr_FR","og_type":"article","og_title":"Au m\u00e9pris du climat et des riverains, l\u2019a\u00e9roport de Roissy veut 40 millions de passagers suppl\u00e9mentaires - Advocnar","og_description":"14.02.2019 &#8211; Reporterre Par Alexandre-Reza Kokabi &nbsp; L\u2019a\u00e9roport de Roissy, au nord de Paris, veut construire un nouveau terminal, pouvant accueillir 40 millions de passagers par an, en sus des 70 millions actuels. Les nuisances pour les riverains vont s\u2019aggraver, tandis que les \u00e9missions de gaz \u00e0 effet de serre cro\u00eetront encore. Alors qu\u2019une concertation [&hellip;]","og_url":"https:\/\/www.clients.horus-informatique71.fr\/advocnar_backup\/2019\/02\/au-mepris-du-climat-et-des-riverains-laeroport-de-roissy-veut-40-millions-de-passagers-supplementaires\/","og_site_name":"Advocnar","article_published_time":"2019-02-14T18:06:27+00:00","article_modified_time":"2021-04-02T16:04:00+00:00","og_image":[{"url":"https:\/\/www.advocnar.frwp-content\/uploads\/2019\/03\/2019-02-14-Reporterre-Photo-2.jpg"}],"author":"FBrochot","twitter_card":"summary_large_image","twitter_misc":{"\u00c9crit par":"FBrochot","Dur\u00e9e de lecture estim\u00e9e":"8 minutes"},"schema":{"@context":"https:\/\/schema.org","@graph":[{"@type":"WebPage","@id":"https:\/\/www.clients.horus-informatique71.fr\/advocnar_backup\/2019\/02\/au-mepris-du-climat-et-des-riverains-laeroport-de-roissy-veut-40-millions-de-passagers-supplementaires\/","url":"https:\/\/www.clients.horus-informatique71.fr\/advocnar_backup\/2019\/02\/au-mepris-du-climat-et-des-riverains-laeroport-de-roissy-veut-40-millions-de-passagers-supplementaires\/","name":"Au m\u00e9pris du climat et des riverains, l\u2019a\u00e9roport de Roissy veut 40 millions de passagers suppl\u00e9mentaires - Advocnar","isPartOf":{"@id":"https:\/\/www.clients.horus-informatique71.fr\/advocnar_backup\/#website"},"datePublished":"2019-02-14T18:06:27+00:00","dateModified":"2021-04-02T16:04:00+00:00","author":{"@id":"https:\/\/www.clients.horus-informatique71.fr\/advocnar_backup\/#\/schema\/person\/28ec283f897fb44e1146415d8015d23e"},"breadcrumb":{"@id":"https:\/\/www.clients.horus-informatique71.fr\/advocnar_backup\/2019\/02\/au-mepris-du-climat-et-des-riverains-laeroport-de-roissy-veut-40-millions-de-passagers-supplementaires\/#breadcrumb"},"inLanguage":"fr-FR","potentialAction":[{"@type":"ReadAction","target":["https:\/\/www.clients.horus-informatique71.fr\/advocnar_backup\/2019\/02\/au-mepris-du-climat-et-des-riverains-laeroport-de-roissy-veut-40-millions-de-passagers-supplementaires\/"]}]},{"@type":"BreadcrumbList","@id":"https:\/\/www.clients.horus-informatique71.fr\/advocnar_backup\/2019\/02\/au-mepris-du-climat-et-des-riverains-laeroport-de-roissy-veut-40-millions-de-passagers-supplementaires\/#breadcrumb","itemListElement":[{"@type":"ListItem","position":1,"name":"Accueil","item":"https:\/\/www.clients.horus-informatique71.fr\/advocnar_backup\/"},{"@type":"ListItem","position":2,"name":"Au m\u00e9pris du climat et des riverains, l\u2019a\u00e9roport de Roissy veut 40 millions de passagers suppl\u00e9mentaires"}]},{"@type":"WebSite","@id":"https:\/\/www.clients.horus-informatique71.fr\/advocnar_backup\/#website","url":"https:\/\/www.clients.horus-informatique71.fr\/advocnar_backup\/","name":"Advocnar","description":"Association de D\u00e9fense Contre les Nuisances A\u00e9riennes","potentialAction":[{"@type":"SearchAction","target":{"@type":"EntryPoint","urlTemplate":"https:\/\/www.clients.horus-informatique71.fr\/advocnar_backup\/?s={search_term_string}"},"query-input":"required name=search_term_string"}],"inLanguage":"fr-FR"},{"@type":"Person","@id":"https:\/\/www.clients.horus-informatique71.fr\/advocnar_backup\/#\/schema\/person\/28ec283f897fb44e1146415d8015d23e","name":"FBrochot","url":"https:\/\/www.clients.horus-informatique71.fr\/advocnar_backup\/author\/fbrochot\/"}]}},"_links":{"self":[{"href":"https:\/\/www.clients.horus-informatique71.fr\/advocnar_backup\/wp-json\/wp\/v2\/posts\/74807"}],"collection":[{"href":"https:\/\/www.clients.horus-informatique71.fr\/advocnar_backup\/wp-json\/wp\/v2\/posts"}],"about":[{"href":"https:\/\/www.clients.horus-informatique71.fr\/advocnar_backup\/wp-json\/wp\/v2\/types\/post"}],"author":[{"embeddable":true,"href":"https:\/\/www.clients.horus-informatique71.fr\/advocnar_backup\/wp-json\/wp\/v2\/users\/10"}],"replies":[{"embeddable":true,"href":"https:\/\/www.clients.horus-informatique71.fr\/advocnar_backup\/wp-json\/wp\/v2\/comments?post=74807"}],"version-history":[{"count":4,"href":"https:\/\/www.clients.horus-informatique71.fr\/advocnar_backup\/wp-json\/wp\/v2\/posts\/74807\/revisions"}],"predecessor-version":[{"id":76667,"href":"https:\/\/www.clients.horus-informatique71.fr\/advocnar_backup\/wp-json\/wp\/v2\/posts\/74807\/revisions\/76667"}],"wp:attachment":[{"href":"https:\/\/www.clients.horus-informatique71.fr\/advocnar_backup\/wp-json\/wp\/v2\/media?parent=74807"}],"wp:term":[{"taxonomy":"category","embeddable":true,"href":"https:\/\/www.clients.horus-informatique71.fr\/advocnar_backup\/wp-json\/wp\/v2\/categories?post=74807"},{"taxonomy":"post_tag","embeddable":true,"href":"https:\/\/www.clients.horus-informatique71.fr\/advocnar_backup\/wp-json\/wp\/v2\/tags?post=74807"}],"curies":[{"name":"wp","href":"https:\/\/api.w.org\/{rel}","templated":true}]}}