{"id":74841,"date":"2019-03-28T23:44:10","date_gmt":"2019-03-28T22:44:10","guid":{"rendered":"https:\/\/www.clients.horus-informatique71.fr\/advocnar_backup\/?p=74841"},"modified":"2019-03-28T23:44:10","modified_gmt":"2019-03-28T22:44:10","slug":"val-doise-des-riverains-vent-debout-contre-le-projet-de-nouveau-terminal-a-roissy","status":"publish","type":"post","link":"https:\/\/www.clients.horus-informatique71.fr\/advocnar_backup\/2019\/03\/val-doise-des-riverains-vent-debout-contre-le-projet-de-nouveau-terminal-a-roissy\/","title":{"rendered":"Val-d\u2019Oise : des riverains vent debout contre le projet de nouveau terminal \u00e0 Roissy"},"content":{"rendered":"<h4>26.03.2019 &#8211; Le Parisien95<\/h4>\n<p><em>Par Thibault Chaffotte<\/em><\/p>\n<p><em>Eaubonne, ce lundi 25 mars. Pr\u00e8s de 450 personnes sont venues assister \u00e0 la r\u00e9union de concertation sur le Terminal 4. Ici Henri-Michel Comet, \u00e0 gauche, et Gr\u00e9goire Milot. LP\/Thibault Chaffotte<\/em><\/p>\n<h5>La r\u00e9union de concertation ce lundi soir \u00e0 Eaubonne sur le futur Terminal 4 de Roissy a \u00e9t\u00e9 l\u2019occasion pour beaucoup de riverains d\u2019exprimer leur ras-le-bol des nuisances a\u00e9riennes.<\/h5>\n<p>La r\u00e9union publique qui s\u2019est tenue \u00e0 Eaubonne, ce lundi soir, est sans doute la plus houleuse de toutes celles organis\u00e9es jusqu\u2019\u00e0 pr\u00e9sent dans le cadre de la concertation sur le futur Terminal 4 de Roissy.<\/p>\n<p>Ces r\u00e9unions sont pr\u00e9vues pour permettre au public de s\u2019informer et donner son avis sur ce projet. D\u2019un co\u00fbt \u00e9valu\u00e9 entre 7 et 9 Mds\u20ac, il consiste \u00e0 cr\u00e9er une infrastructure capable d\u2019accueillir 35 \u00e0 40 millions de passagers par an \u00e0 l\u2019horizon 2037. Il devrait entra\u00eener la cr\u00e9ation de 50 000 emplois directs mais aussi un accroissement du nombre de mouvements d\u2019avion de 1 300 \u00e0 1 800 par jour.<\/p>\n<p>\u00ab Le sujet c\u2019est le bruit, le bruit, le bruit, donc \u00e9videmment on traitera le sujet \u00bb, a d\u00e9clar\u00e9 en introduction Gr\u00e9goire Milot, du cabinet Etat d\u2019esprit &#8211; Stratis, mod\u00e9rateur de la soir\u00e9e. Pr\u00e8s de 450 personnes \u00e9taient pr\u00e9sentes. Beaucoup \u00e9taient l\u00e0 pour apostropher les repr\u00e9sentants du Groupe ADP, ou manifester leur hostilit\u00e9 au projet. Henri-Michel Comet, directeur g\u00e9n\u00e9ral adjoint du groupe ADP, a expliqu\u00e9 l\u2019objectif de cette r\u00e9union. \u00ab C\u2019est pour qu\u2019on puisse mener ce projet ensemble, qu\u2019on puisse minimiser les impacts n\u00e9gatifs et am\u00e9liorer les impacts positifs \u00bb, a-t-il indiqu\u00e9.<\/p>\n<h5>Des \u00e9changes parfois houleux<\/h5>\n<p>D\u00e8s le d\u00e9but des prises de paroles, une femme, debout, a donn\u00e9 le ton. \u00ab \u00c7a va profiter \u00e0 un tas de gens qui prennent l\u2019avion, au d\u00e9triment de la vie des autres. On devrait incarc\u00e9rer les gens qui font des projets de cet ordre \u00bb, a-t-elle accus\u00e9, tr\u00e8s applaudie. \u00c0 plusieurs reprises le d\u00e9bat a gliss\u00e9 sur les moyens \u00e0 mettre en \u0153uvre pour diminuer les nuisances a\u00e9riennes. \u00ab Comment peut-on avoir l\u2019id\u00e9e d\u2019agrandir l\u2019a\u00e9roport alors que d\u00e9j\u00e0 on n\u2019en peut plus \u00bb, a interrog\u00e9 une autre participante.<\/p>\n<p><img loading=\"lazy\" decoding=\"async\" class=\"alignleft wp-image-74840\" src=\"https:\/\/www.clients.horus-informatique71.fr\/advocnar_backup\/wp-content\/uploads\/2019\/03\/2019-03-26-Le-Parisien95-Photo-2.jpg\" alt=\"\" width=\"459\" height=\"293\" srcset=\"https:\/\/www.clients.horus-informatique71.fr\/advocnar_backup\/wp-content\/uploads\/2019\/03\/2019-03-26-Le-Parisien95-Photo-2.jpg 1280w, https:\/\/www.clients.horus-informatique71.fr\/advocnar_backup\/wp-content\/uploads\/2019\/03\/2019-03-26-Le-Parisien95-Photo-2-300x192.jpg 300w, https:\/\/www.clients.horus-informatique71.fr\/advocnar_backup\/wp-content\/uploads\/2019\/03\/2019-03-26-Le-Parisien95-Photo-2-768x491.jpg 768w, https:\/\/www.clients.horus-informatique71.fr\/advocnar_backup\/wp-content\/uploads\/2019\/03\/2019-03-26-Le-Parisien95-Photo-2-1024x654.jpg 1024w, https:\/\/www.clients.horus-informatique71.fr\/advocnar_backup\/wp-content\/uploads\/2019\/03\/2019-03-26-Le-Parisien95-Photo-2-293x186.jpg 293w\" sizes=\"(max-width: 459px) 100vw, 459px\" \/><\/p>\n<p>Pollution, bruit, impact sur les prix de l\u2019immobilier, sur la sant\u00e9, les riverains ont \u00e9t\u00e9 nombreux \u00e0 exprimer des inqui\u00e9tudes. \u00ab Je ne peux pas laisser dire qu\u2019on n\u2019y pr\u00eate pas attention. On y pr\u00eate une attention maximale \u00bb, a r\u00e9pondu Henri-Michel Comet. Plusieurs fois, des membres du public lui ont coup\u00e9 la parole ou ont hu\u00e9 ses r\u00e9ponses. \u00ab Entre 2008 et 2018, on a r\u00e9ussi \u00e0 emmener beaucoup plus de passagers avec moins d\u2019avions. C\u2019est sur cette tendance-l\u00e0 qu\u2019on travaille \u00bb, a ajout\u00e9 Fran\u00e7ois Charritat, directeur des relations territoriales du Groupe ADP.<\/p>\n<hr \/>\n<p>Prochaine r\u00e9union publique sur le terminal 4 le mardi 2 avril, \u00e0 20 heures. Salle des f\u00eates, place Auguste-Romagn\u00e9 \u00e0 Conflans-Sainte-Honorine.<\/p>\n<p><a href=\"https:\/\/www.advocnar.fr2019\/03\/terminal-4-reunions-publiques-dinformation-advocnar\/\">L\u2019Advocnar organise une r\u00e9union sur le terminal 4<\/a>, mercredi 3 avril \u00e0 20 heures. Salle des f\u00eates, 18, avenue de Ceinture, \u00e0 Enghien-les-Bains.<\/p>\n<p>&nbsp;<\/p>\n","protected":false},"excerpt":{"rendered":"<p>26.03.2019 &#8211; Le Parisien95 Par Thibault Chaffotte Eaubonne, ce lundi 25 mars. Pr\u00e8s de 450 personnes sont venues assister \u00e0 la r\u00e9union de concertation sur le Terminal 4. Ici Henri-Michel Comet, \u00e0 gauche, et Gr\u00e9goire Milot. LP\/Thibault Chaffotte La r\u00e9union de concertation ce lundi soir \u00e0 Eaubonne sur le futur Terminal 4 de Roissy a [&hellip;]<\/p>\n","protected":false},"author":10,"featured_media":74839,"comment_status":"closed","ping_status":"open","sticky":false,"template":"","format":"standard","meta":{"footnotes":""},"categories":[49],"tags":[],"yoast_head":"<!-- This site is optimized with the Yoast SEO plugin v22.0 - https:\/\/yoast.com\/wordpress\/plugins\/seo\/ -->\n<title>Val-d\u2019Oise : des riverains vent debout contre le projet de nouveau terminal \u00e0 Roissy - Advocnar<\/title>\n<meta name=\"robots\" content=\"index, follow, max-snippet:-1, max-image-preview:large, max-video-preview:-1\" \/>\n<link rel=\"canonical\" href=\"https:\/\/www.clients.horus-informatique71.fr\/advocnar_backup\/2019\/03\/val-doise-des-riverains-vent-debout-contre-le-projet-de-nouveau-terminal-a-roissy\/\" \/>\n<meta property=\"og:locale\" content=\"fr_FR\" \/>\n<meta property=\"og:type\" content=\"article\" \/>\n<meta property=\"og:title\" content=\"Val-d\u2019Oise : des riverains vent debout contre le projet de nouveau terminal \u00e0 Roissy - Advocnar\" \/>\n<meta property=\"og:description\" content=\"26.03.2019 &#8211; Le Parisien95 Par Thibault Chaffotte Eaubonne, ce lundi 25 mars. Pr\u00e8s de 450 personnes sont venues assister \u00e0 la r\u00e9union de concertation sur le Terminal 4. Ici Henri-Michel Comet, \u00e0 gauche, et Gr\u00e9goire Milot. LP\/Thibault Chaffotte La r\u00e9union de concertation ce lundi soir \u00e0 Eaubonne sur le futur Terminal 4 de Roissy a [&hellip;]\" \/>\n<meta property=\"og:url\" content=\"https:\/\/www.clients.horus-informatique71.fr\/advocnar_backup\/2019\/03\/val-doise-des-riverains-vent-debout-contre-le-projet-de-nouveau-terminal-a-roissy\/\" \/>\n<meta property=\"og:site_name\" content=\"Advocnar\" \/>\n<meta property=\"article:published_time\" content=\"2019-03-28T22:44:10+00:00\" \/>\n<meta property=\"og:image\" content=\"https:\/\/www.clients.horus-informatique71.fr\/advocnar_backup\/wp-content\/uploads\/2019\/03\/2019-03-26-Le-Parisien95-Photo-1.jpg\" \/>\n\t<meta property=\"og:image:width\" content=\"1000\" \/>\n\t<meta property=\"og:image:height\" content=\"625\" \/>\n\t<meta property=\"og:image:type\" content=\"image\/jpeg\" \/>\n<meta name=\"author\" content=\"FBrochot\" \/>\n<meta name=\"twitter:card\" content=\"summary_large_image\" \/>\n<meta name=\"twitter:label1\" content=\"\u00c9crit par\" \/>\n\t<meta name=\"twitter:data1\" content=\"FBrochot\" \/>\n\t<meta name=\"twitter:label2\" content=\"Dur\u00e9e de lecture estim\u00e9e\" \/>\n\t<meta name=\"twitter:data2\" content=\"3 minutes\" \/>\n<script type=\"application\/ld+json\" class=\"yoast-schema-graph\">{\"@context\":\"https:\/\/schema.org\",\"@graph\":[{\"@type\":\"WebPage\",\"@id\":\"https:\/\/www.clients.horus-informatique71.fr\/advocnar_backup\/2019\/03\/val-doise-des-riverains-vent-debout-contre-le-projet-de-nouveau-terminal-a-roissy\/\",\"url\":\"https:\/\/www.clients.horus-informatique71.fr\/advocnar_backup\/2019\/03\/val-doise-des-riverains-vent-debout-contre-le-projet-de-nouveau-terminal-a-roissy\/\",\"name\":\"Val-d\u2019Oise : des riverains vent debout contre le projet de nouveau terminal \u00e0 Roissy - Advocnar\",\"isPartOf\":{\"@id\":\"https:\/\/www.clients.horus-informatique71.fr\/advocnar_backup\/#website\"},\"datePublished\":\"2019-03-28T22:44:10+00:00\",\"dateModified\":\"2019-03-28T22:44:10+00:00\",\"author\":{\"@id\":\"https:\/\/www.clients.horus-informatique71.fr\/advocnar_backup\/#\/schema\/person\/28ec283f897fb44e1146415d8015d23e\"},\"breadcrumb\":{\"@id\":\"https:\/\/www.clients.horus-informatique71.fr\/advocnar_backup\/2019\/03\/val-doise-des-riverains-vent-debout-contre-le-projet-de-nouveau-terminal-a-roissy\/#breadcrumb\"},\"inLanguage\":\"fr-FR\",\"potentialAction\":[{\"@type\":\"ReadAction\",\"target\":[\"https:\/\/www.clients.horus-informatique71.fr\/advocnar_backup\/2019\/03\/val-doise-des-riverains-vent-debout-contre-le-projet-de-nouveau-terminal-a-roissy\/\"]}]},{\"@type\":\"BreadcrumbList\",\"@id\":\"https:\/\/www.clients.horus-informatique71.fr\/advocnar_backup\/2019\/03\/val-doise-des-riverains-vent-debout-contre-le-projet-de-nouveau-terminal-a-roissy\/#breadcrumb\",\"itemListElement\":[{\"@type\":\"ListItem\",\"position\":1,\"name\":\"Accueil\",\"item\":\"https:\/\/www.clients.horus-informatique71.fr\/advocnar_backup\/\"},{\"@type\":\"ListItem\",\"position\":2,\"name\":\"Val-d\u2019Oise : des riverains vent debout contre le projet de nouveau terminal \u00e0 Roissy\"}]},{\"@type\":\"WebSite\",\"@id\":\"https:\/\/www.clients.horus-informatique71.fr\/advocnar_backup\/#website\",\"url\":\"https:\/\/www.clients.horus-informatique71.fr\/advocnar_backup\/\",\"name\":\"Advocnar\",\"description\":\"Association de D\u00e9fense Contre les Nuisances A\u00e9riennes\",\"potentialAction\":[{\"@type\":\"SearchAction\",\"target\":{\"@type\":\"EntryPoint\",\"urlTemplate\":\"https:\/\/www.clients.horus-informatique71.fr\/advocnar_backup\/?s={search_term_string}\"},\"query-input\":\"required name=search_term_string\"}],\"inLanguage\":\"fr-FR\"},{\"@type\":\"Person\",\"@id\":\"https:\/\/www.clients.horus-informatique71.fr\/advocnar_backup\/#\/schema\/person\/28ec283f897fb44e1146415d8015d23e\",\"name\":\"FBrochot\",\"url\":\"https:\/\/www.clients.horus-informatique71.fr\/advocnar_backup\/author\/fbrochot\/\"}]}<\/script>\n<!-- \/ Yoast SEO plugin. -->","yoast_head_json":{"title":"Val-d\u2019Oise : des riverains vent debout contre le projet de nouveau terminal \u00e0 Roissy - Advocnar","robots":{"index":"index","follow":"follow","max-snippet":"max-snippet:-1","max-image-preview":"max-image-preview:large","max-video-preview":"max-video-preview:-1"},"canonical":"https:\/\/www.clients.horus-informatique71.fr\/advocnar_backup\/2019\/03\/val-doise-des-riverains-vent-debout-contre-le-projet-de-nouveau-terminal-a-roissy\/","og_locale":"fr_FR","og_type":"article","og_title":"Val-d\u2019Oise : des riverains vent debout contre le projet de nouveau terminal \u00e0 Roissy - Advocnar","og_description":"26.03.2019 &#8211; Le Parisien95 Par Thibault Chaffotte Eaubonne, ce lundi 25 mars. Pr\u00e8s de 450 personnes sont venues assister \u00e0 la r\u00e9union de concertation sur le Terminal 4. Ici Henri-Michel Comet, \u00e0 gauche, et Gr\u00e9goire Milot. LP\/Thibault Chaffotte La r\u00e9union de concertation ce lundi soir \u00e0 Eaubonne sur le futur Terminal 4 de Roissy a [&hellip;]","og_url":"https:\/\/www.clients.horus-informatique71.fr\/advocnar_backup\/2019\/03\/val-doise-des-riverains-vent-debout-contre-le-projet-de-nouveau-terminal-a-roissy\/","og_site_name":"Advocnar","article_published_time":"2019-03-28T22:44:10+00:00","og_image":[{"width":1000,"height":625,"url":"https:\/\/www.clients.horus-informatique71.fr\/advocnar_backup\/wp-content\/uploads\/2019\/03\/2019-03-26-Le-Parisien95-Photo-1.jpg","type":"image\/jpeg"}],"author":"FBrochot","twitter_card":"summary_large_image","twitter_misc":{"\u00c9crit par":"FBrochot","Dur\u00e9e de lecture estim\u00e9e":"3 minutes"},"schema":{"@context":"https:\/\/schema.org","@graph":[{"@type":"WebPage","@id":"https:\/\/www.clients.horus-informatique71.fr\/advocnar_backup\/2019\/03\/val-doise-des-riverains-vent-debout-contre-le-projet-de-nouveau-terminal-a-roissy\/","url":"https:\/\/www.clients.horus-informatique71.fr\/advocnar_backup\/2019\/03\/val-doise-des-riverains-vent-debout-contre-le-projet-de-nouveau-terminal-a-roissy\/","name":"Val-d\u2019Oise : des riverains vent debout contre le projet de nouveau terminal \u00e0 Roissy - Advocnar","isPartOf":{"@id":"https:\/\/www.clients.horus-informatique71.fr\/advocnar_backup\/#website"},"datePublished":"2019-03-28T22:44:10+00:00","dateModified":"2019-03-28T22:44:10+00:00","author":{"@id":"https:\/\/www.clients.horus-informatique71.fr\/advocnar_backup\/#\/schema\/person\/28ec283f897fb44e1146415d8015d23e"},"breadcrumb":{"@id":"https:\/\/www.clients.horus-informatique71.fr\/advocnar_backup\/2019\/03\/val-doise-des-riverains-vent-debout-contre-le-projet-de-nouveau-terminal-a-roissy\/#breadcrumb"},"inLanguage":"fr-FR","potentialAction":[{"@type":"ReadAction","target":["https:\/\/www.clients.horus-informatique71.fr\/advocnar_backup\/2019\/03\/val-doise-des-riverains-vent-debout-contre-le-projet-de-nouveau-terminal-a-roissy\/"]}]},{"@type":"BreadcrumbList","@id":"https:\/\/www.clients.horus-informatique71.fr\/advocnar_backup\/2019\/03\/val-doise-des-riverains-vent-debout-contre-le-projet-de-nouveau-terminal-a-roissy\/#breadcrumb","itemListElement":[{"@type":"ListItem","position":1,"name":"Accueil","item":"https:\/\/www.clients.horus-informatique71.fr\/advocnar_backup\/"},{"@type":"ListItem","position":2,"name":"Val-d\u2019Oise : des riverains vent debout contre le projet de nouveau terminal \u00e0 Roissy"}]},{"@type":"WebSite","@id":"https:\/\/www.clients.horus-informatique71.fr\/advocnar_backup\/#website","url":"https:\/\/www.clients.horus-informatique71.fr\/advocnar_backup\/","name":"Advocnar","description":"Association de D\u00e9fense Contre les Nuisances A\u00e9riennes","potentialAction":[{"@type":"SearchAction","target":{"@type":"EntryPoint","urlTemplate":"https:\/\/www.clients.horus-informatique71.fr\/advocnar_backup\/?s={search_term_string}"},"query-input":"required name=search_term_string"}],"inLanguage":"fr-FR"},{"@type":"Person","@id":"https:\/\/www.clients.horus-informatique71.fr\/advocnar_backup\/#\/schema\/person\/28ec283f897fb44e1146415d8015d23e","name":"FBrochot","url":"https:\/\/www.clients.horus-informatique71.fr\/advocnar_backup\/author\/fbrochot\/"}]}},"_links":{"self":[{"href":"https:\/\/www.clients.horus-informatique71.fr\/advocnar_backup\/wp-json\/wp\/v2\/posts\/74841"}],"collection":[{"href":"https:\/\/www.clients.horus-informatique71.fr\/advocnar_backup\/wp-json\/wp\/v2\/posts"}],"about":[{"href":"https:\/\/www.clients.horus-informatique71.fr\/advocnar_backup\/wp-json\/wp\/v2\/types\/post"}],"author":[{"embeddable":true,"href":"https:\/\/www.clients.horus-informatique71.fr\/advocnar_backup\/wp-json\/wp\/v2\/users\/10"}],"replies":[{"embeddable":true,"href":"https:\/\/www.clients.horus-informatique71.fr\/advocnar_backup\/wp-json\/wp\/v2\/comments?post=74841"}],"version-history":[{"count":4,"href":"https:\/\/www.clients.horus-informatique71.fr\/advocnar_backup\/wp-json\/wp\/v2\/posts\/74841\/revisions"}],"predecessor-version":[{"id":74845,"href":"https:\/\/www.clients.horus-informatique71.fr\/advocnar_backup\/wp-json\/wp\/v2\/posts\/74841\/revisions\/74845"}],"wp:featuredmedia":[{"embeddable":true,"href":"https:\/\/www.clients.horus-informatique71.fr\/advocnar_backup\/wp-json\/wp\/v2\/media\/74839"}],"wp:attachment":[{"href":"https:\/\/www.clients.horus-informatique71.fr\/advocnar_backup\/wp-json\/wp\/v2\/media?parent=74841"}],"wp:term":[{"taxonomy":"category","embeddable":true,"href":"https:\/\/www.clients.horus-informatique71.fr\/advocnar_backup\/wp-json\/wp\/v2\/categories?post=74841"},{"taxonomy":"post_tag","embeddable":true,"href":"https:\/\/www.clients.horus-informatique71.fr\/advocnar_backup\/wp-json\/wp\/v2\/tags?post=74841"}],"curies":[{"name":"wp","href":"https:\/\/api.w.org\/{rel}","templated":true}]}}