{"id":74848,"date":"2019-02-12T07:33:15","date_gmt":"2019-02-12T06:33:15","guid":{"rendered":"https:\/\/www.clients.horus-informatique71.fr\/advocnar_backup\/?p=74848"},"modified":"2021-04-02T18:09:32","modified_gmt":"2021-04-02T16:09:32","slug":"quand-le-bruit-des-transports-nous-ruine-la-sante","status":"publish","type":"post","link":"https:\/\/www.clients.horus-informatique71.fr\/advocnar_backup\/2019\/02\/quand-le-bruit-des-transports-nous-ruine-la-sante\/","title":{"rendered":"Quand le bruit des transports nous ruine la sant\u00e9"},"content":{"rendered":"<h4>12.02.2019 &#8211; Le Parisien<\/h4>\n<p>A l\u2019heure o\u00f9 s\u2019ouvre la concertation sur un nouveau terminal \u00e0 l\u2019a\u00e9roport de Roissy,<a href=\"https:\/\/www.bruitparif.fr\/pages\/Actualites\/2019-02-09%20Impacts%20sanitaires%20du%20bruit%20des%20transports%20dans%20la%20zone%20dense%20de%20la%20r%C3%A9gion%20%C3%8Ele-de-France\/2019-02-09%20-%20Impacts%20sanitaires%20du%20bruit%20des%20transports%20dans%20la%20zone%20dense%20de%20la%20r%C3%A9gion%20Ile-de-France.pdf\"> une \u00e9tude d\u00e9taill\u00e9e de Bruitparif<\/a> d\u00e9montre qu\u2019on peut perdre presque trois ans de vie en bonne sant\u00e9 \u00e0 cause des d\u00e9cibels trop \u00e9lev\u00e9s.<\/p>\n<p><a href=\"https:\/\/www.clients.horus-informatique71.fr\/advocnar_backup\/wp-content\/uploads\/2019\/03\/2019-02-12-Le-Parisen-Quand-le-bruit-des-transports-nous-ruine-la-sante.pdf\">Lire l&rsquo;article<\/a><\/p>\n<p><a href=\"https:\/\/www.bruitparif.fr\/pages\/Actualites\/2019-02-09%20Impacts%20sanitaires%20du%20bruit%20des%20transports%20dans%20la%20zone%20dense%20de%20la%20r%C3%A9gion%20%C3%8Ele-de-France\/2019-02-09%20-%20Impacts%20sanitaires%20du%20bruit%20des%20transports%20dans%20la%20zone%20dense%20de%20la%20r%C3%A9gion%20Ile-de-France.pdf\">Lire l&rsquo;\u00e9tude<\/a> <em>Impacts sanitaires du bruit des transports dans la zone dense de la R\u00e9gion Ile-de-France<\/em><\/p>\n","protected":false},"excerpt":{"rendered":"<p>12.02.2019 &#8211; Le Parisien A l\u2019heure o\u00f9 s\u2019ouvre la concertation sur un nouveau terminal \u00e0 l\u2019a\u00e9roport de Roissy, une \u00e9tude d\u00e9taill\u00e9e de Bruitparif d\u00e9montre qu\u2019on peut perdre presque trois ans de vie en bonne sant\u00e9 \u00e0 cause des d\u00e9cibels trop \u00e9lev\u00e9s. Lire l&rsquo;article Lire l&rsquo;\u00e9tude Impacts sanitaires du bruit des transports dans la zone dense [&hellip;]<\/p>\n","protected":false},"author":10,"featured_media":0,"comment_status":"closed","ping_status":"open","sticky":false,"template":"","format":"standard","meta":{"footnotes":""},"categories":[49],"tags":[],"yoast_head":"<!-- This site is optimized with the Yoast SEO plugin v22.0 - https:\/\/yoast.com\/wordpress\/plugins\/seo\/ -->\n<title>Quand le bruit des transports nous ruine la sant\u00e9 - Advocnar<\/title>\n<meta name=\"robots\" content=\"index, follow, max-snippet:-1, max-image-preview:large, max-video-preview:-1\" \/>\n<link rel=\"canonical\" href=\"https:\/\/www.clients.horus-informatique71.fr\/advocnar_backup\/2019\/02\/quand-le-bruit-des-transports-nous-ruine-la-sante\/\" \/>\n<meta property=\"og:locale\" content=\"fr_FR\" \/>\n<meta property=\"og:type\" content=\"article\" \/>\n<meta property=\"og:title\" content=\"Quand le bruit des transports nous ruine la sant\u00e9 - Advocnar\" \/>\n<meta property=\"og:description\" content=\"12.02.2019 &#8211; Le Parisien A l\u2019heure o\u00f9 s\u2019ouvre la concertation sur un nouveau terminal \u00e0 l\u2019a\u00e9roport de Roissy, une \u00e9tude d\u00e9taill\u00e9e de Bruitparif d\u00e9montre qu\u2019on peut perdre presque trois ans de vie en bonne sant\u00e9 \u00e0 cause des d\u00e9cibels trop \u00e9lev\u00e9s. Lire l&rsquo;article Lire l&rsquo;\u00e9tude Impacts sanitaires du bruit des transports dans la zone dense [&hellip;]\" \/>\n<meta property=\"og:url\" content=\"https:\/\/www.clients.horus-informatique71.fr\/advocnar_backup\/2019\/02\/quand-le-bruit-des-transports-nous-ruine-la-sante\/\" \/>\n<meta property=\"og:site_name\" content=\"Advocnar\" \/>\n<meta property=\"article:published_time\" content=\"2019-02-12T06:33:15+00:00\" \/>\n<meta property=\"article:modified_time\" content=\"2021-04-02T16:09:32+00:00\" \/>\n<meta name=\"author\" content=\"FBrochot\" \/>\n<meta name=\"twitter:card\" content=\"summary_large_image\" \/>\n<meta name=\"twitter:label1\" content=\"\u00c9crit par\" \/>\n\t<meta name=\"twitter:data1\" content=\"FBrochot\" \/>\n\t<meta name=\"twitter:label2\" content=\"Dur\u00e9e de lecture estim\u00e9e\" \/>\n\t<meta name=\"twitter:data2\" content=\"1 minute\" \/>\n<script type=\"application\/ld+json\" class=\"yoast-schema-graph\">{\"@context\":\"https:\/\/schema.org\",\"@graph\":[{\"@type\":\"WebPage\",\"@id\":\"https:\/\/www.clients.horus-informatique71.fr\/advocnar_backup\/2019\/02\/quand-le-bruit-des-transports-nous-ruine-la-sante\/\",\"url\":\"https:\/\/www.clients.horus-informatique71.fr\/advocnar_backup\/2019\/02\/quand-le-bruit-des-transports-nous-ruine-la-sante\/\",\"name\":\"Quand le bruit des transports nous ruine la sant\u00e9 - Advocnar\",\"isPartOf\":{\"@id\":\"https:\/\/www.clients.horus-informatique71.fr\/advocnar_backup\/#website\"},\"datePublished\":\"2019-02-12T06:33:15+00:00\",\"dateModified\":\"2021-04-02T16:09:32+00:00\",\"author\":{\"@id\":\"https:\/\/www.clients.horus-informatique71.fr\/advocnar_backup\/#\/schema\/person\/28ec283f897fb44e1146415d8015d23e\"},\"breadcrumb\":{\"@id\":\"https:\/\/www.clients.horus-informatique71.fr\/advocnar_backup\/2019\/02\/quand-le-bruit-des-transports-nous-ruine-la-sante\/#breadcrumb\"},\"inLanguage\":\"fr-FR\",\"potentialAction\":[{\"@type\":\"ReadAction\",\"target\":[\"https:\/\/www.clients.horus-informatique71.fr\/advocnar_backup\/2019\/02\/quand-le-bruit-des-transports-nous-ruine-la-sante\/\"]}]},{\"@type\":\"BreadcrumbList\",\"@id\":\"https:\/\/www.clients.horus-informatique71.fr\/advocnar_backup\/2019\/02\/quand-le-bruit-des-transports-nous-ruine-la-sante\/#breadcrumb\",\"itemListElement\":[{\"@type\":\"ListItem\",\"position\":1,\"name\":\"Accueil\",\"item\":\"https:\/\/www.clients.horus-informatique71.fr\/advocnar_backup\/\"},{\"@type\":\"ListItem\",\"position\":2,\"name\":\"Quand le bruit des transports nous ruine la sant\u00e9\"}]},{\"@type\":\"WebSite\",\"@id\":\"https:\/\/www.clients.horus-informatique71.fr\/advocnar_backup\/#website\",\"url\":\"https:\/\/www.clients.horus-informatique71.fr\/advocnar_backup\/\",\"name\":\"Advocnar\",\"description\":\"Association de D\u00e9fense Contre les Nuisances A\u00e9riennes\",\"potentialAction\":[{\"@type\":\"SearchAction\",\"target\":{\"@type\":\"EntryPoint\",\"urlTemplate\":\"https:\/\/www.clients.horus-informatique71.fr\/advocnar_backup\/?s={search_term_string}\"},\"query-input\":\"required name=search_term_string\"}],\"inLanguage\":\"fr-FR\"},{\"@type\":\"Person\",\"@id\":\"https:\/\/www.clients.horus-informatique71.fr\/advocnar_backup\/#\/schema\/person\/28ec283f897fb44e1146415d8015d23e\",\"name\":\"FBrochot\",\"url\":\"https:\/\/www.clients.horus-informatique71.fr\/advocnar_backup\/author\/fbrochot\/\"}]}<\/script>\n<!-- \/ Yoast SEO plugin. -->","yoast_head_json":{"title":"Quand le bruit des transports nous ruine la sant\u00e9 - Advocnar","robots":{"index":"index","follow":"follow","max-snippet":"max-snippet:-1","max-image-preview":"max-image-preview:large","max-video-preview":"max-video-preview:-1"},"canonical":"https:\/\/www.clients.horus-informatique71.fr\/advocnar_backup\/2019\/02\/quand-le-bruit-des-transports-nous-ruine-la-sante\/","og_locale":"fr_FR","og_type":"article","og_title":"Quand le bruit des transports nous ruine la sant\u00e9 - Advocnar","og_description":"12.02.2019 &#8211; Le Parisien A l\u2019heure o\u00f9 s\u2019ouvre la concertation sur un nouveau terminal \u00e0 l\u2019a\u00e9roport de Roissy, une \u00e9tude d\u00e9taill\u00e9e de Bruitparif d\u00e9montre qu\u2019on peut perdre presque trois ans de vie en bonne sant\u00e9 \u00e0 cause des d\u00e9cibels trop \u00e9lev\u00e9s. Lire l&rsquo;article Lire l&rsquo;\u00e9tude Impacts sanitaires du bruit des transports dans la zone dense [&hellip;]","og_url":"https:\/\/www.clients.horus-informatique71.fr\/advocnar_backup\/2019\/02\/quand-le-bruit-des-transports-nous-ruine-la-sante\/","og_site_name":"Advocnar","article_published_time":"2019-02-12T06:33:15+00:00","article_modified_time":"2021-04-02T16:09:32+00:00","author":"FBrochot","twitter_card":"summary_large_image","twitter_misc":{"\u00c9crit par":"FBrochot","Dur\u00e9e de lecture estim\u00e9e":"1 minute"},"schema":{"@context":"https:\/\/schema.org","@graph":[{"@type":"WebPage","@id":"https:\/\/www.clients.horus-informatique71.fr\/advocnar_backup\/2019\/02\/quand-le-bruit-des-transports-nous-ruine-la-sante\/","url":"https:\/\/www.clients.horus-informatique71.fr\/advocnar_backup\/2019\/02\/quand-le-bruit-des-transports-nous-ruine-la-sante\/","name":"Quand le bruit des transports nous ruine la sant\u00e9 - Advocnar","isPartOf":{"@id":"https:\/\/www.clients.horus-informatique71.fr\/advocnar_backup\/#website"},"datePublished":"2019-02-12T06:33:15+00:00","dateModified":"2021-04-02T16:09:32+00:00","author":{"@id":"https:\/\/www.clients.horus-informatique71.fr\/advocnar_backup\/#\/schema\/person\/28ec283f897fb44e1146415d8015d23e"},"breadcrumb":{"@id":"https:\/\/www.clients.horus-informatique71.fr\/advocnar_backup\/2019\/02\/quand-le-bruit-des-transports-nous-ruine-la-sante\/#breadcrumb"},"inLanguage":"fr-FR","potentialAction":[{"@type":"ReadAction","target":["https:\/\/www.clients.horus-informatique71.fr\/advocnar_backup\/2019\/02\/quand-le-bruit-des-transports-nous-ruine-la-sante\/"]}]},{"@type":"BreadcrumbList","@id":"https:\/\/www.clients.horus-informatique71.fr\/advocnar_backup\/2019\/02\/quand-le-bruit-des-transports-nous-ruine-la-sante\/#breadcrumb","itemListElement":[{"@type":"ListItem","position":1,"name":"Accueil","item":"https:\/\/www.clients.horus-informatique71.fr\/advocnar_backup\/"},{"@type":"ListItem","position":2,"name":"Quand le bruit des transports nous ruine la sant\u00e9"}]},{"@type":"WebSite","@id":"https:\/\/www.clients.horus-informatique71.fr\/advocnar_backup\/#website","url":"https:\/\/www.clients.horus-informatique71.fr\/advocnar_backup\/","name":"Advocnar","description":"Association de D\u00e9fense Contre les Nuisances A\u00e9riennes","potentialAction":[{"@type":"SearchAction","target":{"@type":"EntryPoint","urlTemplate":"https:\/\/www.clients.horus-informatique71.fr\/advocnar_backup\/?s={search_term_string}"},"query-input":"required name=search_term_string"}],"inLanguage":"fr-FR"},{"@type":"Person","@id":"https:\/\/www.clients.horus-informatique71.fr\/advocnar_backup\/#\/schema\/person\/28ec283f897fb44e1146415d8015d23e","name":"FBrochot","url":"https:\/\/www.clients.horus-informatique71.fr\/advocnar_backup\/author\/fbrochot\/"}]}},"_links":{"self":[{"href":"https:\/\/www.clients.horus-informatique71.fr\/advocnar_backup\/wp-json\/wp\/v2\/posts\/74848"}],"collection":[{"href":"https:\/\/www.clients.horus-informatique71.fr\/advocnar_backup\/wp-json\/wp\/v2\/posts"}],"about":[{"href":"https:\/\/www.clients.horus-informatique71.fr\/advocnar_backup\/wp-json\/wp\/v2\/types\/post"}],"author":[{"embeddable":true,"href":"https:\/\/www.clients.horus-informatique71.fr\/advocnar_backup\/wp-json\/wp\/v2\/users\/10"}],"replies":[{"embeddable":true,"href":"https:\/\/www.clients.horus-informatique71.fr\/advocnar_backup\/wp-json\/wp\/v2\/comments?post=74848"}],"version-history":[{"count":6,"href":"https:\/\/www.clients.horus-informatique71.fr\/advocnar_backup\/wp-json\/wp\/v2\/posts\/74848\/revisions"}],"predecessor-version":[{"id":76674,"href":"https:\/\/www.clients.horus-informatique71.fr\/advocnar_backup\/wp-json\/wp\/v2\/posts\/74848\/revisions\/76674"}],"wp:attachment":[{"href":"https:\/\/www.clients.horus-informatique71.fr\/advocnar_backup\/wp-json\/wp\/v2\/media?parent=74848"}],"wp:term":[{"taxonomy":"category","embeddable":true,"href":"https:\/\/www.clients.horus-informatique71.fr\/advocnar_backup\/wp-json\/wp\/v2\/categories?post=74848"},{"taxonomy":"post_tag","embeddable":true,"href":"https:\/\/www.clients.horus-informatique71.fr\/advocnar_backup\/wp-json\/wp\/v2\/tags?post=74848"}],"curies":[{"name":"wp","href":"https:\/\/api.w.org\/{rel}","templated":true}]}}