{"id":74854,"date":"2019-02-14T07:50:09","date_gmt":"2019-02-14T06:50:09","guid":{"rendered":"https:\/\/www.clients.horus-informatique71.fr\/advocnar_backup\/?p=74854"},"modified":"2021-04-02T18:05:24","modified_gmt":"2021-04-02T16:05:24","slug":"val-doise-soucieux-de-la-pollution-des-avions-ils-veulent-faire-taxer-le-kerosene","status":"publish","type":"post","link":"https:\/\/www.clients.horus-informatique71.fr\/advocnar_backup\/2019\/02\/val-doise-soucieux-de-la-pollution-des-avions-ils-veulent-faire-taxer-le-kerosene\/","title":{"rendered":"Val-d\u2019Oise : soucieux de la pollution des avions, ils veulent faire taxer le k\u00e9ros\u00e8ne"},"content":{"rendered":"<h4>14.02.2019 &#8211; Le Parisien<\/h4>\n<p><em>Par Marie Persidat<\/em><\/p>\n<h5>L\u2019association, bas\u00e9e \u00e0 Saint-Prix et connue pour son action contre le bruit des avions arrivant et partant de Roissy veut faire entrer la question de la qualit\u00e9 de l\u2019air dans le Grand d\u00e9bat national.<\/h5>\n<p>\u00ab Le secteur a\u00e9rien est le seul \u00e0 ne proposer que des mesures marginales pour r\u00e9duire les \u00e9missions de gaz \u00e0 effet de serre\u2026 Ils pr\u00e9voient m\u00eame l\u2019augmentation des \u00e9missions ! \u00bb L\u2019Advocnar, l\u2019association de d\u00e9fense contre les nuisances a\u00e9riennes bas\u00e9e \u00e0 Saint-Prix, d\u00e9clare la guerre \u00e0 la pollution atmosph\u00e9rique. D\u00e9j\u00e0 tr\u00e8s connu pour son action contre le bruit engendr\u00e9 par l\u2019activit\u00e9 de l\u2019a\u00e9roport de Roissy, l\u2019organisme a bien d\u2019autres lignes de front. Et en 2019 elle compte intensifier son combat pour la qualit\u00e9 de l\u2019air.<\/p>\n<p>\u00ab Le transport a\u00e9rien b\u00e9n\u00e9ficie d\u2019un carburant totalement d\u00e9tax\u00e9, nous voudrions intervenir dans le Grand d\u00e9bat \u00e0 ce propos \u00bb, a annonc\u00e9 Patrick Kruissel, vice-pr\u00e9sident de l\u2019association, \u00e0 l\u2019occasion de l\u2019assembl\u00e9e g\u00e9n\u00e9rale annuelle de l\u2019Adocnar qui s\u2019est tenue lundi \u00e0 Eaubonne.<\/p>\n<h5>L\u2019exemple de la taxation des carburants des voitures<\/h5>\n<p>Puisque la toute premi\u00e8re revendication des Gilets jaunes concernait l\u2019augmentation des taxes sur l\u2019essence et le gazole, l\u2019organisme compte bien mettre aussi le sujet du k\u00e9ros\u00e8ne sur la table. \u00ab Les gens qui utilisent leur voiture tous les jours pour aller bosser n\u2019ont pas le choix, ils doivent payer le prix, consid\u00e8re Patrick Kruissel. En revanche, les personnes appartenant \u00e0 un milieu social plus ais\u00e9 ont acc\u00e8s \u00e0 des tarifs tr\u00e8s comp\u00e9titifs pour prendre l\u2019avion, puisque le k\u00e9ros\u00e8ne n\u2019est pas tax\u00e9 et qu\u2019il n\u2019y a pas de TVA sur les billets. \u00bb<\/p>\n<p><img loading=\"lazy\" decoding=\"async\" class=\"alignleft wp-image-74856\" src=\"https:\/\/www.clients.horus-informatique71.fr\/advocnar_backup\/wp-content\/uploads\/2019\/03\/2019-02-14-Le-Parisien95-Photo-2.jpg\" alt=\"\" width=\"642\" height=\"482\" srcset=\"https:\/\/www.clients.horus-informatique71.fr\/advocnar_backup\/wp-content\/uploads\/2019\/03\/2019-02-14-Le-Parisien95-Photo-2.jpg 1202w, https:\/\/www.clients.horus-informatique71.fr\/advocnar_backup\/wp-content\/uploads\/2019\/03\/2019-02-14-Le-Parisien95-Photo-2-300x225.jpg 300w, https:\/\/www.clients.horus-informatique71.fr\/advocnar_backup\/wp-content\/uploads\/2019\/03\/2019-02-14-Le-Parisien95-Photo-2-768x576.jpg 768w, https:\/\/www.clients.horus-informatique71.fr\/advocnar_backup\/wp-content\/uploads\/2019\/03\/2019-02-14-Le-Parisien95-Photo-2-1024x768.jpg 1024w\" sizes=\"(max-width: 642px) 100vw, 642px\" \/><\/p>\n<p>&nbsp;<\/p>\n<p>&nbsp;<\/p>\n<p>&nbsp;<\/p>\n<p>&nbsp;<\/p>\n<p>&nbsp;<\/p>\n<p>&nbsp;<\/p>\n<p>&nbsp;<\/p>\n<p>&nbsp;<\/p>\n<p>&nbsp;<\/p>\n<p>&nbsp;<\/p>\n<p>&nbsp;<\/p>\n<p>&nbsp;<\/p>\n<p>&nbsp;<\/p>\n<p>L\u2019Advocnar compte r\u00e9clamer l\u2019instauration d\u2019une taxation au niveau europ\u00e9en. Une mesure que l\u2019association juge d\u2019autant plus urgente que la pollution engendr\u00e9e par le carburant des avions n\u2019est pas mesur\u00e9e dans sa globalit\u00e9.<\/p>\n<p>\u00ab Nous avons demand\u00e9 une \u00e9valuation plus pr\u00e9cise, Airparif (NDLR : organisme de surveillance de la qualit\u00e9 de l\u2019air en Ile-de-France) y travaille \u00bb, d\u00e9clare Fran\u00e7oise Brochot la pr\u00e9sidente.<\/p>\n<h5>Une pollution difficile \u00e0 mesurer<\/h5>\n<p>Actuellement, la seule pollution prise en compte est estim\u00e9e sur ce que l\u2019on appelle \u00ab le cycle LTO (landing and take-off), c\u2019est-\u00e0-dire les phases d\u2019atterrissage, de roulage et de d\u00e9collage. Le tout se situant au-dessous de 900 m\u2026 \u00ab On minimise l\u2019impact du k\u00e9ros\u00e8ne sur la qualit\u00e9 de l\u2019air, s\u2019insurge Catherine, une militante de l\u2019Advocnar. On nous dit que lorsque la pollution est trop haute, elle ne peut pas se mesurer et se disperse. Mais elle retombe forc\u00e9ment ! \u00bb<\/p>\n<p>Pour compl\u00e9ter son action, l\u2019association travaille \u00e9galement sur le volet juridique. En octobre dernier, l\u2019Advocnar s\u2019est associ\u00e9e \u00e0 un recours d\u00e9j\u00e0 men\u00e9 par les Amis de la terre depuis 2015, pour faire respecter la directive 2008\/50 du conseil europ\u00e9en relative \u00e0 la qualit\u00e9 de l\u2019air en France. Le Conseil d\u2019Etat a somm\u00e9 le gouvernement d\u2019\u00e9laborer de nouveaux plans relatifs \u00e0 la qualit\u00e9 de l\u2019air sur l\u2019ensemble du territoire, dont l\u2019Ile-de-France. Mais depuis, c\u2019est le statu quo\u2026 \u00ab Avec les Amis de la terre et au total 76 associations, nous demandons la mise sous astreinte de l\u2019Etat jusqu\u2019\u00e0 ce qu\u2019il respecte la directive \u00bb, explique Patrick Kruissel.<\/p>\n<p>&nbsp;<\/p>\n","protected":false},"excerpt":{"rendered":"<p>14.02.2019 &#8211; Le Parisien Par Marie Persidat L\u2019association, bas\u00e9e \u00e0 Saint-Prix et connue pour son action contre le bruit des avions arrivant et partant de Roissy veut faire entrer la question de la qualit\u00e9 de l\u2019air dans le Grand d\u00e9bat national. \u00ab Le secteur a\u00e9rien est le seul \u00e0 ne proposer que des mesures marginales [&hellip;]<\/p>\n","protected":false},"author":10,"featured_media":0,"comment_status":"closed","ping_status":"open","sticky":false,"template":"","format":"standard","meta":{"footnotes":""},"categories":[49],"tags":[],"yoast_head":"<!-- This site is optimized with the Yoast SEO plugin v22.0 - https:\/\/yoast.com\/wordpress\/plugins\/seo\/ -->\n<title>Val-d\u2019Oise : soucieux de la pollution des avions, ils veulent faire taxer le k\u00e9ros\u00e8ne - Advocnar<\/title>\n<meta name=\"robots\" content=\"index, follow, max-snippet:-1, max-image-preview:large, max-video-preview:-1\" \/>\n<link rel=\"canonical\" href=\"https:\/\/www.clients.horus-informatique71.fr\/advocnar_backup\/2019\/02\/val-doise-soucieux-de-la-pollution-des-avions-ils-veulent-faire-taxer-le-kerosene\/\" \/>\n<meta property=\"og:locale\" content=\"fr_FR\" \/>\n<meta property=\"og:type\" content=\"article\" \/>\n<meta property=\"og:title\" content=\"Val-d\u2019Oise : soucieux de la pollution des avions, ils veulent faire taxer le k\u00e9ros\u00e8ne - Advocnar\" \/>\n<meta property=\"og:description\" content=\"14.02.2019 &#8211; Le Parisien Par Marie Persidat L\u2019association, bas\u00e9e \u00e0 Saint-Prix et connue pour son action contre le bruit des avions arrivant et partant de Roissy veut faire entrer la question de la qualit\u00e9 de l\u2019air dans le Grand d\u00e9bat national. \u00ab Le secteur a\u00e9rien est le seul \u00e0 ne proposer que des mesures marginales [&hellip;]\" \/>\n<meta property=\"og:url\" content=\"https:\/\/www.clients.horus-informatique71.fr\/advocnar_backup\/2019\/02\/val-doise-soucieux-de-la-pollution-des-avions-ils-veulent-faire-taxer-le-kerosene\/\" \/>\n<meta property=\"og:site_name\" content=\"Advocnar\" \/>\n<meta property=\"article:published_time\" content=\"2019-02-14T06:50:09+00:00\" \/>\n<meta property=\"article:modified_time\" content=\"2021-04-02T16:05:24+00:00\" \/>\n<meta property=\"og:image\" content=\"https:\/\/www.advocnar.frwp-content\/uploads\/2019\/03\/2019-02-14-Le-Parisien95-Photo-2.jpg\" \/>\n<meta name=\"author\" content=\"FBrochot\" \/>\n<meta name=\"twitter:card\" content=\"summary_large_image\" \/>\n<meta name=\"twitter:label1\" content=\"\u00c9crit par\" \/>\n\t<meta name=\"twitter:data1\" content=\"FBrochot\" \/>\n\t<meta name=\"twitter:label2\" content=\"Dur\u00e9e de lecture estim\u00e9e\" \/>\n\t<meta name=\"twitter:data2\" content=\"3 minutes\" \/>\n<script type=\"application\/ld+json\" class=\"yoast-schema-graph\">{\"@context\":\"https:\/\/schema.org\",\"@graph\":[{\"@type\":\"WebPage\",\"@id\":\"https:\/\/www.clients.horus-informatique71.fr\/advocnar_backup\/2019\/02\/val-doise-soucieux-de-la-pollution-des-avions-ils-veulent-faire-taxer-le-kerosene\/\",\"url\":\"https:\/\/www.clients.horus-informatique71.fr\/advocnar_backup\/2019\/02\/val-doise-soucieux-de-la-pollution-des-avions-ils-veulent-faire-taxer-le-kerosene\/\",\"name\":\"Val-d\u2019Oise : soucieux de la pollution des avions, ils veulent faire taxer le k\u00e9ros\u00e8ne - Advocnar\",\"isPartOf\":{\"@id\":\"https:\/\/www.clients.horus-informatique71.fr\/advocnar_backup\/#website\"},\"datePublished\":\"2019-02-14T06:50:09+00:00\",\"dateModified\":\"2021-04-02T16:05:24+00:00\",\"author\":{\"@id\":\"https:\/\/www.clients.horus-informatique71.fr\/advocnar_backup\/#\/schema\/person\/28ec283f897fb44e1146415d8015d23e\"},\"breadcrumb\":{\"@id\":\"https:\/\/www.clients.horus-informatique71.fr\/advocnar_backup\/2019\/02\/val-doise-soucieux-de-la-pollution-des-avions-ils-veulent-faire-taxer-le-kerosene\/#breadcrumb\"},\"inLanguage\":\"fr-FR\",\"potentialAction\":[{\"@type\":\"ReadAction\",\"target\":[\"https:\/\/www.clients.horus-informatique71.fr\/advocnar_backup\/2019\/02\/val-doise-soucieux-de-la-pollution-des-avions-ils-veulent-faire-taxer-le-kerosene\/\"]}]},{\"@type\":\"BreadcrumbList\",\"@id\":\"https:\/\/www.clients.horus-informatique71.fr\/advocnar_backup\/2019\/02\/val-doise-soucieux-de-la-pollution-des-avions-ils-veulent-faire-taxer-le-kerosene\/#breadcrumb\",\"itemListElement\":[{\"@type\":\"ListItem\",\"position\":1,\"name\":\"Accueil\",\"item\":\"https:\/\/www.clients.horus-informatique71.fr\/advocnar_backup\/\"},{\"@type\":\"ListItem\",\"position\":2,\"name\":\"Val-d\u2019Oise : soucieux de la pollution des avions, ils veulent faire taxer le k\u00e9ros\u00e8ne\"}]},{\"@type\":\"WebSite\",\"@id\":\"https:\/\/www.clients.horus-informatique71.fr\/advocnar_backup\/#website\",\"url\":\"https:\/\/www.clients.horus-informatique71.fr\/advocnar_backup\/\",\"name\":\"Advocnar\",\"description\":\"Association de D\u00e9fense Contre les Nuisances A\u00e9riennes\",\"potentialAction\":[{\"@type\":\"SearchAction\",\"target\":{\"@type\":\"EntryPoint\",\"urlTemplate\":\"https:\/\/www.clients.horus-informatique71.fr\/advocnar_backup\/?s={search_term_string}\"},\"query-input\":\"required name=search_term_string\"}],\"inLanguage\":\"fr-FR\"},{\"@type\":\"Person\",\"@id\":\"https:\/\/www.clients.horus-informatique71.fr\/advocnar_backup\/#\/schema\/person\/28ec283f897fb44e1146415d8015d23e\",\"name\":\"FBrochot\",\"url\":\"https:\/\/www.clients.horus-informatique71.fr\/advocnar_backup\/author\/fbrochot\/\"}]}<\/script>\n<!-- \/ Yoast SEO plugin. -->","yoast_head_json":{"title":"Val-d\u2019Oise : soucieux de la pollution des avions, ils veulent faire taxer le k\u00e9ros\u00e8ne - Advocnar","robots":{"index":"index","follow":"follow","max-snippet":"max-snippet:-1","max-image-preview":"max-image-preview:large","max-video-preview":"max-video-preview:-1"},"canonical":"https:\/\/www.clients.horus-informatique71.fr\/advocnar_backup\/2019\/02\/val-doise-soucieux-de-la-pollution-des-avions-ils-veulent-faire-taxer-le-kerosene\/","og_locale":"fr_FR","og_type":"article","og_title":"Val-d\u2019Oise : soucieux de la pollution des avions, ils veulent faire taxer le k\u00e9ros\u00e8ne - Advocnar","og_description":"14.02.2019 &#8211; Le Parisien Par Marie Persidat L\u2019association, bas\u00e9e \u00e0 Saint-Prix et connue pour son action contre le bruit des avions arrivant et partant de Roissy veut faire entrer la question de la qualit\u00e9 de l\u2019air dans le Grand d\u00e9bat national. \u00ab Le secteur a\u00e9rien est le seul \u00e0 ne proposer que des mesures marginales [&hellip;]","og_url":"https:\/\/www.clients.horus-informatique71.fr\/advocnar_backup\/2019\/02\/val-doise-soucieux-de-la-pollution-des-avions-ils-veulent-faire-taxer-le-kerosene\/","og_site_name":"Advocnar","article_published_time":"2019-02-14T06:50:09+00:00","article_modified_time":"2021-04-02T16:05:24+00:00","og_image":[{"url":"https:\/\/www.advocnar.frwp-content\/uploads\/2019\/03\/2019-02-14-Le-Parisien95-Photo-2.jpg"}],"author":"FBrochot","twitter_card":"summary_large_image","twitter_misc":{"\u00c9crit par":"FBrochot","Dur\u00e9e de lecture estim\u00e9e":"3 minutes"},"schema":{"@context":"https:\/\/schema.org","@graph":[{"@type":"WebPage","@id":"https:\/\/www.clients.horus-informatique71.fr\/advocnar_backup\/2019\/02\/val-doise-soucieux-de-la-pollution-des-avions-ils-veulent-faire-taxer-le-kerosene\/","url":"https:\/\/www.clients.horus-informatique71.fr\/advocnar_backup\/2019\/02\/val-doise-soucieux-de-la-pollution-des-avions-ils-veulent-faire-taxer-le-kerosene\/","name":"Val-d\u2019Oise : soucieux de la pollution des avions, ils veulent faire taxer le k\u00e9ros\u00e8ne - Advocnar","isPartOf":{"@id":"https:\/\/www.clients.horus-informatique71.fr\/advocnar_backup\/#website"},"datePublished":"2019-02-14T06:50:09+00:00","dateModified":"2021-04-02T16:05:24+00:00","author":{"@id":"https:\/\/www.clients.horus-informatique71.fr\/advocnar_backup\/#\/schema\/person\/28ec283f897fb44e1146415d8015d23e"},"breadcrumb":{"@id":"https:\/\/www.clients.horus-informatique71.fr\/advocnar_backup\/2019\/02\/val-doise-soucieux-de-la-pollution-des-avions-ils-veulent-faire-taxer-le-kerosene\/#breadcrumb"},"inLanguage":"fr-FR","potentialAction":[{"@type":"ReadAction","target":["https:\/\/www.clients.horus-informatique71.fr\/advocnar_backup\/2019\/02\/val-doise-soucieux-de-la-pollution-des-avions-ils-veulent-faire-taxer-le-kerosene\/"]}]},{"@type":"BreadcrumbList","@id":"https:\/\/www.clients.horus-informatique71.fr\/advocnar_backup\/2019\/02\/val-doise-soucieux-de-la-pollution-des-avions-ils-veulent-faire-taxer-le-kerosene\/#breadcrumb","itemListElement":[{"@type":"ListItem","position":1,"name":"Accueil","item":"https:\/\/www.clients.horus-informatique71.fr\/advocnar_backup\/"},{"@type":"ListItem","position":2,"name":"Val-d\u2019Oise : soucieux de la pollution des avions, ils veulent faire taxer le k\u00e9ros\u00e8ne"}]},{"@type":"WebSite","@id":"https:\/\/www.clients.horus-informatique71.fr\/advocnar_backup\/#website","url":"https:\/\/www.clients.horus-informatique71.fr\/advocnar_backup\/","name":"Advocnar","description":"Association de D\u00e9fense Contre les Nuisances A\u00e9riennes","potentialAction":[{"@type":"SearchAction","target":{"@type":"EntryPoint","urlTemplate":"https:\/\/www.clients.horus-informatique71.fr\/advocnar_backup\/?s={search_term_string}"},"query-input":"required name=search_term_string"}],"inLanguage":"fr-FR"},{"@type":"Person","@id":"https:\/\/www.clients.horus-informatique71.fr\/advocnar_backup\/#\/schema\/person\/28ec283f897fb44e1146415d8015d23e","name":"FBrochot","url":"https:\/\/www.clients.horus-informatique71.fr\/advocnar_backup\/author\/fbrochot\/"}]}},"_links":{"self":[{"href":"https:\/\/www.clients.horus-informatique71.fr\/advocnar_backup\/wp-json\/wp\/v2\/posts\/74854"}],"collection":[{"href":"https:\/\/www.clients.horus-informatique71.fr\/advocnar_backup\/wp-json\/wp\/v2\/posts"}],"about":[{"href":"https:\/\/www.clients.horus-informatique71.fr\/advocnar_backup\/wp-json\/wp\/v2\/types\/post"}],"author":[{"embeddable":true,"href":"https:\/\/www.clients.horus-informatique71.fr\/advocnar_backup\/wp-json\/wp\/v2\/users\/10"}],"replies":[{"embeddable":true,"href":"https:\/\/www.clients.horus-informatique71.fr\/advocnar_backup\/wp-json\/wp\/v2\/comments?post=74854"}],"version-history":[{"count":4,"href":"https:\/\/www.clients.horus-informatique71.fr\/advocnar_backup\/wp-json\/wp\/v2\/posts\/74854\/revisions"}],"predecessor-version":[{"id":76668,"href":"https:\/\/www.clients.horus-informatique71.fr\/advocnar_backup\/wp-json\/wp\/v2\/posts\/74854\/revisions\/76668"}],"wp:attachment":[{"href":"https:\/\/www.clients.horus-informatique71.fr\/advocnar_backup\/wp-json\/wp\/v2\/media?parent=74854"}],"wp:term":[{"taxonomy":"category","embeddable":true,"href":"https:\/\/www.clients.horus-informatique71.fr\/advocnar_backup\/wp-json\/wp\/v2\/categories?post=74854"},{"taxonomy":"post_tag","embeddable":true,"href":"https:\/\/www.clients.horus-informatique71.fr\/advocnar_backup\/wp-json\/wp\/v2\/tags?post=74854"}],"curies":[{"name":"wp","href":"https:\/\/api.w.org\/{rel}","templated":true}]}}