{"id":74923,"date":"2019-05-03T17:10:33","date_gmt":"2019-05-03T15:10:33","guid":{"rendered":"https:\/\/www.clients.horus-informatique71.fr\/advocnar_backup\/?p=74923"},"modified":"2019-05-03T21:19:53","modified_gmt":"2019-05-03T19:19:53","slug":"terminal-4-reunion-publique-advocnar-a-montigny-6-mai-19h","status":"publish","type":"post","link":"https:\/\/www.clients.horus-informatique71.fr\/advocnar_backup\/2019\/05\/terminal-4-reunion-publique-advocnar-a-montigny-6-mai-19h\/","title":{"rendered":"TERMINAL 4: R\u00c9UNION PUBLIQUE ADVOCNAR \u00c0 MONTIGNY 6 MAI 19H"},"content":{"rendered":"<p>\u00c0 ce jour nous sommes toujours dans l&rsquo;attente de vraies mesures de diminution des nuisances a\u00e9riennes au b\u00e9n\u00e9fice exclusif des habitants survol\u00e9s.<\/p>\n<p>Au lieu de cela, avec le projet du Terminal 4 \u00e0 Roissy-Charles de Gaulle, ADP met en place les conditions d&rsquo;une croissance sans limites du trafic a\u00e9rien dans la r\u00e9gion la plus peupl\u00e9e de France, qui accueille d\u00e9j\u00e0 pr\u00e8s de 50% du trafic national.<\/p>\n<h5>L\u2019ADVOCNAR organise avec la municipalit\u00e9 de MONTIGNY-L\u00c8S-CORMEILLES une r\u00e9union publique d\u2019information sur ce projet auxquelles vous \u00eates cordialement invit\u00e9s:<\/h5>\n<h4 style=\"text-align: center;\">LUNDI 6 MAI de 20H \u00e0 21H30<br \/>\nCentre culturel Picasso<br \/>\nRue Guy de Maupassant<br \/>\nMONTIGNY-L\u00c8S-CORMEILLES<\/h4>\n<p>R\u00e9servez d\u00e8s maintenant votre soir\u00e9e,\u00a0et n&rsquo;h\u00e9sitez pas \u00e0 diffuser largement cette invitation autour de vous. Nous comptons sur votre pr\u00e9sence.<\/p>\n<p style=\"text-align: center;\"><img loading=\"lazy\" decoding=\"async\" width=\"910\" height=\"1356\" class=\"alignleft size-full wp-image-74922\" src=\"https:\/\/www.clients.horus-informatique71.fr\/advocnar_backup\/wp-content\/uploads\/2019\/04\/advocnar-MONTIGNY.png\" alt=\"\" srcset=\"https:\/\/www.clients.horus-informatique71.fr\/advocnar_backup\/wp-content\/uploads\/2019\/04\/advocnar-MONTIGNY.png 910w, https:\/\/www.clients.horus-informatique71.fr\/advocnar_backup\/wp-content\/uploads\/2019\/04\/advocnar-MONTIGNY-201x300.png 201w, https:\/\/www.clients.horus-informatique71.fr\/advocnar_backup\/wp-content\/uploads\/2019\/04\/advocnar-MONTIGNY-768x1144.png 768w, https:\/\/www.clients.horus-informatique71.fr\/advocnar_backup\/wp-content\/uploads\/2019\/04\/advocnar-MONTIGNY-687x1024.png 687w\" sizes=\"(max-width: 910px) 100vw, 910px\" \/><\/p>\n","protected":false},"excerpt":{"rendered":"<p>\u00c0 ce jour nous sommes toujours dans l&rsquo;attente de vraies mesures de diminution des nuisances a\u00e9riennes au b\u00e9n\u00e9fice exclusif des habitants survol\u00e9s. Au lieu de cela, avec le projet du Terminal 4 \u00e0 Roissy-Charles de Gaulle, ADP met en place les conditions d&rsquo;une croissance sans limites du trafic a\u00e9rien dans la r\u00e9gion la plus peupl\u00e9e [&hellip;]<\/p>\n","protected":false},"author":10,"featured_media":74921,"comment_status":"closed","ping_status":"open","sticky":false,"template":"","format":"standard","meta":{"footnotes":""},"categories":[46],"tags":[],"yoast_head":"<!-- This site is optimized with the Yoast SEO plugin v22.0 - https:\/\/yoast.com\/wordpress\/plugins\/seo\/ -->\n<title>TERMINAL 4: R\u00c9UNION PUBLIQUE ADVOCNAR \u00c0 MONTIGNY 6 MAI 19H - Advocnar<\/title>\n<meta name=\"robots\" content=\"index, follow, max-snippet:-1, max-image-preview:large, max-video-preview:-1\" \/>\n<link rel=\"canonical\" href=\"https:\/\/www.clients.horus-informatique71.fr\/advocnar_backup\/2019\/05\/terminal-4-reunion-publique-advocnar-a-montigny-6-mai-19h\/\" \/>\n<meta property=\"og:locale\" content=\"fr_FR\" \/>\n<meta property=\"og:type\" content=\"article\" \/>\n<meta property=\"og:title\" content=\"TERMINAL 4: R\u00c9UNION PUBLIQUE ADVOCNAR \u00c0 MONTIGNY 6 MAI 19H - Advocnar\" \/>\n<meta property=\"og:description\" content=\"\u00c0 ce jour nous sommes toujours dans l&rsquo;attente de vraies mesures de diminution des nuisances a\u00e9riennes au b\u00e9n\u00e9fice exclusif des habitants survol\u00e9s. Au lieu de cela, avec le projet du Terminal 4 \u00e0 Roissy-Charles de Gaulle, ADP met en place les conditions d&rsquo;une croissance sans limites du trafic a\u00e9rien dans la r\u00e9gion la plus peupl\u00e9e [&hellip;]\" \/>\n<meta property=\"og:url\" content=\"https:\/\/www.clients.horus-informatique71.fr\/advocnar_backup\/2019\/05\/terminal-4-reunion-publique-advocnar-a-montigny-6-mai-19h\/\" \/>\n<meta property=\"og:site_name\" content=\"Advocnar\" \/>\n<meta property=\"article:published_time\" content=\"2019-05-03T15:10:33+00:00\" \/>\n<meta property=\"article:modified_time\" content=\"2019-05-03T19:19:53+00:00\" \/>\n<meta property=\"og:image\" content=\"https:\/\/www.clients.horus-informatique71.fr\/advocnar_backup\/wp-content\/uploads\/2019\/04\/advocnar-MONTIGNY-2.png\" \/>\n\t<meta property=\"og:image:width\" content=\"908\" \/>\n\t<meta property=\"og:image:height\" content=\"682\" \/>\n\t<meta property=\"og:image:type\" content=\"image\/png\" \/>\n<meta name=\"author\" content=\"FBrochot\" \/>\n<meta name=\"twitter:card\" content=\"summary_large_image\" \/>\n<meta name=\"twitter:label1\" content=\"\u00c9crit par\" \/>\n\t<meta name=\"twitter:data1\" content=\"FBrochot\" \/>\n\t<meta name=\"twitter:label2\" content=\"Dur\u00e9e de lecture estim\u00e9e\" \/>\n\t<meta name=\"twitter:data2\" content=\"1 minute\" \/>\n<script type=\"application\/ld+json\" class=\"yoast-schema-graph\">{\"@context\":\"https:\/\/schema.org\",\"@graph\":[{\"@type\":\"WebPage\",\"@id\":\"https:\/\/www.clients.horus-informatique71.fr\/advocnar_backup\/2019\/05\/terminal-4-reunion-publique-advocnar-a-montigny-6-mai-19h\/\",\"url\":\"https:\/\/www.clients.horus-informatique71.fr\/advocnar_backup\/2019\/05\/terminal-4-reunion-publique-advocnar-a-montigny-6-mai-19h\/\",\"name\":\"TERMINAL 4: R\u00c9UNION PUBLIQUE ADVOCNAR \u00c0 MONTIGNY 6 MAI 19H - Advocnar\",\"isPartOf\":{\"@id\":\"https:\/\/www.clients.horus-informatique71.fr\/advocnar_backup\/#website\"},\"datePublished\":\"2019-05-03T15:10:33+00:00\",\"dateModified\":\"2019-05-03T19:19:53+00:00\",\"author\":{\"@id\":\"https:\/\/www.clients.horus-informatique71.fr\/advocnar_backup\/#\/schema\/person\/28ec283f897fb44e1146415d8015d23e\"},\"breadcrumb\":{\"@id\":\"https:\/\/www.clients.horus-informatique71.fr\/advocnar_backup\/2019\/05\/terminal-4-reunion-publique-advocnar-a-montigny-6-mai-19h\/#breadcrumb\"},\"inLanguage\":\"fr-FR\",\"potentialAction\":[{\"@type\":\"ReadAction\",\"target\":[\"https:\/\/www.clients.horus-informatique71.fr\/advocnar_backup\/2019\/05\/terminal-4-reunion-publique-advocnar-a-montigny-6-mai-19h\/\"]}]},{\"@type\":\"BreadcrumbList\",\"@id\":\"https:\/\/www.clients.horus-informatique71.fr\/advocnar_backup\/2019\/05\/terminal-4-reunion-publique-advocnar-a-montigny-6-mai-19h\/#breadcrumb\",\"itemListElement\":[{\"@type\":\"ListItem\",\"position\":1,\"name\":\"Accueil\",\"item\":\"https:\/\/www.clients.horus-informatique71.fr\/advocnar_backup\/\"},{\"@type\":\"ListItem\",\"position\":2,\"name\":\"TERMINAL 4: R\u00c9UNION PUBLIQUE ADVOCNAR \u00c0 MONTIGNY 6 MAI 19H\"}]},{\"@type\":\"WebSite\",\"@id\":\"https:\/\/www.clients.horus-informatique71.fr\/advocnar_backup\/#website\",\"url\":\"https:\/\/www.clients.horus-informatique71.fr\/advocnar_backup\/\",\"name\":\"Advocnar\",\"description\":\"Association de D\u00e9fense Contre les Nuisances A\u00e9riennes\",\"potentialAction\":[{\"@type\":\"SearchAction\",\"target\":{\"@type\":\"EntryPoint\",\"urlTemplate\":\"https:\/\/www.clients.horus-informatique71.fr\/advocnar_backup\/?s={search_term_string}\"},\"query-input\":\"required name=search_term_string\"}],\"inLanguage\":\"fr-FR\"},{\"@type\":\"Person\",\"@id\":\"https:\/\/www.clients.horus-informatique71.fr\/advocnar_backup\/#\/schema\/person\/28ec283f897fb44e1146415d8015d23e\",\"name\":\"FBrochot\",\"url\":\"https:\/\/www.clients.horus-informatique71.fr\/advocnar_backup\/author\/fbrochot\/\"}]}<\/script>\n<!-- \/ Yoast SEO plugin. -->","yoast_head_json":{"title":"TERMINAL 4: R\u00c9UNION PUBLIQUE ADVOCNAR \u00c0 MONTIGNY 6 MAI 19H - Advocnar","robots":{"index":"index","follow":"follow","max-snippet":"max-snippet:-1","max-image-preview":"max-image-preview:large","max-video-preview":"max-video-preview:-1"},"canonical":"https:\/\/www.clients.horus-informatique71.fr\/advocnar_backup\/2019\/05\/terminal-4-reunion-publique-advocnar-a-montigny-6-mai-19h\/","og_locale":"fr_FR","og_type":"article","og_title":"TERMINAL 4: R\u00c9UNION PUBLIQUE ADVOCNAR \u00c0 MONTIGNY 6 MAI 19H - Advocnar","og_description":"\u00c0 ce jour nous sommes toujours dans l&rsquo;attente de vraies mesures de diminution des nuisances a\u00e9riennes au b\u00e9n\u00e9fice exclusif des habitants survol\u00e9s. Au lieu de cela, avec le projet du Terminal 4 \u00e0 Roissy-Charles de Gaulle, ADP met en place les conditions d&rsquo;une croissance sans limites du trafic a\u00e9rien dans la r\u00e9gion la plus peupl\u00e9e [&hellip;]","og_url":"https:\/\/www.clients.horus-informatique71.fr\/advocnar_backup\/2019\/05\/terminal-4-reunion-publique-advocnar-a-montigny-6-mai-19h\/","og_site_name":"Advocnar","article_published_time":"2019-05-03T15:10:33+00:00","article_modified_time":"2019-05-03T19:19:53+00:00","og_image":[{"width":908,"height":682,"url":"https:\/\/www.clients.horus-informatique71.fr\/advocnar_backup\/wp-content\/uploads\/2019\/04\/advocnar-MONTIGNY-2.png","type":"image\/png"}],"author":"FBrochot","twitter_card":"summary_large_image","twitter_misc":{"\u00c9crit par":"FBrochot","Dur\u00e9e de lecture estim\u00e9e":"1 minute"},"schema":{"@context":"https:\/\/schema.org","@graph":[{"@type":"WebPage","@id":"https:\/\/www.clients.horus-informatique71.fr\/advocnar_backup\/2019\/05\/terminal-4-reunion-publique-advocnar-a-montigny-6-mai-19h\/","url":"https:\/\/www.clients.horus-informatique71.fr\/advocnar_backup\/2019\/05\/terminal-4-reunion-publique-advocnar-a-montigny-6-mai-19h\/","name":"TERMINAL 4: R\u00c9UNION PUBLIQUE ADVOCNAR \u00c0 MONTIGNY 6 MAI 19H - Advocnar","isPartOf":{"@id":"https:\/\/www.clients.horus-informatique71.fr\/advocnar_backup\/#website"},"datePublished":"2019-05-03T15:10:33+00:00","dateModified":"2019-05-03T19:19:53+00:00","author":{"@id":"https:\/\/www.clients.horus-informatique71.fr\/advocnar_backup\/#\/schema\/person\/28ec283f897fb44e1146415d8015d23e"},"breadcrumb":{"@id":"https:\/\/www.clients.horus-informatique71.fr\/advocnar_backup\/2019\/05\/terminal-4-reunion-publique-advocnar-a-montigny-6-mai-19h\/#breadcrumb"},"inLanguage":"fr-FR","potentialAction":[{"@type":"ReadAction","target":["https:\/\/www.clients.horus-informatique71.fr\/advocnar_backup\/2019\/05\/terminal-4-reunion-publique-advocnar-a-montigny-6-mai-19h\/"]}]},{"@type":"BreadcrumbList","@id":"https:\/\/www.clients.horus-informatique71.fr\/advocnar_backup\/2019\/05\/terminal-4-reunion-publique-advocnar-a-montigny-6-mai-19h\/#breadcrumb","itemListElement":[{"@type":"ListItem","position":1,"name":"Accueil","item":"https:\/\/www.clients.horus-informatique71.fr\/advocnar_backup\/"},{"@type":"ListItem","position":2,"name":"TERMINAL 4: R\u00c9UNION PUBLIQUE ADVOCNAR \u00c0 MONTIGNY 6 MAI 19H"}]},{"@type":"WebSite","@id":"https:\/\/www.clients.horus-informatique71.fr\/advocnar_backup\/#website","url":"https:\/\/www.clients.horus-informatique71.fr\/advocnar_backup\/","name":"Advocnar","description":"Association de D\u00e9fense Contre les Nuisances A\u00e9riennes","potentialAction":[{"@type":"SearchAction","target":{"@type":"EntryPoint","urlTemplate":"https:\/\/www.clients.horus-informatique71.fr\/advocnar_backup\/?s={search_term_string}"},"query-input":"required name=search_term_string"}],"inLanguage":"fr-FR"},{"@type":"Person","@id":"https:\/\/www.clients.horus-informatique71.fr\/advocnar_backup\/#\/schema\/person\/28ec283f897fb44e1146415d8015d23e","name":"FBrochot","url":"https:\/\/www.clients.horus-informatique71.fr\/advocnar_backup\/author\/fbrochot\/"}]}},"_links":{"self":[{"href":"https:\/\/www.clients.horus-informatique71.fr\/advocnar_backup\/wp-json\/wp\/v2\/posts\/74923"}],"collection":[{"href":"https:\/\/www.clients.horus-informatique71.fr\/advocnar_backup\/wp-json\/wp\/v2\/posts"}],"about":[{"href":"https:\/\/www.clients.horus-informatique71.fr\/advocnar_backup\/wp-json\/wp\/v2\/types\/post"}],"author":[{"embeddable":true,"href":"https:\/\/www.clients.horus-informatique71.fr\/advocnar_backup\/wp-json\/wp\/v2\/users\/10"}],"replies":[{"embeddable":true,"href":"https:\/\/www.clients.horus-informatique71.fr\/advocnar_backup\/wp-json\/wp\/v2\/comments?post=74923"}],"version-history":[{"count":4,"href":"https:\/\/www.clients.horus-informatique71.fr\/advocnar_backup\/wp-json\/wp\/v2\/posts\/74923\/revisions"}],"predecessor-version":[{"id":74927,"href":"https:\/\/www.clients.horus-informatique71.fr\/advocnar_backup\/wp-json\/wp\/v2\/posts\/74923\/revisions\/74927"}],"wp:featuredmedia":[{"embeddable":true,"href":"https:\/\/www.clients.horus-informatique71.fr\/advocnar_backup\/wp-json\/wp\/v2\/media\/74921"}],"wp:attachment":[{"href":"https:\/\/www.clients.horus-informatique71.fr\/advocnar_backup\/wp-json\/wp\/v2\/media?parent=74923"}],"wp:term":[{"taxonomy":"category","embeddable":true,"href":"https:\/\/www.clients.horus-informatique71.fr\/advocnar_backup\/wp-json\/wp\/v2\/categories?post=74923"},{"taxonomy":"post_tag","embeddable":true,"href":"https:\/\/www.clients.horus-informatique71.fr\/advocnar_backup\/wp-json\/wp\/v2\/tags?post=74923"}],"curies":[{"name":"wp","href":"https:\/\/api.w.org\/{rel}","templated":true}]}}