{"id":74947,"date":"2019-05-09T10:45:16","date_gmt":"2019-05-09T08:45:16","guid":{"rendered":"https:\/\/www.clients.horus-informatique71.fr\/advocnar_backup\/?p=74947"},"modified":"2019-05-09T14:56:49","modified_gmt":"2019-05-09T12:56:49","slug":"terminal-4-reunion-publique-a-montmorency-9-mai-20h","status":"publish","type":"post","link":"https:\/\/www.clients.horus-informatique71.fr\/advocnar_backup\/2019\/05\/terminal-4-reunion-publique-a-montmorency-9-mai-20h\/","title":{"rendered":"TERMINAL 4 : R\u00c9UNION PUBLIQUE \u00c0 MONTMORENCY 9 MAI 20H"},"content":{"rendered":"<h5>Dans le cadre d&rsquo;une r\u00e9union publique organis\u00e9e par <em>L&rsquo;Avenir Ensemble <\/em>sur les projets qui menacent notre environnement et notre cadre de vie, l\u2019ADVOCNAR interviendra concernant le projet du Terminal 4 \u00e0 Roissy-Charles de Gaulle et r\u00e9pondra \u00e0 vos questions.<\/h5>\n<p style=\"text-align: left;\">Vous \u00eates cordialement invit\u00e9s le:<\/p>\n<h4 style=\"text-align: center;\">JEUDI 9 MAI \u00e0 20H<br \/>\nSalle des F\u00eates &#8211; Avenue Foch<br \/>\nMONTMORENCY<\/h4>\n<p>En ces derniers jours de la concertation, venez nombreux vous informer afin de rendre un avis contre ce projet destructeur de notre sant\u00e9 et de notre qualit\u00e9 de vie.<\/p>\n<p><img loading=\"lazy\" decoding=\"async\" width=\"906\" height=\"1281\" class=\"size-full wp-image-74945 aligncenter\" src=\"https:\/\/www.clients.horus-informatique71.fr\/advocnar_backup\/wp-content\/uploads\/2019\/05\/2019-05-09-Affiche-RP-LAvenir-Ensemble.jpg\" alt=\"\" srcset=\"https:\/\/www.clients.horus-informatique71.fr\/advocnar_backup\/wp-content\/uploads\/2019\/05\/2019-05-09-Affiche-RP-LAvenir-Ensemble.jpg 906w, https:\/\/www.clients.horus-informatique71.fr\/advocnar_backup\/wp-content\/uploads\/2019\/05\/2019-05-09-Affiche-RP-LAvenir-Ensemble-212x300.jpg 212w, https:\/\/www.clients.horus-informatique71.fr\/advocnar_backup\/wp-content\/uploads\/2019\/05\/2019-05-09-Affiche-RP-LAvenir-Ensemble-768x1086.jpg 768w, https:\/\/www.clients.horus-informatique71.fr\/advocnar_backup\/wp-content\/uploads\/2019\/05\/2019-05-09-Affiche-RP-LAvenir-Ensemble-724x1024.jpg 724w\" sizes=\"(max-width: 906px) 100vw, 906px\" \/><\/p>\n","protected":false},"excerpt":{"rendered":"<p>Dans le cadre d&rsquo;une r\u00e9union publique organis\u00e9e par L&rsquo;Avenir Ensemble sur les projets qui menacent notre environnement et notre cadre de vie, l\u2019ADVOCNAR interviendra concernant le projet du Terminal 4 \u00e0 Roissy-Charles de Gaulle et r\u00e9pondra \u00e0 vos questions. Vous \u00eates cordialement invit\u00e9s le: JEUDI 9 MAI \u00e0 20H Salle des F\u00eates &#8211; Avenue Foch [&hellip;]<\/p>\n","protected":false},"author":10,"featured_media":74946,"comment_status":"closed","ping_status":"open","sticky":false,"template":"","format":"standard","meta":{"footnotes":""},"categories":[46],"tags":[],"yoast_head":"<!-- This site is optimized with the Yoast SEO plugin v22.0 - https:\/\/yoast.com\/wordpress\/plugins\/seo\/ -->\n<title>TERMINAL 4 : R\u00c9UNION PUBLIQUE \u00c0 MONTMORENCY 9 MAI 20H - Advocnar<\/title>\n<meta name=\"robots\" content=\"index, follow, max-snippet:-1, max-image-preview:large, max-video-preview:-1\" \/>\n<link rel=\"canonical\" href=\"https:\/\/www.clients.horus-informatique71.fr\/advocnar_backup\/2019\/05\/terminal-4-reunion-publique-a-montmorency-9-mai-20h\/\" \/>\n<meta property=\"og:locale\" content=\"fr_FR\" \/>\n<meta property=\"og:type\" content=\"article\" \/>\n<meta property=\"og:title\" content=\"TERMINAL 4 : R\u00c9UNION PUBLIQUE \u00c0 MONTMORENCY 9 MAI 20H - Advocnar\" \/>\n<meta property=\"og:description\" content=\"Dans le cadre d&rsquo;une r\u00e9union publique organis\u00e9e par L&rsquo;Avenir Ensemble sur les projets qui menacent notre environnement et notre cadre de vie, l\u2019ADVOCNAR interviendra concernant le projet du Terminal 4 \u00e0 Roissy-Charles de Gaulle et r\u00e9pondra \u00e0 vos questions. Vous \u00eates cordialement invit\u00e9s le: JEUDI 9 MAI \u00e0 20H Salle des F\u00eates &#8211; Avenue Foch [&hellip;]\" \/>\n<meta property=\"og:url\" content=\"https:\/\/www.clients.horus-informatique71.fr\/advocnar_backup\/2019\/05\/terminal-4-reunion-publique-a-montmorency-9-mai-20h\/\" \/>\n<meta property=\"og:site_name\" content=\"Advocnar\" \/>\n<meta property=\"article:published_time\" content=\"2019-05-09T08:45:16+00:00\" \/>\n<meta property=\"article:modified_time\" content=\"2019-05-09T12:56:49+00:00\" \/>\n<meta property=\"og:image\" content=\"https:\/\/www.clients.horus-informatique71.fr\/advocnar_backup\/wp-content\/uploads\/2019\/05\/RP-LAvenir-Ensemble.jpg\" \/>\n\t<meta property=\"og:image:width\" content=\"460\" \/>\n\t<meta property=\"og:image:height\" content=\"345\" \/>\n\t<meta property=\"og:image:type\" content=\"image\/jpeg\" \/>\n<meta name=\"author\" content=\"FBrochot\" \/>\n<meta name=\"twitter:card\" content=\"summary_large_image\" \/>\n<meta name=\"twitter:label1\" content=\"\u00c9crit par\" \/>\n\t<meta name=\"twitter:data1\" content=\"FBrochot\" \/>\n<script type=\"application\/ld+json\" class=\"yoast-schema-graph\">{\"@context\":\"https:\/\/schema.org\",\"@graph\":[{\"@type\":\"WebPage\",\"@id\":\"https:\/\/www.clients.horus-informatique71.fr\/advocnar_backup\/2019\/05\/terminal-4-reunion-publique-a-montmorency-9-mai-20h\/\",\"url\":\"https:\/\/www.clients.horus-informatique71.fr\/advocnar_backup\/2019\/05\/terminal-4-reunion-publique-a-montmorency-9-mai-20h\/\",\"name\":\"TERMINAL 4 : R\u00c9UNION PUBLIQUE \u00c0 MONTMORENCY 9 MAI 20H - Advocnar\",\"isPartOf\":{\"@id\":\"https:\/\/www.clients.horus-informatique71.fr\/advocnar_backup\/#website\"},\"datePublished\":\"2019-05-09T08:45:16+00:00\",\"dateModified\":\"2019-05-09T12:56:49+00:00\",\"author\":{\"@id\":\"https:\/\/www.clients.horus-informatique71.fr\/advocnar_backup\/#\/schema\/person\/28ec283f897fb44e1146415d8015d23e\"},\"breadcrumb\":{\"@id\":\"https:\/\/www.clients.horus-informatique71.fr\/advocnar_backup\/2019\/05\/terminal-4-reunion-publique-a-montmorency-9-mai-20h\/#breadcrumb\"},\"inLanguage\":\"fr-FR\",\"potentialAction\":[{\"@type\":\"ReadAction\",\"target\":[\"https:\/\/www.clients.horus-informatique71.fr\/advocnar_backup\/2019\/05\/terminal-4-reunion-publique-a-montmorency-9-mai-20h\/\"]}]},{\"@type\":\"BreadcrumbList\",\"@id\":\"https:\/\/www.clients.horus-informatique71.fr\/advocnar_backup\/2019\/05\/terminal-4-reunion-publique-a-montmorency-9-mai-20h\/#breadcrumb\",\"itemListElement\":[{\"@type\":\"ListItem\",\"position\":1,\"name\":\"Accueil\",\"item\":\"https:\/\/www.clients.horus-informatique71.fr\/advocnar_backup\/\"},{\"@type\":\"ListItem\",\"position\":2,\"name\":\"TERMINAL 4 : R\u00c9UNION PUBLIQUE \u00c0 MONTMORENCY 9 MAI 20H\"}]},{\"@type\":\"WebSite\",\"@id\":\"https:\/\/www.clients.horus-informatique71.fr\/advocnar_backup\/#website\",\"url\":\"https:\/\/www.clients.horus-informatique71.fr\/advocnar_backup\/\",\"name\":\"Advocnar\",\"description\":\"Association de D\u00e9fense Contre les Nuisances A\u00e9riennes\",\"potentialAction\":[{\"@type\":\"SearchAction\",\"target\":{\"@type\":\"EntryPoint\",\"urlTemplate\":\"https:\/\/www.clients.horus-informatique71.fr\/advocnar_backup\/?s={search_term_string}\"},\"query-input\":\"required name=search_term_string\"}],\"inLanguage\":\"fr-FR\"},{\"@type\":\"Person\",\"@id\":\"https:\/\/www.clients.horus-informatique71.fr\/advocnar_backup\/#\/schema\/person\/28ec283f897fb44e1146415d8015d23e\",\"name\":\"FBrochot\",\"url\":\"https:\/\/www.clients.horus-informatique71.fr\/advocnar_backup\/author\/fbrochot\/\"}]}<\/script>\n<!-- \/ Yoast SEO plugin. -->","yoast_head_json":{"title":"TERMINAL 4 : R\u00c9UNION PUBLIQUE \u00c0 MONTMORENCY 9 MAI 20H - Advocnar","robots":{"index":"index","follow":"follow","max-snippet":"max-snippet:-1","max-image-preview":"max-image-preview:large","max-video-preview":"max-video-preview:-1"},"canonical":"https:\/\/www.clients.horus-informatique71.fr\/advocnar_backup\/2019\/05\/terminal-4-reunion-publique-a-montmorency-9-mai-20h\/","og_locale":"fr_FR","og_type":"article","og_title":"TERMINAL 4 : R\u00c9UNION PUBLIQUE \u00c0 MONTMORENCY 9 MAI 20H - Advocnar","og_description":"Dans le cadre d&rsquo;une r\u00e9union publique organis\u00e9e par L&rsquo;Avenir Ensemble sur les projets qui menacent notre environnement et notre cadre de vie, l\u2019ADVOCNAR interviendra concernant le projet du Terminal 4 \u00e0 Roissy-Charles de Gaulle et r\u00e9pondra \u00e0 vos questions. Vous \u00eates cordialement invit\u00e9s le: JEUDI 9 MAI \u00e0 20H Salle des F\u00eates &#8211; Avenue Foch [&hellip;]","og_url":"https:\/\/www.clients.horus-informatique71.fr\/advocnar_backup\/2019\/05\/terminal-4-reunion-publique-a-montmorency-9-mai-20h\/","og_site_name":"Advocnar","article_published_time":"2019-05-09T08:45:16+00:00","article_modified_time":"2019-05-09T12:56:49+00:00","og_image":[{"width":460,"height":345,"url":"https:\/\/www.clients.horus-informatique71.fr\/advocnar_backup\/wp-content\/uploads\/2019\/05\/RP-LAvenir-Ensemble.jpg","type":"image\/jpeg"}],"author":"FBrochot","twitter_card":"summary_large_image","twitter_misc":{"\u00c9crit par":"FBrochot"},"schema":{"@context":"https:\/\/schema.org","@graph":[{"@type":"WebPage","@id":"https:\/\/www.clients.horus-informatique71.fr\/advocnar_backup\/2019\/05\/terminal-4-reunion-publique-a-montmorency-9-mai-20h\/","url":"https:\/\/www.clients.horus-informatique71.fr\/advocnar_backup\/2019\/05\/terminal-4-reunion-publique-a-montmorency-9-mai-20h\/","name":"TERMINAL 4 : R\u00c9UNION PUBLIQUE \u00c0 MONTMORENCY 9 MAI 20H - Advocnar","isPartOf":{"@id":"https:\/\/www.clients.horus-informatique71.fr\/advocnar_backup\/#website"},"datePublished":"2019-05-09T08:45:16+00:00","dateModified":"2019-05-09T12:56:49+00:00","author":{"@id":"https:\/\/www.clients.horus-informatique71.fr\/advocnar_backup\/#\/schema\/person\/28ec283f897fb44e1146415d8015d23e"},"breadcrumb":{"@id":"https:\/\/www.clients.horus-informatique71.fr\/advocnar_backup\/2019\/05\/terminal-4-reunion-publique-a-montmorency-9-mai-20h\/#breadcrumb"},"inLanguage":"fr-FR","potentialAction":[{"@type":"ReadAction","target":["https:\/\/www.clients.horus-informatique71.fr\/advocnar_backup\/2019\/05\/terminal-4-reunion-publique-a-montmorency-9-mai-20h\/"]}]},{"@type":"BreadcrumbList","@id":"https:\/\/www.clients.horus-informatique71.fr\/advocnar_backup\/2019\/05\/terminal-4-reunion-publique-a-montmorency-9-mai-20h\/#breadcrumb","itemListElement":[{"@type":"ListItem","position":1,"name":"Accueil","item":"https:\/\/www.clients.horus-informatique71.fr\/advocnar_backup\/"},{"@type":"ListItem","position":2,"name":"TERMINAL 4 : R\u00c9UNION PUBLIQUE \u00c0 MONTMORENCY 9 MAI 20H"}]},{"@type":"WebSite","@id":"https:\/\/www.clients.horus-informatique71.fr\/advocnar_backup\/#website","url":"https:\/\/www.clients.horus-informatique71.fr\/advocnar_backup\/","name":"Advocnar","description":"Association de D\u00e9fense Contre les Nuisances A\u00e9riennes","potentialAction":[{"@type":"SearchAction","target":{"@type":"EntryPoint","urlTemplate":"https:\/\/www.clients.horus-informatique71.fr\/advocnar_backup\/?s={search_term_string}"},"query-input":"required name=search_term_string"}],"inLanguage":"fr-FR"},{"@type":"Person","@id":"https:\/\/www.clients.horus-informatique71.fr\/advocnar_backup\/#\/schema\/person\/28ec283f897fb44e1146415d8015d23e","name":"FBrochot","url":"https:\/\/www.clients.horus-informatique71.fr\/advocnar_backup\/author\/fbrochot\/"}]}},"_links":{"self":[{"href":"https:\/\/www.clients.horus-informatique71.fr\/advocnar_backup\/wp-json\/wp\/v2\/posts\/74947"}],"collection":[{"href":"https:\/\/www.clients.horus-informatique71.fr\/advocnar_backup\/wp-json\/wp\/v2\/posts"}],"about":[{"href":"https:\/\/www.clients.horus-informatique71.fr\/advocnar_backup\/wp-json\/wp\/v2\/types\/post"}],"author":[{"embeddable":true,"href":"https:\/\/www.clients.horus-informatique71.fr\/advocnar_backup\/wp-json\/wp\/v2\/users\/10"}],"replies":[{"embeddable":true,"href":"https:\/\/www.clients.horus-informatique71.fr\/advocnar_backup\/wp-json\/wp\/v2\/comments?post=74947"}],"version-history":[{"count":6,"href":"https:\/\/www.clients.horus-informatique71.fr\/advocnar_backup\/wp-json\/wp\/v2\/posts\/74947\/revisions"}],"predecessor-version":[{"id":74953,"href":"https:\/\/www.clients.horus-informatique71.fr\/advocnar_backup\/wp-json\/wp\/v2\/posts\/74947\/revisions\/74953"}],"wp:featuredmedia":[{"embeddable":true,"href":"https:\/\/www.clients.horus-informatique71.fr\/advocnar_backup\/wp-json\/wp\/v2\/media\/74946"}],"wp:attachment":[{"href":"https:\/\/www.clients.horus-informatique71.fr\/advocnar_backup\/wp-json\/wp\/v2\/media?parent=74947"}],"wp:term":[{"taxonomy":"category","embeddable":true,"href":"https:\/\/www.clients.horus-informatique71.fr\/advocnar_backup\/wp-json\/wp\/v2\/categories?post=74947"},{"taxonomy":"post_tag","embeddable":true,"href":"https:\/\/www.clients.horus-informatique71.fr\/advocnar_backup\/wp-json\/wp\/v2\/tags?post=74947"}],"curies":[{"name":"wp","href":"https:\/\/api.w.org\/{rel}","templated":true}]}}