{"id":74957,"date":"2019-05-03T17:00:44","date_gmt":"2019-05-03T15:00:44","guid":{"rendered":"https:\/\/www.clients.horus-informatique71.fr\/advocnar_backup\/?p=74957"},"modified":"2019-05-03T21:24:34","modified_gmt":"2019-05-03T19:24:34","slug":"stains-faites-du-bruit-contre-les-avions-lundi-6-mai-a-18h","status":"publish","type":"post","link":"https:\/\/www.clients.horus-informatique71.fr\/advocnar_backup\/2019\/05\/stains-faites-du-bruit-contre-les-avions-lundi-6-mai-a-18h\/","title":{"rendered":"STAINS : FAITES DU BRUIT CONTRE LES AVIONS LUNDI 6 MAI \u00c0 18H"},"content":{"rendered":"<h5>Face au projet du Terminal 4 \u00e0 Roissy-Charles de Gaulle, le Maire de Stains, Azz\u00e9dine Ta\u00efbi,\u00a0 appelle les habitants et les associations environnementales \u00e0 une forte mobilisation afin de refuser de laisser les nuisances sonores, environnementales et climatiques nuire \u00e0 leur sant\u00e9.<\/h5>\n<h4 style=\"text-align: center;\">RASSEMBLEMENT LUNDI 6 MAI \u00c0 18H<br \/>\nDANS LA COUR DE LA MAIRIE DE STAINS<br \/>\nCONTRE L\u2019EXTENSION DE L\u2019A\u00c9ROPORT DE ROISSY-CDG<\/h4>\n<p><a href=\"https:\/\/www.clients.horus-informatique71.fr\/advocnar_backup\/wp-content\/uploads\/2019\/05\/Communique\u0301-de-presse-N\u00b013-stop-aux-nuisances-ae\u0301riennes.pdf\">Lire le communiqu\u00e9 de presse<\/a><\/p>\n<p>L&rsquo;ADVOCNAR soutient cette manifestation et sera repr\u00e9sent\u00e9e.<\/p>\n<h4 style=\"text-align: center;\">Venez nombreux faire du bruit contre les avions!<\/h4>\n<p><img loading=\"lazy\" decoding=\"async\" width=\"529\" height=\"751\" class=\"size-full wp-image-74955 aligncenter\" src=\"https:\/\/www.clients.horus-informatique71.fr\/advocnar_backup\/wp-content\/uploads\/2019\/05\/Affiche-manif-STAINS.png\" alt=\"\" srcset=\"https:\/\/www.clients.horus-informatique71.fr\/advocnar_backup\/wp-content\/uploads\/2019\/05\/Affiche-manif-STAINS.png 529w, https:\/\/www.clients.horus-informatique71.fr\/advocnar_backup\/wp-content\/uploads\/2019\/05\/Affiche-manif-STAINS-211x300.png 211w\" sizes=\"(max-width: 529px) 100vw, 529px\" \/><\/p>\n","protected":false},"excerpt":{"rendered":"<p>Face au projet du Terminal 4 \u00e0 Roissy-Charles de Gaulle, le Maire de Stains, Azz\u00e9dine Ta\u00efbi,\u00a0 appelle les habitants et les associations environnementales \u00e0 une forte mobilisation afin de refuser de laisser les nuisances sonores, environnementales et climatiques nuire \u00e0 leur sant\u00e9. RASSEMBLEMENT LUNDI 6 MAI \u00c0 18H DANS LA COUR DE LA MAIRIE DE [&hellip;]<\/p>\n","protected":false},"author":10,"featured_media":74954,"comment_status":"closed","ping_status":"open","sticky":false,"template":"","format":"standard","meta":{"footnotes":""},"categories":[46],"tags":[],"yoast_head":"<!-- This site is optimized with the Yoast SEO plugin v22.0 - https:\/\/yoast.com\/wordpress\/plugins\/seo\/ -->\n<title>STAINS : FAITES DU BRUIT CONTRE LES AVIONS LUNDI 6 MAI \u00c0 18H - Advocnar<\/title>\n<meta name=\"robots\" content=\"index, follow, max-snippet:-1, max-image-preview:large, max-video-preview:-1\" \/>\n<link rel=\"canonical\" href=\"https:\/\/www.clients.horus-informatique71.fr\/advocnar_backup\/2019\/05\/stains-faites-du-bruit-contre-les-avions-lundi-6-mai-a-18h\/\" \/>\n<meta property=\"og:locale\" content=\"fr_FR\" \/>\n<meta property=\"og:type\" content=\"article\" \/>\n<meta property=\"og:title\" content=\"STAINS : FAITES DU BRUIT CONTRE LES AVIONS LUNDI 6 MAI \u00c0 18H - Advocnar\" \/>\n<meta property=\"og:description\" content=\"Face au projet du Terminal 4 \u00e0 Roissy-Charles de Gaulle, le Maire de Stains, Azz\u00e9dine Ta\u00efbi,\u00a0 appelle les habitants et les associations environnementales \u00e0 une forte mobilisation afin de refuser de laisser les nuisances sonores, environnementales et climatiques nuire \u00e0 leur sant\u00e9. RASSEMBLEMENT LUNDI 6 MAI \u00c0 18H DANS LA COUR DE LA MAIRIE DE [&hellip;]\" \/>\n<meta property=\"og:url\" content=\"https:\/\/www.clients.horus-informatique71.fr\/advocnar_backup\/2019\/05\/stains-faites-du-bruit-contre-les-avions-lundi-6-mai-a-18h\/\" \/>\n<meta property=\"og:site_name\" content=\"Advocnar\" \/>\n<meta property=\"article:published_time\" content=\"2019-05-03T15:00:44+00:00\" \/>\n<meta property=\"article:modified_time\" content=\"2019-05-03T19:24:34+00:00\" \/>\n<meta property=\"og:image\" content=\"https:\/\/www.clients.horus-informatique71.fr\/advocnar_backup\/wp-content\/uploads\/2019\/05\/Manif-STAINS-2.png\" \/>\n\t<meta property=\"og:image:width\" content=\"522\" \/>\n\t<meta property=\"og:image:height\" content=\"393\" \/>\n\t<meta property=\"og:image:type\" content=\"image\/png\" \/>\n<meta name=\"author\" content=\"FBrochot\" \/>\n<meta name=\"twitter:card\" content=\"summary_large_image\" \/>\n<meta name=\"twitter:label1\" content=\"\u00c9crit par\" \/>\n\t<meta name=\"twitter:data1\" content=\"FBrochot\" \/>\n<script type=\"application\/ld+json\" class=\"yoast-schema-graph\">{\"@context\":\"https:\/\/schema.org\",\"@graph\":[{\"@type\":\"WebPage\",\"@id\":\"https:\/\/www.clients.horus-informatique71.fr\/advocnar_backup\/2019\/05\/stains-faites-du-bruit-contre-les-avions-lundi-6-mai-a-18h\/\",\"url\":\"https:\/\/www.clients.horus-informatique71.fr\/advocnar_backup\/2019\/05\/stains-faites-du-bruit-contre-les-avions-lundi-6-mai-a-18h\/\",\"name\":\"STAINS : FAITES DU BRUIT CONTRE LES AVIONS LUNDI 6 MAI \u00c0 18H - Advocnar\",\"isPartOf\":{\"@id\":\"https:\/\/www.clients.horus-informatique71.fr\/advocnar_backup\/#website\"},\"datePublished\":\"2019-05-03T15:00:44+00:00\",\"dateModified\":\"2019-05-03T19:24:34+00:00\",\"author\":{\"@id\":\"https:\/\/www.clients.horus-informatique71.fr\/advocnar_backup\/#\/schema\/person\/28ec283f897fb44e1146415d8015d23e\"},\"breadcrumb\":{\"@id\":\"https:\/\/www.clients.horus-informatique71.fr\/advocnar_backup\/2019\/05\/stains-faites-du-bruit-contre-les-avions-lundi-6-mai-a-18h\/#breadcrumb\"},\"inLanguage\":\"fr-FR\",\"potentialAction\":[{\"@type\":\"ReadAction\",\"target\":[\"https:\/\/www.clients.horus-informatique71.fr\/advocnar_backup\/2019\/05\/stains-faites-du-bruit-contre-les-avions-lundi-6-mai-a-18h\/\"]}]},{\"@type\":\"BreadcrumbList\",\"@id\":\"https:\/\/www.clients.horus-informatique71.fr\/advocnar_backup\/2019\/05\/stains-faites-du-bruit-contre-les-avions-lundi-6-mai-a-18h\/#breadcrumb\",\"itemListElement\":[{\"@type\":\"ListItem\",\"position\":1,\"name\":\"Accueil\",\"item\":\"https:\/\/www.clients.horus-informatique71.fr\/advocnar_backup\/\"},{\"@type\":\"ListItem\",\"position\":2,\"name\":\"STAINS : FAITES DU BRUIT CONTRE LES AVIONS LUNDI 6 MAI \u00c0 18H\"}]},{\"@type\":\"WebSite\",\"@id\":\"https:\/\/www.clients.horus-informatique71.fr\/advocnar_backup\/#website\",\"url\":\"https:\/\/www.clients.horus-informatique71.fr\/advocnar_backup\/\",\"name\":\"Advocnar\",\"description\":\"Association de D\u00e9fense Contre les Nuisances A\u00e9riennes\",\"potentialAction\":[{\"@type\":\"SearchAction\",\"target\":{\"@type\":\"EntryPoint\",\"urlTemplate\":\"https:\/\/www.clients.horus-informatique71.fr\/advocnar_backup\/?s={search_term_string}\"},\"query-input\":\"required name=search_term_string\"}],\"inLanguage\":\"fr-FR\"},{\"@type\":\"Person\",\"@id\":\"https:\/\/www.clients.horus-informatique71.fr\/advocnar_backup\/#\/schema\/person\/28ec283f897fb44e1146415d8015d23e\",\"name\":\"FBrochot\",\"url\":\"https:\/\/www.clients.horus-informatique71.fr\/advocnar_backup\/author\/fbrochot\/\"}]}<\/script>\n<!-- \/ Yoast SEO plugin. -->","yoast_head_json":{"title":"STAINS : FAITES DU BRUIT CONTRE LES AVIONS LUNDI 6 MAI \u00c0 18H - Advocnar","robots":{"index":"index","follow":"follow","max-snippet":"max-snippet:-1","max-image-preview":"max-image-preview:large","max-video-preview":"max-video-preview:-1"},"canonical":"https:\/\/www.clients.horus-informatique71.fr\/advocnar_backup\/2019\/05\/stains-faites-du-bruit-contre-les-avions-lundi-6-mai-a-18h\/","og_locale":"fr_FR","og_type":"article","og_title":"STAINS : FAITES DU BRUIT CONTRE LES AVIONS LUNDI 6 MAI \u00c0 18H - Advocnar","og_description":"Face au projet du Terminal 4 \u00e0 Roissy-Charles de Gaulle, le Maire de Stains, Azz\u00e9dine Ta\u00efbi,\u00a0 appelle les habitants et les associations environnementales \u00e0 une forte mobilisation afin de refuser de laisser les nuisances sonores, environnementales et climatiques nuire \u00e0 leur sant\u00e9. RASSEMBLEMENT LUNDI 6 MAI \u00c0 18H DANS LA COUR DE LA MAIRIE DE [&hellip;]","og_url":"https:\/\/www.clients.horus-informatique71.fr\/advocnar_backup\/2019\/05\/stains-faites-du-bruit-contre-les-avions-lundi-6-mai-a-18h\/","og_site_name":"Advocnar","article_published_time":"2019-05-03T15:00:44+00:00","article_modified_time":"2019-05-03T19:24:34+00:00","og_image":[{"width":522,"height":393,"url":"https:\/\/www.clients.horus-informatique71.fr\/advocnar_backup\/wp-content\/uploads\/2019\/05\/Manif-STAINS-2.png","type":"image\/png"}],"author":"FBrochot","twitter_card":"summary_large_image","twitter_misc":{"\u00c9crit par":"FBrochot"},"schema":{"@context":"https:\/\/schema.org","@graph":[{"@type":"WebPage","@id":"https:\/\/www.clients.horus-informatique71.fr\/advocnar_backup\/2019\/05\/stains-faites-du-bruit-contre-les-avions-lundi-6-mai-a-18h\/","url":"https:\/\/www.clients.horus-informatique71.fr\/advocnar_backup\/2019\/05\/stains-faites-du-bruit-contre-les-avions-lundi-6-mai-a-18h\/","name":"STAINS : FAITES DU BRUIT CONTRE LES AVIONS LUNDI 6 MAI \u00c0 18H - Advocnar","isPartOf":{"@id":"https:\/\/www.clients.horus-informatique71.fr\/advocnar_backup\/#website"},"datePublished":"2019-05-03T15:00:44+00:00","dateModified":"2019-05-03T19:24:34+00:00","author":{"@id":"https:\/\/www.clients.horus-informatique71.fr\/advocnar_backup\/#\/schema\/person\/28ec283f897fb44e1146415d8015d23e"},"breadcrumb":{"@id":"https:\/\/www.clients.horus-informatique71.fr\/advocnar_backup\/2019\/05\/stains-faites-du-bruit-contre-les-avions-lundi-6-mai-a-18h\/#breadcrumb"},"inLanguage":"fr-FR","potentialAction":[{"@type":"ReadAction","target":["https:\/\/www.clients.horus-informatique71.fr\/advocnar_backup\/2019\/05\/stains-faites-du-bruit-contre-les-avions-lundi-6-mai-a-18h\/"]}]},{"@type":"BreadcrumbList","@id":"https:\/\/www.clients.horus-informatique71.fr\/advocnar_backup\/2019\/05\/stains-faites-du-bruit-contre-les-avions-lundi-6-mai-a-18h\/#breadcrumb","itemListElement":[{"@type":"ListItem","position":1,"name":"Accueil","item":"https:\/\/www.clients.horus-informatique71.fr\/advocnar_backup\/"},{"@type":"ListItem","position":2,"name":"STAINS : FAITES DU BRUIT CONTRE LES AVIONS LUNDI 6 MAI \u00c0 18H"}]},{"@type":"WebSite","@id":"https:\/\/www.clients.horus-informatique71.fr\/advocnar_backup\/#website","url":"https:\/\/www.clients.horus-informatique71.fr\/advocnar_backup\/","name":"Advocnar","description":"Association de D\u00e9fense Contre les Nuisances A\u00e9riennes","potentialAction":[{"@type":"SearchAction","target":{"@type":"EntryPoint","urlTemplate":"https:\/\/www.clients.horus-informatique71.fr\/advocnar_backup\/?s={search_term_string}"},"query-input":"required name=search_term_string"}],"inLanguage":"fr-FR"},{"@type":"Person","@id":"https:\/\/www.clients.horus-informatique71.fr\/advocnar_backup\/#\/schema\/person\/28ec283f897fb44e1146415d8015d23e","name":"FBrochot","url":"https:\/\/www.clients.horus-informatique71.fr\/advocnar_backup\/author\/fbrochot\/"}]}},"_links":{"self":[{"href":"https:\/\/www.clients.horus-informatique71.fr\/advocnar_backup\/wp-json\/wp\/v2\/posts\/74957"}],"collection":[{"href":"https:\/\/www.clients.horus-informatique71.fr\/advocnar_backup\/wp-json\/wp\/v2\/posts"}],"about":[{"href":"https:\/\/www.clients.horus-informatique71.fr\/advocnar_backup\/wp-json\/wp\/v2\/types\/post"}],"author":[{"embeddable":true,"href":"https:\/\/www.clients.horus-informatique71.fr\/advocnar_backup\/wp-json\/wp\/v2\/users\/10"}],"replies":[{"embeddable":true,"href":"https:\/\/www.clients.horus-informatique71.fr\/advocnar_backup\/wp-json\/wp\/v2\/comments?post=74957"}],"version-history":[{"count":7,"href":"https:\/\/www.clients.horus-informatique71.fr\/advocnar_backup\/wp-json\/wp\/v2\/posts\/74957\/revisions"}],"predecessor-version":[{"id":74965,"href":"https:\/\/www.clients.horus-informatique71.fr\/advocnar_backup\/wp-json\/wp\/v2\/posts\/74957\/revisions\/74965"}],"wp:featuredmedia":[{"embeddable":true,"href":"https:\/\/www.clients.horus-informatique71.fr\/advocnar_backup\/wp-json\/wp\/v2\/media\/74954"}],"wp:attachment":[{"href":"https:\/\/www.clients.horus-informatique71.fr\/advocnar_backup\/wp-json\/wp\/v2\/media?parent=74957"}],"wp:term":[{"taxonomy":"category","embeddable":true,"href":"https:\/\/www.clients.horus-informatique71.fr\/advocnar_backup\/wp-json\/wp\/v2\/categories?post=74957"},{"taxonomy":"post_tag","embeddable":true,"href":"https:\/\/www.clients.horus-informatique71.fr\/advocnar_backup\/wp-json\/wp\/v2\/tags?post=74957"}],"curies":[{"name":"wp","href":"https:\/\/api.w.org\/{rel}","templated":true}]}}