{"id":74966,"date":"2019-05-04T09:41:56","date_gmt":"2019-05-04T07:41:56","guid":{"rendered":"https:\/\/www.clients.horus-informatique71.fr\/advocnar_backup\/?p=74966"},"modified":"2019-05-04T09:41:56","modified_gmt":"2019-05-04T07:41:56","slug":"contre-la-privatisation-dadp-ladvocnar-co-signe-le-memoire-porte-etroite-a-destination-du-conseil-constitutionnel","status":"publish","type":"post","link":"https:\/\/www.clients.horus-informatique71.fr\/advocnar_backup\/2019\/05\/contre-la-privatisation-dadp-ladvocnar-co-signe-le-memoire-porte-etroite-a-destination-du-conseil-constitutionnel\/","title":{"rendered":"CONTRE LA PRIVATISATION D&rsquo;ADP, L&rsquo;ADVOCNAR CO-SIGNE LE M\u00c9MOIRE \u00ab\u00a0PORTE \u00c9TROITE\u00a0\u00bb \u00c0 DESTINATION DU CONSEIL CONSTITUTIONNEL"},"content":{"rendered":"<h5>L&rsquo;ADVOCNAR, ainsi que les riverains des a\u00e9roports franciliens et leurs associations, s\u2019opposent fermement \u00e0 la privatisation d&rsquo;ADP.<\/h5>\n<p>En effet ils craignent que les quelques acquis obtenus de haute lutte pour sauvegarder leur sant\u00e9 et leur cadre de vie soient mis \u00e0 mal par une exploitation maximale de la capacit\u00e9 des plateformes. Cette\u00a0 m\u00e9fiance se trouve renforc\u00e9e \u00e0 la lumi\u00e8re des exp\u00e9riences d\u00e9sastreuses du pass\u00e9 (Autoroutes, A\u00e9roport de Toulouse..,) qui ont \u00e9t\u00e9 largement comment\u00e9es et qui ont jet\u00e9 dans le grand public un doute sur les capacit\u00e9s de l\u2019Etat \u00e0 n\u00e9gocier de tels contrats au mieux de ses int\u00e9r\u00eats \u00e0 long terme et de ceux des contribuables.<\/p>\n<h5>Contre la privatisation d&rsquo;ADP, l&rsquo;ADVOCNAR co-signe le m\u00e9moire \u00ab\u00a0Porte Etroite\u00a0\u00bb \u00e0 destination du Conseil Constitutionnel avec Ma\u00eetre Christophe Leguevaques, l&rsquo;UFCNA (Union Fran\u00e7aise Contre les Nuisances des A\u00e9ronefs), les associations, syndicats, ONG et personnalit\u00e9s.<\/h5>\n<p>Votre association sera pr\u00e9sente lors du point presse <strong>lundi 6 mai 14h30 \u00e0 Paris,<\/strong> puis se rendra avec la d\u00e9l\u00e9gation jusqu&rsquo;au Conseil Constitutionnel pour y d\u00e9poser le m\u00e9moire.<\/p>\n<p><a href=\"https:\/\/www.clients.horus-informatique71.fr\/advocnar_backup\/wp-content\/uploads\/2019\/05\/CP_CLE_ADP-V2-02052019.pdf\">Lire le communiqu\u00e9 de presse<\/a><\/p>\n<p><img loading=\"lazy\" decoding=\"async\" width=\"601\" height=\"788\" class=\"size-full wp-image-74969 aligncenter\" src=\"https:\/\/www.clients.horus-informatique71.fr\/advocnar_backup\/wp-content\/uploads\/2019\/05\/2019-05-03-CP-CLE-1.png\" alt=\"\" srcset=\"https:\/\/www.clients.horus-informatique71.fr\/advocnar_backup\/wp-content\/uploads\/2019\/05\/2019-05-03-CP-CLE-1.png 601w, https:\/\/www.clients.horus-informatique71.fr\/advocnar_backup\/wp-content\/uploads\/2019\/05\/2019-05-03-CP-CLE-1-229x300.png 229w\" sizes=\"(max-width: 601px) 100vw, 601px\" \/><\/p>\n","protected":false},"excerpt":{"rendered":"<p>L&rsquo;ADVOCNAR, ainsi que les riverains des a\u00e9roports franciliens et leurs associations, s\u2019opposent fermement \u00e0 la privatisation d&rsquo;ADP. En effet ils craignent que les quelques acquis obtenus de haute lutte pour sauvegarder leur sant\u00e9 et leur cadre de vie soient mis \u00e0 mal par une exploitation maximale de la capacit\u00e9 des plateformes. Cette\u00a0 m\u00e9fiance se trouve [&hellip;]<\/p>\n","protected":false},"author":10,"featured_media":74971,"comment_status":"closed","ping_status":"open","sticky":false,"template":"","format":"standard","meta":{"footnotes":""},"categories":[46],"tags":[],"yoast_head":"<!-- This site is optimized with the Yoast SEO plugin v22.0 - https:\/\/yoast.com\/wordpress\/plugins\/seo\/ -->\n<title>CONTRE LA PRIVATISATION D&#039;ADP, L&#039;ADVOCNAR CO-SIGNE LE M\u00c9MOIRE &quot;PORTE \u00c9TROITE&quot; \u00c0 DESTINATION DU CONSEIL CONSTITUTIONNEL - Advocnar<\/title>\n<meta name=\"robots\" content=\"index, follow, max-snippet:-1, max-image-preview:large, max-video-preview:-1\" \/>\n<link rel=\"canonical\" href=\"https:\/\/www.clients.horus-informatique71.fr\/advocnar_backup\/2019\/05\/contre-la-privatisation-dadp-ladvocnar-co-signe-le-memoire-porte-etroite-a-destination-du-conseil-constitutionnel\/\" \/>\n<meta property=\"og:locale\" content=\"fr_FR\" \/>\n<meta property=\"og:type\" content=\"article\" \/>\n<meta property=\"og:title\" content=\"CONTRE LA PRIVATISATION D&#039;ADP, L&#039;ADVOCNAR CO-SIGNE LE M\u00c9MOIRE &quot;PORTE \u00c9TROITE&quot; \u00c0 DESTINATION DU CONSEIL CONSTITUTIONNEL - Advocnar\" \/>\n<meta property=\"og:description\" content=\"L&rsquo;ADVOCNAR, ainsi que les riverains des a\u00e9roports franciliens et leurs associations, s\u2019opposent fermement \u00e0 la privatisation d&rsquo;ADP. En effet ils craignent que les quelques acquis obtenus de haute lutte pour sauvegarder leur sant\u00e9 et leur cadre de vie soient mis \u00e0 mal par une exploitation maximale de la capacit\u00e9 des plateformes. Cette\u00a0 m\u00e9fiance se trouve [&hellip;]\" \/>\n<meta property=\"og:url\" content=\"https:\/\/www.clients.horus-informatique71.fr\/advocnar_backup\/2019\/05\/contre-la-privatisation-dadp-ladvocnar-co-signe-le-memoire-porte-etroite-a-destination-du-conseil-constitutionnel\/\" \/>\n<meta property=\"og:site_name\" content=\"Advocnar\" \/>\n<meta property=\"article:published_time\" content=\"2019-05-04T07:41:56+00:00\" \/>\n<meta property=\"og:image\" content=\"https:\/\/www.clients.horus-informatique71.fr\/advocnar_backup\/wp-content\/uploads\/2019\/05\/Conseil-Constitutionnel.jpg\" \/>\n\t<meta property=\"og:image:width\" content=\"832\" \/>\n\t<meta property=\"og:image:height\" content=\"625\" \/>\n\t<meta property=\"og:image:type\" content=\"image\/jpeg\" \/>\n<meta name=\"author\" content=\"FBrochot\" \/>\n<meta name=\"twitter:card\" content=\"summary_large_image\" \/>\n<meta name=\"twitter:label1\" content=\"\u00c9crit par\" \/>\n\t<meta name=\"twitter:data1\" content=\"FBrochot\" \/>\n\t<meta name=\"twitter:label2\" content=\"Dur\u00e9e de lecture estim\u00e9e\" \/>\n\t<meta name=\"twitter:data2\" content=\"1 minute\" \/>\n<script type=\"application\/ld+json\" class=\"yoast-schema-graph\">{\"@context\":\"https:\/\/schema.org\",\"@graph\":[{\"@type\":\"WebPage\",\"@id\":\"https:\/\/www.clients.horus-informatique71.fr\/advocnar_backup\/2019\/05\/contre-la-privatisation-dadp-ladvocnar-co-signe-le-memoire-porte-etroite-a-destination-du-conseil-constitutionnel\/\",\"url\":\"https:\/\/www.clients.horus-informatique71.fr\/advocnar_backup\/2019\/05\/contre-la-privatisation-dadp-ladvocnar-co-signe-le-memoire-porte-etroite-a-destination-du-conseil-constitutionnel\/\",\"name\":\"CONTRE LA PRIVATISATION D'ADP, L'ADVOCNAR CO-SIGNE LE M\u00c9MOIRE \\\"PORTE \u00c9TROITE\\\" \u00c0 DESTINATION DU CONSEIL CONSTITUTIONNEL - Advocnar\",\"isPartOf\":{\"@id\":\"https:\/\/www.clients.horus-informatique71.fr\/advocnar_backup\/#website\"},\"datePublished\":\"2019-05-04T07:41:56+00:00\",\"dateModified\":\"2019-05-04T07:41:56+00:00\",\"author\":{\"@id\":\"https:\/\/www.clients.horus-informatique71.fr\/advocnar_backup\/#\/schema\/person\/28ec283f897fb44e1146415d8015d23e\"},\"breadcrumb\":{\"@id\":\"https:\/\/www.clients.horus-informatique71.fr\/advocnar_backup\/2019\/05\/contre-la-privatisation-dadp-ladvocnar-co-signe-le-memoire-porte-etroite-a-destination-du-conseil-constitutionnel\/#breadcrumb\"},\"inLanguage\":\"fr-FR\",\"potentialAction\":[{\"@type\":\"ReadAction\",\"target\":[\"https:\/\/www.clients.horus-informatique71.fr\/advocnar_backup\/2019\/05\/contre-la-privatisation-dadp-ladvocnar-co-signe-le-memoire-porte-etroite-a-destination-du-conseil-constitutionnel\/\"]}]},{\"@type\":\"BreadcrumbList\",\"@id\":\"https:\/\/www.clients.horus-informatique71.fr\/advocnar_backup\/2019\/05\/contre-la-privatisation-dadp-ladvocnar-co-signe-le-memoire-porte-etroite-a-destination-du-conseil-constitutionnel\/#breadcrumb\",\"itemListElement\":[{\"@type\":\"ListItem\",\"position\":1,\"name\":\"Accueil\",\"item\":\"https:\/\/www.clients.horus-informatique71.fr\/advocnar_backup\/\"},{\"@type\":\"ListItem\",\"position\":2,\"name\":\"CONTRE LA PRIVATISATION D&#8217;ADP, L&#8217;ADVOCNAR CO-SIGNE LE M\u00c9MOIRE &#8220;PORTE \u00c9TROITE&#8221; \u00c0 DESTINATION DU CONSEIL CONSTITUTIONNEL\"}]},{\"@type\":\"WebSite\",\"@id\":\"https:\/\/www.clients.horus-informatique71.fr\/advocnar_backup\/#website\",\"url\":\"https:\/\/www.clients.horus-informatique71.fr\/advocnar_backup\/\",\"name\":\"Advocnar\",\"description\":\"Association de D\u00e9fense Contre les Nuisances A\u00e9riennes\",\"potentialAction\":[{\"@type\":\"SearchAction\",\"target\":{\"@type\":\"EntryPoint\",\"urlTemplate\":\"https:\/\/www.clients.horus-informatique71.fr\/advocnar_backup\/?s={search_term_string}\"},\"query-input\":\"required name=search_term_string\"}],\"inLanguage\":\"fr-FR\"},{\"@type\":\"Person\",\"@id\":\"https:\/\/www.clients.horus-informatique71.fr\/advocnar_backup\/#\/schema\/person\/28ec283f897fb44e1146415d8015d23e\",\"name\":\"FBrochot\",\"url\":\"https:\/\/www.clients.horus-informatique71.fr\/advocnar_backup\/author\/fbrochot\/\"}]}<\/script>\n<!-- \/ Yoast SEO plugin. -->","yoast_head_json":{"title":"CONTRE LA PRIVATISATION D'ADP, L'ADVOCNAR CO-SIGNE LE M\u00c9MOIRE \"PORTE \u00c9TROITE\" \u00c0 DESTINATION DU CONSEIL CONSTITUTIONNEL - Advocnar","robots":{"index":"index","follow":"follow","max-snippet":"max-snippet:-1","max-image-preview":"max-image-preview:large","max-video-preview":"max-video-preview:-1"},"canonical":"https:\/\/www.clients.horus-informatique71.fr\/advocnar_backup\/2019\/05\/contre-la-privatisation-dadp-ladvocnar-co-signe-le-memoire-porte-etroite-a-destination-du-conseil-constitutionnel\/","og_locale":"fr_FR","og_type":"article","og_title":"CONTRE LA PRIVATISATION D'ADP, L'ADVOCNAR CO-SIGNE LE M\u00c9MOIRE \"PORTE \u00c9TROITE\" \u00c0 DESTINATION DU CONSEIL CONSTITUTIONNEL - Advocnar","og_description":"L&rsquo;ADVOCNAR, ainsi que les riverains des a\u00e9roports franciliens et leurs associations, s\u2019opposent fermement \u00e0 la privatisation d&rsquo;ADP. En effet ils craignent que les quelques acquis obtenus de haute lutte pour sauvegarder leur sant\u00e9 et leur cadre de vie soient mis \u00e0 mal par une exploitation maximale de la capacit\u00e9 des plateformes. Cette\u00a0 m\u00e9fiance se trouve [&hellip;]","og_url":"https:\/\/www.clients.horus-informatique71.fr\/advocnar_backup\/2019\/05\/contre-la-privatisation-dadp-ladvocnar-co-signe-le-memoire-porte-etroite-a-destination-du-conseil-constitutionnel\/","og_site_name":"Advocnar","article_published_time":"2019-05-04T07:41:56+00:00","og_image":[{"width":832,"height":625,"url":"https:\/\/www.clients.horus-informatique71.fr\/advocnar_backup\/wp-content\/uploads\/2019\/05\/Conseil-Constitutionnel.jpg","type":"image\/jpeg"}],"author":"FBrochot","twitter_card":"summary_large_image","twitter_misc":{"\u00c9crit par":"FBrochot","Dur\u00e9e de lecture estim\u00e9e":"1 minute"},"schema":{"@context":"https:\/\/schema.org","@graph":[{"@type":"WebPage","@id":"https:\/\/www.clients.horus-informatique71.fr\/advocnar_backup\/2019\/05\/contre-la-privatisation-dadp-ladvocnar-co-signe-le-memoire-porte-etroite-a-destination-du-conseil-constitutionnel\/","url":"https:\/\/www.clients.horus-informatique71.fr\/advocnar_backup\/2019\/05\/contre-la-privatisation-dadp-ladvocnar-co-signe-le-memoire-porte-etroite-a-destination-du-conseil-constitutionnel\/","name":"CONTRE LA PRIVATISATION D'ADP, L'ADVOCNAR CO-SIGNE LE M\u00c9MOIRE \"PORTE \u00c9TROITE\" \u00c0 DESTINATION DU CONSEIL CONSTITUTIONNEL - Advocnar","isPartOf":{"@id":"https:\/\/www.clients.horus-informatique71.fr\/advocnar_backup\/#website"},"datePublished":"2019-05-04T07:41:56+00:00","dateModified":"2019-05-04T07:41:56+00:00","author":{"@id":"https:\/\/www.clients.horus-informatique71.fr\/advocnar_backup\/#\/schema\/person\/28ec283f897fb44e1146415d8015d23e"},"breadcrumb":{"@id":"https:\/\/www.clients.horus-informatique71.fr\/advocnar_backup\/2019\/05\/contre-la-privatisation-dadp-ladvocnar-co-signe-le-memoire-porte-etroite-a-destination-du-conseil-constitutionnel\/#breadcrumb"},"inLanguage":"fr-FR","potentialAction":[{"@type":"ReadAction","target":["https:\/\/www.clients.horus-informatique71.fr\/advocnar_backup\/2019\/05\/contre-la-privatisation-dadp-ladvocnar-co-signe-le-memoire-porte-etroite-a-destination-du-conseil-constitutionnel\/"]}]},{"@type":"BreadcrumbList","@id":"https:\/\/www.clients.horus-informatique71.fr\/advocnar_backup\/2019\/05\/contre-la-privatisation-dadp-ladvocnar-co-signe-le-memoire-porte-etroite-a-destination-du-conseil-constitutionnel\/#breadcrumb","itemListElement":[{"@type":"ListItem","position":1,"name":"Accueil","item":"https:\/\/www.clients.horus-informatique71.fr\/advocnar_backup\/"},{"@type":"ListItem","position":2,"name":"CONTRE LA PRIVATISATION D&#8217;ADP, L&#8217;ADVOCNAR CO-SIGNE LE M\u00c9MOIRE &#8220;PORTE \u00c9TROITE&#8221; \u00c0 DESTINATION DU CONSEIL CONSTITUTIONNEL"}]},{"@type":"WebSite","@id":"https:\/\/www.clients.horus-informatique71.fr\/advocnar_backup\/#website","url":"https:\/\/www.clients.horus-informatique71.fr\/advocnar_backup\/","name":"Advocnar","description":"Association de D\u00e9fense Contre les Nuisances A\u00e9riennes","potentialAction":[{"@type":"SearchAction","target":{"@type":"EntryPoint","urlTemplate":"https:\/\/www.clients.horus-informatique71.fr\/advocnar_backup\/?s={search_term_string}"},"query-input":"required name=search_term_string"}],"inLanguage":"fr-FR"},{"@type":"Person","@id":"https:\/\/www.clients.horus-informatique71.fr\/advocnar_backup\/#\/schema\/person\/28ec283f897fb44e1146415d8015d23e","name":"FBrochot","url":"https:\/\/www.clients.horus-informatique71.fr\/advocnar_backup\/author\/fbrochot\/"}]}},"_links":{"self":[{"href":"https:\/\/www.clients.horus-informatique71.fr\/advocnar_backup\/wp-json\/wp\/v2\/posts\/74966"}],"collection":[{"href":"https:\/\/www.clients.horus-informatique71.fr\/advocnar_backup\/wp-json\/wp\/v2\/posts"}],"about":[{"href":"https:\/\/www.clients.horus-informatique71.fr\/advocnar_backup\/wp-json\/wp\/v2\/types\/post"}],"author":[{"embeddable":true,"href":"https:\/\/www.clients.horus-informatique71.fr\/advocnar_backup\/wp-json\/wp\/v2\/users\/10"}],"replies":[{"embeddable":true,"href":"https:\/\/www.clients.horus-informatique71.fr\/advocnar_backup\/wp-json\/wp\/v2\/comments?post=74966"}],"version-history":[{"count":6,"href":"https:\/\/www.clients.horus-informatique71.fr\/advocnar_backup\/wp-json\/wp\/v2\/posts\/74966\/revisions"}],"predecessor-version":[{"id":74976,"href":"https:\/\/www.clients.horus-informatique71.fr\/advocnar_backup\/wp-json\/wp\/v2\/posts\/74966\/revisions\/74976"}],"wp:featuredmedia":[{"embeddable":true,"href":"https:\/\/www.clients.horus-informatique71.fr\/advocnar_backup\/wp-json\/wp\/v2\/media\/74971"}],"wp:attachment":[{"href":"https:\/\/www.clients.horus-informatique71.fr\/advocnar_backup\/wp-json\/wp\/v2\/media?parent=74966"}],"wp:term":[{"taxonomy":"category","embeddable":true,"href":"https:\/\/www.clients.horus-informatique71.fr\/advocnar_backup\/wp-json\/wp\/v2\/categories?post=74966"},{"taxonomy":"post_tag","embeddable":true,"href":"https:\/\/www.clients.horus-informatique71.fr\/advocnar_backup\/wp-json\/wp\/v2\/tags?post=74966"}],"curies":[{"name":"wp","href":"https:\/\/api.w.org\/{rel}","templated":true}]}}