{"id":75022,"date":"2019-05-06T14:41:39","date_gmt":"2019-05-06T12:41:39","guid":{"rendered":"https:\/\/www.clients.horus-informatique71.fr\/advocnar_backup\/?p=75022"},"modified":"2021-04-02T17:59:56","modified_gmt":"2021-04-02T15:59:56","slug":"privatisation-adp-gilets-jaunes-et-militants-deposent-un-recours-devant-le-conseil-constitutionnel","status":"publish","type":"post","link":"https:\/\/www.clients.horus-informatique71.fr\/advocnar_backup\/2019\/05\/privatisation-adp-gilets-jaunes-et-militants-deposent-un-recours-devant-le-conseil-constitutionnel\/","title":{"rendered":"Privatisation ADP : Gilets jaunes et militants d\u00e9posent un recours devant le Conseil constitutionnel"},"content":{"rendered":"<h4>06.05.2019 &#8211; RT France<\/h4>\n<h5>Soutenu par plusieurs collectifs* et citoyens, ma\u00eetre Christophe L\u00e8guevaques d\u00e9pose un recours au Conseil constitutionnel contre la privatisation des a\u00e9roports de Paris, le 6 mai<\/h5>\n<p>Des Gilets jaunes, ainsi que plusieurs collectifs oppos\u00e9s \u00e0 la privatisation des a\u00e9roports de Paris (ADP), ont d\u00e9pos\u00e9 ce 6 mai un m\u00e9moire de 52 pages au Conseil constitutionnel pour faire rejeter la loi Pacte qui pr\u00e9voit cette mesure.<\/p>\n<p>Les opposants \u00e0 la privatisation des a\u00e9roports de Paris (ADP), inscrite dans la loi Pacte, n\u2019ont pas dit leur dernier mot&nbsp;: ce 6 mai, plusieurs syndicats, associations ou simples citoyens se revendiquant pour certains Gilets jaunes ont d\u00e9cid\u00e9 de remettre au Conseil constitutionnel un m\u00e9moire de 52 pages afin de faire avorter ce projet fortement d\u00e9cri\u00e9 au sein de l\u2019opposition.<\/p>\n<p>Comme le rappellent les initiateurs de cette d\u00e9marche, des citoyens peuvent, dans le cadre d\u2019une proc\u00e9dure appel\u00e9e \u00abporte \u00e9troite citoyenne\u00bb, remettre un m\u00e9moire au Conseil des sages pour contester cette d\u00e9cision, si le Conseil a d\u00e9j\u00e0 \u00e9t\u00e9 saisi par au moins 60 d\u00e9put\u00e9s ou 60 s\u00e9nateurs.<\/p>\n<p>\u00abNous allons utiliser cette formule puisqu&rsquo;il y a d\u00e9j\u00e0 eu plusieurs recours de s\u00e9nateurs et d\u00e9put\u00e9s contre la loi Pacte\u00bb, a expliqu\u00e9 au Figaro&nbsp;l&rsquo;avocat Christophe L\u00e8guevaques, qui coordonne cette action. L\u2019instance avait \u00e9t\u00e9 saisie le 10 avril par des parlementaires principalement socialistes, communistes et du parti Les R\u00e9publicains (LR). Ils avaient annonc\u00e9 avoir recueilli les signatures n\u00e9cessaires \u00e0 un r\u00e9f\u00e9rendum d\u2019initiative partag\u00e9e contre la privatisation d&rsquo;A\u00e9roports de Paris (ADP).<\/p>\n<p><iframe loading=\"lazy\" width=\"640\" height=\"360\" src=\"https:\/\/www.youtube.com\/embed\/TUY5AeocNLM?feature=oembed\" frameborder=\"0\" allow=\"accelerometer; autoplay; encrypted-media; gyroscope; picture-in-picture\" allowfullscreen><\/iframe><\/p>\n<p>A l\u2019exception de quelques d\u00e9put\u00e9s Modem et de la majorit\u00e9 LREM, la privatisation des A\u00e9roports de Paris heurte bon nombre de&nbsp;parlementaires, mais selon un r\u00e9cent sondage Ifop\/Paris Match&nbsp;elle choquerait surtout la majorit\u00e9 des Fran\u00e7ais.&nbsp;Cette \u00e9tude, rendue publique le 18 avril, conclut que si un r\u00e9f\u00e9rendum \u00e9tait organis\u00e9 sur le projet de privatisation d\u2019ADP, 70% voteraient contre et 22% pour.<\/p>\n<p>Malgr\u00e9 cette forte opposition au sein de l&rsquo;opinion publique, le Parlement avait d\u00e9finitivement adopt\u00e9 le 11 avril la loi Pacte et le projet de privatisation des a\u00e9roports de Paris.<\/p>\n<hr>\n<p>* <em>Dont l&rsquo;ADVOCNAR (note de l&rsquo;association)<\/em><\/p>\n","protected":false},"excerpt":{"rendered":"<p>06.05.2019 &#8211; RT France Soutenu par plusieurs collectifs* et citoyens, ma\u00eetre Christophe L\u00e8guevaques d\u00e9pose un recours au Conseil constitutionnel contre la privatisation des a\u00e9roports de Paris, le 6 mai Des Gilets jaunes, ainsi que plusieurs collectifs oppos\u00e9s \u00e0 la privatisation des a\u00e9roports de Paris (ADP), ont d\u00e9pos\u00e9 ce 6 mai un m\u00e9moire de 52 pages [&hellip;]<\/p>\n","protected":false},"author":10,"featured_media":0,"comment_status":"closed","ping_status":"open","sticky":false,"template":"","format":"standard","meta":{"footnotes":""},"categories":[49],"tags":[],"yoast_head":"<!-- This site is optimized with the Yoast SEO plugin v22.0 - https:\/\/yoast.com\/wordpress\/plugins\/seo\/ -->\n<title>Privatisation ADP : Gilets jaunes et militants d\u00e9posent un recours devant le Conseil constitutionnel - Advocnar<\/title>\n<meta name=\"robots\" content=\"index, follow, max-snippet:-1, max-image-preview:large, max-video-preview:-1\" \/>\n<link rel=\"canonical\" href=\"https:\/\/www.clients.horus-informatique71.fr\/advocnar_backup\/2019\/05\/privatisation-adp-gilets-jaunes-et-militants-deposent-un-recours-devant-le-conseil-constitutionnel\/\" \/>\n<meta property=\"og:locale\" content=\"fr_FR\" \/>\n<meta property=\"og:type\" content=\"article\" \/>\n<meta property=\"og:title\" content=\"Privatisation ADP : Gilets jaunes et militants d\u00e9posent un recours devant le Conseil constitutionnel - Advocnar\" \/>\n<meta property=\"og:description\" content=\"06.05.2019 &#8211; RT France Soutenu par plusieurs collectifs* et citoyens, ma\u00eetre Christophe L\u00e8guevaques d\u00e9pose un recours au Conseil constitutionnel contre la privatisation des a\u00e9roports de Paris, le 6 mai Des Gilets jaunes, ainsi que plusieurs collectifs oppos\u00e9s \u00e0 la privatisation des a\u00e9roports de Paris (ADP), ont d\u00e9pos\u00e9 ce 6 mai un m\u00e9moire de 52 pages [&hellip;]\" \/>\n<meta property=\"og:url\" content=\"https:\/\/www.clients.horus-informatique71.fr\/advocnar_backup\/2019\/05\/privatisation-adp-gilets-jaunes-et-militants-deposent-un-recours-devant-le-conseil-constitutionnel\/\" \/>\n<meta property=\"og:site_name\" content=\"Advocnar\" \/>\n<meta property=\"article:published_time\" content=\"2019-05-06T12:41:39+00:00\" \/>\n<meta property=\"article:modified_time\" content=\"2021-04-02T15:59:56+00:00\" \/>\n<meta name=\"author\" content=\"FBrochot\" \/>\n<meta name=\"twitter:card\" content=\"summary_large_image\" \/>\n<meta name=\"twitter:label1\" content=\"\u00c9crit par\" \/>\n\t<meta name=\"twitter:data1\" content=\"FBrochot\" \/>\n\t<meta name=\"twitter:label2\" content=\"Dur\u00e9e de lecture estim\u00e9e\" \/>\n\t<meta name=\"twitter:data2\" content=\"2 minutes\" \/>\n<script type=\"application\/ld+json\" class=\"yoast-schema-graph\">{\"@context\":\"https:\/\/schema.org\",\"@graph\":[{\"@type\":\"WebPage\",\"@id\":\"https:\/\/www.clients.horus-informatique71.fr\/advocnar_backup\/2019\/05\/privatisation-adp-gilets-jaunes-et-militants-deposent-un-recours-devant-le-conseil-constitutionnel\/\",\"url\":\"https:\/\/www.clients.horus-informatique71.fr\/advocnar_backup\/2019\/05\/privatisation-adp-gilets-jaunes-et-militants-deposent-un-recours-devant-le-conseil-constitutionnel\/\",\"name\":\"Privatisation ADP : Gilets jaunes et militants d\u00e9posent un recours devant le Conseil constitutionnel - Advocnar\",\"isPartOf\":{\"@id\":\"https:\/\/www.clients.horus-informatique71.fr\/advocnar_backup\/#website\"},\"datePublished\":\"2019-05-06T12:41:39+00:00\",\"dateModified\":\"2021-04-02T15:59:56+00:00\",\"author\":{\"@id\":\"https:\/\/www.clients.horus-informatique71.fr\/advocnar_backup\/#\/schema\/person\/28ec283f897fb44e1146415d8015d23e\"},\"breadcrumb\":{\"@id\":\"https:\/\/www.clients.horus-informatique71.fr\/advocnar_backup\/2019\/05\/privatisation-adp-gilets-jaunes-et-militants-deposent-un-recours-devant-le-conseil-constitutionnel\/#breadcrumb\"},\"inLanguage\":\"fr-FR\",\"potentialAction\":[{\"@type\":\"ReadAction\",\"target\":[\"https:\/\/www.clients.horus-informatique71.fr\/advocnar_backup\/2019\/05\/privatisation-adp-gilets-jaunes-et-militants-deposent-un-recours-devant-le-conseil-constitutionnel\/\"]}]},{\"@type\":\"BreadcrumbList\",\"@id\":\"https:\/\/www.clients.horus-informatique71.fr\/advocnar_backup\/2019\/05\/privatisation-adp-gilets-jaunes-et-militants-deposent-un-recours-devant-le-conseil-constitutionnel\/#breadcrumb\",\"itemListElement\":[{\"@type\":\"ListItem\",\"position\":1,\"name\":\"Accueil\",\"item\":\"https:\/\/www.clients.horus-informatique71.fr\/advocnar_backup\/\"},{\"@type\":\"ListItem\",\"position\":2,\"name\":\"Privatisation ADP : Gilets jaunes et militants d\u00e9posent un recours devant le Conseil constitutionnel\"}]},{\"@type\":\"WebSite\",\"@id\":\"https:\/\/www.clients.horus-informatique71.fr\/advocnar_backup\/#website\",\"url\":\"https:\/\/www.clients.horus-informatique71.fr\/advocnar_backup\/\",\"name\":\"Advocnar\",\"description\":\"Association de D\u00e9fense Contre les Nuisances A\u00e9riennes\",\"potentialAction\":[{\"@type\":\"SearchAction\",\"target\":{\"@type\":\"EntryPoint\",\"urlTemplate\":\"https:\/\/www.clients.horus-informatique71.fr\/advocnar_backup\/?s={search_term_string}\"},\"query-input\":\"required name=search_term_string\"}],\"inLanguage\":\"fr-FR\"},{\"@type\":\"Person\",\"@id\":\"https:\/\/www.clients.horus-informatique71.fr\/advocnar_backup\/#\/schema\/person\/28ec283f897fb44e1146415d8015d23e\",\"name\":\"FBrochot\",\"url\":\"https:\/\/www.clients.horus-informatique71.fr\/advocnar_backup\/author\/fbrochot\/\"}]}<\/script>\n<!-- \/ Yoast SEO plugin. -->","yoast_head_json":{"title":"Privatisation ADP : Gilets jaunes et militants d\u00e9posent un recours devant le Conseil constitutionnel - Advocnar","robots":{"index":"index","follow":"follow","max-snippet":"max-snippet:-1","max-image-preview":"max-image-preview:large","max-video-preview":"max-video-preview:-1"},"canonical":"https:\/\/www.clients.horus-informatique71.fr\/advocnar_backup\/2019\/05\/privatisation-adp-gilets-jaunes-et-militants-deposent-un-recours-devant-le-conseil-constitutionnel\/","og_locale":"fr_FR","og_type":"article","og_title":"Privatisation ADP : Gilets jaunes et militants d\u00e9posent un recours devant le Conseil constitutionnel - Advocnar","og_description":"06.05.2019 &#8211; RT France Soutenu par plusieurs collectifs* et citoyens, ma\u00eetre Christophe L\u00e8guevaques d\u00e9pose un recours au Conseil constitutionnel contre la privatisation des a\u00e9roports de Paris, le 6 mai Des Gilets jaunes, ainsi que plusieurs collectifs oppos\u00e9s \u00e0 la privatisation des a\u00e9roports de Paris (ADP), ont d\u00e9pos\u00e9 ce 6 mai un m\u00e9moire de 52 pages [&hellip;]","og_url":"https:\/\/www.clients.horus-informatique71.fr\/advocnar_backup\/2019\/05\/privatisation-adp-gilets-jaunes-et-militants-deposent-un-recours-devant-le-conseil-constitutionnel\/","og_site_name":"Advocnar","article_published_time":"2019-05-06T12:41:39+00:00","article_modified_time":"2021-04-02T15:59:56+00:00","author":"FBrochot","twitter_card":"summary_large_image","twitter_misc":{"\u00c9crit par":"FBrochot","Dur\u00e9e de lecture estim\u00e9e":"2 minutes"},"schema":{"@context":"https:\/\/schema.org","@graph":[{"@type":"WebPage","@id":"https:\/\/www.clients.horus-informatique71.fr\/advocnar_backup\/2019\/05\/privatisation-adp-gilets-jaunes-et-militants-deposent-un-recours-devant-le-conseil-constitutionnel\/","url":"https:\/\/www.clients.horus-informatique71.fr\/advocnar_backup\/2019\/05\/privatisation-adp-gilets-jaunes-et-militants-deposent-un-recours-devant-le-conseil-constitutionnel\/","name":"Privatisation ADP : Gilets jaunes et militants d\u00e9posent un recours devant le Conseil constitutionnel - Advocnar","isPartOf":{"@id":"https:\/\/www.clients.horus-informatique71.fr\/advocnar_backup\/#website"},"datePublished":"2019-05-06T12:41:39+00:00","dateModified":"2021-04-02T15:59:56+00:00","author":{"@id":"https:\/\/www.clients.horus-informatique71.fr\/advocnar_backup\/#\/schema\/person\/28ec283f897fb44e1146415d8015d23e"},"breadcrumb":{"@id":"https:\/\/www.clients.horus-informatique71.fr\/advocnar_backup\/2019\/05\/privatisation-adp-gilets-jaunes-et-militants-deposent-un-recours-devant-le-conseil-constitutionnel\/#breadcrumb"},"inLanguage":"fr-FR","potentialAction":[{"@type":"ReadAction","target":["https:\/\/www.clients.horus-informatique71.fr\/advocnar_backup\/2019\/05\/privatisation-adp-gilets-jaunes-et-militants-deposent-un-recours-devant-le-conseil-constitutionnel\/"]}]},{"@type":"BreadcrumbList","@id":"https:\/\/www.clients.horus-informatique71.fr\/advocnar_backup\/2019\/05\/privatisation-adp-gilets-jaunes-et-militants-deposent-un-recours-devant-le-conseil-constitutionnel\/#breadcrumb","itemListElement":[{"@type":"ListItem","position":1,"name":"Accueil","item":"https:\/\/www.clients.horus-informatique71.fr\/advocnar_backup\/"},{"@type":"ListItem","position":2,"name":"Privatisation ADP : Gilets jaunes et militants d\u00e9posent un recours devant le Conseil constitutionnel"}]},{"@type":"WebSite","@id":"https:\/\/www.clients.horus-informatique71.fr\/advocnar_backup\/#website","url":"https:\/\/www.clients.horus-informatique71.fr\/advocnar_backup\/","name":"Advocnar","description":"Association de D\u00e9fense Contre les Nuisances A\u00e9riennes","potentialAction":[{"@type":"SearchAction","target":{"@type":"EntryPoint","urlTemplate":"https:\/\/www.clients.horus-informatique71.fr\/advocnar_backup\/?s={search_term_string}"},"query-input":"required name=search_term_string"}],"inLanguage":"fr-FR"},{"@type":"Person","@id":"https:\/\/www.clients.horus-informatique71.fr\/advocnar_backup\/#\/schema\/person\/28ec283f897fb44e1146415d8015d23e","name":"FBrochot","url":"https:\/\/www.clients.horus-informatique71.fr\/advocnar_backup\/author\/fbrochot\/"}]}},"_links":{"self":[{"href":"https:\/\/www.clients.horus-informatique71.fr\/advocnar_backup\/wp-json\/wp\/v2\/posts\/75022"}],"collection":[{"href":"https:\/\/www.clients.horus-informatique71.fr\/advocnar_backup\/wp-json\/wp\/v2\/posts"}],"about":[{"href":"https:\/\/www.clients.horus-informatique71.fr\/advocnar_backup\/wp-json\/wp\/v2\/types\/post"}],"author":[{"embeddable":true,"href":"https:\/\/www.clients.horus-informatique71.fr\/advocnar_backup\/wp-json\/wp\/v2\/users\/10"}],"replies":[{"embeddable":true,"href":"https:\/\/www.clients.horus-informatique71.fr\/advocnar_backup\/wp-json\/wp\/v2\/comments?post=75022"}],"version-history":[{"count":3,"href":"https:\/\/www.clients.horus-informatique71.fr\/advocnar_backup\/wp-json\/wp\/v2\/posts\/75022\/revisions"}],"predecessor-version":[{"id":76662,"href":"https:\/\/www.clients.horus-informatique71.fr\/advocnar_backup\/wp-json\/wp\/v2\/posts\/75022\/revisions\/76662"}],"wp:attachment":[{"href":"https:\/\/www.clients.horus-informatique71.fr\/advocnar_backup\/wp-json\/wp\/v2\/media?parent=75022"}],"wp:term":[{"taxonomy":"category","embeddable":true,"href":"https:\/\/www.clients.horus-informatique71.fr\/advocnar_backup\/wp-json\/wp\/v2\/categories?post=75022"},{"taxonomy":"post_tag","embeddable":true,"href":"https:\/\/www.clients.horus-informatique71.fr\/advocnar_backup\/wp-json\/wp\/v2\/tags?post=75022"}],"curies":[{"name":"wp","href":"https:\/\/api.w.org\/{rel}","templated":true}]}}