{"id":75041,"date":"2019-05-06T16:05:16","date_gmt":"2019-05-06T14:05:16","guid":{"rendered":"https:\/\/www.clients.horus-informatique71.fr\/advocnar_backup\/?p=75041"},"modified":"2019-06-13T19:37:24","modified_gmt":"2019-06-13T17:37:24","slug":"extension-de-roissy-cdg-stains-fait-du-bruit-contre-les-nuisances-aeriennes","status":"publish","type":"post","link":"https:\/\/www.clients.horus-informatique71.fr\/advocnar_backup\/2019\/05\/extension-de-roissy-cdg-stains-fait-du-bruit-contre-les-nuisances-aeriennes\/","title":{"rendered":"Extension de Roissy-CDG : Stains fait du bruit contre les nuisances a\u00e9riennes"},"content":{"rendered":"<h4>6.05.2019 &#8211; <a href=\"http:\/\/www.leparisien.fr\/seine-saint-denis-93\/extension-de-roissy-cdg-stains-fait-du-bruit-contre-les-nuisances-aeriennes-06-05-2019-8066928.php#xtor=AD-1481423552\">LE PARISIEN<\/a><\/h4>\n<p><em>Anthony Lieures<\/em><\/p>\n<h4>Une manifestation \u00e9tait organis\u00e9e ce lundi soir devant l\u2019h\u00f4tel de ville pour protester contre la construction d\u2019un nouveau terminal \u00e0 l\u2019a\u00e9roport \u00e0 Roissy.<\/h4>\n<p>Sous les avions, des habitants en col\u00e8re. A Stains, une manifestation \u00e9tait organis\u00e9e ce lundi soir pour protester contre <a href=\"http:\/\/www.leparisien.fr\/val-d-oise-95\/roissy-va-devenir-un-aeroport-xxl-20-10-2018-7923888.php\">le projet d\u2019extension de l\u2019a\u00e9roport de Roissy<\/a>. Elus, associations et habitants se sont rassembl\u00e9s devant l\u2019h\u00f4tel de ville, alors qu<a href=\"https:\/\/www.debatpublic.fr\/projet-terminal-4-a-laeroport-paris-charles-gaulle\">\u2019une concertation sur la cr\u00e9ation d\u2019un nouveau terminal, le T4,<\/a> court jusqu\u2019au 12 mai.<\/p>\n<p>Parmi les quelques dizaines de manifestants, Michel, 62 ans. \u00ab J\u2019habite \u00e0 Stains depuis 1961 et depuis la cr\u00e9ation de l\u2019a\u00e9roport (NDLR : en 1974), c\u2019est de pire en pire : on voit beaucoup plus d\u2019avions dans le ciel \u00bb, s\u2019alarme celui qui vit dans le quartier Avenir. \u00ab Parfois, pendant des conversations, on est oblig\u00e9 de s\u2019arr\u00eater \u00e0 cause du bruit, poursuit-il. Et la nuit, je dors mal. Les avions me r\u00e9veillent. \u00bb<\/p>\n<p>\u00ab On a l\u2019impression d\u2019habiter juste \u00e0 c\u00f4t\u00e9 des pistes \u00bb<\/p>\n<p>\u00ab Ils volent de plus en plus bas, observe \u00e9galement Albertina, 48 ans, qui habite la cit\u00e9-jardin. Le bruit est horrible. On a parfois l\u2019impression d\u2019habiter juste \u00e0 c\u00f4t\u00e9 des pistes. \u00bb<\/p>\n<p>C\u2019est le maire (PCF) de Stains, <a href=\"http:\/\/www.leparisien.fr\/actus\/azzedine-taibi\">Azzedine Ta\u00efbi<\/a>, qui a souhait\u00e9 organiser cette manifestation. \u00ab On est tr\u00e8s inquiet, explique l\u2019\u00e9dile. Il y a quelques mois, une \u00e9tude de Bruitparif (NDLR : <a href=\"http:\/\/www.leparisien.fr\/seine-saint-denis-93\/impact-du-bruit-sur-la-sante-epinay-sur-seine-cumule-les-nuisances-11-02-2019-8009568.php\">sur l\u2019impact du bruit sur la sant\u00e9<\/a>) a d\u00e9montr\u00e9 que le trafic a\u00e9rien avait un impact sur 30 % de la population de la ville. Et avec la construction du T4, cela ne peut qu\u2019empirer ! \u00bb<\/p>\n<p>D\u2019apr\u00e8s cet observatoire du bruit en Ile-de-France, <a href=\"http:\/\/www.leparisien.fr\/seine-saint-denis-93\/impact-du-bruit-sur-la-sante-epinay-sur-seine-cumule-les-nuisances-11-02-2019-8009568.php\">les habitants de Stains perdent plus de 21 mois d\u2019esp\u00e9rance de vie en bonne sant\u00e9<\/a>. Elle fait partie des villes les plus touch\u00e9es par ce ph\u00e9nom\u00e8ne en Seine-Saint-Denis, avec notamment Epinay-sur-Seine.<\/p>\n<p><img loading=\"lazy\" decoding=\"async\" width=\"1280\" height=\"634\" class=\"alignleft size-full wp-image-75043\" src=\"https:\/\/www.clients.horus-informatique71.fr\/advocnar_backup\/wp-content\/uploads\/2019\/06\/2019.06.04-le-parisien.jpg\" alt=\"\" srcset=\"https:\/\/www.clients.horus-informatique71.fr\/advocnar_backup\/wp-content\/uploads\/2019\/06\/2019.06.04-le-parisien.jpg 1280w, https:\/\/www.clients.horus-informatique71.fr\/advocnar_backup\/wp-content\/uploads\/2019\/06\/2019.06.04-le-parisien-300x149.jpg 300w, https:\/\/www.clients.horus-informatique71.fr\/advocnar_backup\/wp-content\/uploads\/2019\/06\/2019.06.04-le-parisien-768x380.jpg 768w, https:\/\/www.clients.horus-informatique71.fr\/advocnar_backup\/wp-content\/uploads\/2019\/06\/2019.06.04-le-parisien-1024x507.jpg 1024w\" sizes=\"(max-width: 1280px) 100vw, 1280px\" \/><\/p>\n<h4><\/h4>\n<h5>40 millions de passagers suppl\u00e9mentaires attendus<\/h5>\n<p>Car les deux communes, ainsi que Pierrefitte et Villetaneuse, sont \u00e0 la fois situ\u00e9es dans le couloir a\u00e9rien de l\u2019a\u00e9roport de Roissy et celui du <a href=\"http:\/\/www.entrevoisins.org\/Landmark-aviation-ouverture-terminal-VIP-Bourget.aspx\">Bourget, qui vient lui aussi d\u2019ouvrir un nouveau terminal.<\/a><\/p>\n<p>L\u2019association Advocnar, <a href=\"http:\/\/www.leparisien.fr\/val-d-oise-95\/une-petition-lancee-pour-un-developpement-regule-de-l-aeroport-de-roissy-15-04-2019-8053908.php\">qui d\u00e9fend les populations victimes des nuisances a\u00e9riennes<\/a>, s\u2019est associ\u00e9e \u00e0 la manifestation. \u00ab Ce projet doit apporter 40 millions de nouveaux passagers \u00e0 terme (NDLR : \u00e0 l\u2019horizon 2037), c\u2019est pharaonique ! s\u2019exclame sa secr\u00e9taire g\u00e9n\u00e9rale, Catherine Bouvier. Cela repr\u00e9sente 38 % de vols suppl\u00e9mentaires. Et donc plus de nuisance, plus de pollution\u2026 \u00bb<\/p>\n<p><img loading=\"lazy\" decoding=\"async\" class=\"wp-image-75044 aligncenter\" src=\"https:\/\/www.clients.horus-informatique71.fr\/advocnar_backup\/wp-content\/uploads\/2019\/06\/2019-le-parisien-catherine-bouvier.png\" alt=\"\" width=\"828\" height=\"410\" srcset=\"https:\/\/www.clients.horus-informatique71.fr\/advocnar_backup\/wp-content\/uploads\/2019\/06\/2019-le-parisien-catherine-bouvier.png 925w, https:\/\/www.clients.horus-informatique71.fr\/advocnar_backup\/wp-content\/uploads\/2019\/06\/2019-le-parisien-catherine-bouvier-300x149.png 300w, https:\/\/www.clients.horus-informatique71.fr\/advocnar_backup\/wp-content\/uploads\/2019\/06\/2019-le-parisien-catherine-bouvier-768x380.png 768w\" sizes=\"(max-width: 828px) 100vw, 828px\" \/><\/p>\n<h5>\u00ab Si les cr\u00e9ations d\u2019emploi se font au d\u00e9triment de la sant\u00e9 publique, je n\u2019en veux pas ! \u00bb<\/h5>\n<p>De son c\u00f4t\u00e9, le groupe A\u00e9roports de Paris vient de brandir une \u00e9tude qui estime que la cr\u00e9ation du nouveau terminal <a href=\"http:\/\/www.leparisien.fr\/val-d-oise-95\/aeroport-de-roissy-le-terminal-4-pourrait-creer-plus-de-40-000-emplois-05-05-2019-8066115.php\">entra\u00eenerait la cr\u00e9ation d\u2019environ 50 000 emplois direct<\/a>s, une fois sa construction achev\u00e9e dans sa totalit\u00e9, c\u2019est-\u00e0-dire vers 2037.<\/p>\n<p>\u00ab Bien s\u00fbr que cela va cr\u00e9er de l\u2019emploi, mais si ces cr\u00e9ations se font au d\u00e9triment de la sant\u00e9 publique, je n\u2019en veux pas ! insiste Azzedine Ta\u00efbi. Je pr\u00e9f\u00e8re d\u2019autres emplois, dont les activit\u00e9s respectent et encouragent la qualit\u00e9 environnementale. Et on peut en cr\u00e9er ! \u00bb<\/p>\n<p>&nbsp;<\/p>\n","protected":false},"excerpt":{"rendered":"<p>6.05.2019 &#8211; LE PARISIEN Anthony Lieures Une manifestation \u00e9tait organis\u00e9e ce lundi soir devant l\u2019h\u00f4tel de ville pour protester contre la construction d\u2019un nouveau terminal \u00e0 l\u2019a\u00e9roport \u00e0 Roissy. Sous les avions, des habitants en col\u00e8re. A Stains, une manifestation \u00e9tait organis\u00e9e ce lundi soir pour protester contre le projet d\u2019extension de l\u2019a\u00e9roport de Roissy. [&hellip;]<\/p>\n","protected":false},"author":10,"featured_media":75042,"comment_status":"closed","ping_status":"open","sticky":false,"template":"","format":"standard","meta":{"footnotes":""},"categories":[49],"tags":[],"yoast_head":"<!-- This site is optimized with the Yoast SEO plugin v22.0 - https:\/\/yoast.com\/wordpress\/plugins\/seo\/ -->\n<title>Extension de Roissy-CDG : Stains fait du bruit contre les nuisances a\u00e9riennes - Advocnar<\/title>\n<meta name=\"robots\" content=\"index, follow, max-snippet:-1, max-image-preview:large, max-video-preview:-1\" \/>\n<link rel=\"canonical\" href=\"https:\/\/www.clients.horus-informatique71.fr\/advocnar_backup\/2019\/05\/extension-de-roissy-cdg-stains-fait-du-bruit-contre-les-nuisances-aeriennes\/\" \/>\n<meta property=\"og:locale\" content=\"fr_FR\" \/>\n<meta property=\"og:type\" content=\"article\" \/>\n<meta property=\"og:title\" content=\"Extension de Roissy-CDG : Stains fait du bruit contre les nuisances a\u00e9riennes - Advocnar\" \/>\n<meta property=\"og:description\" content=\"6.05.2019 &#8211; LE PARISIEN Anthony Lieures Une manifestation \u00e9tait organis\u00e9e ce lundi soir devant l\u2019h\u00f4tel de ville pour protester contre la construction d\u2019un nouveau terminal \u00e0 l\u2019a\u00e9roport \u00e0 Roissy. Sous les avions, des habitants en col\u00e8re. A Stains, une manifestation \u00e9tait organis\u00e9e ce lundi soir pour protester contre le projet d\u2019extension de l\u2019a\u00e9roport de Roissy. [&hellip;]\" \/>\n<meta property=\"og:url\" content=\"https:\/\/www.clients.horus-informatique71.fr\/advocnar_backup\/2019\/05\/extension-de-roissy-cdg-stains-fait-du-bruit-contre-les-nuisances-aeriennes\/\" \/>\n<meta property=\"og:site_name\" content=\"Advocnar\" \/>\n<meta property=\"article:published_time\" content=\"2019-05-06T14:05:16+00:00\" \/>\n<meta property=\"article:modified_time\" content=\"2019-06-13T17:37:24+00:00\" \/>\n<meta property=\"og:image\" content=\"https:\/\/www.clients.horus-informatique71.fr\/advocnar_backup\/wp-content\/uploads\/2019\/06\/2019-05-06-Le-Parisien-Photo-1.jpg\" \/>\n\t<meta property=\"og:image:width\" content=\"832\" \/>\n\t<meta property=\"og:image:height\" content=\"625\" \/>\n\t<meta property=\"og:image:type\" content=\"image\/jpeg\" \/>\n<meta name=\"author\" content=\"FBrochot\" \/>\n<meta name=\"twitter:card\" content=\"summary_large_image\" \/>\n<meta name=\"twitter:label1\" content=\"\u00c9crit par\" \/>\n\t<meta name=\"twitter:data1\" content=\"FBrochot\" \/>\n\t<meta name=\"twitter:label2\" content=\"Dur\u00e9e de lecture estim\u00e9e\" \/>\n\t<meta name=\"twitter:data2\" content=\"3 minutes\" \/>\n<script type=\"application\/ld+json\" class=\"yoast-schema-graph\">{\"@context\":\"https:\/\/schema.org\",\"@graph\":[{\"@type\":\"WebPage\",\"@id\":\"https:\/\/www.clients.horus-informatique71.fr\/advocnar_backup\/2019\/05\/extension-de-roissy-cdg-stains-fait-du-bruit-contre-les-nuisances-aeriennes\/\",\"url\":\"https:\/\/www.clients.horus-informatique71.fr\/advocnar_backup\/2019\/05\/extension-de-roissy-cdg-stains-fait-du-bruit-contre-les-nuisances-aeriennes\/\",\"name\":\"Extension de Roissy-CDG : Stains fait du bruit contre les nuisances a\u00e9riennes - Advocnar\",\"isPartOf\":{\"@id\":\"https:\/\/www.clients.horus-informatique71.fr\/advocnar_backup\/#website\"},\"datePublished\":\"2019-05-06T14:05:16+00:00\",\"dateModified\":\"2019-06-13T17:37:24+00:00\",\"author\":{\"@id\":\"https:\/\/www.clients.horus-informatique71.fr\/advocnar_backup\/#\/schema\/person\/28ec283f897fb44e1146415d8015d23e\"},\"breadcrumb\":{\"@id\":\"https:\/\/www.clients.horus-informatique71.fr\/advocnar_backup\/2019\/05\/extension-de-roissy-cdg-stains-fait-du-bruit-contre-les-nuisances-aeriennes\/#breadcrumb\"},\"inLanguage\":\"fr-FR\",\"potentialAction\":[{\"@type\":\"ReadAction\",\"target\":[\"https:\/\/www.clients.horus-informatique71.fr\/advocnar_backup\/2019\/05\/extension-de-roissy-cdg-stains-fait-du-bruit-contre-les-nuisances-aeriennes\/\"]}]},{\"@type\":\"BreadcrumbList\",\"@id\":\"https:\/\/www.clients.horus-informatique71.fr\/advocnar_backup\/2019\/05\/extension-de-roissy-cdg-stains-fait-du-bruit-contre-les-nuisances-aeriennes\/#breadcrumb\",\"itemListElement\":[{\"@type\":\"ListItem\",\"position\":1,\"name\":\"Accueil\",\"item\":\"https:\/\/www.clients.horus-informatique71.fr\/advocnar_backup\/\"},{\"@type\":\"ListItem\",\"position\":2,\"name\":\"Extension de Roissy-CDG : Stains fait du bruit contre les nuisances a\u00e9riennes\"}]},{\"@type\":\"WebSite\",\"@id\":\"https:\/\/www.clients.horus-informatique71.fr\/advocnar_backup\/#website\",\"url\":\"https:\/\/www.clients.horus-informatique71.fr\/advocnar_backup\/\",\"name\":\"Advocnar\",\"description\":\"Association de D\u00e9fense Contre les Nuisances A\u00e9riennes\",\"potentialAction\":[{\"@type\":\"SearchAction\",\"target\":{\"@type\":\"EntryPoint\",\"urlTemplate\":\"https:\/\/www.clients.horus-informatique71.fr\/advocnar_backup\/?s={search_term_string}\"},\"query-input\":\"required name=search_term_string\"}],\"inLanguage\":\"fr-FR\"},{\"@type\":\"Person\",\"@id\":\"https:\/\/www.clients.horus-informatique71.fr\/advocnar_backup\/#\/schema\/person\/28ec283f897fb44e1146415d8015d23e\",\"name\":\"FBrochot\",\"url\":\"https:\/\/www.clients.horus-informatique71.fr\/advocnar_backup\/author\/fbrochot\/\"}]}<\/script>\n<!-- \/ Yoast SEO plugin. -->","yoast_head_json":{"title":"Extension de Roissy-CDG : Stains fait du bruit contre les nuisances a\u00e9riennes - Advocnar","robots":{"index":"index","follow":"follow","max-snippet":"max-snippet:-1","max-image-preview":"max-image-preview:large","max-video-preview":"max-video-preview:-1"},"canonical":"https:\/\/www.clients.horus-informatique71.fr\/advocnar_backup\/2019\/05\/extension-de-roissy-cdg-stains-fait-du-bruit-contre-les-nuisances-aeriennes\/","og_locale":"fr_FR","og_type":"article","og_title":"Extension de Roissy-CDG : Stains fait du bruit contre les nuisances a\u00e9riennes - Advocnar","og_description":"6.05.2019 &#8211; LE PARISIEN Anthony Lieures Une manifestation \u00e9tait organis\u00e9e ce lundi soir devant l\u2019h\u00f4tel de ville pour protester contre la construction d\u2019un nouveau terminal \u00e0 l\u2019a\u00e9roport \u00e0 Roissy. Sous les avions, des habitants en col\u00e8re. A Stains, une manifestation \u00e9tait organis\u00e9e ce lundi soir pour protester contre le projet d\u2019extension de l\u2019a\u00e9roport de Roissy. [&hellip;]","og_url":"https:\/\/www.clients.horus-informatique71.fr\/advocnar_backup\/2019\/05\/extension-de-roissy-cdg-stains-fait-du-bruit-contre-les-nuisances-aeriennes\/","og_site_name":"Advocnar","article_published_time":"2019-05-06T14:05:16+00:00","article_modified_time":"2019-06-13T17:37:24+00:00","og_image":[{"width":832,"height":625,"url":"https:\/\/www.clients.horus-informatique71.fr\/advocnar_backup\/wp-content\/uploads\/2019\/06\/2019-05-06-Le-Parisien-Photo-1.jpg","type":"image\/jpeg"}],"author":"FBrochot","twitter_card":"summary_large_image","twitter_misc":{"\u00c9crit par":"FBrochot","Dur\u00e9e de lecture estim\u00e9e":"3 minutes"},"schema":{"@context":"https:\/\/schema.org","@graph":[{"@type":"WebPage","@id":"https:\/\/www.clients.horus-informatique71.fr\/advocnar_backup\/2019\/05\/extension-de-roissy-cdg-stains-fait-du-bruit-contre-les-nuisances-aeriennes\/","url":"https:\/\/www.clients.horus-informatique71.fr\/advocnar_backup\/2019\/05\/extension-de-roissy-cdg-stains-fait-du-bruit-contre-les-nuisances-aeriennes\/","name":"Extension de Roissy-CDG : Stains fait du bruit contre les nuisances a\u00e9riennes - Advocnar","isPartOf":{"@id":"https:\/\/www.clients.horus-informatique71.fr\/advocnar_backup\/#website"},"datePublished":"2019-05-06T14:05:16+00:00","dateModified":"2019-06-13T17:37:24+00:00","author":{"@id":"https:\/\/www.clients.horus-informatique71.fr\/advocnar_backup\/#\/schema\/person\/28ec283f897fb44e1146415d8015d23e"},"breadcrumb":{"@id":"https:\/\/www.clients.horus-informatique71.fr\/advocnar_backup\/2019\/05\/extension-de-roissy-cdg-stains-fait-du-bruit-contre-les-nuisances-aeriennes\/#breadcrumb"},"inLanguage":"fr-FR","potentialAction":[{"@type":"ReadAction","target":["https:\/\/www.clients.horus-informatique71.fr\/advocnar_backup\/2019\/05\/extension-de-roissy-cdg-stains-fait-du-bruit-contre-les-nuisances-aeriennes\/"]}]},{"@type":"BreadcrumbList","@id":"https:\/\/www.clients.horus-informatique71.fr\/advocnar_backup\/2019\/05\/extension-de-roissy-cdg-stains-fait-du-bruit-contre-les-nuisances-aeriennes\/#breadcrumb","itemListElement":[{"@type":"ListItem","position":1,"name":"Accueil","item":"https:\/\/www.clients.horus-informatique71.fr\/advocnar_backup\/"},{"@type":"ListItem","position":2,"name":"Extension de Roissy-CDG : Stains fait du bruit contre les nuisances a\u00e9riennes"}]},{"@type":"WebSite","@id":"https:\/\/www.clients.horus-informatique71.fr\/advocnar_backup\/#website","url":"https:\/\/www.clients.horus-informatique71.fr\/advocnar_backup\/","name":"Advocnar","description":"Association de D\u00e9fense Contre les Nuisances A\u00e9riennes","potentialAction":[{"@type":"SearchAction","target":{"@type":"EntryPoint","urlTemplate":"https:\/\/www.clients.horus-informatique71.fr\/advocnar_backup\/?s={search_term_string}"},"query-input":"required name=search_term_string"}],"inLanguage":"fr-FR"},{"@type":"Person","@id":"https:\/\/www.clients.horus-informatique71.fr\/advocnar_backup\/#\/schema\/person\/28ec283f897fb44e1146415d8015d23e","name":"FBrochot","url":"https:\/\/www.clients.horus-informatique71.fr\/advocnar_backup\/author\/fbrochot\/"}]}},"_links":{"self":[{"href":"https:\/\/www.clients.horus-informatique71.fr\/advocnar_backup\/wp-json\/wp\/v2\/posts\/75041"}],"collection":[{"href":"https:\/\/www.clients.horus-informatique71.fr\/advocnar_backup\/wp-json\/wp\/v2\/posts"}],"about":[{"href":"https:\/\/www.clients.horus-informatique71.fr\/advocnar_backup\/wp-json\/wp\/v2\/types\/post"}],"author":[{"embeddable":true,"href":"https:\/\/www.clients.horus-informatique71.fr\/advocnar_backup\/wp-json\/wp\/v2\/users\/10"}],"replies":[{"embeddable":true,"href":"https:\/\/www.clients.horus-informatique71.fr\/advocnar_backup\/wp-json\/wp\/v2\/comments?post=75041"}],"version-history":[{"count":3,"href":"https:\/\/www.clients.horus-informatique71.fr\/advocnar_backup\/wp-json\/wp\/v2\/posts\/75041\/revisions"}],"predecessor-version":[{"id":75049,"href":"https:\/\/www.clients.horus-informatique71.fr\/advocnar_backup\/wp-json\/wp\/v2\/posts\/75041\/revisions\/75049"}],"wp:featuredmedia":[{"embeddable":true,"href":"https:\/\/www.clients.horus-informatique71.fr\/advocnar_backup\/wp-json\/wp\/v2\/media\/75042"}],"wp:attachment":[{"href":"https:\/\/www.clients.horus-informatique71.fr\/advocnar_backup\/wp-json\/wp\/v2\/media?parent=75041"}],"wp:term":[{"taxonomy":"category","embeddable":true,"href":"https:\/\/www.clients.horus-informatique71.fr\/advocnar_backup\/wp-json\/wp\/v2\/categories?post=75041"},{"taxonomy":"post_tag","embeddable":true,"href":"https:\/\/www.clients.horus-informatique71.fr\/advocnar_backup\/wp-json\/wp\/v2\/tags?post=75041"}],"curies":[{"name":"wp","href":"https:\/\/api.w.org\/{rel}","templated":true}]}}