{"id":75065,"date":"2019-05-15T21:04:20","date_gmt":"2019-05-15T19:04:20","guid":{"rendered":"https:\/\/www.clients.horus-informatique71.fr\/advocnar_backup\/?p=75065"},"modified":"2019-06-16T23:03:08","modified_gmt":"2019-06-16T21:03:08","slug":"roissy-orly-les-compagnies-aeriennes-mises-a-lamende","status":"publish","type":"post","link":"https:\/\/www.clients.horus-informatique71.fr\/advocnar_backup\/2019\/05\/roissy-orly-les-compagnies-aeriennes-mises-a-lamende\/","title":{"rendered":"Roissy-Orly : les compagnies a\u00e9riennes mises \u00e0 l\u2019amende"},"content":{"rendered":"<h4>15 .05. 2019 &#8211; <a href=\"http:\/\/www.leparisien.fr\/essonne-91\/roissy-orly-les-compagnies-aeriennes-mises-a-l-amende-15-05-2019-8072757.php?fbclid=IwAR2OfaIdTYRPKc0Qe_cGFWT-i_Q6j5F3QKgf5ByAwFrZkqqfjkjC2f_JIiw\">Le Parisien<\/a><\/h4>\n<p><em>Thibault Chaffotte et C\u00e9cile Chevallier<\/em><\/p>\n<h5>En 2018, 90 amendes ont \u00e9t\u00e9 adress\u00e9es aux compagnies a\u00e9riennes de Paris-Roissy-Charles-de-Gaulle et Orly par l\u2019autorit\u00e9 de contr\u00f4le des nuisances a\u00e9roportuaires (Acnusa). Parmi les infractions, le non-respect des couloirs a\u00e9riens.<\/h5>\n<p>\u00ab Plus de vigilance, mais encore trop de manquements aux r\u00e8gles. \u00bb C\u2019est en r\u00e9sum\u00e9 la position de l\u2019Autorit\u00e9 de contr\u00f4le des nuisances a\u00e9riennes (Acnusa), souvent appel\u00e9 le gendarme du ciel.<\/p>\n<p>Son nouveau pr\u00e9sident, Gilles Leblanc, dresse le bilan des poursuites engag\u00e9es \u00e0 l\u2019encontre des compagnies a\u00e9riennes pour les a\u00e9roports de Roissy et Orly, par exemple sur le nom respect des couloirs a\u00e9riens ou la violation du couvre-feu pour les d\u00e9collages et atterrissages. Les deux principaux a\u00e9roports de la r\u00e9gion parisienne ont accueilli (avec celui du Bourget) plus de 101 millions de voyageurs en 2017. Pour rappeler \u00e0 l\u2019ordre les compagnies qui d\u00e9rogent aux r\u00e8gles, une surveillance est donc assur\u00e9e, qui peut d\u00e9boucher sur des sanctions.<\/p>\n<p>L\u2019autorit\u00e9 de contr\u00f4le des nuisances a\u00e9roportuaires (Acnusa) a re\u00e7u des agents de la direction g\u00e9n\u00e9rale d\u2019aviation civile (DGAC), 315 dossiers d\u2019infractions li\u00e9es \u00e0 l\u2019activit\u00e9 de l\u2019a\u00e9roport de Roissy en 2018. \u00ab \u00c7a ne veut pas forc\u00e9ment dire qu\u2019il y aura 315 sanctions et amendes \u00bb, pr\u00e9vient Gilles Leblanc, pr\u00e9sident de l\u2019Acnusa. Comme pour les infractions routi\u00e8res, les compagnies a\u00e9riennes prises en d\u00e9faut peuvent contester les proc\u00e8s-verbaux. Le nombre de ces derniers est en nette augmentation.<\/p>\n<h5>Des amendes pouvant aller jusqu\u2019\u00e0 40 000 \u20ac<\/h5>\n<p>En 2018, l\u2019Acnusa a analys\u00e9 149 dossiers sur lesquels 66 ont donn\u00e9 lieu \u00e0 une amende, d\u2019un montant total de 1,4 M\u20ac.<\/p>\n<p>M\u00eame constat \u00e0 Paris-Orly. Si l\u2019Acnusa se f\u00e9licite du \u00ab renforcement de la vigilance \u00bb l\u2019Autorit\u00e9 \u00ab regrette le nombre encore trop important des infractions \u00bb ayant lieu sur l\u2019a\u00e9roport Paris-Orly. Et de citer ces chiffres : en 2017, 19 dossiers ont \u00e9t\u00e9 analys\u00e9s et ont tous fait l\u2019objet d\u2019amendes administratives.<\/p>\n<p>En 2018, 24 dossiers ont \u00e9t\u00e9 analys\u00e9s et sanctionn\u00e9s. Depuis le d\u00e9but de 2019, 11 dossiers examin\u00e9s ont d\u00e9bouch\u00e9 sur des amendes (dont le montant maximal \u00e0 Orly est de 20 000 \u20ac, contre 40 000 \u20ac \u00e0 Roissy). \u00ab L\u2019augmentation du nombre de proc\u00e8s-verbaux n\u2019est pas pas forc\u00e9ment le signe d\u2019une aggravation de la situation. Cela montre plut\u00f4t une augmentation de la rigueur des agents asserment\u00e9s de l\u2019Etat \u00bb, estime Gilles Leblanc.<\/p>\n<h5>La majorit\u00e9 des infractions li\u00e9e au non-respect des couloirs a\u00e9riens<\/h5>\n<p>Parmi les 81 dossiers en cours d\u2019instruction pour l\u2019a\u00e9roport d\u2019Orly, 72 sont relatifs au non-respect des couloirs a\u00e9riens. \u00ab \u00c0 Orly, c\u2019est le principal probl\u00e8me, souligne l\u2019Acnusa. Car le couvre-feu de 23 h 30 \u00e0 6 heures<a href=\"http:\/\/www.leparisien.fr\/essonne-91\/privatisation-d-adp-un-amendement-pour-proteger-les-riverains-d-orly-14-03-2019-8032080.php\"> (NDLR : une sp\u00e9cificit\u00e9 d\u2019Orly)<\/a>, hormis quelques exceptions, est globalement bien respect\u00e9. \u00bb Un point que les associations de d\u00e9fense des riverains ne contestent pas, m\u00eame si celles-ci pr\u00eachent pour un couvre-feu offrant aux habitants les huit heures de sommeil pr\u00e9conis\u00e9es par l\u2019Organisation mondiale de la sant\u00e9.<\/p>\n<h5>LES RECOMMANDATIONS DE L\u2019ACNUSA<\/h5>\n<p>Afin de r\u00e9duire les \u00e9missions sonores et polluantes subies par les riverains des a\u00e9roports de Paris-Roissy-Charles-de-Gaulle et de Paris-Orly, l\u2019Acnusa \u00e9met chaque ann\u00e9e des recommandations.<\/p>\n<p>Modernisation de la flotte des compagnies. \u00ab On demande la mise hors exploitation des avions les plus bruyants entre 22 heures \u00e0 6 heures \u00e0 Roissy. \u00c0 Orly, la restriction d\u2019usage des a\u00e9ronefs les plus bruyants entre 22 heures et 23 h 30 est \u00e0 l\u2019\u00e9tude, indique Gilles Leblanc, pr\u00e9sident de l\u2019Acnusa. Les compagnies doivent \u00eatre incit\u00e9es \u00e0 moderniser leur flotte gr\u00e2ce \u00e0 une modulation des taxes et redevances envisag\u00e9es. \u00bb<\/p>\n<p>Fonds d\u2019aide \u00e0 l\u2019insonorisation. \u00ab Les programmes d\u2019insonorisation doivent se d\u00e9ployer et si possible s\u2019acc\u00e9l\u00e9rer, souligne Gille Leblanc. On pr\u00e9conise de faire converger les financements pour l\u2019insonorisation avec les autres aides en faveur du logement comme la r\u00e9novation urbaine. \u00bb<\/p>\n<h5>Le temps de roulage des avions augmente la pollution<\/h5>\n<p>Les projets de d\u00e9veloppement des a\u00e9roports. Le groupe ADP (A\u00e9roports de Paris) concerte sur un nouveau terminal qui pourrait entra\u00eener une augmentation de 38 % du nombre d\u2019avions. \u00ab Ce qui nous pose une difficult\u00e9, ce n\u2019est pas le projet, pr\u00e9cise Gilles Leblanc. C\u2019est la capacit\u00e9 de r\u00e9duire les \u00e9missions dans un contexte d\u2019augmentation du trafic, qui se produira avec ou sans le projet. ADP va devoir d\u00e9montrer en quoi leur projet am\u00e9liore la situation par rapport \u00e0 l\u2019absence de projet.\u00bb L\u2019Acnusa a attir\u00e9 l\u2019attention de l\u2019a\u00e9roport sur le fait que \u00ab le temps de roulage des avions au sol, important \u00e0 Roissy, ne devait pas augmenter avec ce nouveau terminal, sous peine d\u2019aggraver la pollution \u00bb.<\/p>\n<p>\u00c0 Orly, o\u00f9 l\u2019a\u00e9roport vient tout juste d\u2019inaugurer sa nouvelle signal\u00e9tique, des \u00e9tudes vont \u00eatre effectu\u00e9es par ADP pour \u00ab appr\u00e9cier l\u2019opportunit\u00e9 d\u2019un prolongement de la piste 3 afin de r\u00e9duire les nuisances \u00bb. En attendant, cet \u00e9t\u00e9, 18 semaines de travaux vont reporter le trafic de la piste 3 (la piste sud) sur la piste 4, impactant des populations non survol\u00e9es actuellement.<\/p>\n<p>&nbsp;<\/p>\n<p>&nbsp;<\/p>\n","protected":false},"excerpt":{"rendered":"<p>15 .05. 2019 &#8211; Le Parisien Thibault Chaffotte et C\u00e9cile Chevallier En 2018, 90 amendes ont \u00e9t\u00e9 adress\u00e9es aux compagnies a\u00e9riennes de Paris-Roissy-Charles-de-Gaulle et Orly par l\u2019autorit\u00e9 de contr\u00f4le des nuisances a\u00e9roportuaires (Acnusa). Parmi les infractions, le non-respect des couloirs a\u00e9riens. \u00ab Plus de vigilance, mais encore trop de manquements aux r\u00e8gles. \u00bb C\u2019est en [&hellip;]<\/p>\n","protected":false},"author":10,"featured_media":75067,"comment_status":"closed","ping_status":"open","sticky":false,"template":"","format":"standard","meta":{"footnotes":""},"categories":[49],"tags":[],"yoast_head":"<!-- This site is optimized with the Yoast SEO plugin v22.0 - https:\/\/yoast.com\/wordpress\/plugins\/seo\/ -->\n<title>Roissy-Orly : les compagnies a\u00e9riennes mises \u00e0 l\u2019amende - Advocnar<\/title>\n<meta name=\"robots\" content=\"index, follow, max-snippet:-1, max-image-preview:large, max-video-preview:-1\" \/>\n<link rel=\"canonical\" href=\"https:\/\/www.clients.horus-informatique71.fr\/advocnar_backup\/2019\/05\/roissy-orly-les-compagnies-aeriennes-mises-a-lamende\/\" \/>\n<meta property=\"og:locale\" content=\"fr_FR\" \/>\n<meta property=\"og:type\" content=\"article\" \/>\n<meta property=\"og:title\" content=\"Roissy-Orly : les compagnies a\u00e9riennes mises \u00e0 l\u2019amende - Advocnar\" \/>\n<meta property=\"og:description\" content=\"15 .05. 2019 &#8211; Le Parisien Thibault Chaffotte et C\u00e9cile Chevallier En 2018, 90 amendes ont \u00e9t\u00e9 adress\u00e9es aux compagnies a\u00e9riennes de Paris-Roissy-Charles-de-Gaulle et Orly par l\u2019autorit\u00e9 de contr\u00f4le des nuisances a\u00e9roportuaires (Acnusa). Parmi les infractions, le non-respect des couloirs a\u00e9riens. \u00ab Plus de vigilance, mais encore trop de manquements aux r\u00e8gles. \u00bb C\u2019est en [&hellip;]\" \/>\n<meta property=\"og:url\" content=\"https:\/\/www.clients.horus-informatique71.fr\/advocnar_backup\/2019\/05\/roissy-orly-les-compagnies-aeriennes-mises-a-lamende\/\" \/>\n<meta property=\"og:site_name\" content=\"Advocnar\" \/>\n<meta property=\"article:published_time\" content=\"2019-05-15T19:04:20+00:00\" \/>\n<meta property=\"article:modified_time\" content=\"2019-06-16T21:03:08+00:00\" \/>\n<meta property=\"og:image\" content=\"https:\/\/www.clients.horus-informatique71.fr\/advocnar_backup\/wp-content\/uploads\/2019\/06\/2019-05-15-Le-Parisien-Photo.jpg\" \/>\n\t<meta property=\"og:image:width\" content=\"1000\" \/>\n\t<meta property=\"og:image:height\" content=\"625\" \/>\n\t<meta property=\"og:image:type\" content=\"image\/jpeg\" \/>\n<meta name=\"author\" content=\"FBrochot\" \/>\n<meta name=\"twitter:card\" content=\"summary_large_image\" \/>\n<meta name=\"twitter:label1\" content=\"\u00c9crit par\" \/>\n\t<meta name=\"twitter:data1\" content=\"FBrochot\" \/>\n\t<meta name=\"twitter:label2\" content=\"Dur\u00e9e de lecture estim\u00e9e\" \/>\n\t<meta name=\"twitter:data2\" content=\"4 minutes\" \/>\n<script type=\"application\/ld+json\" class=\"yoast-schema-graph\">{\"@context\":\"https:\/\/schema.org\",\"@graph\":[{\"@type\":\"WebPage\",\"@id\":\"https:\/\/www.clients.horus-informatique71.fr\/advocnar_backup\/2019\/05\/roissy-orly-les-compagnies-aeriennes-mises-a-lamende\/\",\"url\":\"https:\/\/www.clients.horus-informatique71.fr\/advocnar_backup\/2019\/05\/roissy-orly-les-compagnies-aeriennes-mises-a-lamende\/\",\"name\":\"Roissy-Orly : les compagnies a\u00e9riennes mises \u00e0 l\u2019amende - Advocnar\",\"isPartOf\":{\"@id\":\"https:\/\/www.clients.horus-informatique71.fr\/advocnar_backup\/#website\"},\"datePublished\":\"2019-05-15T19:04:20+00:00\",\"dateModified\":\"2019-06-16T21:03:08+00:00\",\"author\":{\"@id\":\"https:\/\/www.clients.horus-informatique71.fr\/advocnar_backup\/#\/schema\/person\/28ec283f897fb44e1146415d8015d23e\"},\"breadcrumb\":{\"@id\":\"https:\/\/www.clients.horus-informatique71.fr\/advocnar_backup\/2019\/05\/roissy-orly-les-compagnies-aeriennes-mises-a-lamende\/#breadcrumb\"},\"inLanguage\":\"fr-FR\",\"potentialAction\":[{\"@type\":\"ReadAction\",\"target\":[\"https:\/\/www.clients.horus-informatique71.fr\/advocnar_backup\/2019\/05\/roissy-orly-les-compagnies-aeriennes-mises-a-lamende\/\"]}]},{\"@type\":\"BreadcrumbList\",\"@id\":\"https:\/\/www.clients.horus-informatique71.fr\/advocnar_backup\/2019\/05\/roissy-orly-les-compagnies-aeriennes-mises-a-lamende\/#breadcrumb\",\"itemListElement\":[{\"@type\":\"ListItem\",\"position\":1,\"name\":\"Accueil\",\"item\":\"https:\/\/www.clients.horus-informatique71.fr\/advocnar_backup\/\"},{\"@type\":\"ListItem\",\"position\":2,\"name\":\"Roissy-Orly : les compagnies a\u00e9riennes mises \u00e0 l\u2019amende\"}]},{\"@type\":\"WebSite\",\"@id\":\"https:\/\/www.clients.horus-informatique71.fr\/advocnar_backup\/#website\",\"url\":\"https:\/\/www.clients.horus-informatique71.fr\/advocnar_backup\/\",\"name\":\"Advocnar\",\"description\":\"Association de D\u00e9fense Contre les Nuisances A\u00e9riennes\",\"potentialAction\":[{\"@type\":\"SearchAction\",\"target\":{\"@type\":\"EntryPoint\",\"urlTemplate\":\"https:\/\/www.clients.horus-informatique71.fr\/advocnar_backup\/?s={search_term_string}\"},\"query-input\":\"required name=search_term_string\"}],\"inLanguage\":\"fr-FR\"},{\"@type\":\"Person\",\"@id\":\"https:\/\/www.clients.horus-informatique71.fr\/advocnar_backup\/#\/schema\/person\/28ec283f897fb44e1146415d8015d23e\",\"name\":\"FBrochot\",\"url\":\"https:\/\/www.clients.horus-informatique71.fr\/advocnar_backup\/author\/fbrochot\/\"}]}<\/script>\n<!-- \/ Yoast SEO plugin. -->","yoast_head_json":{"title":"Roissy-Orly : les compagnies a\u00e9riennes mises \u00e0 l\u2019amende - Advocnar","robots":{"index":"index","follow":"follow","max-snippet":"max-snippet:-1","max-image-preview":"max-image-preview:large","max-video-preview":"max-video-preview:-1"},"canonical":"https:\/\/www.clients.horus-informatique71.fr\/advocnar_backup\/2019\/05\/roissy-orly-les-compagnies-aeriennes-mises-a-lamende\/","og_locale":"fr_FR","og_type":"article","og_title":"Roissy-Orly : les compagnies a\u00e9riennes mises \u00e0 l\u2019amende - Advocnar","og_description":"15 .05. 2019 &#8211; Le Parisien Thibault Chaffotte et C\u00e9cile Chevallier En 2018, 90 amendes ont \u00e9t\u00e9 adress\u00e9es aux compagnies a\u00e9riennes de Paris-Roissy-Charles-de-Gaulle et Orly par l\u2019autorit\u00e9 de contr\u00f4le des nuisances a\u00e9roportuaires (Acnusa). Parmi les infractions, le non-respect des couloirs a\u00e9riens. \u00ab Plus de vigilance, mais encore trop de manquements aux r\u00e8gles. \u00bb C\u2019est en [&hellip;]","og_url":"https:\/\/www.clients.horus-informatique71.fr\/advocnar_backup\/2019\/05\/roissy-orly-les-compagnies-aeriennes-mises-a-lamende\/","og_site_name":"Advocnar","article_published_time":"2019-05-15T19:04:20+00:00","article_modified_time":"2019-06-16T21:03:08+00:00","og_image":[{"width":1000,"height":625,"url":"https:\/\/www.clients.horus-informatique71.fr\/advocnar_backup\/wp-content\/uploads\/2019\/06\/2019-05-15-Le-Parisien-Photo.jpg","type":"image\/jpeg"}],"author":"FBrochot","twitter_card":"summary_large_image","twitter_misc":{"\u00c9crit par":"FBrochot","Dur\u00e9e de lecture estim\u00e9e":"4 minutes"},"schema":{"@context":"https:\/\/schema.org","@graph":[{"@type":"WebPage","@id":"https:\/\/www.clients.horus-informatique71.fr\/advocnar_backup\/2019\/05\/roissy-orly-les-compagnies-aeriennes-mises-a-lamende\/","url":"https:\/\/www.clients.horus-informatique71.fr\/advocnar_backup\/2019\/05\/roissy-orly-les-compagnies-aeriennes-mises-a-lamende\/","name":"Roissy-Orly : les compagnies a\u00e9riennes mises \u00e0 l\u2019amende - Advocnar","isPartOf":{"@id":"https:\/\/www.clients.horus-informatique71.fr\/advocnar_backup\/#website"},"datePublished":"2019-05-15T19:04:20+00:00","dateModified":"2019-06-16T21:03:08+00:00","author":{"@id":"https:\/\/www.clients.horus-informatique71.fr\/advocnar_backup\/#\/schema\/person\/28ec283f897fb44e1146415d8015d23e"},"breadcrumb":{"@id":"https:\/\/www.clients.horus-informatique71.fr\/advocnar_backup\/2019\/05\/roissy-orly-les-compagnies-aeriennes-mises-a-lamende\/#breadcrumb"},"inLanguage":"fr-FR","potentialAction":[{"@type":"ReadAction","target":["https:\/\/www.clients.horus-informatique71.fr\/advocnar_backup\/2019\/05\/roissy-orly-les-compagnies-aeriennes-mises-a-lamende\/"]}]},{"@type":"BreadcrumbList","@id":"https:\/\/www.clients.horus-informatique71.fr\/advocnar_backup\/2019\/05\/roissy-orly-les-compagnies-aeriennes-mises-a-lamende\/#breadcrumb","itemListElement":[{"@type":"ListItem","position":1,"name":"Accueil","item":"https:\/\/www.clients.horus-informatique71.fr\/advocnar_backup\/"},{"@type":"ListItem","position":2,"name":"Roissy-Orly : les compagnies a\u00e9riennes mises \u00e0 l\u2019amende"}]},{"@type":"WebSite","@id":"https:\/\/www.clients.horus-informatique71.fr\/advocnar_backup\/#website","url":"https:\/\/www.clients.horus-informatique71.fr\/advocnar_backup\/","name":"Advocnar","description":"Association de D\u00e9fense Contre les Nuisances A\u00e9riennes","potentialAction":[{"@type":"SearchAction","target":{"@type":"EntryPoint","urlTemplate":"https:\/\/www.clients.horus-informatique71.fr\/advocnar_backup\/?s={search_term_string}"},"query-input":"required name=search_term_string"}],"inLanguage":"fr-FR"},{"@type":"Person","@id":"https:\/\/www.clients.horus-informatique71.fr\/advocnar_backup\/#\/schema\/person\/28ec283f897fb44e1146415d8015d23e","name":"FBrochot","url":"https:\/\/www.clients.horus-informatique71.fr\/advocnar_backup\/author\/fbrochot\/"}]}},"_links":{"self":[{"href":"https:\/\/www.clients.horus-informatique71.fr\/advocnar_backup\/wp-json\/wp\/v2\/posts\/75065"}],"collection":[{"href":"https:\/\/www.clients.horus-informatique71.fr\/advocnar_backup\/wp-json\/wp\/v2\/posts"}],"about":[{"href":"https:\/\/www.clients.horus-informatique71.fr\/advocnar_backup\/wp-json\/wp\/v2\/types\/post"}],"author":[{"embeddable":true,"href":"https:\/\/www.clients.horus-informatique71.fr\/advocnar_backup\/wp-json\/wp\/v2\/users\/10"}],"replies":[{"embeddable":true,"href":"https:\/\/www.clients.horus-informatique71.fr\/advocnar_backup\/wp-json\/wp\/v2\/comments?post=75065"}],"version-history":[{"count":2,"href":"https:\/\/www.clients.horus-informatique71.fr\/advocnar_backup\/wp-json\/wp\/v2\/posts\/75065\/revisions"}],"predecessor-version":[{"id":75076,"href":"https:\/\/www.clients.horus-informatique71.fr\/advocnar_backup\/wp-json\/wp\/v2\/posts\/75065\/revisions\/75076"}],"wp:featuredmedia":[{"embeddable":true,"href":"https:\/\/www.clients.horus-informatique71.fr\/advocnar_backup\/wp-json\/wp\/v2\/media\/75067"}],"wp:attachment":[{"href":"https:\/\/www.clients.horus-informatique71.fr\/advocnar_backup\/wp-json\/wp\/v2\/media?parent=75065"}],"wp:term":[{"taxonomy":"category","embeddable":true,"href":"https:\/\/www.clients.horus-informatique71.fr\/advocnar_backup\/wp-json\/wp\/v2\/categories?post=75065"},{"taxonomy":"post_tag","embeddable":true,"href":"https:\/\/www.clients.horus-informatique71.fr\/advocnar_backup\/wp-json\/wp\/v2\/tags?post=75065"}],"curies":[{"name":"wp","href":"https:\/\/api.w.org\/{rel}","templated":true}]}}