{"id":75108,"date":"2019-07-13T10:06:07","date_gmt":"2019-07-13T08:06:07","guid":{"rendered":"https:\/\/www.clients.horus-informatique71.fr\/advocnar_backup\/?p=75108"},"modified":"2021-04-02T17:57:51","modified_gmt":"2021-04-02T15:57:51","slug":"ecotaxe-sur-les-billets-davion-quen-pensent-ladvocnar-et-air-france","status":"publish","type":"post","link":"https:\/\/www.clients.horus-informatique71.fr\/advocnar_backup\/2019\/07\/ecotaxe-sur-les-billets-davion-quen-pensent-ladvocnar-et-air-france\/","title":{"rendered":"\u00c9cotaxe sur les billets d\u2019avion : qu\u2019en pensent l\u2019ADVOCNAR et Air France ?"},"content":{"rendered":"<h4>10.07.2019 &#8211; Le Parisien<\/h4>\n<h5>L\u2019association milite pour la mise en place d\u2019une fiscalit\u00e9 \u00e9cologique au niveau europ\u00e9en alors qu\u2019Air France d\u00e9plore un frein \u00e0 la comp\u00e9titivit\u00e9.<\/h5>\n<p>Le gouvernement vient d&rsquo;annoncer la mise en place d&rsquo;une \u00e9cotaxe sur les billets d&rsquo;avion qui devra rapporter 180 M\u20ac par an \u00e0 partir de 2020. \u00ab Un premier pas positif vers l&rsquo;application du principe pollueur-payeur \u00bb salue l&rsquo;Association de d\u00e9fense du Val-d&rsquo;Oise contre les nuisances a\u00e9riennes (ADVOCNAR). Mais ces 180 M\u20ac \u00ab ne couvrent qu&rsquo;une tr\u00e8s faible part des co\u00fbts externes (bruit, pollutions, \u00e9missions de gaz \u00e0 effet de serre) inflig\u00e9s par ce mode de transport \u00bb, \u00e9valu\u00e9s \u00e0 plus de 4 M\u20ac par un rapport r\u00e9cent command\u00e9 par la commission europ\u00e9enne. \u00ab Il faut aller plus loin !, estime ainsi l&rsquo;ADVOCNAR qui milite pour \u00ab la mise en place d&rsquo;une fiscalit\u00e9 \u00e9cologique au niveau europ\u00e9en \u00bb.<\/p>\n<p>\u00ab Contrairement \u00e0 ce que pr\u00e9tendent les acteurs de l&rsquo;a\u00e9rien, la mise en place de taxes sur l&rsquo;a\u00e9rien n&rsquo;affecte ni le niveau d&#8217;emplois, ni le niveau du PIB europ\u00e9en. Tous les emplois non cr\u00e9\u00e9s dans l&rsquo;a\u00e9rien du fait de cette taxation sont cr\u00e9\u00e9s dans d&rsquo;autres secteurs, et la m\u00eame compensation existe pour le PIB \u00bb, conclut l&rsquo;association, en s&rsquo;appuyant sur une autre \u00e9tude command\u00e9e par la commission de Bruxelles.<\/p>\n<h5>Un frein \u00e0 la comp\u00e9titivit\u00e9 pour Air France<\/h5>\n<p>Air France, dont le si\u00e8ge social est \u00e0 Roissy, a \u00e9galement r\u00e9agi \u00e0 cette annonce. \u00ab Cette nouvelle taxe p\u00e9naliserait fortement la comp\u00e9titivit\u00e9 d&rsquo;Air France, alors que la compagnie a besoin de renforcer ses capacit\u00e9s d&rsquo;investissement pour acc\u00e9l\u00e9rer la r\u00e9duction son empreinte environnementale, notamment dans le cadre du renouvellement de sa flotte \u00bb, a r\u00e9agi la compagnie. Elle estime que cette taxe engendrerait un surco\u00fbt de plus de 60 M\u20ac par an pour le groupe. \u00ab La France compte parmi les pays taxant le plus le transport a\u00e9rien en Europe \u00bb, souligne \u00e9galement Air France. Elle ajoute que le poids des cotisations sociales y est plus \u00e9lev\u00e9 qu&rsquo;ailleurs.<\/p>\n<p>\u00ab La d\u00e9cision du gouvernement est d&rsquo;autant plus incompr\u00e9hensible que cette nouvelle taxe sur le transport a\u00e9rien devrait financer des modes de transport concurrents dont le transport routier et non la transition \u00e9nerg\u00e9tique dans le domaine a\u00e9rien \u00bb, ajoute-t-elle.<\/p>\n<p>&nbsp;<\/p>\n<p>&nbsp;<\/p>\n","protected":false},"excerpt":{"rendered":"<p>10.07.2019 &#8211; Le Parisien L\u2019association milite pour la mise en place d\u2019une fiscalit\u00e9 \u00e9cologique au niveau europ\u00e9en alors qu\u2019Air France d\u00e9plore un frein \u00e0 la comp\u00e9titivit\u00e9. Le gouvernement vient d&rsquo;annoncer la mise en place d&rsquo;une \u00e9cotaxe sur les billets d&rsquo;avion qui devra rapporter 180 M\u20ac par an \u00e0 partir de 2020. \u00ab Un premier pas [&hellip;]<\/p>\n","protected":false},"author":10,"featured_media":0,"comment_status":"closed","ping_status":"open","sticky":false,"template":"","format":"standard","meta":{"footnotes":""},"categories":[49],"tags":[],"yoast_head":"<!-- This site is optimized with the Yoast SEO plugin v22.0 - https:\/\/yoast.com\/wordpress\/plugins\/seo\/ -->\n<title>\u00c9cotaxe sur les billets d\u2019avion : qu\u2019en pensent l\u2019ADVOCNAR et Air France ? - Advocnar<\/title>\n<meta name=\"robots\" content=\"index, follow, max-snippet:-1, max-image-preview:large, max-video-preview:-1\" \/>\n<link rel=\"canonical\" href=\"https:\/\/www.clients.horus-informatique71.fr\/advocnar_backup\/2019\/07\/ecotaxe-sur-les-billets-davion-quen-pensent-ladvocnar-et-air-france\/\" \/>\n<meta property=\"og:locale\" content=\"fr_FR\" \/>\n<meta property=\"og:type\" content=\"article\" \/>\n<meta property=\"og:title\" content=\"\u00c9cotaxe sur les billets d\u2019avion : qu\u2019en pensent l\u2019ADVOCNAR et Air France ? - Advocnar\" \/>\n<meta property=\"og:description\" content=\"10.07.2019 &#8211; Le Parisien L\u2019association milite pour la mise en place d\u2019une fiscalit\u00e9 \u00e9cologique au niveau europ\u00e9en alors qu\u2019Air France d\u00e9plore un frein \u00e0 la comp\u00e9titivit\u00e9. Le gouvernement vient d&rsquo;annoncer la mise en place d&rsquo;une \u00e9cotaxe sur les billets d&rsquo;avion qui devra rapporter 180 M\u20ac par an \u00e0 partir de 2020. \u00ab Un premier pas [&hellip;]\" \/>\n<meta property=\"og:url\" content=\"https:\/\/www.clients.horus-informatique71.fr\/advocnar_backup\/2019\/07\/ecotaxe-sur-les-billets-davion-quen-pensent-ladvocnar-et-air-france\/\" \/>\n<meta property=\"og:site_name\" content=\"Advocnar\" \/>\n<meta property=\"article:published_time\" content=\"2019-07-13T08:06:07+00:00\" \/>\n<meta property=\"article:modified_time\" content=\"2021-04-02T15:57:51+00:00\" \/>\n<meta name=\"author\" content=\"FBrochot\" \/>\n<meta name=\"twitter:card\" content=\"summary_large_image\" \/>\n<meta name=\"twitter:label1\" content=\"\u00c9crit par\" \/>\n\t<meta name=\"twitter:data1\" content=\"FBrochot\" \/>\n\t<meta name=\"twitter:label2\" content=\"Dur\u00e9e de lecture estim\u00e9e\" \/>\n\t<meta name=\"twitter:data2\" content=\"2 minutes\" \/>\n<script type=\"application\/ld+json\" class=\"yoast-schema-graph\">{\"@context\":\"https:\/\/schema.org\",\"@graph\":[{\"@type\":\"WebPage\",\"@id\":\"https:\/\/www.clients.horus-informatique71.fr\/advocnar_backup\/2019\/07\/ecotaxe-sur-les-billets-davion-quen-pensent-ladvocnar-et-air-france\/\",\"url\":\"https:\/\/www.clients.horus-informatique71.fr\/advocnar_backup\/2019\/07\/ecotaxe-sur-les-billets-davion-quen-pensent-ladvocnar-et-air-france\/\",\"name\":\"\u00c9cotaxe sur les billets d\u2019avion : qu\u2019en pensent l\u2019ADVOCNAR et Air France ? - Advocnar\",\"isPartOf\":{\"@id\":\"https:\/\/www.clients.horus-informatique71.fr\/advocnar_backup\/#website\"},\"datePublished\":\"2019-07-13T08:06:07+00:00\",\"dateModified\":\"2021-04-02T15:57:51+00:00\",\"author\":{\"@id\":\"https:\/\/www.clients.horus-informatique71.fr\/advocnar_backup\/#\/schema\/person\/28ec283f897fb44e1146415d8015d23e\"},\"breadcrumb\":{\"@id\":\"https:\/\/www.clients.horus-informatique71.fr\/advocnar_backup\/2019\/07\/ecotaxe-sur-les-billets-davion-quen-pensent-ladvocnar-et-air-france\/#breadcrumb\"},\"inLanguage\":\"fr-FR\",\"potentialAction\":[{\"@type\":\"ReadAction\",\"target\":[\"https:\/\/www.clients.horus-informatique71.fr\/advocnar_backup\/2019\/07\/ecotaxe-sur-les-billets-davion-quen-pensent-ladvocnar-et-air-france\/\"]}]},{\"@type\":\"BreadcrumbList\",\"@id\":\"https:\/\/www.clients.horus-informatique71.fr\/advocnar_backup\/2019\/07\/ecotaxe-sur-les-billets-davion-quen-pensent-ladvocnar-et-air-france\/#breadcrumb\",\"itemListElement\":[{\"@type\":\"ListItem\",\"position\":1,\"name\":\"Accueil\",\"item\":\"https:\/\/www.clients.horus-informatique71.fr\/advocnar_backup\/\"},{\"@type\":\"ListItem\",\"position\":2,\"name\":\"\u00c9cotaxe sur les billets d\u2019avion : qu\u2019en pensent l\u2019ADVOCNAR et Air France ?\"}]},{\"@type\":\"WebSite\",\"@id\":\"https:\/\/www.clients.horus-informatique71.fr\/advocnar_backup\/#website\",\"url\":\"https:\/\/www.clients.horus-informatique71.fr\/advocnar_backup\/\",\"name\":\"Advocnar\",\"description\":\"Association de D\u00e9fense Contre les Nuisances A\u00e9riennes\",\"potentialAction\":[{\"@type\":\"SearchAction\",\"target\":{\"@type\":\"EntryPoint\",\"urlTemplate\":\"https:\/\/www.clients.horus-informatique71.fr\/advocnar_backup\/?s={search_term_string}\"},\"query-input\":\"required name=search_term_string\"}],\"inLanguage\":\"fr-FR\"},{\"@type\":\"Person\",\"@id\":\"https:\/\/www.clients.horus-informatique71.fr\/advocnar_backup\/#\/schema\/person\/28ec283f897fb44e1146415d8015d23e\",\"name\":\"FBrochot\",\"url\":\"https:\/\/www.clients.horus-informatique71.fr\/advocnar_backup\/author\/fbrochot\/\"}]}<\/script>\n<!-- \/ Yoast SEO plugin. -->","yoast_head_json":{"title":"\u00c9cotaxe sur les billets d\u2019avion : qu\u2019en pensent l\u2019ADVOCNAR et Air France ? - Advocnar","robots":{"index":"index","follow":"follow","max-snippet":"max-snippet:-1","max-image-preview":"max-image-preview:large","max-video-preview":"max-video-preview:-1"},"canonical":"https:\/\/www.clients.horus-informatique71.fr\/advocnar_backup\/2019\/07\/ecotaxe-sur-les-billets-davion-quen-pensent-ladvocnar-et-air-france\/","og_locale":"fr_FR","og_type":"article","og_title":"\u00c9cotaxe sur les billets d\u2019avion : qu\u2019en pensent l\u2019ADVOCNAR et Air France ? - Advocnar","og_description":"10.07.2019 &#8211; Le Parisien L\u2019association milite pour la mise en place d\u2019une fiscalit\u00e9 \u00e9cologique au niveau europ\u00e9en alors qu\u2019Air France d\u00e9plore un frein \u00e0 la comp\u00e9titivit\u00e9. Le gouvernement vient d&rsquo;annoncer la mise en place d&rsquo;une \u00e9cotaxe sur les billets d&rsquo;avion qui devra rapporter 180 M\u20ac par an \u00e0 partir de 2020. \u00ab Un premier pas [&hellip;]","og_url":"https:\/\/www.clients.horus-informatique71.fr\/advocnar_backup\/2019\/07\/ecotaxe-sur-les-billets-davion-quen-pensent-ladvocnar-et-air-france\/","og_site_name":"Advocnar","article_published_time":"2019-07-13T08:06:07+00:00","article_modified_time":"2021-04-02T15:57:51+00:00","author":"FBrochot","twitter_card":"summary_large_image","twitter_misc":{"\u00c9crit par":"FBrochot","Dur\u00e9e de lecture estim\u00e9e":"2 minutes"},"schema":{"@context":"https:\/\/schema.org","@graph":[{"@type":"WebPage","@id":"https:\/\/www.clients.horus-informatique71.fr\/advocnar_backup\/2019\/07\/ecotaxe-sur-les-billets-davion-quen-pensent-ladvocnar-et-air-france\/","url":"https:\/\/www.clients.horus-informatique71.fr\/advocnar_backup\/2019\/07\/ecotaxe-sur-les-billets-davion-quen-pensent-ladvocnar-et-air-france\/","name":"\u00c9cotaxe sur les billets d\u2019avion : qu\u2019en pensent l\u2019ADVOCNAR et Air France ? - Advocnar","isPartOf":{"@id":"https:\/\/www.clients.horus-informatique71.fr\/advocnar_backup\/#website"},"datePublished":"2019-07-13T08:06:07+00:00","dateModified":"2021-04-02T15:57:51+00:00","author":{"@id":"https:\/\/www.clients.horus-informatique71.fr\/advocnar_backup\/#\/schema\/person\/28ec283f897fb44e1146415d8015d23e"},"breadcrumb":{"@id":"https:\/\/www.clients.horus-informatique71.fr\/advocnar_backup\/2019\/07\/ecotaxe-sur-les-billets-davion-quen-pensent-ladvocnar-et-air-france\/#breadcrumb"},"inLanguage":"fr-FR","potentialAction":[{"@type":"ReadAction","target":["https:\/\/www.clients.horus-informatique71.fr\/advocnar_backup\/2019\/07\/ecotaxe-sur-les-billets-davion-quen-pensent-ladvocnar-et-air-france\/"]}]},{"@type":"BreadcrumbList","@id":"https:\/\/www.clients.horus-informatique71.fr\/advocnar_backup\/2019\/07\/ecotaxe-sur-les-billets-davion-quen-pensent-ladvocnar-et-air-france\/#breadcrumb","itemListElement":[{"@type":"ListItem","position":1,"name":"Accueil","item":"https:\/\/www.clients.horus-informatique71.fr\/advocnar_backup\/"},{"@type":"ListItem","position":2,"name":"\u00c9cotaxe sur les billets d\u2019avion : qu\u2019en pensent l\u2019ADVOCNAR et Air France ?"}]},{"@type":"WebSite","@id":"https:\/\/www.clients.horus-informatique71.fr\/advocnar_backup\/#website","url":"https:\/\/www.clients.horus-informatique71.fr\/advocnar_backup\/","name":"Advocnar","description":"Association de D\u00e9fense Contre les Nuisances A\u00e9riennes","potentialAction":[{"@type":"SearchAction","target":{"@type":"EntryPoint","urlTemplate":"https:\/\/www.clients.horus-informatique71.fr\/advocnar_backup\/?s={search_term_string}"},"query-input":"required name=search_term_string"}],"inLanguage":"fr-FR"},{"@type":"Person","@id":"https:\/\/www.clients.horus-informatique71.fr\/advocnar_backup\/#\/schema\/person\/28ec283f897fb44e1146415d8015d23e","name":"FBrochot","url":"https:\/\/www.clients.horus-informatique71.fr\/advocnar_backup\/author\/fbrochot\/"}]}},"_links":{"self":[{"href":"https:\/\/www.clients.horus-informatique71.fr\/advocnar_backup\/wp-json\/wp\/v2\/posts\/75108"}],"collection":[{"href":"https:\/\/www.clients.horus-informatique71.fr\/advocnar_backup\/wp-json\/wp\/v2\/posts"}],"about":[{"href":"https:\/\/www.clients.horus-informatique71.fr\/advocnar_backup\/wp-json\/wp\/v2\/types\/post"}],"author":[{"embeddable":true,"href":"https:\/\/www.clients.horus-informatique71.fr\/advocnar_backup\/wp-json\/wp\/v2\/users\/10"}],"replies":[{"embeddable":true,"href":"https:\/\/www.clients.horus-informatique71.fr\/advocnar_backup\/wp-json\/wp\/v2\/comments?post=75108"}],"version-history":[{"count":1,"href":"https:\/\/www.clients.horus-informatique71.fr\/advocnar_backup\/wp-json\/wp\/v2\/posts\/75108\/revisions"}],"predecessor-version":[{"id":75109,"href":"https:\/\/www.clients.horus-informatique71.fr\/advocnar_backup\/wp-json\/wp\/v2\/posts\/75108\/revisions\/75109"}],"wp:attachment":[{"href":"https:\/\/www.clients.horus-informatique71.fr\/advocnar_backup\/wp-json\/wp\/v2\/media?parent=75108"}],"wp:term":[{"taxonomy":"category","embeddable":true,"href":"https:\/\/www.clients.horus-informatique71.fr\/advocnar_backup\/wp-json\/wp\/v2\/categories?post=75108"},{"taxonomy":"post_tag","embeddable":true,"href":"https:\/\/www.clients.horus-informatique71.fr\/advocnar_backup\/wp-json\/wp\/v2\/tags?post=75108"}],"curies":[{"name":"wp","href":"https:\/\/api.w.org\/{rel}","templated":true}]}}