{"id":75170,"date":"2019-12-21T01:10:52","date_gmt":"2019-12-21T00:10:52","guid":{"rendered":"https:\/\/www.clients.horus-informatique71.fr\/advocnar_backup\/?p=75170"},"modified":"2020-01-14T15:33:22","modified_gmt":"2020-01-14T14:33:22","slug":"contre-la-privatisation-dadp-soutenez-le-projet-de-loi-referendaire-dans-le-cadre-du-rip","status":"publish","type":"post","link":"https:\/\/www.clients.horus-informatique71.fr\/advocnar_backup\/2019\/12\/contre-la-privatisation-dadp-soutenez-le-projet-de-loi-referendaire-dans-le-cadre-du-rip\/","title":{"rendered":"CONTRE LA PRIVATISATION D&rsquo;ADP, SOUTENEZ LE PROJET DE LOI R\u00c9F\u00c9RENDAIRE DANS LE CADRE DU RIP"},"content":{"rendered":"\n<p><\/p>\n\n\n\n<p>L\u2019ADVOCNAR estime que la privatisation du groupe ADP comporte un risque de d\u00e9gradation de l\u2019environnement des riverains. En effet aucune garantie n\u2019est apport\u00e9e dans la loi PACTE concernant la p\u00e9rennisation des mesures environnementales en vigueur \u00e0 Roissy-Charles de Gaulle. Quant aux n\u00e9gociations pour de nouvelles avanc\u00e9es au b\u00e9n\u00e9fice des populations survol\u00e9es, d\u00e9j\u00e0 difficiles avec l\u2019Etat actionnaire majoritaire, ne seront-elles pas fortement compromises avec un repreneur priv\u00e9&nbsp;? L\u2019exemple de la privatisation de l\u2019a\u00e9roport de Toulouse-Blagnac fait craindre le pire (augmentation du trafic, non respect des restrictions environnementales)&nbsp;!<\/p>\n\n\n\n<p><strong>C\u2019est pourquoi\nnous vous invitons \u00e0 soutenir le projet de loi r\u00e9f\u00e9rendaire, afin que le groupe\nADP reste une entreprise de service public. <\/strong><\/p>\n\n\n\n<ul><li><strong>A cet effet, connectez-vous sur&nbsp;:<\/strong> <a href=\"https:\/\/www.referendum.interieur.gouv.fr\/soutien\/etape-1\">https:\/\/www.referendum.interieur.gouv.fr\/soutien\/etape-1<\/a><\/li><\/ul>\n\n\n\n<p>Quelques conseils pour r\u00e9ussir votre\nsaisie&nbsp;:<\/p>\n\n\n\n<ul><li>Munissez-vous de votre carte d\u2019\u00e9lecteur et de\nvotre carte d\u2019identit\u00e9<\/li><li>Les informations \u00e0 saisir lors de l\u2019\u00e9tape 1\nsont celles de la carte d\u2019\u00e9lecteur<\/li><li>Votre carte d\u2019identit\u00e9 permet la validation\ndu formulaire<\/li><li>Pas de virgule entre vos pr\u00e9noms, juste un\nespace<\/li><li>Majuscule aux pr\u00e9noms<\/li><li>Majuscule et tiret pour la ville de votre\nlieu de vote<\/li><li>Le code qui appara\u00eet est le code\nINSEE et non le code postal<\/li><\/ul>\n\n\n\n<ul><li><strong>Ou t\u00e9l\u00e9chargez le <\/strong><a href=\"https:\/\/www.clients.horus-informatique71.fr\/advocnar_backup\/wp-content\/uploads\/2019\/09\/cerfa-15264-02-referendum-dinitiative-partagee-declaration-de-soutien-a-une-proposition-de-loi-referendaire.pdf\">formulaire Cerfa<\/a> .<\/li><\/ul>\n\n\n\n<p>Le nom de la loi \u00e0 soutenir: <br><em>Proposition de loi visant \u00e0 affirmer le caract\u00e8re de service public national de l&rsquo;exploitation des a\u00e9rodromes de Paris<\/em><\/p>\n\n\n\n<p>Enfin faites valider votre formulaire dans votre Mairie.<\/p>\n","protected":false},"excerpt":{"rendered":"<p>L\u2019ADVOCNAR estime que la privatisation du groupe ADP comporte un risque de d\u00e9gradation de l\u2019environnement des riverains. En effet aucune garantie n\u2019est apport\u00e9e dans la loi PACTE concernant la p\u00e9rennisation des mesures environnementales en vigueur \u00e0 Roissy-Charles de Gaulle. Quant aux n\u00e9gociations pour de nouvelles avanc\u00e9es au b\u00e9n\u00e9fice des populations survol\u00e9es, d\u00e9j\u00e0 difficiles avec l\u2019Etat [&hellip;]<\/p>\n","protected":false},"author":10,"featured_media":75169,"comment_status":"closed","ping_status":"open","sticky":false,"template":"","format":"standard","meta":{"footnotes":""},"categories":[46],"tags":[],"yoast_head":"<!-- This site is optimized with the Yoast SEO plugin v22.0 - https:\/\/yoast.com\/wordpress\/plugins\/seo\/ -->\n<title>CONTRE LA PRIVATISATION D&#039;ADP, SOUTENEZ LE PROJET DE LOI R\u00c9F\u00c9RENDAIRE DANS LE CADRE DU RIP - Advocnar<\/title>\n<meta name=\"robots\" content=\"index, follow, max-snippet:-1, max-image-preview:large, max-video-preview:-1\" \/>\n<link rel=\"canonical\" href=\"https:\/\/www.clients.horus-informatique71.fr\/advocnar_backup\/2019\/12\/contre-la-privatisation-dadp-soutenez-le-projet-de-loi-referendaire-dans-le-cadre-du-rip\/\" \/>\n<meta property=\"og:locale\" content=\"fr_FR\" \/>\n<meta property=\"og:type\" content=\"article\" \/>\n<meta property=\"og:title\" content=\"CONTRE LA PRIVATISATION D&#039;ADP, SOUTENEZ LE PROJET DE LOI R\u00c9F\u00c9RENDAIRE DANS LE CADRE DU RIP - Advocnar\" \/>\n<meta property=\"og:description\" content=\"L\u2019ADVOCNAR estime que la privatisation du groupe ADP comporte un risque de d\u00e9gradation de l\u2019environnement des riverains. En effet aucune garantie n\u2019est apport\u00e9e dans la loi PACTE concernant la p\u00e9rennisation des mesures environnementales en vigueur \u00e0 Roissy-Charles de Gaulle. Quant aux n\u00e9gociations pour de nouvelles avanc\u00e9es au b\u00e9n\u00e9fice des populations survol\u00e9es, d\u00e9j\u00e0 difficiles avec l\u2019Etat [&hellip;]\" \/>\n<meta property=\"og:url\" content=\"https:\/\/www.clients.horus-informatique71.fr\/advocnar_backup\/2019\/12\/contre-la-privatisation-dadp-soutenez-le-projet-de-loi-referendaire-dans-le-cadre-du-rip\/\" \/>\n<meta property=\"og:site_name\" content=\"Advocnar\" \/>\n<meta property=\"article:published_time\" content=\"2019-12-21T00:10:52+00:00\" \/>\n<meta property=\"article:modified_time\" content=\"2020-01-14T14:33:22+00:00\" \/>\n<meta property=\"og:image\" content=\"https:\/\/www.clients.horus-informatique71.fr\/advocnar_backup\/wp-content\/uploads\/2019\/09\/referendum-2019.jpg\" \/>\n\t<meta property=\"og:image:width\" content=\"380\" \/>\n\t<meta property=\"og:image:height\" content=\"286\" \/>\n\t<meta property=\"og:image:type\" content=\"image\/jpeg\" \/>\n<meta name=\"author\" content=\"FBrochot\" \/>\n<meta name=\"twitter:card\" content=\"summary_large_image\" \/>\n<meta name=\"twitter:label1\" content=\"\u00c9crit par\" \/>\n\t<meta name=\"twitter:data1\" content=\"FBrochot\" \/>\n\t<meta name=\"twitter:label2\" content=\"Dur\u00e9e de lecture estim\u00e9e\" \/>\n\t<meta name=\"twitter:data2\" content=\"1 minute\" \/>\n<script type=\"application\/ld+json\" class=\"yoast-schema-graph\">{\"@context\":\"https:\/\/schema.org\",\"@graph\":[{\"@type\":\"WebPage\",\"@id\":\"https:\/\/www.clients.horus-informatique71.fr\/advocnar_backup\/2019\/12\/contre-la-privatisation-dadp-soutenez-le-projet-de-loi-referendaire-dans-le-cadre-du-rip\/\",\"url\":\"https:\/\/www.clients.horus-informatique71.fr\/advocnar_backup\/2019\/12\/contre-la-privatisation-dadp-soutenez-le-projet-de-loi-referendaire-dans-le-cadre-du-rip\/\",\"name\":\"CONTRE LA PRIVATISATION D'ADP, SOUTENEZ LE PROJET DE LOI R\u00c9F\u00c9RENDAIRE DANS LE CADRE DU RIP - Advocnar\",\"isPartOf\":{\"@id\":\"https:\/\/www.clients.horus-informatique71.fr\/advocnar_backup\/#website\"},\"datePublished\":\"2019-12-21T00:10:52+00:00\",\"dateModified\":\"2020-01-14T14:33:22+00:00\",\"author\":{\"@id\":\"https:\/\/www.clients.horus-informatique71.fr\/advocnar_backup\/#\/schema\/person\/28ec283f897fb44e1146415d8015d23e\"},\"breadcrumb\":{\"@id\":\"https:\/\/www.clients.horus-informatique71.fr\/advocnar_backup\/2019\/12\/contre-la-privatisation-dadp-soutenez-le-projet-de-loi-referendaire-dans-le-cadre-du-rip\/#breadcrumb\"},\"inLanguage\":\"fr-FR\",\"potentialAction\":[{\"@type\":\"ReadAction\",\"target\":[\"https:\/\/www.clients.horus-informatique71.fr\/advocnar_backup\/2019\/12\/contre-la-privatisation-dadp-soutenez-le-projet-de-loi-referendaire-dans-le-cadre-du-rip\/\"]}]},{\"@type\":\"BreadcrumbList\",\"@id\":\"https:\/\/www.clients.horus-informatique71.fr\/advocnar_backup\/2019\/12\/contre-la-privatisation-dadp-soutenez-le-projet-de-loi-referendaire-dans-le-cadre-du-rip\/#breadcrumb\",\"itemListElement\":[{\"@type\":\"ListItem\",\"position\":1,\"name\":\"Accueil\",\"item\":\"https:\/\/www.clients.horus-informatique71.fr\/advocnar_backup\/\"},{\"@type\":\"ListItem\",\"position\":2,\"name\":\"CONTRE LA PRIVATISATION D&#8217;ADP, SOUTENEZ LE PROJET DE LOI R\u00c9F\u00c9RENDAIRE DANS LE CADRE DU RIP\"}]},{\"@type\":\"WebSite\",\"@id\":\"https:\/\/www.clients.horus-informatique71.fr\/advocnar_backup\/#website\",\"url\":\"https:\/\/www.clients.horus-informatique71.fr\/advocnar_backup\/\",\"name\":\"Advocnar\",\"description\":\"Association de D\u00e9fense Contre les Nuisances A\u00e9riennes\",\"potentialAction\":[{\"@type\":\"SearchAction\",\"target\":{\"@type\":\"EntryPoint\",\"urlTemplate\":\"https:\/\/www.clients.horus-informatique71.fr\/advocnar_backup\/?s={search_term_string}\"},\"query-input\":\"required name=search_term_string\"}],\"inLanguage\":\"fr-FR\"},{\"@type\":\"Person\",\"@id\":\"https:\/\/www.clients.horus-informatique71.fr\/advocnar_backup\/#\/schema\/person\/28ec283f897fb44e1146415d8015d23e\",\"name\":\"FBrochot\",\"url\":\"https:\/\/www.clients.horus-informatique71.fr\/advocnar_backup\/author\/fbrochot\/\"}]}<\/script>\n<!-- \/ Yoast SEO plugin. -->","yoast_head_json":{"title":"CONTRE LA PRIVATISATION D'ADP, SOUTENEZ LE PROJET DE LOI R\u00c9F\u00c9RENDAIRE DANS LE CADRE DU RIP - Advocnar","robots":{"index":"index","follow":"follow","max-snippet":"max-snippet:-1","max-image-preview":"max-image-preview:large","max-video-preview":"max-video-preview:-1"},"canonical":"https:\/\/www.clients.horus-informatique71.fr\/advocnar_backup\/2019\/12\/contre-la-privatisation-dadp-soutenez-le-projet-de-loi-referendaire-dans-le-cadre-du-rip\/","og_locale":"fr_FR","og_type":"article","og_title":"CONTRE LA PRIVATISATION D'ADP, SOUTENEZ LE PROJET DE LOI R\u00c9F\u00c9RENDAIRE DANS LE CADRE DU RIP - Advocnar","og_description":"L\u2019ADVOCNAR estime que la privatisation du groupe ADP comporte un risque de d\u00e9gradation de l\u2019environnement des riverains. En effet aucune garantie n\u2019est apport\u00e9e dans la loi PACTE concernant la p\u00e9rennisation des mesures environnementales en vigueur \u00e0 Roissy-Charles de Gaulle. Quant aux n\u00e9gociations pour de nouvelles avanc\u00e9es au b\u00e9n\u00e9fice des populations survol\u00e9es, d\u00e9j\u00e0 difficiles avec l\u2019Etat [&hellip;]","og_url":"https:\/\/www.clients.horus-informatique71.fr\/advocnar_backup\/2019\/12\/contre-la-privatisation-dadp-soutenez-le-projet-de-loi-referendaire-dans-le-cadre-du-rip\/","og_site_name":"Advocnar","article_published_time":"2019-12-21T00:10:52+00:00","article_modified_time":"2020-01-14T14:33:22+00:00","og_image":[{"width":380,"height":286,"url":"https:\/\/www.clients.horus-informatique71.fr\/advocnar_backup\/wp-content\/uploads\/2019\/09\/referendum-2019.jpg","type":"image\/jpeg"}],"author":"FBrochot","twitter_card":"summary_large_image","twitter_misc":{"\u00c9crit par":"FBrochot","Dur\u00e9e de lecture estim\u00e9e":"1 minute"},"schema":{"@context":"https:\/\/schema.org","@graph":[{"@type":"WebPage","@id":"https:\/\/www.clients.horus-informatique71.fr\/advocnar_backup\/2019\/12\/contre-la-privatisation-dadp-soutenez-le-projet-de-loi-referendaire-dans-le-cadre-du-rip\/","url":"https:\/\/www.clients.horus-informatique71.fr\/advocnar_backup\/2019\/12\/contre-la-privatisation-dadp-soutenez-le-projet-de-loi-referendaire-dans-le-cadre-du-rip\/","name":"CONTRE LA PRIVATISATION D'ADP, SOUTENEZ LE PROJET DE LOI R\u00c9F\u00c9RENDAIRE DANS LE CADRE DU RIP - Advocnar","isPartOf":{"@id":"https:\/\/www.clients.horus-informatique71.fr\/advocnar_backup\/#website"},"datePublished":"2019-12-21T00:10:52+00:00","dateModified":"2020-01-14T14:33:22+00:00","author":{"@id":"https:\/\/www.clients.horus-informatique71.fr\/advocnar_backup\/#\/schema\/person\/28ec283f897fb44e1146415d8015d23e"},"breadcrumb":{"@id":"https:\/\/www.clients.horus-informatique71.fr\/advocnar_backup\/2019\/12\/contre-la-privatisation-dadp-soutenez-le-projet-de-loi-referendaire-dans-le-cadre-du-rip\/#breadcrumb"},"inLanguage":"fr-FR","potentialAction":[{"@type":"ReadAction","target":["https:\/\/www.clients.horus-informatique71.fr\/advocnar_backup\/2019\/12\/contre-la-privatisation-dadp-soutenez-le-projet-de-loi-referendaire-dans-le-cadre-du-rip\/"]}]},{"@type":"BreadcrumbList","@id":"https:\/\/www.clients.horus-informatique71.fr\/advocnar_backup\/2019\/12\/contre-la-privatisation-dadp-soutenez-le-projet-de-loi-referendaire-dans-le-cadre-du-rip\/#breadcrumb","itemListElement":[{"@type":"ListItem","position":1,"name":"Accueil","item":"https:\/\/www.clients.horus-informatique71.fr\/advocnar_backup\/"},{"@type":"ListItem","position":2,"name":"CONTRE LA PRIVATISATION D&#8217;ADP, SOUTENEZ LE PROJET DE LOI R\u00c9F\u00c9RENDAIRE DANS LE CADRE DU RIP"}]},{"@type":"WebSite","@id":"https:\/\/www.clients.horus-informatique71.fr\/advocnar_backup\/#website","url":"https:\/\/www.clients.horus-informatique71.fr\/advocnar_backup\/","name":"Advocnar","description":"Association de D\u00e9fense Contre les Nuisances A\u00e9riennes","potentialAction":[{"@type":"SearchAction","target":{"@type":"EntryPoint","urlTemplate":"https:\/\/www.clients.horus-informatique71.fr\/advocnar_backup\/?s={search_term_string}"},"query-input":"required name=search_term_string"}],"inLanguage":"fr-FR"},{"@type":"Person","@id":"https:\/\/www.clients.horus-informatique71.fr\/advocnar_backup\/#\/schema\/person\/28ec283f897fb44e1146415d8015d23e","name":"FBrochot","url":"https:\/\/www.clients.horus-informatique71.fr\/advocnar_backup\/author\/fbrochot\/"}]}},"_links":{"self":[{"href":"https:\/\/www.clients.horus-informatique71.fr\/advocnar_backup\/wp-json\/wp\/v2\/posts\/75170"}],"collection":[{"href":"https:\/\/www.clients.horus-informatique71.fr\/advocnar_backup\/wp-json\/wp\/v2\/posts"}],"about":[{"href":"https:\/\/www.clients.horus-informatique71.fr\/advocnar_backup\/wp-json\/wp\/v2\/types\/post"}],"author":[{"embeddable":true,"href":"https:\/\/www.clients.horus-informatique71.fr\/advocnar_backup\/wp-json\/wp\/v2\/users\/10"}],"replies":[{"embeddable":true,"href":"https:\/\/www.clients.horus-informatique71.fr\/advocnar_backup\/wp-json\/wp\/v2\/comments?post=75170"}],"version-history":[{"count":4,"href":"https:\/\/www.clients.horus-informatique71.fr\/advocnar_backup\/wp-json\/wp\/v2\/posts\/75170\/revisions"}],"predecessor-version":[{"id":75175,"href":"https:\/\/www.clients.horus-informatique71.fr\/advocnar_backup\/wp-json\/wp\/v2\/posts\/75170\/revisions\/75175"}],"wp:featuredmedia":[{"embeddable":true,"href":"https:\/\/www.clients.horus-informatique71.fr\/advocnar_backup\/wp-json\/wp\/v2\/media\/75169"}],"wp:attachment":[{"href":"https:\/\/www.clients.horus-informatique71.fr\/advocnar_backup\/wp-json\/wp\/v2\/media?parent=75170"}],"wp:term":[{"taxonomy":"category","embeddable":true,"href":"https:\/\/www.clients.horus-informatique71.fr\/advocnar_backup\/wp-json\/wp\/v2\/categories?post=75170"},{"taxonomy":"post_tag","embeddable":true,"href":"https:\/\/www.clients.horus-informatique71.fr\/advocnar_backup\/wp-json\/wp\/v2\/tags?post=75170"}],"curies":[{"name":"wp","href":"https:\/\/api.w.org\/{rel}","templated":true}]}}