{"id":75269,"date":"2019-10-07T18:35:29","date_gmt":"2019-10-07T16:35:29","guid":{"rendered":"https:\/\/www.clients.horus-informatique71.fr\/advocnar_backup\/?p=75269"},"modified":"2019-10-08T18:57:03","modified_gmt":"2019-10-08T16:57:03","slug":"communique-reunion-publique-adp-9-octobre-sur-le-terminal-4-a-roissy-tous-mobilises","status":"publish","type":"post","link":"https:\/\/www.clients.horus-informatique71.fr\/advocnar_backup\/2019\/10\/communique-reunion-publique-adp-9-octobre-sur-le-terminal-4-a-roissy-tous-mobilises\/","title":{"rendered":"Communiqu\u00e9  &#8211; R\u00c9UNION PUBLIQUE ADP 9 OCTOBRE SUR LE TERMINAL 4 \u00c0 ROISSY :  TOUS MOBILIS\u00c9S !"},"content":{"rendered":"\n<p><\/p>\n\n\n\n<p>Malgr\u00e9 la forte et l\u00e9gitime contestation du projet du Terminal 4 \u00e0 Roissy-Charles de Gaulle par les riverains et habitants survol\u00e9s, compte tenu de son impact environnemental inadmissible,<\/p>\n\n\n\n<p><strong>+ 38 % d\u2019avions,<\/strong><br><strong>+ 30 % d\u2019\u00e9missions d\u2019oxyde d\u2019azote,<\/strong><br><strong>+ 12 % d\u2019\u00e9missions de CO<sub>2 <\/sub>dans le cycle LTO,<\/strong><br><strong>+ 11 % de particules fines,<\/strong><br><strong>hausse cons\u00e9quente du niveau de bruit,<\/strong><\/p>\n\n\n\n<p>le Groupe ADP prend la d\u00e9cision de poursuivre le projet,\nen pr\u00e9voyant uniquement d\u2019ajuster son calendrier en fonction de l\u2019\u00e9volution des\npr\u00e9visions de trafic. <\/p>\n\n\n\n<p><strong>Aucune remise en cause et\naucune proposition alternative, on d\u00e9veloppera toujours plus le transport\na\u00e9rien dans la r\u00e9gion \u00cele-de-France qui accueille d\u00e9j\u00e0 plus de 50% du trafic\na\u00e9rien national dans la r\u00e9gion la plus dens\u00e9ment peupl\u00e9e de France&nbsp;!<\/strong><\/p>\n\n\n\n<p>Le\nGroupe ADP organise une<a href=\"https:\/\/terminal4-cdg.groupeadp.fr\/?xtor=SEC-4-GOO-%5bTerminal_4_Exact%5d-%5bsearch_classique%5d-S-%5bterminal%204%5d\" target=\"_blank\" rel=\"noreferrer noopener\"> r\u00e9union publique<\/a> dans le\ncadre du suivi de la concertation pr\u00e9alable au projet de Terminal 4 et de\nd\u00e9veloppement de l\u2019a\u00e9roport Roissy-Charles de Gaulle&nbsp;:&nbsp;<\/p>\n\n\n\n<h4 class=\"wp-block-heading\" style=\"text-align:center\"><strong>Mercredi 9 octobre 2019&nbsp;\u00e0 18h30<br>Maison de l\u2019Environnement de Roissy-Charles de Gaulle\u200b\u200b\u200b\u200b\u200b\u200b\u200b\u200b\u200b\u200b\u200b\u200b\u200b\u200b\u200b\u200b<\/strong><\/h4>\n\n\n\n<p>Il\npr\u00e9sentera les 29 engagements r\u00e9partis dans 8 th\u00e9matiques diff\u00e9rentes qu\u2019il a\npris \u00e0 l\u2019issue de la concertation, en pr\u00e9sence du Pr\u00e9fet d\u2019\u00cele-de-France et de\nla DGAC.<\/p>\n\n\n\n<p>Ces\nengagements s\u2019av\u00e8rent d\u2019ores et d\u00e9j\u00e0 insuffisants face \u00e0 l\u2019impact n\u00e9gatif\n\u00e9norme annonc\u00e9 pour notre environnement, notre sant\u00e9, notre cadre de vie \u2026 et pour\nle Climat&nbsp;!<\/p>\n\n\n\n<p><strong>Associations et riverains seront au rendez-vous pour rappeler leur opposition au projet et leurs l\u00e9gitimes attentes de r\u00e9duction des nuisances a\u00e9riennes. <\/strong><\/p>\n\n\n\n<p><a href=\"https:\/\/www.clients.horus-informatique71.fr\/advocnar_backup\/wp-content\/uploads\/2019\/10\/2019-10-07-Communique-ADVOCNAR-RP-ADP-Terminal-4-V2.pdf\">Lire le communiqu\u00e9<\/a><\/p>\n","protected":false},"excerpt":{"rendered":"<p>Malgr\u00e9 la forte et l\u00e9gitime contestation du projet du Terminal 4 \u00e0 Roissy-Charles de Gaulle par les riverains et habitants survol\u00e9s, compte tenu de son impact environnemental inadmissible, + 38 % d\u2019avions,+ 30 % d\u2019\u00e9missions d\u2019oxyde d\u2019azote,+ 12 % d\u2019\u00e9missions de CO2 dans le cycle LTO,+ 11 % de particules fines,hausse cons\u00e9quente du niveau de [&hellip;]<\/p>\n","protected":false},"author":10,"featured_media":74173,"comment_status":"closed","ping_status":"open","sticky":false,"template":"","format":"standard","meta":{"footnotes":""},"categories":[46],"tags":[],"yoast_head":"<!-- This site is optimized with the Yoast SEO plugin v22.0 - https:\/\/yoast.com\/wordpress\/plugins\/seo\/ -->\n<title>Communiqu\u00e9 - R\u00c9UNION PUBLIQUE ADP 9 OCTOBRE SUR LE TERMINAL 4 \u00c0 ROISSY : TOUS MOBILIS\u00c9S ! - Advocnar<\/title>\n<meta name=\"robots\" content=\"index, follow, max-snippet:-1, max-image-preview:large, max-video-preview:-1\" \/>\n<link rel=\"canonical\" href=\"https:\/\/www.clients.horus-informatique71.fr\/advocnar_backup\/2019\/10\/communique-reunion-publique-adp-9-octobre-sur-le-terminal-4-a-roissy-tous-mobilises\/\" \/>\n<meta property=\"og:locale\" content=\"fr_FR\" \/>\n<meta property=\"og:type\" content=\"article\" \/>\n<meta property=\"og:title\" content=\"Communiqu\u00e9 - R\u00c9UNION PUBLIQUE ADP 9 OCTOBRE SUR LE TERMINAL 4 \u00c0 ROISSY : TOUS MOBILIS\u00c9S ! - Advocnar\" \/>\n<meta property=\"og:description\" content=\"Malgr\u00e9 la forte et l\u00e9gitime contestation du projet du Terminal 4 \u00e0 Roissy-Charles de Gaulle par les riverains et habitants survol\u00e9s, compte tenu de son impact environnemental inadmissible, + 38 % d\u2019avions,+ 30 % d\u2019\u00e9missions d\u2019oxyde d\u2019azote,+ 12 % d\u2019\u00e9missions de CO2 dans le cycle LTO,+ 11 % de particules fines,hausse cons\u00e9quente du niveau de [&hellip;]\" \/>\n<meta property=\"og:url\" content=\"https:\/\/www.clients.horus-informatique71.fr\/advocnar_backup\/2019\/10\/communique-reunion-publique-adp-9-octobre-sur-le-terminal-4-a-roissy-tous-mobilises\/\" \/>\n<meta property=\"og:site_name\" content=\"Advocnar\" \/>\n<meta property=\"article:published_time\" content=\"2019-10-07T16:35:29+00:00\" \/>\n<meta property=\"article:modified_time\" content=\"2019-10-08T16:57:03+00:00\" \/>\n<meta property=\"og:image\" content=\"https:\/\/www.clients.horus-informatique71.fr\/advocnar_backup\/wp-content\/uploads\/2018\/01\/Communique-ADVOCNAR.png\" \/>\n\t<meta property=\"og:image:width\" content=\"863\" \/>\n\t<meta property=\"og:image:height\" content=\"648\" \/>\n\t<meta property=\"og:image:type\" content=\"image\/png\" \/>\n<meta name=\"author\" content=\"FBrochot\" \/>\n<meta name=\"twitter:card\" content=\"summary_large_image\" \/>\n<meta name=\"twitter:label1\" content=\"\u00c9crit par\" \/>\n\t<meta name=\"twitter:data1\" content=\"FBrochot\" \/>\n\t<meta name=\"twitter:label2\" content=\"Dur\u00e9e de lecture estim\u00e9e\" \/>\n\t<meta name=\"twitter:data2\" content=\"1 minute\" \/>\n<script type=\"application\/ld+json\" class=\"yoast-schema-graph\">{\"@context\":\"https:\/\/schema.org\",\"@graph\":[{\"@type\":\"WebPage\",\"@id\":\"https:\/\/www.clients.horus-informatique71.fr\/advocnar_backup\/2019\/10\/communique-reunion-publique-adp-9-octobre-sur-le-terminal-4-a-roissy-tous-mobilises\/\",\"url\":\"https:\/\/www.clients.horus-informatique71.fr\/advocnar_backup\/2019\/10\/communique-reunion-publique-adp-9-octobre-sur-le-terminal-4-a-roissy-tous-mobilises\/\",\"name\":\"Communiqu\u00e9 - R\u00c9UNION PUBLIQUE ADP 9 OCTOBRE SUR LE TERMINAL 4 \u00c0 ROISSY : TOUS MOBILIS\u00c9S ! - Advocnar\",\"isPartOf\":{\"@id\":\"https:\/\/www.clients.horus-informatique71.fr\/advocnar_backup\/#website\"},\"datePublished\":\"2019-10-07T16:35:29+00:00\",\"dateModified\":\"2019-10-08T16:57:03+00:00\",\"author\":{\"@id\":\"https:\/\/www.clients.horus-informatique71.fr\/advocnar_backup\/#\/schema\/person\/28ec283f897fb44e1146415d8015d23e\"},\"breadcrumb\":{\"@id\":\"https:\/\/www.clients.horus-informatique71.fr\/advocnar_backup\/2019\/10\/communique-reunion-publique-adp-9-octobre-sur-le-terminal-4-a-roissy-tous-mobilises\/#breadcrumb\"},\"inLanguage\":\"fr-FR\",\"potentialAction\":[{\"@type\":\"ReadAction\",\"target\":[\"https:\/\/www.clients.horus-informatique71.fr\/advocnar_backup\/2019\/10\/communique-reunion-publique-adp-9-octobre-sur-le-terminal-4-a-roissy-tous-mobilises\/\"]}]},{\"@type\":\"BreadcrumbList\",\"@id\":\"https:\/\/www.clients.horus-informatique71.fr\/advocnar_backup\/2019\/10\/communique-reunion-publique-adp-9-octobre-sur-le-terminal-4-a-roissy-tous-mobilises\/#breadcrumb\",\"itemListElement\":[{\"@type\":\"ListItem\",\"position\":1,\"name\":\"Accueil\",\"item\":\"https:\/\/www.clients.horus-informatique71.fr\/advocnar_backup\/\"},{\"@type\":\"ListItem\",\"position\":2,\"name\":\"Communiqu\u00e9 &#8211; R\u00c9UNION PUBLIQUE ADP 9 OCTOBRE SUR LE TERMINAL 4 \u00c0 ROISSY : TOUS MOBILIS\u00c9S !\"}]},{\"@type\":\"WebSite\",\"@id\":\"https:\/\/www.clients.horus-informatique71.fr\/advocnar_backup\/#website\",\"url\":\"https:\/\/www.clients.horus-informatique71.fr\/advocnar_backup\/\",\"name\":\"Advocnar\",\"description\":\"Association de D\u00e9fense Contre les Nuisances A\u00e9riennes\",\"potentialAction\":[{\"@type\":\"SearchAction\",\"target\":{\"@type\":\"EntryPoint\",\"urlTemplate\":\"https:\/\/www.clients.horus-informatique71.fr\/advocnar_backup\/?s={search_term_string}\"},\"query-input\":\"required name=search_term_string\"}],\"inLanguage\":\"fr-FR\"},{\"@type\":\"Person\",\"@id\":\"https:\/\/www.clients.horus-informatique71.fr\/advocnar_backup\/#\/schema\/person\/28ec283f897fb44e1146415d8015d23e\",\"name\":\"FBrochot\",\"url\":\"https:\/\/www.clients.horus-informatique71.fr\/advocnar_backup\/author\/fbrochot\/\"}]}<\/script>\n<!-- \/ Yoast SEO plugin. -->","yoast_head_json":{"title":"Communiqu\u00e9 - R\u00c9UNION PUBLIQUE ADP 9 OCTOBRE SUR LE TERMINAL 4 \u00c0 ROISSY : TOUS MOBILIS\u00c9S ! - Advocnar","robots":{"index":"index","follow":"follow","max-snippet":"max-snippet:-1","max-image-preview":"max-image-preview:large","max-video-preview":"max-video-preview:-1"},"canonical":"https:\/\/www.clients.horus-informatique71.fr\/advocnar_backup\/2019\/10\/communique-reunion-publique-adp-9-octobre-sur-le-terminal-4-a-roissy-tous-mobilises\/","og_locale":"fr_FR","og_type":"article","og_title":"Communiqu\u00e9 - R\u00c9UNION PUBLIQUE ADP 9 OCTOBRE SUR LE TERMINAL 4 \u00c0 ROISSY : TOUS MOBILIS\u00c9S ! - Advocnar","og_description":"Malgr\u00e9 la forte et l\u00e9gitime contestation du projet du Terminal 4 \u00e0 Roissy-Charles de Gaulle par les riverains et habitants survol\u00e9s, compte tenu de son impact environnemental inadmissible, + 38 % d\u2019avions,+ 30 % d\u2019\u00e9missions d\u2019oxyde d\u2019azote,+ 12 % d\u2019\u00e9missions de CO2 dans le cycle LTO,+ 11 % de particules fines,hausse cons\u00e9quente du niveau de [&hellip;]","og_url":"https:\/\/www.clients.horus-informatique71.fr\/advocnar_backup\/2019\/10\/communique-reunion-publique-adp-9-octobre-sur-le-terminal-4-a-roissy-tous-mobilises\/","og_site_name":"Advocnar","article_published_time":"2019-10-07T16:35:29+00:00","article_modified_time":"2019-10-08T16:57:03+00:00","og_image":[{"width":863,"height":648,"url":"https:\/\/www.clients.horus-informatique71.fr\/advocnar_backup\/wp-content\/uploads\/2018\/01\/Communique-ADVOCNAR.png","type":"image\/png"}],"author":"FBrochot","twitter_card":"summary_large_image","twitter_misc":{"\u00c9crit par":"FBrochot","Dur\u00e9e de lecture estim\u00e9e":"1 minute"},"schema":{"@context":"https:\/\/schema.org","@graph":[{"@type":"WebPage","@id":"https:\/\/www.clients.horus-informatique71.fr\/advocnar_backup\/2019\/10\/communique-reunion-publique-adp-9-octobre-sur-le-terminal-4-a-roissy-tous-mobilises\/","url":"https:\/\/www.clients.horus-informatique71.fr\/advocnar_backup\/2019\/10\/communique-reunion-publique-adp-9-octobre-sur-le-terminal-4-a-roissy-tous-mobilises\/","name":"Communiqu\u00e9 - R\u00c9UNION PUBLIQUE ADP 9 OCTOBRE SUR LE TERMINAL 4 \u00c0 ROISSY : TOUS MOBILIS\u00c9S ! - Advocnar","isPartOf":{"@id":"https:\/\/www.clients.horus-informatique71.fr\/advocnar_backup\/#website"},"datePublished":"2019-10-07T16:35:29+00:00","dateModified":"2019-10-08T16:57:03+00:00","author":{"@id":"https:\/\/www.clients.horus-informatique71.fr\/advocnar_backup\/#\/schema\/person\/28ec283f897fb44e1146415d8015d23e"},"breadcrumb":{"@id":"https:\/\/www.clients.horus-informatique71.fr\/advocnar_backup\/2019\/10\/communique-reunion-publique-adp-9-octobre-sur-le-terminal-4-a-roissy-tous-mobilises\/#breadcrumb"},"inLanguage":"fr-FR","potentialAction":[{"@type":"ReadAction","target":["https:\/\/www.clients.horus-informatique71.fr\/advocnar_backup\/2019\/10\/communique-reunion-publique-adp-9-octobre-sur-le-terminal-4-a-roissy-tous-mobilises\/"]}]},{"@type":"BreadcrumbList","@id":"https:\/\/www.clients.horus-informatique71.fr\/advocnar_backup\/2019\/10\/communique-reunion-publique-adp-9-octobre-sur-le-terminal-4-a-roissy-tous-mobilises\/#breadcrumb","itemListElement":[{"@type":"ListItem","position":1,"name":"Accueil","item":"https:\/\/www.clients.horus-informatique71.fr\/advocnar_backup\/"},{"@type":"ListItem","position":2,"name":"Communiqu\u00e9 &#8211; R\u00c9UNION PUBLIQUE ADP 9 OCTOBRE SUR LE TERMINAL 4 \u00c0 ROISSY : TOUS MOBILIS\u00c9S !"}]},{"@type":"WebSite","@id":"https:\/\/www.clients.horus-informatique71.fr\/advocnar_backup\/#website","url":"https:\/\/www.clients.horus-informatique71.fr\/advocnar_backup\/","name":"Advocnar","description":"Association de D\u00e9fense Contre les Nuisances A\u00e9riennes","potentialAction":[{"@type":"SearchAction","target":{"@type":"EntryPoint","urlTemplate":"https:\/\/www.clients.horus-informatique71.fr\/advocnar_backup\/?s={search_term_string}"},"query-input":"required name=search_term_string"}],"inLanguage":"fr-FR"},{"@type":"Person","@id":"https:\/\/www.clients.horus-informatique71.fr\/advocnar_backup\/#\/schema\/person\/28ec283f897fb44e1146415d8015d23e","name":"FBrochot","url":"https:\/\/www.clients.horus-informatique71.fr\/advocnar_backup\/author\/fbrochot\/"}]}},"_links":{"self":[{"href":"https:\/\/www.clients.horus-informatique71.fr\/advocnar_backup\/wp-json\/wp\/v2\/posts\/75269"}],"collection":[{"href":"https:\/\/www.clients.horus-informatique71.fr\/advocnar_backup\/wp-json\/wp\/v2\/posts"}],"about":[{"href":"https:\/\/www.clients.horus-informatique71.fr\/advocnar_backup\/wp-json\/wp\/v2\/types\/post"}],"author":[{"embeddable":true,"href":"https:\/\/www.clients.horus-informatique71.fr\/advocnar_backup\/wp-json\/wp\/v2\/users\/10"}],"replies":[{"embeddable":true,"href":"https:\/\/www.clients.horus-informatique71.fr\/advocnar_backup\/wp-json\/wp\/v2\/comments?post=75269"}],"version-history":[{"count":9,"href":"https:\/\/www.clients.horus-informatique71.fr\/advocnar_backup\/wp-json\/wp\/v2\/posts\/75269\/revisions"}],"predecessor-version":[{"id":75278,"href":"https:\/\/www.clients.horus-informatique71.fr\/advocnar_backup\/wp-json\/wp\/v2\/posts\/75269\/revisions\/75278"}],"wp:featuredmedia":[{"embeddable":true,"href":"https:\/\/www.clients.horus-informatique71.fr\/advocnar_backup\/wp-json\/wp\/v2\/media\/74173"}],"wp:attachment":[{"href":"https:\/\/www.clients.horus-informatique71.fr\/advocnar_backup\/wp-json\/wp\/v2\/media?parent=75269"}],"wp:term":[{"taxonomy":"category","embeddable":true,"href":"https:\/\/www.clients.horus-informatique71.fr\/advocnar_backup\/wp-json\/wp\/v2\/categories?post=75269"},{"taxonomy":"post_tag","embeddable":true,"href":"https:\/\/www.clients.horus-informatique71.fr\/advocnar_backup\/wp-json\/wp\/v2\/tags?post=75269"}],"curies":[{"name":"wp","href":"https:\/\/api.w.org\/{rel}","templated":true}]}}