{"id":75291,"date":"2019-10-09T21:21:29","date_gmt":"2019-10-09T19:21:29","guid":{"rendered":"https:\/\/www.clients.horus-informatique71.fr\/advocnar_backup\/?p=75291"},"modified":"2019-10-14T14:47:38","modified_gmt":"2019-10-14T12:47:38","slug":"lettre-ouverte-a-e-macron-pour-labandon-du-projet-de-terminal-4-a-roissy","status":"publish","type":"post","link":"https:\/\/www.clients.horus-informatique71.fr\/advocnar_backup\/2019\/10\/lettre-ouverte-a-e-macron-pour-labandon-du-projet-de-terminal-4-a-roissy\/","title":{"rendered":"LETTRE OUVERTE \u00c0 E. MACRON POUR L&rsquo;ABANDON DU PROJET DE TERMINAL 4 \u00c0 ROISSY"},"content":{"rendered":"\n<h5 class=\"wp-block-heading\">Ce mercredi 9 octobre, \u00e0  l\u2019occasion de la r\u00e9union publique de suivi de la concertation sur le projet de  Terminal 4 \u00e0 l\u2019a\u00e9roport de Roissy, des associations adressent une lettre  ouverte au Pr\u00e9sident de la R\u00e9publique au nom des douze associations  signataires,  dont l&rsquo;ADVOCNAR,  pour demander l\u2019abandon du projet de Terminal 4 \u00e0 Roissy.<\/h5>\n\n\n\n<blockquote style=\"text-align:left\" class=\"wp-block-quote\"><p>Roissy, le 09 octobre 2019<\/p><p>A l\u2019attention de Monsieur le Pr\u00e9sident de la R\u00e9publique<\/p><p><strong>Objet : Demande d\u2019abandon du projet d\u2019extension de l\u2019a\u00e9roport de Roissy (Terminal 4)<\/strong><\/p><p>Monsieur le Pr\u00e9sident de la R\u00e9publique, <\/p><p>Lors de votre discours du 24 septembre 2019 \u00e0 l\u2019assembl\u00e9e g\u00e9n\u00e9rale de l\u2019ONU, vous avez d\u00e9clar\u00e9 qu\u2019il fallait \u00ab remettre en coh\u00e9rence nos agendas et nos actions \u00bb et qu\u2019il fallait \u00ab que les grands pays de ce  monde arr\u00eatent de financer de nouvelles installations polluantes dans  les pays en voie de d\u00e9veloppement. \u00bb Vous avez \u00e9galement d\u00e9clar\u00e9 vouloir  mener \u00ab cet agenda de r\u00e9conciliation \u00bb en France et en Europe.<\/p><p>En toute <strong>coh\u00e9rence<\/strong>, cette ligne est \u00e9galement celle de votre  gouvernement. Comme l\u2019a d\u00e9clar\u00e9 votre secr\u00e9taire d\u2019Etat Brune Poirson,  repr\u00e9sentante de la France lors de la COP 24 \u00e0 Katowice, \u00ab les sc\u00e9narios  du GIEC sont connus de tous. Nous ne sommes pas sur la bonne  trajectoire d\u2019\u00e9missions pour survivre. [\u2026] Ce diagnostic nous l\u2019avons  tous reconnu en signant l\u2019Accord de Paris. Il nous incombe donc d\u2019\u00eatre  <strong>coh\u00e9rents<\/strong>, c\u2019est-\u00e0-dire d\u2019agir en cons\u00e9quence \u00e0 tous les niveaux. \u00bb<\/p><p>Cette coh\u00e9rence est en effet essentielle. Elle est m\u00eame la condition  de la confiance des citoyens dans l\u2019action politique. Et c\u2019est cet  agenda de coh\u00e9rence entre les mots et les actes que nous appelons de nos  voeux dans le domaine du transport a\u00e9rien aujourd\u2019hui.<\/p><p>Vous avez mis en place le Haut Conseil pour le Climat. Ce dernier a  \u00e9galement mis en avant&nbsp;l\u2019exigence de coh\u00e9rence dans son rapport 2019.  Selon ce rapport, \u00ab l\u2019objectif de neutralit\u00e9 carbone en 2050 vis\u00e9 par la  strat\u00e9gie nationale bas-carbone r\u00e9vis\u00e9e est coh\u00e9rent avec les objectifs  de l\u2019accord de Paris et les derni\u00e8res connaissances scientifiques, mais  il ne couvre pas l\u2019enti\u00e8re responsabilit\u00e9 de la France car les  \u00e9missions li\u00e9es aux transports a\u00e9riens et maritimes internationaux et  aux importations ne sont pas incluses \u00bb.<\/p><p>Le transport a\u00e9rien illustre en effet pleinement ce mur de  l\u2019incoh\u00e9rence auquel nos responsables politiques se heurtent trop  souvent. Et le projet de terminal 4 \u00e0 Roissy port\u00e9 par le groupe ADP est  plus encore arch\u00e9typal. Selon les chiffres d\u2019ADP, le terminal 4  pourrait g\u00e9n\u00e9rer une hausse de trafic a\u00e9rien de 38% d\u2019ici 2037, avec 500  avions de plus par jour (au total 1 800 vols quotidiens) et 40 millions  de passagers de plus par an. Soit la capacit\u00e9 de l\u2019a\u00e9roport d\u2019Orly  ajout\u00e9e \u00e0 celle de Roissy ! Ce trafic accru ajouterait 12 Mt  d\u2019\u00e9quivalent CO2 aux \u00e9missions annuelles de la France d\u2019ici 2037. Or,  pour atteindre l\u2019objectif de neutralit\u00e9 carbone que s\u2019est fix\u00e9 le pays  pour 2050, il ne faudra pas \u00e9mettre plus de 100 Mt d\u2019\u00e9quivalent CO2 en  2037. A cette date, le trafic li\u00e9 au terminal 4 repr\u00e9senterait donc \u00e0  lui seul 12 % des \u00e9missions autoris\u00e9es pour la France, et le trafic  total de Roissy environ 35%.<\/p><p>Enfin, la Commission Nationale du D\u00e9bat Public, rel\u00e9gu\u00e9e au r\u00f4le  ingrat de simple garant de la concertation pr\u00e9alable men\u00e9e par le groupe  ADP &#8211; par un artifice juridique d\u00e9nonc\u00e9 par sa pr\u00e9sidente Chantal  Jouanno -, n\u2019a pas manqu\u00e9 de noter dans son bilan de la  concertation qu\u2019 \u00ab il conviendrait que l\u2019\u00c9tat pr\u00e9cise comment  l\u2019\u00e9volution du trafic s\u2019ins\u00e8re dans le cadre des engagements  internationaux de la France dans la lutte contre les changements  climatiques.\u00bb<\/p><p>A notre connaissance, aucune r\u00e9ponse satisfaisante n\u2019a \u00e9t\u00e9 fournie \u00e0  ce questionnement. La contribution de la DGAC datant de juillet 2019 invoque une taxe trop faible pour qu\u2019elle infl\u00e9chisse la  croissance du trafic de mani\u00e8re significative et renvoie \u00e0 une logique  de compensation carbone dont la pertinence pour r\u00e9duire l\u2019impact  climatique de l\u2019a\u00e9rien n\u2019est aujourd\u2019hui pas d\u00e9montr\u00e9e. En effet, selon  une enqu\u00eate r\u00e9alis\u00e9e pour la Commission europ\u00e9enne, 85% des projets de  compensation analys\u00e9s avaient une faible probabilit\u00e9 de remplir les  crit\u00e8res attendus en mati\u00e8re de r\u00e9duction d\u2019\u00e9missions.<\/p><p>La croissance des \u00e9missions de gaz \u00e0 effet de serre du transport  a\u00e9rien n\u2019est pas compatible avec les objectifs de l\u2019accord de Paris sur  le climat. D\u00e8s lors, il ne fait aucun doute que le projet de  terminal 4 \u00e0 Roissy Charles de Gaulle n\u2019est pas <strong>coh\u00e9rent<\/strong> avec les  engagements de la France.<\/p><p>C\u2019est pourquoi en ce 9 octobre 2019 \u00e0 Roissy, jour o\u00f9 Monsieur le  pr\u00e9fet d\u2019Ile-de-France, repr\u00e9sentant de l\u2019Etat, est venu assister \u00e0 la  r\u00e9union publique qu\u2019ADP a organis\u00e9e pour pr\u00e9senter ses engagements sur  le Terminal 4, nous souhaitons vous remettre, par son entremise, cette  lettre en vous demandant instamment que l\u2019Etat, au nom de la <strong>coh\u00e9rence<\/strong>  climatique, s\u2019oppose \u00e0 cette extension a\u00e9roportuaire.<\/p><p>Alors que l\u2019urgence climatique se fait plus pressante, il faudrait  m\u00eame aujourd\u2019hui amorcer la d\u00e9croissance du transport a\u00e9rien en  s\u2019appuyant sur une fiscalit\u00e9 incitative permettant \u00e9galement de financer  des alternatives, et en premier lieu les trains, de jour comme de nuit.  Longtemps n\u00e9glig\u00e9s, ces derniers peuvent permettre, sans grands  travaux, de connecter l\u2019Europe sur des distances pouvant atteindre 1500  km, ce qui couvre une large part des destinations a\u00e9riennes.<\/p><p>Avec nos tr\u00e8s respectueuses salutations.<\/p><p><strong>Les repr\u00e9sentants des collectifs et associations suivantes&nbsp;:<\/strong><\/p><p>Non au Terminal 4<br>ADVOCNAR<br>F\u00e9d\u00e9ration Nationale des Associations d\u2019Usagers des Transports, FNAUT<br>France&nbsp;Nature Environnement<br>France Nature Environnement \u00cele-de-France<br>Amis de la Terre<br>Stay Grounded<br>Alternatiba ANV-COP21 Paris<br>Oui au train de nuit<br>Alofa Tuvalu<br>TaCa, Agir pour le climat<br>R\u00e9seau Action Climat <\/p><\/blockquote>\n\n\n\n<p><a href=\"https:\/\/www.clients.horus-informatique71.fr\/advocnar_backup\/wp-content\/uploads\/2019\/10\/2019-10-09-Lettre-ouverte-au-President-terminal-4.pdf\">Lire la lettre ouverte \u00e0 l\u2019attention de Monsieur le Pr\u00e9sident de la R\u00e9publique  <\/a><\/p>\n","protected":false},"excerpt":{"rendered":"<p>Ce mercredi 9 octobre, \u00e0 l\u2019occasion de la r\u00e9union publique de suivi de la concertation sur le projet de Terminal 4 \u00e0 l\u2019a\u00e9roport de Roissy, des associations adressent une lettre ouverte au Pr\u00e9sident de la R\u00e9publique au nom des douze associations signataires, dont l&rsquo;ADVOCNAR, pour demander l\u2019abandon du projet de Terminal 4 \u00e0 Roissy. Roissy, [&hellip;]<\/p>\n","protected":false},"author":10,"featured_media":75302,"comment_status":"closed","ping_status":"open","sticky":false,"template":"","format":"standard","meta":{"footnotes":""},"categories":[46],"tags":[],"yoast_head":"<!-- This site is optimized with the Yoast SEO plugin v22.0 - https:\/\/yoast.com\/wordpress\/plugins\/seo\/ -->\n<title>LETTRE OUVERTE \u00c0 E. MACRON POUR L&#039;ABANDON DU PROJET DE TERMINAL 4 \u00c0 ROISSY - Advocnar<\/title>\n<meta name=\"robots\" content=\"index, follow, max-snippet:-1, max-image-preview:large, max-video-preview:-1\" \/>\n<link rel=\"canonical\" href=\"https:\/\/www.clients.horus-informatique71.fr\/advocnar_backup\/2019\/10\/lettre-ouverte-a-e-macron-pour-labandon-du-projet-de-terminal-4-a-roissy\/\" \/>\n<meta property=\"og:locale\" content=\"fr_FR\" \/>\n<meta property=\"og:type\" content=\"article\" \/>\n<meta property=\"og:title\" content=\"LETTRE OUVERTE \u00c0 E. MACRON POUR L&#039;ABANDON DU PROJET DE TERMINAL 4 \u00c0 ROISSY - Advocnar\" \/>\n<meta property=\"og:description\" content=\"Ce mercredi 9 octobre, \u00e0 l\u2019occasion de la r\u00e9union publique de suivi de la concertation sur le projet de Terminal 4 \u00e0 l\u2019a\u00e9roport de Roissy, des associations adressent une lettre ouverte au Pr\u00e9sident de la R\u00e9publique au nom des douze associations signataires, dont l&rsquo;ADVOCNAR, pour demander l\u2019abandon du projet de Terminal 4 \u00e0 Roissy. Roissy, [&hellip;]\" \/>\n<meta property=\"og:url\" content=\"https:\/\/www.clients.horus-informatique71.fr\/advocnar_backup\/2019\/10\/lettre-ouverte-a-e-macron-pour-labandon-du-projet-de-terminal-4-a-roissy\/\" \/>\n<meta property=\"og:site_name\" content=\"Advocnar\" \/>\n<meta property=\"article:published_time\" content=\"2019-10-09T19:21:29+00:00\" \/>\n<meta property=\"article:modified_time\" content=\"2019-10-14T12:47:38+00:00\" \/>\n<meta property=\"og:image\" content=\"https:\/\/www.clients.horus-informatique71.fr\/advocnar_backup\/wp-content\/uploads\/2019\/10\/20191009_192256-bis-1024x768.jpg\" \/>\n\t<meta property=\"og:image:width\" content=\"1024\" \/>\n\t<meta property=\"og:image:height\" content=\"768\" \/>\n\t<meta property=\"og:image:type\" content=\"image\/jpeg\" \/>\n<meta name=\"author\" content=\"FBrochot\" \/>\n<meta name=\"twitter:card\" content=\"summary_large_image\" \/>\n<meta name=\"twitter:label1\" content=\"\u00c9crit par\" \/>\n\t<meta name=\"twitter:data1\" content=\"FBrochot\" \/>\n\t<meta name=\"twitter:label2\" content=\"Dur\u00e9e de lecture estim\u00e9e\" \/>\n\t<meta name=\"twitter:data2\" content=\"5 minutes\" \/>\n<script type=\"application\/ld+json\" class=\"yoast-schema-graph\">{\"@context\":\"https:\/\/schema.org\",\"@graph\":[{\"@type\":\"WebPage\",\"@id\":\"https:\/\/www.clients.horus-informatique71.fr\/advocnar_backup\/2019\/10\/lettre-ouverte-a-e-macron-pour-labandon-du-projet-de-terminal-4-a-roissy\/\",\"url\":\"https:\/\/www.clients.horus-informatique71.fr\/advocnar_backup\/2019\/10\/lettre-ouverte-a-e-macron-pour-labandon-du-projet-de-terminal-4-a-roissy\/\",\"name\":\"LETTRE OUVERTE \u00c0 E. MACRON POUR L'ABANDON DU PROJET DE TERMINAL 4 \u00c0 ROISSY - Advocnar\",\"isPartOf\":{\"@id\":\"https:\/\/www.clients.horus-informatique71.fr\/advocnar_backup\/#website\"},\"datePublished\":\"2019-10-09T19:21:29+00:00\",\"dateModified\":\"2019-10-14T12:47:38+00:00\",\"author\":{\"@id\":\"https:\/\/www.clients.horus-informatique71.fr\/advocnar_backup\/#\/schema\/person\/28ec283f897fb44e1146415d8015d23e\"},\"breadcrumb\":{\"@id\":\"https:\/\/www.clients.horus-informatique71.fr\/advocnar_backup\/2019\/10\/lettre-ouverte-a-e-macron-pour-labandon-du-projet-de-terminal-4-a-roissy\/#breadcrumb\"},\"inLanguage\":\"fr-FR\",\"potentialAction\":[{\"@type\":\"ReadAction\",\"target\":[\"https:\/\/www.clients.horus-informatique71.fr\/advocnar_backup\/2019\/10\/lettre-ouverte-a-e-macron-pour-labandon-du-projet-de-terminal-4-a-roissy\/\"]}]},{\"@type\":\"BreadcrumbList\",\"@id\":\"https:\/\/www.clients.horus-informatique71.fr\/advocnar_backup\/2019\/10\/lettre-ouverte-a-e-macron-pour-labandon-du-projet-de-terminal-4-a-roissy\/#breadcrumb\",\"itemListElement\":[{\"@type\":\"ListItem\",\"position\":1,\"name\":\"Accueil\",\"item\":\"https:\/\/www.clients.horus-informatique71.fr\/advocnar_backup\/\"},{\"@type\":\"ListItem\",\"position\":2,\"name\":\"LETTRE OUVERTE \u00c0 E. MACRON POUR L&#8217;ABANDON DU PROJET DE TERMINAL 4 \u00c0 ROISSY\"}]},{\"@type\":\"WebSite\",\"@id\":\"https:\/\/www.clients.horus-informatique71.fr\/advocnar_backup\/#website\",\"url\":\"https:\/\/www.clients.horus-informatique71.fr\/advocnar_backup\/\",\"name\":\"Advocnar\",\"description\":\"Association de D\u00e9fense Contre les Nuisances A\u00e9riennes\",\"potentialAction\":[{\"@type\":\"SearchAction\",\"target\":{\"@type\":\"EntryPoint\",\"urlTemplate\":\"https:\/\/www.clients.horus-informatique71.fr\/advocnar_backup\/?s={search_term_string}\"},\"query-input\":\"required name=search_term_string\"}],\"inLanguage\":\"fr-FR\"},{\"@type\":\"Person\",\"@id\":\"https:\/\/www.clients.horus-informatique71.fr\/advocnar_backup\/#\/schema\/person\/28ec283f897fb44e1146415d8015d23e\",\"name\":\"FBrochot\",\"url\":\"https:\/\/www.clients.horus-informatique71.fr\/advocnar_backup\/author\/fbrochot\/\"}]}<\/script>\n<!-- \/ Yoast SEO plugin. -->","yoast_head_json":{"title":"LETTRE OUVERTE \u00c0 E. MACRON POUR L'ABANDON DU PROJET DE TERMINAL 4 \u00c0 ROISSY - Advocnar","robots":{"index":"index","follow":"follow","max-snippet":"max-snippet:-1","max-image-preview":"max-image-preview:large","max-video-preview":"max-video-preview:-1"},"canonical":"https:\/\/www.clients.horus-informatique71.fr\/advocnar_backup\/2019\/10\/lettre-ouverte-a-e-macron-pour-labandon-du-projet-de-terminal-4-a-roissy\/","og_locale":"fr_FR","og_type":"article","og_title":"LETTRE OUVERTE \u00c0 E. MACRON POUR L'ABANDON DU PROJET DE TERMINAL 4 \u00c0 ROISSY - Advocnar","og_description":"Ce mercredi 9 octobre, \u00e0 l\u2019occasion de la r\u00e9union publique de suivi de la concertation sur le projet de Terminal 4 \u00e0 l\u2019a\u00e9roport de Roissy, des associations adressent une lettre ouverte au Pr\u00e9sident de la R\u00e9publique au nom des douze associations signataires, dont l&rsquo;ADVOCNAR, pour demander l\u2019abandon du projet de Terminal 4 \u00e0 Roissy. Roissy, [&hellip;]","og_url":"https:\/\/www.clients.horus-informatique71.fr\/advocnar_backup\/2019\/10\/lettre-ouverte-a-e-macron-pour-labandon-du-projet-de-terminal-4-a-roissy\/","og_site_name":"Advocnar","article_published_time":"2019-10-09T19:21:29+00:00","article_modified_time":"2019-10-14T12:47:38+00:00","og_image":[{"width":1024,"height":768,"url":"https:\/\/www.clients.horus-informatique71.fr\/advocnar_backup\/wp-content\/uploads\/2019\/10\/20191009_192256-bis-1024x768.jpg","type":"image\/jpeg"}],"author":"FBrochot","twitter_card":"summary_large_image","twitter_misc":{"\u00c9crit par":"FBrochot","Dur\u00e9e de lecture estim\u00e9e":"5 minutes"},"schema":{"@context":"https:\/\/schema.org","@graph":[{"@type":"WebPage","@id":"https:\/\/www.clients.horus-informatique71.fr\/advocnar_backup\/2019\/10\/lettre-ouverte-a-e-macron-pour-labandon-du-projet-de-terminal-4-a-roissy\/","url":"https:\/\/www.clients.horus-informatique71.fr\/advocnar_backup\/2019\/10\/lettre-ouverte-a-e-macron-pour-labandon-du-projet-de-terminal-4-a-roissy\/","name":"LETTRE OUVERTE \u00c0 E. MACRON POUR L'ABANDON DU PROJET DE TERMINAL 4 \u00c0 ROISSY - Advocnar","isPartOf":{"@id":"https:\/\/www.clients.horus-informatique71.fr\/advocnar_backup\/#website"},"datePublished":"2019-10-09T19:21:29+00:00","dateModified":"2019-10-14T12:47:38+00:00","author":{"@id":"https:\/\/www.clients.horus-informatique71.fr\/advocnar_backup\/#\/schema\/person\/28ec283f897fb44e1146415d8015d23e"},"breadcrumb":{"@id":"https:\/\/www.clients.horus-informatique71.fr\/advocnar_backup\/2019\/10\/lettre-ouverte-a-e-macron-pour-labandon-du-projet-de-terminal-4-a-roissy\/#breadcrumb"},"inLanguage":"fr-FR","potentialAction":[{"@type":"ReadAction","target":["https:\/\/www.clients.horus-informatique71.fr\/advocnar_backup\/2019\/10\/lettre-ouverte-a-e-macron-pour-labandon-du-projet-de-terminal-4-a-roissy\/"]}]},{"@type":"BreadcrumbList","@id":"https:\/\/www.clients.horus-informatique71.fr\/advocnar_backup\/2019\/10\/lettre-ouverte-a-e-macron-pour-labandon-du-projet-de-terminal-4-a-roissy\/#breadcrumb","itemListElement":[{"@type":"ListItem","position":1,"name":"Accueil","item":"https:\/\/www.clients.horus-informatique71.fr\/advocnar_backup\/"},{"@type":"ListItem","position":2,"name":"LETTRE OUVERTE \u00c0 E. MACRON POUR L&#8217;ABANDON DU PROJET DE TERMINAL 4 \u00c0 ROISSY"}]},{"@type":"WebSite","@id":"https:\/\/www.clients.horus-informatique71.fr\/advocnar_backup\/#website","url":"https:\/\/www.clients.horus-informatique71.fr\/advocnar_backup\/","name":"Advocnar","description":"Association de D\u00e9fense Contre les Nuisances A\u00e9riennes","potentialAction":[{"@type":"SearchAction","target":{"@type":"EntryPoint","urlTemplate":"https:\/\/www.clients.horus-informatique71.fr\/advocnar_backup\/?s={search_term_string}"},"query-input":"required name=search_term_string"}],"inLanguage":"fr-FR"},{"@type":"Person","@id":"https:\/\/www.clients.horus-informatique71.fr\/advocnar_backup\/#\/schema\/person\/28ec283f897fb44e1146415d8015d23e","name":"FBrochot","url":"https:\/\/www.clients.horus-informatique71.fr\/advocnar_backup\/author\/fbrochot\/"}]}},"_links":{"self":[{"href":"https:\/\/www.clients.horus-informatique71.fr\/advocnar_backup\/wp-json\/wp\/v2\/posts\/75291"}],"collection":[{"href":"https:\/\/www.clients.horus-informatique71.fr\/advocnar_backup\/wp-json\/wp\/v2\/posts"}],"about":[{"href":"https:\/\/www.clients.horus-informatique71.fr\/advocnar_backup\/wp-json\/wp\/v2\/types\/post"}],"author":[{"embeddable":true,"href":"https:\/\/www.clients.horus-informatique71.fr\/advocnar_backup\/wp-json\/wp\/v2\/users\/10"}],"replies":[{"embeddable":true,"href":"https:\/\/www.clients.horus-informatique71.fr\/advocnar_backup\/wp-json\/wp\/v2\/comments?post=75291"}],"version-history":[{"count":17,"href":"https:\/\/www.clients.horus-informatique71.fr\/advocnar_backup\/wp-json\/wp\/v2\/posts\/75291\/revisions"}],"predecessor-version":[{"id":75322,"href":"https:\/\/www.clients.horus-informatique71.fr\/advocnar_backup\/wp-json\/wp\/v2\/posts\/75291\/revisions\/75322"}],"wp:featuredmedia":[{"embeddable":true,"href":"https:\/\/www.clients.horus-informatique71.fr\/advocnar_backup\/wp-json\/wp\/v2\/media\/75302"}],"wp:attachment":[{"href":"https:\/\/www.clients.horus-informatique71.fr\/advocnar_backup\/wp-json\/wp\/v2\/media?parent=75291"}],"wp:term":[{"taxonomy":"category","embeddable":true,"href":"https:\/\/www.clients.horus-informatique71.fr\/advocnar_backup\/wp-json\/wp\/v2\/categories?post=75291"},{"taxonomy":"post_tag","embeddable":true,"href":"https:\/\/www.clients.horus-informatique71.fr\/advocnar_backup\/wp-json\/wp\/v2\/tags?post=75291"}],"curies":[{"name":"wp","href":"https:\/\/api.w.org\/{rel}","templated":true}]}}