{"id":75312,"date":"2019-10-09T23:19:06","date_gmt":"2019-10-09T21:19:06","guid":{"rendered":"https:\/\/www.clients.horus-informatique71.fr\/advocnar_backup\/?p=75312"},"modified":"2019-10-13T23:21:23","modified_gmt":"2019-10-13T21:21:23","slug":"communique-commun-coup-declat-des-opposants-au-projet-du-terminal-4-a-roissy","status":"publish","type":"post","link":"https:\/\/www.clients.horus-informatique71.fr\/advocnar_backup\/2019\/10\/communique-commun-coup-declat-des-opposants-au-projet-du-terminal-4-a-roissy\/","title":{"rendered":"Communiqu\u00e9 commun : coup d&rsquo;\u00e9clat des opposants au projet du Terminal 4 \u00e0 Roissy"},"content":{"rendered":"\n<p><strong>Des citoyens interrompent\nune r\u00e9union avec le pr\u00e9fet d&rsquo;Ile de France pour lui remettre une lettre ouverte\nadress\u00e9e au pr\u00e9sident de la R\u00e9publique demandant l&rsquo;annulation du projet\nd&rsquo;extension de Roissy.<\/strong><\/p>\n\n\n\n<p>Lien vers\nla lettre ouverte \u00e0 Emmanuel Macron : <a href=\"https:\/\/www.advocnar.fr2019\/10\/lettre-ouverte-a-e-macron-pour-labandon-du-projet-de-terminal-4-a-roissy\">https:\/\/www.advocnar.fr2019\/10\/lettre-ouverte-a-e-macron-pour-labandon-du-projet-de-terminal-4-a-roissy<\/a> <\/p>\n\n\n\n<p><strong>Lors d\u2019une r\u00e9union de suivi de la concertation sur le projet de Terminal 4 \u00e0 l\u2019a\u00e9roport de Roissy, le 9 octobre, 34 militants oppos\u00e9s au projet d\u2019extension ont remis au pr\u00e9fet d\u2019Ile de France une lettre ouverte au Pr\u00e9sident de la R\u00e9publique au nom des onze associations signataires.<\/strong><\/p>\n\n\n\n<p>Elles et ils ont d\u00e9ploy\u00e9 une banderole : \u00ab\u00a0Terminal 4 : Le climat en phase terminale\u00a0\u00bb<\/p>\n\n\n\n<p>200\npersonnes ont quitt\u00e9 la salle \u00e0 la suite de la prise de parole d&rsquo;une\nrepr\u00e9sentante du collectif Non au Terminal 4.&nbsp;<\/p>\n\n\n\n<p>Dans cette\nlettre, elles rappellent au Pr\u00e9sident son discours du 24 septembre au sommet de\nl\u2019ONU sur le climat dans lequel il a plaid\u00e9 pour plus de coh\u00e9rence entre les\nintentions et les actions dans le combat contre la crise climatique. \u00ab&nbsp;Il\nfaut remettre en coh\u00e9rence nos agendas et nos actions&nbsp;\u00bb. \u00ab&nbsp;Il faut\nque les grands pays de ce monde arr\u00eatent de financer de nouvelles installations\npolluantes.&nbsp;\u00bb L\u2019objectif de neutralit\u00e9 carbone en 2050 que s\u2019est fix\u00e9\nnotre pays est bien en ligne avec l\u2019accord de Paris de 2015, mais force est de\nconstater que les actions ne suivent pas dans de nombreux domaines. C\u2019est le\ncas notamment du transport a\u00e9rien dont la croissance est au contraire favoris\u00e9e\npar l\u2019Etat, alors qu\u2019il est le mode de transport qui contribue le plus au\nr\u00e9chauffement climatique par passager transport\u00e9 et kilom\u00e8tre parcouru et\ngardera encore longtemps ce triste privil\u00e8ge.<\/p>\n\n\n\n<p>Ainsi\nl\u2019Etat soutient le projet de Terminal 4, qui, selon les chiffres d\u2019ADP,\npourrait g\u00e9n\u00e9rer une hausse de trafic a\u00e9rien de 38% d\u2019ici 2037, avec 500 avions\nde plus par jour (au total 1 800 vols quotidiens) et 40 millions de passagers\nde plus par an. Soit la capacit\u00e9 de l\u2019a\u00e9roport d\u2019Orly ajout\u00e9e \u00e0 celle de Roissy\n! Ce trafic accru ajouterait 12 Mt d\u2019\u00e9quivalent CO2 aux \u00e9missions annuelles de\nla France d\u2019ici 2037. Or, pour atteindre l\u2019objectif de neutralit\u00e9 carbone en\n2050, il ne faudra pas \u00e9mettre plus de 100 Mt d\u2019\u00e9quivalent CO2 en 2037. A cette\ndate, le trafic li\u00e9 au terminal 4 repr\u00e9senterait donc \u00e0 lui seul 12 % des\n\u00e9missions autoris\u00e9es pour la France, et le trafic total de Roissy environ 35%.<\/p>\n\n\n\n<p>La\ncroissance des \u00e9missions de gaz \u00e0 effet de serre qui en r\u00e9sulte n\u2019est pas\ncompatible avec les objectifs de l\u2019accord de Paris sur le climat, d\u2019autant que\nni le syst\u00e8me de compensation carbone r\u00e9sultant de l\u2019accord international\nCorsia ni le recours \u00e0 des carburants alternatifs ne sont \u00e0 la hauteur des\nefforts requis.<\/p>\n\n\n\n<p>C\u2019est\npourquoi les associations signataires demandent instamment au pr\u00e9sident de la\nR\u00e9publique que l\u2019Etat, au nom de la coh\u00e9rence climatique, s\u2019oppose \u00e0\nl\u2019extension de l\u2019a\u00e9roport Roissy Charles de Gaulle et plus g\u00e9n\u00e9ralement int\u00e8gre\nle transport a\u00e9rien, national et international, dans sa strat\u00e9gie bas carbone.<\/p>\n\n\n\n<p><strong>Associations signataires : <\/strong><\/p>\n\n\n\n<p>R\u00e9seau Action Climat &#8211; Non au T4 &#8211; ADVOCNAR &#8211; Fnaut &#8211; France Nature Environnement &#8211; France Nature Environnement Ile-de-France &#8211; Amis de la Terre &#8211; Stay Grounded &#8211; Oui au train de nuit &#8211; Alofa Tuvalu &#8211; TaCa, Agir pour le climat &#8211; Alternatiba ANV-COP21 Paris.<\/p>\n\n\n\n<p><strong>Contacts presse<\/strong>:<\/p>\n\n\n\n<p>Fran\u00e7oise Brochot, Pr\u00e9sidente de l\u2019ADVOCNAR : 06 79 51 25 60<br>Lorelei Limousin, porte parole du R\u00e9seau Action Climat : 07 70 31 09 19<br>Eric Lombard, porte parole de Stay Grounded : 06 28 27 67 41<br>Audrey Bo\u00e9hly, porte parole de Non au T4 : 06 77 81 49 40<br>Elodie Nace, porte parole d\u2019Alternatiba : 06 80 16 28 97<\/p>\n\n\n\n<p><em>Photo: Pablo Porlan<\/em><\/p>\n\n\n\n<p><a href=\"https:\/\/www.clients.horus-informatique71.fr\/advocnar_backup\/wp-content\/uploads\/2019\/10\/2019-10-09-Communique-de-presse-Terminal-4-9-octobre.pdf\">Lire le communiqu\u00e9 de presse<\/a><\/p>\n","protected":false},"excerpt":{"rendered":"<p>Des citoyens interrompent une r\u00e9union avec le pr\u00e9fet d&rsquo;Ile de France pour lui remettre une lettre ouverte adress\u00e9e au pr\u00e9sident de la R\u00e9publique demandant l&rsquo;annulation du projet d&rsquo;extension de Roissy. Lien vers la lettre ouverte \u00e0 Emmanuel Macron : https:\/\/www.advocnar.fr2019\/10\/lettre-ouverte-a-e-macron-pour-labandon-du-projet-de-terminal-4-a-roissy Lors d\u2019une r\u00e9union de suivi de la concertation sur le projet de Terminal 4 \u00e0 [&hellip;]<\/p>\n","protected":false},"author":10,"featured_media":75319,"comment_status":"closed","ping_status":"open","sticky":false,"template":"","format":"standard","meta":{"footnotes":""},"categories":[46],"tags":[],"yoast_head":"<!-- This site is optimized with the Yoast SEO plugin v22.0 - https:\/\/yoast.com\/wordpress\/plugins\/seo\/ -->\n<title>Communiqu\u00e9 commun : coup d&#039;\u00e9clat des opposants au projet du Terminal 4 \u00e0 Roissy - Advocnar<\/title>\n<meta name=\"robots\" content=\"index, follow, max-snippet:-1, max-image-preview:large, max-video-preview:-1\" \/>\n<link rel=\"canonical\" href=\"https:\/\/www.clients.horus-informatique71.fr\/advocnar_backup\/2019\/10\/communique-commun-coup-declat-des-opposants-au-projet-du-terminal-4-a-roissy\/\" \/>\n<meta property=\"og:locale\" content=\"fr_FR\" \/>\n<meta property=\"og:type\" content=\"article\" \/>\n<meta property=\"og:title\" content=\"Communiqu\u00e9 commun : coup d&#039;\u00e9clat des opposants au projet du Terminal 4 \u00e0 Roissy - Advocnar\" \/>\n<meta property=\"og:description\" content=\"Des citoyens interrompent une r\u00e9union avec le pr\u00e9fet d&rsquo;Ile de France pour lui remettre une lettre ouverte adress\u00e9e au pr\u00e9sident de la R\u00e9publique demandant l&rsquo;annulation du projet d&rsquo;extension de Roissy. Lien vers la lettre ouverte \u00e0 Emmanuel Macron : https:\/\/www.advocnar.fr2019\/10\/lettre-ouverte-a-e-macron-pour-labandon-du-projet-de-terminal-4-a-roissy Lors d\u2019une r\u00e9union de suivi de la concertation sur le projet de Terminal 4 \u00e0 [&hellip;]\" \/>\n<meta property=\"og:url\" content=\"https:\/\/www.clients.horus-informatique71.fr\/advocnar_backup\/2019\/10\/communique-commun-coup-declat-des-opposants-au-projet-du-terminal-4-a-roissy\/\" \/>\n<meta property=\"og:site_name\" content=\"Advocnar\" \/>\n<meta property=\"article:published_time\" content=\"2019-10-09T21:19:06+00:00\" \/>\n<meta property=\"article:modified_time\" content=\"2019-10-13T21:21:23+00:00\" \/>\n<meta property=\"og:image\" content=\"https:\/\/www.clients.horus-informatique71.fr\/advocnar_backup\/wp-content\/uploads\/2019\/10\/IMG_1693-2.jpg\" \/>\n\t<meta property=\"og:image:width\" content=\"2558\" \/>\n\t<meta property=\"og:image:height\" content=\"1918\" \/>\n\t<meta property=\"og:image:type\" content=\"image\/jpeg\" \/>\n<meta name=\"author\" content=\"FBrochot\" \/>\n<meta name=\"twitter:card\" content=\"summary_large_image\" \/>\n<meta name=\"twitter:label1\" content=\"\u00c9crit par\" \/>\n\t<meta name=\"twitter:data1\" content=\"FBrochot\" \/>\n\t<meta name=\"twitter:label2\" content=\"Dur\u00e9e de lecture estim\u00e9e\" \/>\n\t<meta name=\"twitter:data2\" content=\"3 minutes\" \/>\n<script type=\"application\/ld+json\" class=\"yoast-schema-graph\">{\"@context\":\"https:\/\/schema.org\",\"@graph\":[{\"@type\":\"WebPage\",\"@id\":\"https:\/\/www.clients.horus-informatique71.fr\/advocnar_backup\/2019\/10\/communique-commun-coup-declat-des-opposants-au-projet-du-terminal-4-a-roissy\/\",\"url\":\"https:\/\/www.clients.horus-informatique71.fr\/advocnar_backup\/2019\/10\/communique-commun-coup-declat-des-opposants-au-projet-du-terminal-4-a-roissy\/\",\"name\":\"Communiqu\u00e9 commun : coup d'\u00e9clat des opposants au projet du Terminal 4 \u00e0 Roissy - Advocnar\",\"isPartOf\":{\"@id\":\"https:\/\/www.clients.horus-informatique71.fr\/advocnar_backup\/#website\"},\"datePublished\":\"2019-10-09T21:19:06+00:00\",\"dateModified\":\"2019-10-13T21:21:23+00:00\",\"author\":{\"@id\":\"https:\/\/www.clients.horus-informatique71.fr\/advocnar_backup\/#\/schema\/person\/28ec283f897fb44e1146415d8015d23e\"},\"breadcrumb\":{\"@id\":\"https:\/\/www.clients.horus-informatique71.fr\/advocnar_backup\/2019\/10\/communique-commun-coup-declat-des-opposants-au-projet-du-terminal-4-a-roissy\/#breadcrumb\"},\"inLanguage\":\"fr-FR\",\"potentialAction\":[{\"@type\":\"ReadAction\",\"target\":[\"https:\/\/www.clients.horus-informatique71.fr\/advocnar_backup\/2019\/10\/communique-commun-coup-declat-des-opposants-au-projet-du-terminal-4-a-roissy\/\"]}]},{\"@type\":\"BreadcrumbList\",\"@id\":\"https:\/\/www.clients.horus-informatique71.fr\/advocnar_backup\/2019\/10\/communique-commun-coup-declat-des-opposants-au-projet-du-terminal-4-a-roissy\/#breadcrumb\",\"itemListElement\":[{\"@type\":\"ListItem\",\"position\":1,\"name\":\"Accueil\",\"item\":\"https:\/\/www.clients.horus-informatique71.fr\/advocnar_backup\/\"},{\"@type\":\"ListItem\",\"position\":2,\"name\":\"Communiqu\u00e9 commun : coup d&#8217;\u00e9clat des opposants au projet du Terminal 4 \u00e0 Roissy\"}]},{\"@type\":\"WebSite\",\"@id\":\"https:\/\/www.clients.horus-informatique71.fr\/advocnar_backup\/#website\",\"url\":\"https:\/\/www.clients.horus-informatique71.fr\/advocnar_backup\/\",\"name\":\"Advocnar\",\"description\":\"Association de D\u00e9fense Contre les Nuisances A\u00e9riennes\",\"potentialAction\":[{\"@type\":\"SearchAction\",\"target\":{\"@type\":\"EntryPoint\",\"urlTemplate\":\"https:\/\/www.clients.horus-informatique71.fr\/advocnar_backup\/?s={search_term_string}\"},\"query-input\":\"required name=search_term_string\"}],\"inLanguage\":\"fr-FR\"},{\"@type\":\"Person\",\"@id\":\"https:\/\/www.clients.horus-informatique71.fr\/advocnar_backup\/#\/schema\/person\/28ec283f897fb44e1146415d8015d23e\",\"name\":\"FBrochot\",\"url\":\"https:\/\/www.clients.horus-informatique71.fr\/advocnar_backup\/author\/fbrochot\/\"}]}<\/script>\n<!-- \/ Yoast SEO plugin. -->","yoast_head_json":{"title":"Communiqu\u00e9 commun : coup d'\u00e9clat des opposants au projet du Terminal 4 \u00e0 Roissy - Advocnar","robots":{"index":"index","follow":"follow","max-snippet":"max-snippet:-1","max-image-preview":"max-image-preview:large","max-video-preview":"max-video-preview:-1"},"canonical":"https:\/\/www.clients.horus-informatique71.fr\/advocnar_backup\/2019\/10\/communique-commun-coup-declat-des-opposants-au-projet-du-terminal-4-a-roissy\/","og_locale":"fr_FR","og_type":"article","og_title":"Communiqu\u00e9 commun : coup d'\u00e9clat des opposants au projet du Terminal 4 \u00e0 Roissy - Advocnar","og_description":"Des citoyens interrompent une r\u00e9union avec le pr\u00e9fet d&rsquo;Ile de France pour lui remettre une lettre ouverte adress\u00e9e au pr\u00e9sident de la R\u00e9publique demandant l&rsquo;annulation du projet d&rsquo;extension de Roissy. Lien vers la lettre ouverte \u00e0 Emmanuel Macron : https:\/\/www.advocnar.fr2019\/10\/lettre-ouverte-a-e-macron-pour-labandon-du-projet-de-terminal-4-a-roissy Lors d\u2019une r\u00e9union de suivi de la concertation sur le projet de Terminal 4 \u00e0 [&hellip;]","og_url":"https:\/\/www.clients.horus-informatique71.fr\/advocnar_backup\/2019\/10\/communique-commun-coup-declat-des-opposants-au-projet-du-terminal-4-a-roissy\/","og_site_name":"Advocnar","article_published_time":"2019-10-09T21:19:06+00:00","article_modified_time":"2019-10-13T21:21:23+00:00","og_image":[{"width":2558,"height":1918,"url":"https:\/\/www.clients.horus-informatique71.fr\/advocnar_backup\/wp-content\/uploads\/2019\/10\/IMG_1693-2.jpg","type":"image\/jpeg"}],"author":"FBrochot","twitter_card":"summary_large_image","twitter_misc":{"\u00c9crit par":"FBrochot","Dur\u00e9e de lecture estim\u00e9e":"3 minutes"},"schema":{"@context":"https:\/\/schema.org","@graph":[{"@type":"WebPage","@id":"https:\/\/www.clients.horus-informatique71.fr\/advocnar_backup\/2019\/10\/communique-commun-coup-declat-des-opposants-au-projet-du-terminal-4-a-roissy\/","url":"https:\/\/www.clients.horus-informatique71.fr\/advocnar_backup\/2019\/10\/communique-commun-coup-declat-des-opposants-au-projet-du-terminal-4-a-roissy\/","name":"Communiqu\u00e9 commun : coup d'\u00e9clat des opposants au projet du Terminal 4 \u00e0 Roissy - Advocnar","isPartOf":{"@id":"https:\/\/www.clients.horus-informatique71.fr\/advocnar_backup\/#website"},"datePublished":"2019-10-09T21:19:06+00:00","dateModified":"2019-10-13T21:21:23+00:00","author":{"@id":"https:\/\/www.clients.horus-informatique71.fr\/advocnar_backup\/#\/schema\/person\/28ec283f897fb44e1146415d8015d23e"},"breadcrumb":{"@id":"https:\/\/www.clients.horus-informatique71.fr\/advocnar_backup\/2019\/10\/communique-commun-coup-declat-des-opposants-au-projet-du-terminal-4-a-roissy\/#breadcrumb"},"inLanguage":"fr-FR","potentialAction":[{"@type":"ReadAction","target":["https:\/\/www.clients.horus-informatique71.fr\/advocnar_backup\/2019\/10\/communique-commun-coup-declat-des-opposants-au-projet-du-terminal-4-a-roissy\/"]}]},{"@type":"BreadcrumbList","@id":"https:\/\/www.clients.horus-informatique71.fr\/advocnar_backup\/2019\/10\/communique-commun-coup-declat-des-opposants-au-projet-du-terminal-4-a-roissy\/#breadcrumb","itemListElement":[{"@type":"ListItem","position":1,"name":"Accueil","item":"https:\/\/www.clients.horus-informatique71.fr\/advocnar_backup\/"},{"@type":"ListItem","position":2,"name":"Communiqu\u00e9 commun : coup d&#8217;\u00e9clat des opposants au projet du Terminal 4 \u00e0 Roissy"}]},{"@type":"WebSite","@id":"https:\/\/www.clients.horus-informatique71.fr\/advocnar_backup\/#website","url":"https:\/\/www.clients.horus-informatique71.fr\/advocnar_backup\/","name":"Advocnar","description":"Association de D\u00e9fense Contre les Nuisances A\u00e9riennes","potentialAction":[{"@type":"SearchAction","target":{"@type":"EntryPoint","urlTemplate":"https:\/\/www.clients.horus-informatique71.fr\/advocnar_backup\/?s={search_term_string}"},"query-input":"required name=search_term_string"}],"inLanguage":"fr-FR"},{"@type":"Person","@id":"https:\/\/www.clients.horus-informatique71.fr\/advocnar_backup\/#\/schema\/person\/28ec283f897fb44e1146415d8015d23e","name":"FBrochot","url":"https:\/\/www.clients.horus-informatique71.fr\/advocnar_backup\/author\/fbrochot\/"}]}},"_links":{"self":[{"href":"https:\/\/www.clients.horus-informatique71.fr\/advocnar_backup\/wp-json\/wp\/v2\/posts\/75312"}],"collection":[{"href":"https:\/\/www.clients.horus-informatique71.fr\/advocnar_backup\/wp-json\/wp\/v2\/posts"}],"about":[{"href":"https:\/\/www.clients.horus-informatique71.fr\/advocnar_backup\/wp-json\/wp\/v2\/types\/post"}],"author":[{"embeddable":true,"href":"https:\/\/www.clients.horus-informatique71.fr\/advocnar_backup\/wp-json\/wp\/v2\/users\/10"}],"replies":[{"embeddable":true,"href":"https:\/\/www.clients.horus-informatique71.fr\/advocnar_backup\/wp-json\/wp\/v2\/comments?post=75312"}],"version-history":[{"count":6,"href":"https:\/\/www.clients.horus-informatique71.fr\/advocnar_backup\/wp-json\/wp\/v2\/posts\/75312\/revisions"}],"predecessor-version":[{"id":75318,"href":"https:\/\/www.clients.horus-informatique71.fr\/advocnar_backup\/wp-json\/wp\/v2\/posts\/75312\/revisions\/75318"}],"wp:featuredmedia":[{"embeddable":true,"href":"https:\/\/www.clients.horus-informatique71.fr\/advocnar_backup\/wp-json\/wp\/v2\/media\/75319"}],"wp:attachment":[{"href":"https:\/\/www.clients.horus-informatique71.fr\/advocnar_backup\/wp-json\/wp\/v2\/media?parent=75312"}],"wp:term":[{"taxonomy":"category","embeddable":true,"href":"https:\/\/www.clients.horus-informatique71.fr\/advocnar_backup\/wp-json\/wp\/v2\/categories?post=75312"},{"taxonomy":"post_tag","embeddable":true,"href":"https:\/\/www.clients.horus-informatique71.fr\/advocnar_backup\/wp-json\/wp\/v2\/tags?post=75312"}],"curies":[{"name":"wp","href":"https:\/\/api.w.org\/{rel}","templated":true}]}}