{"id":75351,"date":"2019-11-22T22:51:54","date_gmt":"2019-11-22T21:51:54","guid":{"rendered":"https:\/\/www.clients.horus-informatique71.fr\/advocnar_backup\/?p=75351"},"modified":"2020-07-05T19:06:20","modified_gmt":"2020-07-05T17:06:20","slug":"advocnar-et-non-au-terminal-4-interpellent-valerie-pecresse-a-montmorency-et-demandent-un-rendez-vous","status":"publish","type":"post","link":"https:\/\/www.clients.horus-informatique71.fr\/advocnar_backup\/2019\/11\/advocnar-et-non-au-terminal-4-interpellent-valerie-pecresse-a-montmorency-et-demandent-un-rendez-vous\/","title":{"rendered":"ADVOCNAR ET NON AU TERMINAL 4 INTERPELLENT VAL\u00c9RIE P\u00c9CRESSE \u00c0 MONTMORENCY ET DEMANDENT UN RENDEZ-VOUS"},"content":{"rendered":"\n<p>Ce vendredi 22 novembre, l&rsquo;association ADVOCNAR, le collectif NON AU TERMINAL 4, des repr\u00e9sentants d&rsquo;associations de d\u00e9fense de l\u2019environnement et des citoyens  sont venus en d\u00e9l\u00e9gation pour interpeler Val\u00e9rie P\u00e9cresse lors de l&rsquo;inauguration du lyc\u00e9e de Montmorency r\u00e9nov\u00e9 et demander l&rsquo;abandon du projet du TERMINAL 4. <\/p>\n\n\n\n<p>Benjamin Chkroun, Vice-pr\u00e9sident  \u00e0 la R\u00e9gion \u00cele-de-France, donne l&rsquo;assurance d&rsquo;un rendez-vous avec la Pr\u00e9sidente de la R\u00e9gion.<\/p>\n\n\n\n<figure class=\"wp-block-image is-resized\"><img loading=\"lazy\" decoding=\"async\" src=\"https:\/\/www.clients.horus-informatique71.fr\/advocnar_backup\/wp-content\/uploads\/2019\/11\/20191122_171604-1024x768.jpg\" alt=\"\" class=\"wp-image-75349\" width=\"362\" height=\"272\" srcset=\"https:\/\/www.clients.horus-informatique71.fr\/advocnar_backup\/wp-content\/uploads\/2019\/11\/20191122_171604-1024x768.jpg 1024w, https:\/\/www.clients.horus-informatique71.fr\/advocnar_backup\/wp-content\/uploads\/2019\/11\/20191122_171604-300x225.jpg 300w, https:\/\/www.clients.horus-informatique71.fr\/advocnar_backup\/wp-content\/uploads\/2019\/11\/20191122_171604-768x576.jpg 768w\" sizes=\"(max-width: 362px) 100vw, 362px\" \/><\/figure>\n\n\n\n<figure class=\"wp-block-image is-resized\"><img loading=\"lazy\" decoding=\"async\" src=\"https:\/\/www.clients.horus-informatique71.fr\/advocnar_backup\/wp-content\/uploads\/2019\/11\/20191122_172343-1024x768.jpg\" alt=\"\" class=\"wp-image-75350\" width=\"365\" height=\"274\" srcset=\"https:\/\/www.clients.horus-informatique71.fr\/advocnar_backup\/wp-content\/uploads\/2019\/11\/20191122_172343-1024x768.jpg 1024w, https:\/\/www.clients.horus-informatique71.fr\/advocnar_backup\/wp-content\/uploads\/2019\/11\/20191122_172343-300x225.jpg 300w, https:\/\/www.clients.horus-informatique71.fr\/advocnar_backup\/wp-content\/uploads\/2019\/11\/20191122_172343-768x576.jpg 768w\" sizes=\"(max-width: 365px) 100vw, 365px\" \/><\/figure>\n\n\n\n<p><br><\/p>\n\n\n\n<blockquote class=\"wp-block-quote\"><p>Madame P\u00e9cresse, vous inaugurez aujourd\u2019hui le lyc\u00e9e Jean-Jacques Rousseau r\u00e9nov\u00e9, c\u2019est l\u2019aboutissement d\u2019un long chantier et une avanc\u00e9e ind\u00e9niable pour les jeunes qui y \u00e9tudient au quotidien.<br> Mais cet \u00e9tablissement, comme bien d\u2019autres en Ile-de-France, est survol\u00e9 en permanence, jour et nuit, par le trafic a\u00e9rien de Roissy-Charles de Gaulle, au d\u00e9triment du sommeil, de la sant\u00e9 et de la r\u00e9ussite scolaire de nos lyc\u00e9ens.<\/p><p>Roissy-Charles de Gaulle d\u00e9tient d\u00e9j\u00e0 aujourd\u2019hui le triste record europ\u00e9en du plus grand nombre de vols de nuit, soit 170 vols entre 22h et 6h du matin, et le record du nombre de mouvements d\u2019avions avec 488&nbsp;000 avions par an.<\/p><p>N\u00e9anmoins le d\u00e9veloppement du transport a\u00e9rien continue de s\u2019op\u00e9rer principalement \u00e0 Roissy-Charles de Gaulle, gr\u00e2ce \u00e0 des extensions successives des infrastructures existantes. Le Terminal 4 projet\u00e9 par le Groupe ADP repr\u00e9sentera l\u2019\u00e9quivalent du trafic d\u2019Orly ajout\u00e9 \u00e0 celui de Roissy ! <\/p><p>Dans la r\u00e9gion capitale, la plus dens\u00e9ment peupl\u00e9e de France, accueillant d\u00e9j\u00e0 50% du trafic a\u00e9rien de notre pays, l\u2019impact sanitaire est actuellement maximal. Madame P\u00e9cresse, nous comptons sur vous pour agir&nbsp;! <\/p><p>Nous, association ADVOCNAR, collectif NON AU TERMINAL 4, associations de d\u00e9fense de l\u2019environnement, citoyens, demandons l\u2019annulation du projet du Terminal 4, incompatible avec la protection de la sant\u00e9 des populations survol\u00e9es, incompatible avec les engagements climatiques de la France.<\/p><p>Il existe des alternatives au d\u00e9veloppement massif du trafic a\u00e9rien en \u00cele-de-France sans pour autant mettre en p\u00e9ril l\u2019\u00e9conomie de notre r\u00e9gion&nbsp;: parlons-en ensemble dans une d\u00e9marche constructive. <\/p><\/blockquote>\n\n\n\n<p><a href=\"https:\/\/www.clients.horus-informatique71.fr\/advocnar_backup\/wp-content\/uploads\/2019\/11\/2019-11-20-Communique-ADVOCNAR-et-NON-AU-T4-interpellent-V.-Pecresse-V2.pdf\">Lire le communiqu\u00e9 de presse<\/a><\/p>\n","protected":false},"excerpt":{"rendered":"<p>Ce vendredi 22 novembre, l&rsquo;association ADVOCNAR, le collectif NON AU TERMINAL 4, des repr\u00e9sentants d&rsquo;associations de d\u00e9fense de l\u2019environnement et des citoyens sont venus en d\u00e9l\u00e9gation pour interpeler Val\u00e9rie P\u00e9cresse lors de l&rsquo;inauguration du lyc\u00e9e de Montmorency r\u00e9nov\u00e9 et demander l&rsquo;abandon du projet du TERMINAL 4. Benjamin Chkroun, Vice-pr\u00e9sident \u00e0 la R\u00e9gion \u00cele-de-France, donne l&rsquo;assurance [&hellip;]<\/p>\n","protected":false},"author":10,"featured_media":75348,"comment_status":"closed","ping_status":"open","sticky":false,"template":"","format":"standard","meta":{"footnotes":""},"categories":[46],"tags":[],"yoast_head":"<!-- This site is optimized with the Yoast SEO plugin v22.0 - https:\/\/yoast.com\/wordpress\/plugins\/seo\/ -->\n<title>ADVOCNAR ET NON AU TERMINAL 4 INTERPELLENT VAL\u00c9RIE P\u00c9CRESSE \u00c0 MONTMORENCY ET DEMANDENT UN RENDEZ-VOUS - Advocnar<\/title>\n<meta name=\"robots\" content=\"index, follow, max-snippet:-1, max-image-preview:large, max-video-preview:-1\" \/>\n<link rel=\"canonical\" href=\"https:\/\/www.clients.horus-informatique71.fr\/advocnar_backup\/2019\/11\/advocnar-et-non-au-terminal-4-interpellent-valerie-pecresse-a-montmorency-et-demandent-un-rendez-vous\/\" \/>\n<meta property=\"og:locale\" content=\"fr_FR\" \/>\n<meta property=\"og:type\" content=\"article\" \/>\n<meta property=\"og:title\" content=\"ADVOCNAR ET NON AU TERMINAL 4 INTERPELLENT VAL\u00c9RIE P\u00c9CRESSE \u00c0 MONTMORENCY ET DEMANDENT UN RENDEZ-VOUS - Advocnar\" \/>\n<meta property=\"og:description\" content=\"Ce vendredi 22 novembre, l&rsquo;association ADVOCNAR, le collectif NON AU TERMINAL 4, des repr\u00e9sentants d&rsquo;associations de d\u00e9fense de l\u2019environnement et des citoyens sont venus en d\u00e9l\u00e9gation pour interpeler Val\u00e9rie P\u00e9cresse lors de l&rsquo;inauguration du lyc\u00e9e de Montmorency r\u00e9nov\u00e9 et demander l&rsquo;abandon du projet du TERMINAL 4. Benjamin Chkroun, Vice-pr\u00e9sident \u00e0 la R\u00e9gion \u00cele-de-France, donne l&rsquo;assurance [&hellip;]\" \/>\n<meta property=\"og:url\" content=\"https:\/\/www.clients.horus-informatique71.fr\/advocnar_backup\/2019\/11\/advocnar-et-non-au-terminal-4-interpellent-valerie-pecresse-a-montmorency-et-demandent-un-rendez-vous\/\" \/>\n<meta property=\"og:site_name\" content=\"Advocnar\" \/>\n<meta property=\"article:published_time\" content=\"2019-11-22T21:51:54+00:00\" \/>\n<meta property=\"article:modified_time\" content=\"2020-07-05T17:06:20+00:00\" \/>\n<meta property=\"og:image\" content=\"https:\/\/www.clients.horus-informatique71.fr\/advocnar_backup\/wp-content\/uploads\/2019\/11\/20191122_172540-1024x768.jpg\" \/>\n\t<meta property=\"og:image:width\" content=\"1024\" \/>\n\t<meta property=\"og:image:height\" content=\"768\" \/>\n\t<meta property=\"og:image:type\" content=\"image\/jpeg\" \/>\n<meta name=\"author\" content=\"FBrochot\" \/>\n<meta name=\"twitter:card\" content=\"summary_large_image\" \/>\n<meta name=\"twitter:label1\" content=\"\u00c9crit par\" \/>\n\t<meta name=\"twitter:data1\" content=\"FBrochot\" \/>\n\t<meta name=\"twitter:label2\" content=\"Dur\u00e9e de lecture estim\u00e9e\" \/>\n\t<meta name=\"twitter:data2\" content=\"2 minutes\" \/>\n<script type=\"application\/ld+json\" class=\"yoast-schema-graph\">{\"@context\":\"https:\/\/schema.org\",\"@graph\":[{\"@type\":\"WebPage\",\"@id\":\"https:\/\/www.clients.horus-informatique71.fr\/advocnar_backup\/2019\/11\/advocnar-et-non-au-terminal-4-interpellent-valerie-pecresse-a-montmorency-et-demandent-un-rendez-vous\/\",\"url\":\"https:\/\/www.clients.horus-informatique71.fr\/advocnar_backup\/2019\/11\/advocnar-et-non-au-terminal-4-interpellent-valerie-pecresse-a-montmorency-et-demandent-un-rendez-vous\/\",\"name\":\"ADVOCNAR ET NON AU TERMINAL 4 INTERPELLENT VAL\u00c9RIE P\u00c9CRESSE \u00c0 MONTMORENCY ET DEMANDENT UN RENDEZ-VOUS - Advocnar\",\"isPartOf\":{\"@id\":\"https:\/\/www.clients.horus-informatique71.fr\/advocnar_backup\/#website\"},\"datePublished\":\"2019-11-22T21:51:54+00:00\",\"dateModified\":\"2020-07-05T17:06:20+00:00\",\"author\":{\"@id\":\"https:\/\/www.clients.horus-informatique71.fr\/advocnar_backup\/#\/schema\/person\/28ec283f897fb44e1146415d8015d23e\"},\"breadcrumb\":{\"@id\":\"https:\/\/www.clients.horus-informatique71.fr\/advocnar_backup\/2019\/11\/advocnar-et-non-au-terminal-4-interpellent-valerie-pecresse-a-montmorency-et-demandent-un-rendez-vous\/#breadcrumb\"},\"inLanguage\":\"fr-FR\",\"potentialAction\":[{\"@type\":\"ReadAction\",\"target\":[\"https:\/\/www.clients.horus-informatique71.fr\/advocnar_backup\/2019\/11\/advocnar-et-non-au-terminal-4-interpellent-valerie-pecresse-a-montmorency-et-demandent-un-rendez-vous\/\"]}]},{\"@type\":\"BreadcrumbList\",\"@id\":\"https:\/\/www.clients.horus-informatique71.fr\/advocnar_backup\/2019\/11\/advocnar-et-non-au-terminal-4-interpellent-valerie-pecresse-a-montmorency-et-demandent-un-rendez-vous\/#breadcrumb\",\"itemListElement\":[{\"@type\":\"ListItem\",\"position\":1,\"name\":\"Accueil\",\"item\":\"https:\/\/www.clients.horus-informatique71.fr\/advocnar_backup\/\"},{\"@type\":\"ListItem\",\"position\":2,\"name\":\"ADVOCNAR ET NON AU TERMINAL 4 INTERPELLENT VAL\u00c9RIE P\u00c9CRESSE \u00c0 MONTMORENCY ET DEMANDENT UN RENDEZ-VOUS\"}]},{\"@type\":\"WebSite\",\"@id\":\"https:\/\/www.clients.horus-informatique71.fr\/advocnar_backup\/#website\",\"url\":\"https:\/\/www.clients.horus-informatique71.fr\/advocnar_backup\/\",\"name\":\"Advocnar\",\"description\":\"Association de D\u00e9fense Contre les Nuisances A\u00e9riennes\",\"potentialAction\":[{\"@type\":\"SearchAction\",\"target\":{\"@type\":\"EntryPoint\",\"urlTemplate\":\"https:\/\/www.clients.horus-informatique71.fr\/advocnar_backup\/?s={search_term_string}\"},\"query-input\":\"required name=search_term_string\"}],\"inLanguage\":\"fr-FR\"},{\"@type\":\"Person\",\"@id\":\"https:\/\/www.clients.horus-informatique71.fr\/advocnar_backup\/#\/schema\/person\/28ec283f897fb44e1146415d8015d23e\",\"name\":\"FBrochot\",\"url\":\"https:\/\/www.clients.horus-informatique71.fr\/advocnar_backup\/author\/fbrochot\/\"}]}<\/script>\n<!-- \/ Yoast SEO plugin. -->","yoast_head_json":{"title":"ADVOCNAR ET NON AU TERMINAL 4 INTERPELLENT VAL\u00c9RIE P\u00c9CRESSE \u00c0 MONTMORENCY ET DEMANDENT UN RENDEZ-VOUS - Advocnar","robots":{"index":"index","follow":"follow","max-snippet":"max-snippet:-1","max-image-preview":"max-image-preview:large","max-video-preview":"max-video-preview:-1"},"canonical":"https:\/\/www.clients.horus-informatique71.fr\/advocnar_backup\/2019\/11\/advocnar-et-non-au-terminal-4-interpellent-valerie-pecresse-a-montmorency-et-demandent-un-rendez-vous\/","og_locale":"fr_FR","og_type":"article","og_title":"ADVOCNAR ET NON AU TERMINAL 4 INTERPELLENT VAL\u00c9RIE P\u00c9CRESSE \u00c0 MONTMORENCY ET DEMANDENT UN RENDEZ-VOUS - Advocnar","og_description":"Ce vendredi 22 novembre, l&rsquo;association ADVOCNAR, le collectif NON AU TERMINAL 4, des repr\u00e9sentants d&rsquo;associations de d\u00e9fense de l\u2019environnement et des citoyens sont venus en d\u00e9l\u00e9gation pour interpeler Val\u00e9rie P\u00e9cresse lors de l&rsquo;inauguration du lyc\u00e9e de Montmorency r\u00e9nov\u00e9 et demander l&rsquo;abandon du projet du TERMINAL 4. Benjamin Chkroun, Vice-pr\u00e9sident \u00e0 la R\u00e9gion \u00cele-de-France, donne l&rsquo;assurance [&hellip;]","og_url":"https:\/\/www.clients.horus-informatique71.fr\/advocnar_backup\/2019\/11\/advocnar-et-non-au-terminal-4-interpellent-valerie-pecresse-a-montmorency-et-demandent-un-rendez-vous\/","og_site_name":"Advocnar","article_published_time":"2019-11-22T21:51:54+00:00","article_modified_time":"2020-07-05T17:06:20+00:00","og_image":[{"width":1024,"height":768,"url":"https:\/\/www.clients.horus-informatique71.fr\/advocnar_backup\/wp-content\/uploads\/2019\/11\/20191122_172540-1024x768.jpg","type":"image\/jpeg"}],"author":"FBrochot","twitter_card":"summary_large_image","twitter_misc":{"\u00c9crit par":"FBrochot","Dur\u00e9e de lecture estim\u00e9e":"2 minutes"},"schema":{"@context":"https:\/\/schema.org","@graph":[{"@type":"WebPage","@id":"https:\/\/www.clients.horus-informatique71.fr\/advocnar_backup\/2019\/11\/advocnar-et-non-au-terminal-4-interpellent-valerie-pecresse-a-montmorency-et-demandent-un-rendez-vous\/","url":"https:\/\/www.clients.horus-informatique71.fr\/advocnar_backup\/2019\/11\/advocnar-et-non-au-terminal-4-interpellent-valerie-pecresse-a-montmorency-et-demandent-un-rendez-vous\/","name":"ADVOCNAR ET NON AU TERMINAL 4 INTERPELLENT VAL\u00c9RIE P\u00c9CRESSE \u00c0 MONTMORENCY ET DEMANDENT UN RENDEZ-VOUS - Advocnar","isPartOf":{"@id":"https:\/\/www.clients.horus-informatique71.fr\/advocnar_backup\/#website"},"datePublished":"2019-11-22T21:51:54+00:00","dateModified":"2020-07-05T17:06:20+00:00","author":{"@id":"https:\/\/www.clients.horus-informatique71.fr\/advocnar_backup\/#\/schema\/person\/28ec283f897fb44e1146415d8015d23e"},"breadcrumb":{"@id":"https:\/\/www.clients.horus-informatique71.fr\/advocnar_backup\/2019\/11\/advocnar-et-non-au-terminal-4-interpellent-valerie-pecresse-a-montmorency-et-demandent-un-rendez-vous\/#breadcrumb"},"inLanguage":"fr-FR","potentialAction":[{"@type":"ReadAction","target":["https:\/\/www.clients.horus-informatique71.fr\/advocnar_backup\/2019\/11\/advocnar-et-non-au-terminal-4-interpellent-valerie-pecresse-a-montmorency-et-demandent-un-rendez-vous\/"]}]},{"@type":"BreadcrumbList","@id":"https:\/\/www.clients.horus-informatique71.fr\/advocnar_backup\/2019\/11\/advocnar-et-non-au-terminal-4-interpellent-valerie-pecresse-a-montmorency-et-demandent-un-rendez-vous\/#breadcrumb","itemListElement":[{"@type":"ListItem","position":1,"name":"Accueil","item":"https:\/\/www.clients.horus-informatique71.fr\/advocnar_backup\/"},{"@type":"ListItem","position":2,"name":"ADVOCNAR ET NON AU TERMINAL 4 INTERPELLENT VAL\u00c9RIE P\u00c9CRESSE \u00c0 MONTMORENCY ET DEMANDENT UN RENDEZ-VOUS"}]},{"@type":"WebSite","@id":"https:\/\/www.clients.horus-informatique71.fr\/advocnar_backup\/#website","url":"https:\/\/www.clients.horus-informatique71.fr\/advocnar_backup\/","name":"Advocnar","description":"Association de D\u00e9fense Contre les Nuisances A\u00e9riennes","potentialAction":[{"@type":"SearchAction","target":{"@type":"EntryPoint","urlTemplate":"https:\/\/www.clients.horus-informatique71.fr\/advocnar_backup\/?s={search_term_string}"},"query-input":"required name=search_term_string"}],"inLanguage":"fr-FR"},{"@type":"Person","@id":"https:\/\/www.clients.horus-informatique71.fr\/advocnar_backup\/#\/schema\/person\/28ec283f897fb44e1146415d8015d23e","name":"FBrochot","url":"https:\/\/www.clients.horus-informatique71.fr\/advocnar_backup\/author\/fbrochot\/"}]}},"_links":{"self":[{"href":"https:\/\/www.clients.horus-informatique71.fr\/advocnar_backup\/wp-json\/wp\/v2\/posts\/75351"}],"collection":[{"href":"https:\/\/www.clients.horus-informatique71.fr\/advocnar_backup\/wp-json\/wp\/v2\/posts"}],"about":[{"href":"https:\/\/www.clients.horus-informatique71.fr\/advocnar_backup\/wp-json\/wp\/v2\/types\/post"}],"author":[{"embeddable":true,"href":"https:\/\/www.clients.horus-informatique71.fr\/advocnar_backup\/wp-json\/wp\/v2\/users\/10"}],"replies":[{"embeddable":true,"href":"https:\/\/www.clients.horus-informatique71.fr\/advocnar_backup\/wp-json\/wp\/v2\/comments?post=75351"}],"version-history":[{"count":13,"href":"https:\/\/www.clients.horus-informatique71.fr\/advocnar_backup\/wp-json\/wp\/v2\/posts\/75351\/revisions"}],"predecessor-version":[{"id":76109,"href":"https:\/\/www.clients.horus-informatique71.fr\/advocnar_backup\/wp-json\/wp\/v2\/posts\/75351\/revisions\/76109"}],"wp:featuredmedia":[{"embeddable":true,"href":"https:\/\/www.clients.horus-informatique71.fr\/advocnar_backup\/wp-json\/wp\/v2\/media\/75348"}],"wp:attachment":[{"href":"https:\/\/www.clients.horus-informatique71.fr\/advocnar_backup\/wp-json\/wp\/v2\/media?parent=75351"}],"wp:term":[{"taxonomy":"category","embeddable":true,"href":"https:\/\/www.clients.horus-informatique71.fr\/advocnar_backup\/wp-json\/wp\/v2\/categories?post=75351"},{"taxonomy":"post_tag","embeddable":true,"href":"https:\/\/www.clients.horus-informatique71.fr\/advocnar_backup\/wp-json\/wp\/v2\/tags?post=75351"}],"curies":[{"name":"wp","href":"https:\/\/api.w.org\/{rel}","templated":true}]}}