{"id":75472,"date":"2020-02-03T21:19:35","date_gmt":"2020-02-03T20:19:35","guid":{"rendered":"https:\/\/www.clients.horus-informatique71.fr\/advocnar_backup\/?p=75472"},"modified":"2021-04-02T17:05:31","modified_gmt":"2021-04-02T15:05:31","slug":"des-elus-et-associations-se-mobilisent-contre-lextension-de-laeroport-de-roissy","status":"publish","type":"post","link":"https:\/\/www.clients.horus-informatique71.fr\/advocnar_backup\/2020\/02\/des-elus-et-associations-se-mobilisent-contre-lextension-de-laeroport-de-roissy\/","title":{"rendered":"Des \u00e9lus et associations se mobilisent contre l&rsquo;extension de l&rsquo;a\u00e9roport de Roissy"},"content":{"rendered":"\n<h4 class=\"wp-block-heading\">03.02.2020 &#8211; BFMTV<\/h4>\n\n\n\n<p><a href=\"https:\/\/www.bfmtv.com\/mediaplayer\/video\/des-elus-et-associations-se-mobilisent-contre-l-extension-de-l-aeroport-de-roissy-1219620.html\">https:\/\/www.bfmtv.com\/mediaplayer\/video\/des-elus-et-associations-se-mobilisent-contre-l-extension-de-l-aeroport-de-roissy-1219620.html<\/a><\/p>\n\n\n\n<figure class=\"wp-block-image is-resized\"><img loading=\"lazy\" decoding=\"async\" src=\"https:\/\/www.clients.horus-informatique71.fr\/advocnar_backup\/wp-content\/uploads\/2020\/02\/BFM-TV.png\" alt=\"\" class=\"wp-image-75478\" width=\"45\" height=\"45\" srcset=\"https:\/\/www.clients.horus-informatique71.fr\/advocnar_backup\/wp-content\/uploads\/2020\/02\/BFM-TV.png 225w, https:\/\/www.clients.horus-informatique71.fr\/advocnar_backup\/wp-content\/uploads\/2020\/02\/BFM-TV-150x150.png 150w\" sizes=\"(max-width: 45px) 100vw, 45px\" \/><\/figure>\n\n\n\n<p>C&rsquo;est un terminal qui va donner une nouvelle ampleur \u00e0 l&rsquo;a\u00e9roport de Roissy. Le T4 n&rsquo;est pas encore sorti de terre, mais il fait d\u00e9j\u00e0 pol\u00e9mique. Cette extension de l&rsquo;a\u00e9roport doit permettre de doubler le nombre de passagers \u00e0 Roissy en transit d&rsquo;ici une quinzaine d&rsquo;ann\u00e9es. 70 \u00e9lus et 17 associations refusent ce projet et se mobilisent.<\/p>\n","protected":false},"excerpt":{"rendered":"<p>03.02.2020 &#8211; BFMTV https:\/\/www.bfmtv.com\/mediaplayer\/video\/des-elus-et-associations-se-mobilisent-contre-l-extension-de-l-aeroport-de-roissy-1219620.html C&rsquo;est un terminal qui va donner une nouvelle ampleur \u00e0 l&rsquo;a\u00e9roport de Roissy. Le T4 n&rsquo;est pas encore sorti de terre, mais il fait d\u00e9j\u00e0 pol\u00e9mique. Cette extension de l&rsquo;a\u00e9roport doit permettre de doubler le nombre de passagers \u00e0 Roissy en transit d&rsquo;ici une quinzaine d&rsquo;ann\u00e9es. 70 \u00e9lus et 17 associations [&hellip;]<\/p>\n","protected":false},"author":10,"featured_media":0,"comment_status":"closed","ping_status":"open","sticky":false,"template":"","format":"standard","meta":{"footnotes":""},"categories":[49],"tags":[],"yoast_head":"<!-- This site is optimized with the Yoast SEO plugin v22.0 - https:\/\/yoast.com\/wordpress\/plugins\/seo\/ -->\n<title>Des \u00e9lus et associations se mobilisent contre l&#039;extension de l&#039;a\u00e9roport de Roissy - Advocnar<\/title>\n<meta name=\"robots\" content=\"index, follow, max-snippet:-1, max-image-preview:large, max-video-preview:-1\" \/>\n<link rel=\"canonical\" href=\"https:\/\/www.clients.horus-informatique71.fr\/advocnar_backup\/2020\/02\/des-elus-et-associations-se-mobilisent-contre-lextension-de-laeroport-de-roissy\/\" \/>\n<meta property=\"og:locale\" content=\"fr_FR\" \/>\n<meta property=\"og:type\" content=\"article\" \/>\n<meta property=\"og:title\" content=\"Des \u00e9lus et associations se mobilisent contre l&#039;extension de l&#039;a\u00e9roport de Roissy - Advocnar\" \/>\n<meta property=\"og:description\" content=\"03.02.2020 &#8211; BFMTV https:\/\/www.bfmtv.com\/mediaplayer\/video\/des-elus-et-associations-se-mobilisent-contre-l-extension-de-l-aeroport-de-roissy-1219620.html C&rsquo;est un terminal qui va donner une nouvelle ampleur \u00e0 l&rsquo;a\u00e9roport de Roissy. Le T4 n&rsquo;est pas encore sorti de terre, mais il fait d\u00e9j\u00e0 pol\u00e9mique. Cette extension de l&rsquo;a\u00e9roport doit permettre de doubler le nombre de passagers \u00e0 Roissy en transit d&rsquo;ici une quinzaine d&rsquo;ann\u00e9es. 70 \u00e9lus et 17 associations [&hellip;]\" \/>\n<meta property=\"og:url\" content=\"https:\/\/www.clients.horus-informatique71.fr\/advocnar_backup\/2020\/02\/des-elus-et-associations-se-mobilisent-contre-lextension-de-laeroport-de-roissy\/\" \/>\n<meta property=\"og:site_name\" content=\"Advocnar\" \/>\n<meta property=\"article:published_time\" content=\"2020-02-03T20:19:35+00:00\" \/>\n<meta property=\"article:modified_time\" content=\"2021-04-02T15:05:31+00:00\" \/>\n<meta property=\"og:image\" content=\"https:\/\/www.advocnar.frwp-content\/uploads\/2020\/02\/BFM-TV.png\" \/>\n<meta name=\"author\" content=\"FBrochot\" \/>\n<meta name=\"twitter:card\" content=\"summary_large_image\" \/>\n<meta name=\"twitter:label1\" content=\"\u00c9crit par\" \/>\n\t<meta name=\"twitter:data1\" content=\"FBrochot\" \/>\n\t<meta name=\"twitter:label2\" content=\"Dur\u00e9e de lecture estim\u00e9e\" \/>\n\t<meta name=\"twitter:data2\" content=\"1 minute\" \/>\n<script type=\"application\/ld+json\" class=\"yoast-schema-graph\">{\"@context\":\"https:\/\/schema.org\",\"@graph\":[{\"@type\":\"WebPage\",\"@id\":\"https:\/\/www.clients.horus-informatique71.fr\/advocnar_backup\/2020\/02\/des-elus-et-associations-se-mobilisent-contre-lextension-de-laeroport-de-roissy\/\",\"url\":\"https:\/\/www.clients.horus-informatique71.fr\/advocnar_backup\/2020\/02\/des-elus-et-associations-se-mobilisent-contre-lextension-de-laeroport-de-roissy\/\",\"name\":\"Des \u00e9lus et associations se mobilisent contre l'extension de l'a\u00e9roport de Roissy - Advocnar\",\"isPartOf\":{\"@id\":\"https:\/\/www.clients.horus-informatique71.fr\/advocnar_backup\/#website\"},\"datePublished\":\"2020-02-03T20:19:35+00:00\",\"dateModified\":\"2021-04-02T15:05:31+00:00\",\"author\":{\"@id\":\"https:\/\/www.clients.horus-informatique71.fr\/advocnar_backup\/#\/schema\/person\/28ec283f897fb44e1146415d8015d23e\"},\"breadcrumb\":{\"@id\":\"https:\/\/www.clients.horus-informatique71.fr\/advocnar_backup\/2020\/02\/des-elus-et-associations-se-mobilisent-contre-lextension-de-laeroport-de-roissy\/#breadcrumb\"},\"inLanguage\":\"fr-FR\",\"potentialAction\":[{\"@type\":\"ReadAction\",\"target\":[\"https:\/\/www.clients.horus-informatique71.fr\/advocnar_backup\/2020\/02\/des-elus-et-associations-se-mobilisent-contre-lextension-de-laeroport-de-roissy\/\"]}]},{\"@type\":\"BreadcrumbList\",\"@id\":\"https:\/\/www.clients.horus-informatique71.fr\/advocnar_backup\/2020\/02\/des-elus-et-associations-se-mobilisent-contre-lextension-de-laeroport-de-roissy\/#breadcrumb\",\"itemListElement\":[{\"@type\":\"ListItem\",\"position\":1,\"name\":\"Accueil\",\"item\":\"https:\/\/www.clients.horus-informatique71.fr\/advocnar_backup\/\"},{\"@type\":\"ListItem\",\"position\":2,\"name\":\"Des \u00e9lus et associations se mobilisent contre l&#8217;extension de l&#8217;a\u00e9roport de Roissy\"}]},{\"@type\":\"WebSite\",\"@id\":\"https:\/\/www.clients.horus-informatique71.fr\/advocnar_backup\/#website\",\"url\":\"https:\/\/www.clients.horus-informatique71.fr\/advocnar_backup\/\",\"name\":\"Advocnar\",\"description\":\"Association de D\u00e9fense Contre les Nuisances A\u00e9riennes\",\"potentialAction\":[{\"@type\":\"SearchAction\",\"target\":{\"@type\":\"EntryPoint\",\"urlTemplate\":\"https:\/\/www.clients.horus-informatique71.fr\/advocnar_backup\/?s={search_term_string}\"},\"query-input\":\"required name=search_term_string\"}],\"inLanguage\":\"fr-FR\"},{\"@type\":\"Person\",\"@id\":\"https:\/\/www.clients.horus-informatique71.fr\/advocnar_backup\/#\/schema\/person\/28ec283f897fb44e1146415d8015d23e\",\"name\":\"FBrochot\",\"url\":\"https:\/\/www.clients.horus-informatique71.fr\/advocnar_backup\/author\/fbrochot\/\"}]}<\/script>\n<!-- \/ Yoast SEO plugin. -->","yoast_head_json":{"title":"Des \u00e9lus et associations se mobilisent contre l'extension de l'a\u00e9roport de Roissy - Advocnar","robots":{"index":"index","follow":"follow","max-snippet":"max-snippet:-1","max-image-preview":"max-image-preview:large","max-video-preview":"max-video-preview:-1"},"canonical":"https:\/\/www.clients.horus-informatique71.fr\/advocnar_backup\/2020\/02\/des-elus-et-associations-se-mobilisent-contre-lextension-de-laeroport-de-roissy\/","og_locale":"fr_FR","og_type":"article","og_title":"Des \u00e9lus et associations se mobilisent contre l'extension de l'a\u00e9roport de Roissy - Advocnar","og_description":"03.02.2020 &#8211; BFMTV https:\/\/www.bfmtv.com\/mediaplayer\/video\/des-elus-et-associations-se-mobilisent-contre-l-extension-de-l-aeroport-de-roissy-1219620.html C&rsquo;est un terminal qui va donner une nouvelle ampleur \u00e0 l&rsquo;a\u00e9roport de Roissy. Le T4 n&rsquo;est pas encore sorti de terre, mais il fait d\u00e9j\u00e0 pol\u00e9mique. Cette extension de l&rsquo;a\u00e9roport doit permettre de doubler le nombre de passagers \u00e0 Roissy en transit d&rsquo;ici une quinzaine d&rsquo;ann\u00e9es. 70 \u00e9lus et 17 associations [&hellip;]","og_url":"https:\/\/www.clients.horus-informatique71.fr\/advocnar_backup\/2020\/02\/des-elus-et-associations-se-mobilisent-contre-lextension-de-laeroport-de-roissy\/","og_site_name":"Advocnar","article_published_time":"2020-02-03T20:19:35+00:00","article_modified_time":"2021-04-02T15:05:31+00:00","og_image":[{"url":"https:\/\/www.advocnar.frwp-content\/uploads\/2020\/02\/BFM-TV.png"}],"author":"FBrochot","twitter_card":"summary_large_image","twitter_misc":{"\u00c9crit par":"FBrochot","Dur\u00e9e de lecture estim\u00e9e":"1 minute"},"schema":{"@context":"https:\/\/schema.org","@graph":[{"@type":"WebPage","@id":"https:\/\/www.clients.horus-informatique71.fr\/advocnar_backup\/2020\/02\/des-elus-et-associations-se-mobilisent-contre-lextension-de-laeroport-de-roissy\/","url":"https:\/\/www.clients.horus-informatique71.fr\/advocnar_backup\/2020\/02\/des-elus-et-associations-se-mobilisent-contre-lextension-de-laeroport-de-roissy\/","name":"Des \u00e9lus et associations se mobilisent contre l'extension de l'a\u00e9roport de Roissy - Advocnar","isPartOf":{"@id":"https:\/\/www.clients.horus-informatique71.fr\/advocnar_backup\/#website"},"datePublished":"2020-02-03T20:19:35+00:00","dateModified":"2021-04-02T15:05:31+00:00","author":{"@id":"https:\/\/www.clients.horus-informatique71.fr\/advocnar_backup\/#\/schema\/person\/28ec283f897fb44e1146415d8015d23e"},"breadcrumb":{"@id":"https:\/\/www.clients.horus-informatique71.fr\/advocnar_backup\/2020\/02\/des-elus-et-associations-se-mobilisent-contre-lextension-de-laeroport-de-roissy\/#breadcrumb"},"inLanguage":"fr-FR","potentialAction":[{"@type":"ReadAction","target":["https:\/\/www.clients.horus-informatique71.fr\/advocnar_backup\/2020\/02\/des-elus-et-associations-se-mobilisent-contre-lextension-de-laeroport-de-roissy\/"]}]},{"@type":"BreadcrumbList","@id":"https:\/\/www.clients.horus-informatique71.fr\/advocnar_backup\/2020\/02\/des-elus-et-associations-se-mobilisent-contre-lextension-de-laeroport-de-roissy\/#breadcrumb","itemListElement":[{"@type":"ListItem","position":1,"name":"Accueil","item":"https:\/\/www.clients.horus-informatique71.fr\/advocnar_backup\/"},{"@type":"ListItem","position":2,"name":"Des \u00e9lus et associations se mobilisent contre l&#8217;extension de l&#8217;a\u00e9roport de Roissy"}]},{"@type":"WebSite","@id":"https:\/\/www.clients.horus-informatique71.fr\/advocnar_backup\/#website","url":"https:\/\/www.clients.horus-informatique71.fr\/advocnar_backup\/","name":"Advocnar","description":"Association de D\u00e9fense Contre les Nuisances A\u00e9riennes","potentialAction":[{"@type":"SearchAction","target":{"@type":"EntryPoint","urlTemplate":"https:\/\/www.clients.horus-informatique71.fr\/advocnar_backup\/?s={search_term_string}"},"query-input":"required name=search_term_string"}],"inLanguage":"fr-FR"},{"@type":"Person","@id":"https:\/\/www.clients.horus-informatique71.fr\/advocnar_backup\/#\/schema\/person\/28ec283f897fb44e1146415d8015d23e","name":"FBrochot","url":"https:\/\/www.clients.horus-informatique71.fr\/advocnar_backup\/author\/fbrochot\/"}]}},"_links":{"self":[{"href":"https:\/\/www.clients.horus-informatique71.fr\/advocnar_backup\/wp-json\/wp\/v2\/posts\/75472"}],"collection":[{"href":"https:\/\/www.clients.horus-informatique71.fr\/advocnar_backup\/wp-json\/wp\/v2\/posts"}],"about":[{"href":"https:\/\/www.clients.horus-informatique71.fr\/advocnar_backup\/wp-json\/wp\/v2\/types\/post"}],"author":[{"embeddable":true,"href":"https:\/\/www.clients.horus-informatique71.fr\/advocnar_backup\/wp-json\/wp\/v2\/users\/10"}],"replies":[{"embeddable":true,"href":"https:\/\/www.clients.horus-informatique71.fr\/advocnar_backup\/wp-json\/wp\/v2\/comments?post=75472"}],"version-history":[{"count":2,"href":"https:\/\/www.clients.horus-informatique71.fr\/advocnar_backup\/wp-json\/wp\/v2\/posts\/75472\/revisions"}],"predecessor-version":[{"id":75487,"href":"https:\/\/www.clients.horus-informatique71.fr\/advocnar_backup\/wp-json\/wp\/v2\/posts\/75472\/revisions\/75487"}],"wp:attachment":[{"href":"https:\/\/www.clients.horus-informatique71.fr\/advocnar_backup\/wp-json\/wp\/v2\/media?parent=75472"}],"wp:term":[{"taxonomy":"category","embeddable":true,"href":"https:\/\/www.clients.horus-informatique71.fr\/advocnar_backup\/wp-json\/wp\/v2\/categories?post=75472"},{"taxonomy":"post_tag","embeddable":true,"href":"https:\/\/www.clients.horus-informatique71.fr\/advocnar_backup\/wp-json\/wp\/v2\/tags?post=75472"}],"curies":[{"name":"wp","href":"https:\/\/api.w.org\/{rel}","templated":true}]}}