{"id":75543,"date":"2020-03-10T18:49:02","date_gmt":"2020-03-10T17:49:02","guid":{"rendered":"https:\/\/www.clients.horus-informatique71.fr\/advocnar_backup\/?p=75543"},"modified":"2020-03-16T10:11:24","modified_gmt":"2020-03-16T09:11:24","slug":"nuisances-aeriennes-projet-du-terminal-4-les-associations-interpellent-les-candidats-aux-municipales","status":"publish","type":"post","link":"https:\/\/www.clients.horus-informatique71.fr\/advocnar_backup\/2020\/03\/nuisances-aeriennes-projet-du-terminal-4-les-associations-interpellent-les-candidats-aux-municipales\/","title":{"rendered":"Nuisances a\u00e9riennes, projet du Terminal 4 : des candidats aux municipales s&rsquo;engagent \u00e0 l&rsquo;appel des associations"},"content":{"rendered":"\n<h1 class=\"wp-block-heading\"><\/h1>\n\n\n\n<p> <strong>S&rsquo;ils sont \u00e9lu(e)s ils s&rsquo;engagent<\/strong> \u00e0 faire adopter <a href=\"https:\/\/www.clients.horus-informatique71.fr\/advocnar_backup\/wp-content\/uploads\/2020\/02\/Motion-a-lattention-des-futurs-maires.pdf\">la d\u00e9lib\u00e9ration<\/a>  qui demande l\u2019annulation du projet de Terminal  4, le plafonnement du trafic \u00e0 500 000 mouvements par an, la mise en  place des <a href=\"https:\/\/www.clients.horus-informatique71.fr\/advocnar_backup\/wp-content\/uploads\/2020\/02\/LES-DEMANDES-DES-ASSOCIATIONS-_-18-mesures.pdf\">mesures n\u00e9cessaires \u00e0 la r\u00e9duction du bruit et de la pollution atmosph\u00e9rique<\/a>  recommand\u00e9es par les associations et la r\u00e9duction des vols de nuit pour tendre vers un couvre-feu:<\/p>\n\n\n\n<table class=\"wp-block-table is-style-regular\"><tbody><tr><td><strong>Alima BOUMEDIENNE<\/strong>  Argenteuil<br><strong>Omar SLAOUTI<\/strong>  Argenteuil   <br><strong>Alain AMEDRO<\/strong>  Aulnay-sous-Bois<br><strong>Alain ZIMMERMANN<\/strong>  Auvers   <br><strong>Xavier RENOU<\/strong>  Beaumont-sur-Oise<br><strong>Elie DOMERGUE<\/strong>  Bessancourt   <br><strong>Bachir AROUNA<\/strong>  Bouffemont   <br><strong>Natalie GUADAGNIN<\/strong>  Bouff\u00e9mont   <br><strong>Michel LACOUX<\/strong>   Bouff\u00e9mont   <br><strong>Gwenola FERRAN ROCCHI<\/strong>   CERGY<br><strong>Sanaa SAITOULI<\/strong>   CERGY<br><strong>Marie-Claude FOURNIER<\/strong>   Clichy <br><strong>Carlos SOARES DE SOUSA<\/strong>   Cormeilles   <br><strong>Muriel SCOLAN<\/strong>   Deuil   <br><strong>Vincent GAYRARD<\/strong>   Deuil  <br><strong>Jean Marie ROY<\/strong>   Deuil   <br><strong>Marie-Jos\u00e9 BEAULANDE<\/strong>   Eaubonne   <br><strong>Gr\u00e9gory BERTHAULT<\/strong> Eaubonne<br><strong>Catherine DRAGIN<\/strong>  Eaubonne<br><strong>Gr\u00e9goire DUBLINEAU<\/strong>  Eaubonne<br><strong>Corentin LE FUR<\/strong>   Eaubonne   <br><strong>Philippe RENOU<\/strong>   Eaubonne   <br><strong>Estelle REGNIER<\/strong>   Enghien <br><strong>Sandra PHILIPPE<\/strong>   Enghien <br><strong>Xavier HAQUIN<\/strong>   Ermont   <br><strong>Krystel MARTEL <\/strong> Favi\u00e8res-en-Brie<br><strong>Fran\u00e7oise LASCOT<\/strong>  Franconville<br><strong>V\u00e9ronique DANET<\/strong>   Goussainville   <br><strong>Patrick CANCOU\u00cbT<\/strong>   Groslay  <br><strong>Jean-Fran\u00e7ois DUPLAND<\/strong>   Herblay   <br><strong>Philippe AUDEBERT<\/strong>   La Frette   <br><strong>Carine PELEGRIN<\/strong>  L&rsquo;Isle Adam   <br><strong>Armen PAPAZIAN<\/strong>   Livry Gargan<br><strong>Laurent TRILLAUD<\/strong>  Livry-Gargan<br><strong>Michel MANSOUX<\/strong>  Luzarches    <\/td><td><strong>Lisa LUCHIER<\/strong>  Maffliers<br><strong>Jo\u00ebl TISSIER<\/strong>   Maurecourt    <br><strong>\u00c9ric JEANRENAUD<\/strong>   Meriel   <br><strong>Jean-Michel RUIZ<\/strong>  M\u00e9riel<br><strong>J\u00e9r\u00f4me DURIEUX<\/strong>   M\u00e9ry-sur-Oise   <br><strong>Franck CAPMARTY<\/strong>   Montmagny    <br><strong>Fran\u00e7ois DETTON <\/strong>   Montmorency   <br><strong>Maxime THORY<\/strong>   Montmorency   <br><strong>Philippe PRIOLON<\/strong>   Montmorency   <br><strong>Aline HUBERT<\/strong>   Montmorency   <br><strong>Armelle JOSSERAN<\/strong>   Montmorency   <br><strong>Mich\u00e8le BERTHY<\/strong>   Montmorency   <br><strong>Fabrice DUFOUR<\/strong>  Montsoult   <br><strong>Fr\u00e9d\u00e9ric PAIN <\/strong> Neuville-sur-Oise<br><strong>Paola PIETRANDREA<\/strong>   Nogent\/Marne<br><strong>Solveig HURARD<\/strong>   Pontoise   <br><strong>Arnaud PAYET<\/strong> Pontoise<br><strong>G\u00e9rard SEIMBILLE<\/strong>   Pontoise   <br><strong>Pascal BOURDOU<\/strong>   Pontoise   <br><strong>Magalie THIBAULT<\/strong>  Rosny-sous-Bois<br><strong>Emmanuel MIKAEL<\/strong> Saint-Gratien<br><strong>Bernard JAMET<\/strong>   Sannois   <br><strong>Marie-Evelyne CHRISTIN<\/strong>   Sannois   <br><strong>Farouk ZAOUI<\/strong>  Sarcelles<br><strong>David CORCEIRO<\/strong>   Soisy   <br><strong>Catherine DAVID<\/strong>   Soisy   <br><strong>Luc STREHAIANO<\/strong>   Soisy   <br><strong>Omar BEKARE<\/strong>  Soisy   <br><strong>Didier ARNAL<\/strong>   St Brice   <br><strong>Isabelle VOLAT<\/strong>   St Gratien   <br><strong>Delphine ARMANDIN<\/strong>   St Leu   <br><strong>C\u00e9line VILLECOURT<\/strong>   St Prix   <br><strong>Laurent<\/strong>  <strong>LACAGNE<\/strong>   St Prix   <br><strong>Thomas COTTINET<\/strong>   Taverny<br>    <\/td><\/tr><\/tbody><\/table>\n\n\n\n<p><strong>Ils s&rsquo;engagent contre le projet du Terminal 4<\/strong> et ont d\u00e9j\u00e0 vot\u00e9 une motion:<\/p>\n\n\n\n<table class=\"wp-block-table\"><tbody><tr><td><strong>Florence PORTELLI<\/strong>  Taverny<\/td><td><\/td><\/tr><tr><td><\/td><td><\/td><\/tr><\/tbody><\/table>\n\n\n\n<h4 class=\"wp-block-heading\">Madame la candidate, Monsieur\nle candidat aux \u00e9lections municipales,&nbsp; <\/h4>\n\n\n\n<h2 class=\"wp-block-heading\"><\/h2>\n\n\n\n<p>Le quotidien d\u20191,4 million de\nfranciliens est d\u00e9j\u00e0 rythm\u00e9 par le flux incessant et en augmentation constante\nces derni\u00e8res ann\u00e9es des avions du 1<sup>er<\/sup> a\u00e9roport europ\u00e9en en nombre\nde vols qui est \u00e0 l\u2019origine de pollutions environnementales et sonores\nimportantes, lesquelles affectent tant le climat que notre sant\u00e9 et nos vies.<\/p>\n\n\n\n<p>Nous sommes extr\u00eamement\ninquiets quant au projet du nouveau Terminal 4, extension de l\u2019a\u00e9roport\nRoissy-Charles de Gaulle, qui induirait une augmentation consid\u00e9rable du nombre\nde vols. La premi\u00e8re pierre de ce projet est pr\u00e9vue&nbsp; d\u00e9but 2021. <\/p>\n\n\n\n<p>Vous le savez sans doute, ce\nprojet pharaonique aurait pour cons\u00e9quence une augmentation de 38 % du trafic\na\u00e9rien (selon les pr\u00e9visions d\u2019ADP), soit plus de 500 vols suppl\u00e9mentaires par\njour pour une augmentation annuelle de 40 millions de passagers, avec pour\ncons\u00e9quences une aggravation du bruit (+ 13 % par rapport \u00e0 2017, hors\ncaract\u00e8re r\u00e9p\u00e9titif) ainsi que des \u00e9missions de NOx (+ 30 %), de particules\nultra fines et de Gaz \u00e0 Effets de Serre&nbsp;\n(+ 44 %).<\/p>\n\n\n\n<p>Ce trafic suppl\u00e9mentaire\nviendrait s\u2019ajouter \u00e0 celui induit par l\u2019augmentation de capacit\u00e9 de l\u2019a\u00e9roport\ngr\u00e2ce \u00e0 des travaux de densification des terminaux 1, 2 et 3 (+9 millions de\npassagers annuels), ainsi qu\u2019au red\u00e9ploiement en cours des plateformes de fret\nqui affectent tout particuli\u00e8rement la qualit\u00e9 du repos nocturne des 1,1\nmillions de franciliens, priv\u00e9s de couvre-feu \u00e0 ce jour. <\/p>\n\n\n\n<p>Ce projet contrevient totalement aux engagements de la France tant du point de vue sanitaire que climatique alors que notre pays vise la neutralit\u00e9 carbone en 2050 et a d\u00e9j\u00e0 \u00e9t\u00e9 condamn\u00e9 par la cour de justice de l\u2019Union Europ\u00e9enne \u201d<em>pour manquement aux obligations issues de la directive qualit\u00e9 de l\u2019air\u201d. <\/em>L\u2019Etat fran\u00e7ais a \u00e9galement \u00e9t\u00e9 mis en demeure par l\u2019Europe pour non respect de la directive relative \u00e0 la gestion et \u00e0 l\u2019\u00e9valuation du bruit dans l\u2019environnement.<\/p>\n\n\n\n<p>ADP justifie ce projet en\nannon\u00e7ant la cr\u00e9ation de 40 000 emplois. Ce chiffre,&nbsp; qui n\u2019a jamais \u00e9t\u00e9 discut\u00e9 avec des instances\nind\u00e9pendantes, est extr\u00eamement trompeur : il ne s\u2019agit que d\u2019une pr\u00e9vision que\nnombre d\u2019experts jugent consid\u00e9rablement surestim\u00e9e, alors m\u00eame que la\nplate-forme de Roissy n\u2019emploie que 5,4 % des actifs de son bassin d\u2019emploi et\nqu\u2019ADP et Air France ont perdu 19 000 emplois en 7 ans malgr\u00e9 une augmentation\ndu trafic a\u00e9rien&#8230;<\/p>\n\n\n\n<p>Il est pourtant possible\nd\u2019envisager la mise en oeuvre d\u2019alternatives et cr\u00e9ation d\u2019emplois, respectant\nles conditions de vie des habitants et l\u2019environnement.<\/p>\n\n\n\n<p>Nous demandons la r\u00e9duction\ndes impacts du trafic a\u00e9rien de Roissy-Charles de Gaulle sur les populations et\nl\u2019environnement par tous les moyens, et l\u2019abandon des projets d\u2019extensions de\nl\u2019a\u00e9roport qui vont \u00e0 l\u2019encontre de cet objectif.<\/p>\n\n\n\n<p>En cette p\u00e9riode de campagne\nmunicipale, les \u00e9lecteurs souhaitent conna\u00eetre votre position&nbsp; sur ces questions afin de se prononcer lors\ndes \u00e9lections en toute connaissance de cause. <\/p>\n\n\n\n<p>Si vous \u00eates \u00e9lu(e) vous engagez-vous \u00e0 faire adopter <a href=\"https:\/\/www.clients.horus-informatique71.fr\/advocnar_backup\/wp-content\/uploads\/2020\/02\/Motion-a-lattention-des-futurs-maires.pdf\">la d\u00e9lib\u00e9ration<\/a> propos\u00e9e en pi\u00e8ce jointe qui demande l\u2019annulation du projet de Terminal 4, le plafonnement du trafic \u00e0 500 000 mouvements par an, la mise en place des <a href=\"https:\/\/www.clients.horus-informatique71.fr\/advocnar_backup\/wp-content\/uploads\/2020\/02\/LES-DEMANDES-DES-ASSOCIATIONS-_-18-mesures.pdf\">mesures n\u00e9cessaires \u00e0 la r\u00e9duction du bruit et de la pollution atmosph\u00e9rique<\/a> recommand\u00e9es par les associations (voir la liste jointe \u00e0 ce courrier) et la r\u00e9duction des vols de nuit pour tendre vers un couvre-feu.<\/p>\n\n\n\n<p>Nous attendons un engagement \u00e9crit de votre part, que vous voudrez bien nous communiquer par mail \u00e0 <a href=\"mailto:municipales.nonauterminal4@gmail.com\">municipales.nonauterminal4@gmail.com<\/a> ou <a href=\"mailto:contact@advocnar.fr\">contact@advocnar.fr<\/a>, et d\u00e8s que possible et au plus tard le 29 f\u00e9vrier afin que nous puissions faire conna\u00eetre \u00e0 nos adh\u00e9rents votre position officielle.<\/p>\n\n\n\n<p>Comptant sur votre soutien, nous vous prions d\u2019agr\u00e9er, Madame, Monsieur, l\u2019expression de notre parfaite consid\u00e9ration. <\/p>\n\n\n\n<ul><li>Thierry Hubert, pr\u00e9sident de FNE-Ile-de-France<\/li><li>Thomas Motte, membre du Collectif Non au T4    <\/li><li>Fran\u00e7oise Brochot, pr\u00e9sidente de l\u2019ADVOCNAR<\/li><li>Bernard Loup, pr\u00e9sident de Val   d\u2019Oise Environnement et du collectif pour le triangle de Gonesse    <\/li><\/ul>\n\n\n\n<p><a href=\"https:\/\/www.clients.horus-informatique71.fr\/advocnar_backup\/wp-content\/uploads\/2020\/02\/Lettre-des-citoyens-et-associations-candidats-aux-municipales.pdf\">Lettre des citoyens et associations aux candidats aux municipales<\/a><\/p>\n","protected":false},"excerpt":{"rendered":"<p>S&rsquo;ils sont \u00e9lu(e)s ils s&rsquo;engagent \u00e0 faire adopter la d\u00e9lib\u00e9ration qui demande l\u2019annulation du projet de Terminal 4, le plafonnement du trafic \u00e0 500 000 mouvements par an, la mise en place des mesures n\u00e9cessaires \u00e0 la r\u00e9duction du bruit et de la pollution atmosph\u00e9rique recommand\u00e9es par les associations et la r\u00e9duction des vols de [&hellip;]<\/p>\n","protected":false},"author":10,"featured_media":75539,"comment_status":"closed","ping_status":"open","sticky":false,"template":"","format":"standard","meta":{"footnotes":""},"categories":[46],"tags":[],"yoast_head":"<!-- This site is optimized with the Yoast SEO plugin v22.0 - https:\/\/yoast.com\/wordpress\/plugins\/seo\/ -->\n<title>Nuisances a\u00e9riennes, projet du Terminal 4 : des candidats aux municipales s&#039;engagent \u00e0 l&#039;appel des associations - Advocnar<\/title>\n<meta name=\"robots\" content=\"index, follow, max-snippet:-1, max-image-preview:large, max-video-preview:-1\" \/>\n<link rel=\"canonical\" href=\"https:\/\/www.clients.horus-informatique71.fr\/advocnar_backup\/2020\/03\/nuisances-aeriennes-projet-du-terminal-4-les-associations-interpellent-les-candidats-aux-municipales\/\" \/>\n<meta property=\"og:locale\" content=\"fr_FR\" \/>\n<meta property=\"og:type\" content=\"article\" \/>\n<meta property=\"og:title\" content=\"Nuisances a\u00e9riennes, projet du Terminal 4 : des candidats aux municipales s&#039;engagent \u00e0 l&#039;appel des associations - Advocnar\" \/>\n<meta property=\"og:description\" content=\"S&rsquo;ils sont \u00e9lu(e)s ils s&rsquo;engagent \u00e0 faire adopter la d\u00e9lib\u00e9ration qui demande l\u2019annulation du projet de Terminal 4, le plafonnement du trafic \u00e0 500 000 mouvements par an, la mise en place des mesures n\u00e9cessaires \u00e0 la r\u00e9duction du bruit et de la pollution atmosph\u00e9rique recommand\u00e9es par les associations et la r\u00e9duction des vols de [&hellip;]\" \/>\n<meta property=\"og:url\" content=\"https:\/\/www.clients.horus-informatique71.fr\/advocnar_backup\/2020\/03\/nuisances-aeriennes-projet-du-terminal-4-les-associations-interpellent-les-candidats-aux-municipales\/\" \/>\n<meta property=\"og:site_name\" content=\"Advocnar\" \/>\n<meta property=\"article:published_time\" content=\"2020-03-10T17:49:02+00:00\" \/>\n<meta property=\"article:modified_time\" content=\"2020-03-16T09:11:24+00:00\" \/>\n<meta property=\"og:image\" content=\"https:\/\/www.clients.horus-informatique71.fr\/advocnar_backup\/wp-content\/uploads\/2020\/02\/Elections-municipales-2020.jpg\" \/>\n\t<meta property=\"og:image:width\" content=\"386\" \/>\n\t<meta property=\"og:image:height\" content=\"290\" \/>\n\t<meta property=\"og:image:type\" content=\"image\/jpeg\" \/>\n<meta name=\"author\" content=\"FBrochot\" \/>\n<meta name=\"twitter:card\" content=\"summary_large_image\" \/>\n<meta name=\"twitter:label1\" content=\"\u00c9crit par\" \/>\n\t<meta name=\"twitter:data1\" content=\"FBrochot\" \/>\n\t<meta name=\"twitter:label2\" content=\"Dur\u00e9e de lecture estim\u00e9e\" \/>\n\t<meta name=\"twitter:data2\" content=\"5 minutes\" \/>\n<script type=\"application\/ld+json\" class=\"yoast-schema-graph\">{\"@context\":\"https:\/\/schema.org\",\"@graph\":[{\"@type\":\"WebPage\",\"@id\":\"https:\/\/www.clients.horus-informatique71.fr\/advocnar_backup\/2020\/03\/nuisances-aeriennes-projet-du-terminal-4-les-associations-interpellent-les-candidats-aux-municipales\/\",\"url\":\"https:\/\/www.clients.horus-informatique71.fr\/advocnar_backup\/2020\/03\/nuisances-aeriennes-projet-du-terminal-4-les-associations-interpellent-les-candidats-aux-municipales\/\",\"name\":\"Nuisances a\u00e9riennes, projet du Terminal 4 : des candidats aux municipales s'engagent \u00e0 l'appel des associations - Advocnar\",\"isPartOf\":{\"@id\":\"https:\/\/www.clients.horus-informatique71.fr\/advocnar_backup\/#website\"},\"datePublished\":\"2020-03-10T17:49:02+00:00\",\"dateModified\":\"2020-03-16T09:11:24+00:00\",\"author\":{\"@id\":\"https:\/\/www.clients.horus-informatique71.fr\/advocnar_backup\/#\/schema\/person\/28ec283f897fb44e1146415d8015d23e\"},\"breadcrumb\":{\"@id\":\"https:\/\/www.clients.horus-informatique71.fr\/advocnar_backup\/2020\/03\/nuisances-aeriennes-projet-du-terminal-4-les-associations-interpellent-les-candidats-aux-municipales\/#breadcrumb\"},\"inLanguage\":\"fr-FR\",\"potentialAction\":[{\"@type\":\"ReadAction\",\"target\":[\"https:\/\/www.clients.horus-informatique71.fr\/advocnar_backup\/2020\/03\/nuisances-aeriennes-projet-du-terminal-4-les-associations-interpellent-les-candidats-aux-municipales\/\"]}]},{\"@type\":\"BreadcrumbList\",\"@id\":\"https:\/\/www.clients.horus-informatique71.fr\/advocnar_backup\/2020\/03\/nuisances-aeriennes-projet-du-terminal-4-les-associations-interpellent-les-candidats-aux-municipales\/#breadcrumb\",\"itemListElement\":[{\"@type\":\"ListItem\",\"position\":1,\"name\":\"Accueil\",\"item\":\"https:\/\/www.clients.horus-informatique71.fr\/advocnar_backup\/\"},{\"@type\":\"ListItem\",\"position\":2,\"name\":\"Nuisances a\u00e9riennes, projet du Terminal 4 : des candidats aux municipales s&#8217;engagent \u00e0 l&#8217;appel des associations\"}]},{\"@type\":\"WebSite\",\"@id\":\"https:\/\/www.clients.horus-informatique71.fr\/advocnar_backup\/#website\",\"url\":\"https:\/\/www.clients.horus-informatique71.fr\/advocnar_backup\/\",\"name\":\"Advocnar\",\"description\":\"Association de D\u00e9fense Contre les Nuisances A\u00e9riennes\",\"potentialAction\":[{\"@type\":\"SearchAction\",\"target\":{\"@type\":\"EntryPoint\",\"urlTemplate\":\"https:\/\/www.clients.horus-informatique71.fr\/advocnar_backup\/?s={search_term_string}\"},\"query-input\":\"required name=search_term_string\"}],\"inLanguage\":\"fr-FR\"},{\"@type\":\"Person\",\"@id\":\"https:\/\/www.clients.horus-informatique71.fr\/advocnar_backup\/#\/schema\/person\/28ec283f897fb44e1146415d8015d23e\",\"name\":\"FBrochot\",\"url\":\"https:\/\/www.clients.horus-informatique71.fr\/advocnar_backup\/author\/fbrochot\/\"}]}<\/script>\n<!-- \/ Yoast SEO plugin. -->","yoast_head_json":{"title":"Nuisances a\u00e9riennes, projet du Terminal 4 : des candidats aux municipales s'engagent \u00e0 l'appel des associations - Advocnar","robots":{"index":"index","follow":"follow","max-snippet":"max-snippet:-1","max-image-preview":"max-image-preview:large","max-video-preview":"max-video-preview:-1"},"canonical":"https:\/\/www.clients.horus-informatique71.fr\/advocnar_backup\/2020\/03\/nuisances-aeriennes-projet-du-terminal-4-les-associations-interpellent-les-candidats-aux-municipales\/","og_locale":"fr_FR","og_type":"article","og_title":"Nuisances a\u00e9riennes, projet du Terminal 4 : des candidats aux municipales s'engagent \u00e0 l'appel des associations - Advocnar","og_description":"S&rsquo;ils sont \u00e9lu(e)s ils s&rsquo;engagent \u00e0 faire adopter la d\u00e9lib\u00e9ration qui demande l\u2019annulation du projet de Terminal 4, le plafonnement du trafic \u00e0 500 000 mouvements par an, la mise en place des mesures n\u00e9cessaires \u00e0 la r\u00e9duction du bruit et de la pollution atmosph\u00e9rique recommand\u00e9es par les associations et la r\u00e9duction des vols de [&hellip;]","og_url":"https:\/\/www.clients.horus-informatique71.fr\/advocnar_backup\/2020\/03\/nuisances-aeriennes-projet-du-terminal-4-les-associations-interpellent-les-candidats-aux-municipales\/","og_site_name":"Advocnar","article_published_time":"2020-03-10T17:49:02+00:00","article_modified_time":"2020-03-16T09:11:24+00:00","og_image":[{"width":386,"height":290,"url":"https:\/\/www.clients.horus-informatique71.fr\/advocnar_backup\/wp-content\/uploads\/2020\/02\/Elections-municipales-2020.jpg","type":"image\/jpeg"}],"author":"FBrochot","twitter_card":"summary_large_image","twitter_misc":{"\u00c9crit par":"FBrochot","Dur\u00e9e de lecture estim\u00e9e":"5 minutes"},"schema":{"@context":"https:\/\/schema.org","@graph":[{"@type":"WebPage","@id":"https:\/\/www.clients.horus-informatique71.fr\/advocnar_backup\/2020\/03\/nuisances-aeriennes-projet-du-terminal-4-les-associations-interpellent-les-candidats-aux-municipales\/","url":"https:\/\/www.clients.horus-informatique71.fr\/advocnar_backup\/2020\/03\/nuisances-aeriennes-projet-du-terminal-4-les-associations-interpellent-les-candidats-aux-municipales\/","name":"Nuisances a\u00e9riennes, projet du Terminal 4 : des candidats aux municipales s'engagent \u00e0 l'appel des associations - Advocnar","isPartOf":{"@id":"https:\/\/www.clients.horus-informatique71.fr\/advocnar_backup\/#website"},"datePublished":"2020-03-10T17:49:02+00:00","dateModified":"2020-03-16T09:11:24+00:00","author":{"@id":"https:\/\/www.clients.horus-informatique71.fr\/advocnar_backup\/#\/schema\/person\/28ec283f897fb44e1146415d8015d23e"},"breadcrumb":{"@id":"https:\/\/www.clients.horus-informatique71.fr\/advocnar_backup\/2020\/03\/nuisances-aeriennes-projet-du-terminal-4-les-associations-interpellent-les-candidats-aux-municipales\/#breadcrumb"},"inLanguage":"fr-FR","potentialAction":[{"@type":"ReadAction","target":["https:\/\/www.clients.horus-informatique71.fr\/advocnar_backup\/2020\/03\/nuisances-aeriennes-projet-du-terminal-4-les-associations-interpellent-les-candidats-aux-municipales\/"]}]},{"@type":"BreadcrumbList","@id":"https:\/\/www.clients.horus-informatique71.fr\/advocnar_backup\/2020\/03\/nuisances-aeriennes-projet-du-terminal-4-les-associations-interpellent-les-candidats-aux-municipales\/#breadcrumb","itemListElement":[{"@type":"ListItem","position":1,"name":"Accueil","item":"https:\/\/www.clients.horus-informatique71.fr\/advocnar_backup\/"},{"@type":"ListItem","position":2,"name":"Nuisances a\u00e9riennes, projet du Terminal 4 : des candidats aux municipales s&#8217;engagent \u00e0 l&#8217;appel des associations"}]},{"@type":"WebSite","@id":"https:\/\/www.clients.horus-informatique71.fr\/advocnar_backup\/#website","url":"https:\/\/www.clients.horus-informatique71.fr\/advocnar_backup\/","name":"Advocnar","description":"Association de D\u00e9fense Contre les Nuisances A\u00e9riennes","potentialAction":[{"@type":"SearchAction","target":{"@type":"EntryPoint","urlTemplate":"https:\/\/www.clients.horus-informatique71.fr\/advocnar_backup\/?s={search_term_string}"},"query-input":"required name=search_term_string"}],"inLanguage":"fr-FR"},{"@type":"Person","@id":"https:\/\/www.clients.horus-informatique71.fr\/advocnar_backup\/#\/schema\/person\/28ec283f897fb44e1146415d8015d23e","name":"FBrochot","url":"https:\/\/www.clients.horus-informatique71.fr\/advocnar_backup\/author\/fbrochot\/"}]}},"_links":{"self":[{"href":"https:\/\/www.clients.horus-informatique71.fr\/advocnar_backup\/wp-json\/wp\/v2\/posts\/75543"}],"collection":[{"href":"https:\/\/www.clients.horus-informatique71.fr\/advocnar_backup\/wp-json\/wp\/v2\/posts"}],"about":[{"href":"https:\/\/www.clients.horus-informatique71.fr\/advocnar_backup\/wp-json\/wp\/v2\/types\/post"}],"author":[{"embeddable":true,"href":"https:\/\/www.clients.horus-informatique71.fr\/advocnar_backup\/wp-json\/wp\/v2\/users\/10"}],"replies":[{"embeddable":true,"href":"https:\/\/www.clients.horus-informatique71.fr\/advocnar_backup\/wp-json\/wp\/v2\/comments?post=75543"}],"version-history":[{"count":37,"href":"https:\/\/www.clients.horus-informatique71.fr\/advocnar_backup\/wp-json\/wp\/v2\/posts\/75543\/revisions"}],"predecessor-version":[{"id":75639,"href":"https:\/\/www.clients.horus-informatique71.fr\/advocnar_backup\/wp-json\/wp\/v2\/posts\/75543\/revisions\/75639"}],"wp:featuredmedia":[{"embeddable":true,"href":"https:\/\/www.clients.horus-informatique71.fr\/advocnar_backup\/wp-json\/wp\/v2\/media\/75539"}],"wp:attachment":[{"href":"https:\/\/www.clients.horus-informatique71.fr\/advocnar_backup\/wp-json\/wp\/v2\/media?parent=75543"}],"wp:term":[{"taxonomy":"category","embeddable":true,"href":"https:\/\/www.clients.horus-informatique71.fr\/advocnar_backup\/wp-json\/wp\/v2\/categories?post=75543"},{"taxonomy":"post_tag","embeddable":true,"href":"https:\/\/www.clients.horus-informatique71.fr\/advocnar_backup\/wp-json\/wp\/v2\/tags?post=75543"}],"curies":[{"name":"wp","href":"https:\/\/api.w.org\/{rel}","templated":true}]}}