{"id":75580,"date":"2020-03-09T09:29:27","date_gmt":"2020-03-09T08:29:27","guid":{"rendered":"https:\/\/www.clients.horus-informatique71.fr\/advocnar_backup\/?p=75580"},"modified":"2020-03-11T09:29:59","modified_gmt":"2020-03-11T08:29:59","slug":"municipales-des-associations-appellent-les-candidats-a-sengager-contre-lextension-de-laeroport-de-roissy","status":"publish","type":"post","link":"https:\/\/www.clients.horus-informatique71.fr\/advocnar_backup\/2020\/03\/municipales-des-associations-appellent-les-candidats-a-sengager-contre-lextension-de-laeroport-de-roissy\/","title":{"rendered":"MUNICIPALES : des associations appellent les candidats \u00e0 s\u2019engager contre l\u2019extension de l\u2019a\u00e9roport de Roissy"},"content":{"rendered":"\n<h4 class=\"wp-block-heading\">MUNICIPALES<\/h4>\n\n\n\n<h4 class=\"wp-block-heading\"><strong>Des associations appellent les\ncandidats \u00e0 s\u2019engager contre l\u2019extension de l\u2019a\u00e9roport de Roissy<\/strong><\/h4>\n\n\n\n<p>Dans le cadre des \u00e9lections municipales, plusieurs associations (le collectif Non au T4, l\u2019ADVOCNAR, FNE IDF, Val d\u2019Oise Environnement, le CPTG et SOS Vall\u00e9e de Montmorency) ont adress\u00e9 <a href=\"https:\/\/www.clients.horus-informatique71.fr\/advocnar_backup\/wp-content\/uploads\/2020\/02\/Lettre-des-citoyens-et-associations-candidats-aux-municipales.pdf\">un courrier<\/a> \u00e0 pr\u00e8s de 250 candidats de plusieurs d\u00e9partements franciliens (95, 92, 93, 94, 78) pour leur demander de s\u2019engager contre l\u2019extension de l\u2019a\u00e9roport de Roissy. Le Terminal 4, dont la construction d\u00e9buterait fin 2020, pr\u00e9voit une croissance du trafic a\u00e9rien de pr\u00e8s de 40%, avec des cons\u00e9quences dramatiques pour le climat et la sant\u00e9 des franciliens.<br> <br><strong>Les associations demandent aux candidats de d\u00e9voiler leur position vis-\u00e0-vis de ce projet et d\u2019adopter, s\u2019ils sont \u00e9lus,&nbsp; <a href=\"https:\/\/www.clients.horus-informatique71.fr\/advocnar_backup\/wp-content\/uploads\/2020\/02\/Motion-a-lattention-des-futurs-maires.pdf\">une motion<\/a> demandant son annulation<\/strong> ainsi que le plafonnement du trafic \u00e0 500 000 mouvements par an, la mise en place de <a href=\"https:\/\/www.clients.horus-informatique71.fr\/advocnar_backup\/wp-content\/uploads\/2020\/02\/LES-DEMANDES-DES-ASSOCIATIONS-_-18-mesures.pdf\">mesures n\u00e9cessaires \u00e0 la r\u00e9duction du bruit et de la pollution atmosph\u00e9rique<\/a> et la r\u00e9duction des vols de nuit pour tendre vers un couvre-feu.<\/p>\n\n\n\n<p>De nombreuses r\u00e9ponses positives\nsont parvenues de l\u2019ensemble des d\u00e9partements concern\u00e9s, et de sensibilit\u00e9s\npolitiques de tous bords, comme celles de Muriel Scolan, Maire sortante de\nDeuil-la-Barre et vice-Pr\u00e9sidente du Conseil D\u00e9partemental (95), Didier Arnal\nancien Pr\u00e9sident du Conseil d\u00e9partemental (95), de M.C. Fournier \u00e0 Clichy (92)\nou de Paola Pietrandrea \u00e0 Nogent-sur-Marne (94).<\/p>\n\n\n\n<p>Dans certaines villes, comme\nMontmorency, toutes les listes (F. Detton, A. Josseran, P. Priolon, M. Thory,\nA. Hubert, M. Berthy) ont r\u00e9pondu favorablement aux associations. Dans un\ncourrier qui leur est adress\u00e9, Armelle Josseran d\u00e9clare que \u201cce projet est d\u2019un\nautre \u00e2ge et emp\u00eache de r\u00e9fl\u00e9chir et de mettre en \u0153uvre une soci\u00e9t\u00e9 et une\n\u00e9conomie qui soient b\u00e9n\u00e9fiques pour nos enfants\u201d.&nbsp;<\/p>\n\n\n\n<p>De son c\u00f4t\u00e9, Isabelle Volat (Saint\nGratien)&nbsp; ajoute que m\u00eame en cas de d\u00e9faite, les \u00e9lus de sa liste\nproposeront la motion au vote du Conseil municipal. Enfin, C\u00e9line Villecourt\n(Saint-Prix) d\u00e9clare sans ambigu\u00eft\u00e9 \u00eatre pr\u00eate \u00e0 en appeler \u00e0 la justice :\n\u201cConvaincue de notre l\u00e9gitimit\u00e9 je suis r\u00e9solue \u00e0 conduire avec l\u2019ensemble des\nmaires, des associations et des habitants de nos villes ce combat pour la\nsant\u00e9, le climat et&nbsp; l\u2019environnement.\u201d<\/p>\n\n\n\n<p><strong>Depuis le 16 janvier dernier, 67\nmaires ont d\u00e9j\u00e0 envoy\u00e9 une lettre au Pr\u00e9sident Macron, lui demandant le retrait\ndu projet.<\/strong> La liste des signataires ne cesse de s\u2019allonger, et de plus en\nplus d\u2019\u00e9lus sont d\u00e9termin\u00e9s \u00e0 en appeler \u00e0 la justice, confort\u00e9s par&nbsp; les\nr\u00e9centes d\u00e9cisions britanniques rejetant les extensions des a\u00e9roports de\nBristol et d\u2019Heathrow.<\/p>\n\n\n\n<p>Les associations communiqueront\nbient\u00f4t la liste des candidats pr\u00eats \u00e0 faire voter la motion. Les candidats qui\nle souhaitent peuvent encore s\u2019engager en \u00e9crivant \u00e0 <a href=\"mailto:municipales.nonauterminal4@gmail.com\" target=\"_blank\" rel=\"noreferrer noopener\">municipales.nonauterminal4@gmail.com<\/a>&nbsp;<\/p>\n\n\n\n<p>Les r\u00e9sultats seront communiqu\u00e9s dans le courant de la semaine :<\/p>\n\n\n\n<ul><li>via la page Facebook du collectif Non au T4&nbsp;<\/li><li>via le site de l\u2019ADVOCNAR <a rel=\"noreferrer noopener\" href=\"https:\/\/www.clients.horus-informatique71.fr\/advocnar_backup\" target=\"_blank\">www.advocnar.fr<\/a><\/li><\/ul>\n\n\n\n<p><strong>Citations<\/strong><\/p>\n\n\n\n<p>Audrey Boehly, membre du collectif\nNon au T4 : <em>\u201cLes candidats doivent \u00eatre transparents et s\u2019engager \u00e0 d\u00e9fendre\nles citoyens face \u00e0 la menace que repr\u00e9sente un tel projet pour leur sant\u00e9 et\nleur avenir. \u201d<\/em><\/p>\n\n\n\n<p>Fran\u00e7oise Brochot, pr\u00e9sidente de\nl\u2019ADVOCNAR : <em>\u00ab&nbsp;Plus que jamais, nous comptons sur l\u2019engagement des \u00e9lus\nlocaux afin de prot\u00e9ger la sant\u00e9 et le cadre de vie de millions de Franciliens,\nface \u00e0 la menace d\u2019extension de l\u2019a\u00e9roport de Roissy CDG et de son cort\u00e8ge de\nnuisances.&nbsp;\u00bb<\/em><\/p>\n\n\n\n<p><strong>Contacts presse<\/strong><\/p>\n\n\n\n<p>Audrey Boehly, porte-parole du collectif Non au T4 : 06 77 81 49 40<br>Fran\u00e7oise Brochot, pr\u00e9sidente de l\u2019ADVOCNAR : 06 79 51 25 60 <\/p>\n\n\n\n<p><a href=\"https:\/\/www.clients.horus-informatique71.fr\/advocnar_backup\/wp-content\/uploads\/2020\/03\/2020-03-09-CP-municipales-candidats-contre-T4-roissy.pdf\">Lire le communiqu\u00e9 de presse<\/a><\/p>\n","protected":false},"excerpt":{"rendered":"<p>MUNICIPALES Des associations appellent les candidats \u00e0 s\u2019engager contre l\u2019extension de l\u2019a\u00e9roport de Roissy Dans le cadre des \u00e9lections municipales, plusieurs associations (le collectif Non au T4, l\u2019ADVOCNAR, FNE IDF, Val d\u2019Oise Environnement, le CPTG et SOS Vall\u00e9e de Montmorency) ont adress\u00e9 un courrier \u00e0 pr\u00e8s de 250 candidats de plusieurs d\u00e9partements franciliens (95, 92, [&hellip;]<\/p>\n","protected":false},"author":10,"featured_media":75557,"comment_status":"closed","ping_status":"open","sticky":false,"template":"","format":"standard","meta":{"footnotes":""},"categories":[46],"tags":[],"yoast_head":"<!-- This site is optimized with the Yoast SEO plugin v22.0 - https:\/\/yoast.com\/wordpress\/plugins\/seo\/ -->\n<title>MUNICIPALES : des associations appellent les candidats \u00e0 s\u2019engager contre l\u2019extension de l\u2019a\u00e9roport de Roissy - Advocnar<\/title>\n<meta name=\"robots\" content=\"index, follow, max-snippet:-1, max-image-preview:large, max-video-preview:-1\" \/>\n<link rel=\"canonical\" href=\"https:\/\/www.clients.horus-informatique71.fr\/advocnar_backup\/2020\/03\/municipales-des-associations-appellent-les-candidats-a-sengager-contre-lextension-de-laeroport-de-roissy\/\" \/>\n<meta property=\"og:locale\" content=\"fr_FR\" \/>\n<meta property=\"og:type\" content=\"article\" \/>\n<meta property=\"og:title\" content=\"MUNICIPALES : des associations appellent les candidats \u00e0 s\u2019engager contre l\u2019extension de l\u2019a\u00e9roport de Roissy - Advocnar\" \/>\n<meta property=\"og:description\" content=\"MUNICIPALES Des associations appellent les candidats \u00e0 s\u2019engager contre l\u2019extension de l\u2019a\u00e9roport de Roissy Dans le cadre des \u00e9lections municipales, plusieurs associations (le collectif Non au T4, l\u2019ADVOCNAR, FNE IDF, Val d\u2019Oise Environnement, le CPTG et SOS Vall\u00e9e de Montmorency) ont adress\u00e9 un courrier \u00e0 pr\u00e8s de 250 candidats de plusieurs d\u00e9partements franciliens (95, 92, [&hellip;]\" \/>\n<meta property=\"og:url\" content=\"https:\/\/www.clients.horus-informatique71.fr\/advocnar_backup\/2020\/03\/municipales-des-associations-appellent-les-candidats-a-sengager-contre-lextension-de-laeroport-de-roissy\/\" \/>\n<meta property=\"og:site_name\" content=\"Advocnar\" \/>\n<meta property=\"article:published_time\" content=\"2020-03-09T08:29:27+00:00\" \/>\n<meta property=\"article:modified_time\" content=\"2020-03-11T08:29:59+00:00\" \/>\n<meta property=\"og:image\" content=\"https:\/\/www.clients.horus-informatique71.fr\/advocnar_backup\/wp-content\/uploads\/2020\/03\/Communique-assos-EP-T4.png\" \/>\n\t<meta property=\"og:image:width\" content=\"883\" \/>\n\t<meta property=\"og:image:height\" content=\"663\" \/>\n\t<meta property=\"og:image:type\" content=\"image\/png\" \/>\n<meta name=\"author\" content=\"FBrochot\" \/>\n<meta name=\"twitter:card\" content=\"summary_large_image\" \/>\n<meta name=\"twitter:label1\" content=\"\u00c9crit par\" \/>\n\t<meta name=\"twitter:data1\" content=\"FBrochot\" \/>\n\t<meta name=\"twitter:label2\" content=\"Dur\u00e9e de lecture estim\u00e9e\" \/>\n\t<meta name=\"twitter:data2\" content=\"3 minutes\" \/>\n<script type=\"application\/ld+json\" class=\"yoast-schema-graph\">{\"@context\":\"https:\/\/schema.org\",\"@graph\":[{\"@type\":\"WebPage\",\"@id\":\"https:\/\/www.clients.horus-informatique71.fr\/advocnar_backup\/2020\/03\/municipales-des-associations-appellent-les-candidats-a-sengager-contre-lextension-de-laeroport-de-roissy\/\",\"url\":\"https:\/\/www.clients.horus-informatique71.fr\/advocnar_backup\/2020\/03\/municipales-des-associations-appellent-les-candidats-a-sengager-contre-lextension-de-laeroport-de-roissy\/\",\"name\":\"MUNICIPALES : des associations appellent les candidats \u00e0 s\u2019engager contre l\u2019extension de l\u2019a\u00e9roport de Roissy - Advocnar\",\"isPartOf\":{\"@id\":\"https:\/\/www.clients.horus-informatique71.fr\/advocnar_backup\/#website\"},\"datePublished\":\"2020-03-09T08:29:27+00:00\",\"dateModified\":\"2020-03-11T08:29:59+00:00\",\"author\":{\"@id\":\"https:\/\/www.clients.horus-informatique71.fr\/advocnar_backup\/#\/schema\/person\/28ec283f897fb44e1146415d8015d23e\"},\"breadcrumb\":{\"@id\":\"https:\/\/www.clients.horus-informatique71.fr\/advocnar_backup\/2020\/03\/municipales-des-associations-appellent-les-candidats-a-sengager-contre-lextension-de-laeroport-de-roissy\/#breadcrumb\"},\"inLanguage\":\"fr-FR\",\"potentialAction\":[{\"@type\":\"ReadAction\",\"target\":[\"https:\/\/www.clients.horus-informatique71.fr\/advocnar_backup\/2020\/03\/municipales-des-associations-appellent-les-candidats-a-sengager-contre-lextension-de-laeroport-de-roissy\/\"]}]},{\"@type\":\"BreadcrumbList\",\"@id\":\"https:\/\/www.clients.horus-informatique71.fr\/advocnar_backup\/2020\/03\/municipales-des-associations-appellent-les-candidats-a-sengager-contre-lextension-de-laeroport-de-roissy\/#breadcrumb\",\"itemListElement\":[{\"@type\":\"ListItem\",\"position\":1,\"name\":\"Accueil\",\"item\":\"https:\/\/www.clients.horus-informatique71.fr\/advocnar_backup\/\"},{\"@type\":\"ListItem\",\"position\":2,\"name\":\"MUNICIPALES : des associations appellent les candidats \u00e0 s\u2019engager contre l\u2019extension de l\u2019a\u00e9roport de Roissy\"}]},{\"@type\":\"WebSite\",\"@id\":\"https:\/\/www.clients.horus-informatique71.fr\/advocnar_backup\/#website\",\"url\":\"https:\/\/www.clients.horus-informatique71.fr\/advocnar_backup\/\",\"name\":\"Advocnar\",\"description\":\"Association de D\u00e9fense Contre les Nuisances A\u00e9riennes\",\"potentialAction\":[{\"@type\":\"SearchAction\",\"target\":{\"@type\":\"EntryPoint\",\"urlTemplate\":\"https:\/\/www.clients.horus-informatique71.fr\/advocnar_backup\/?s={search_term_string}\"},\"query-input\":\"required name=search_term_string\"}],\"inLanguage\":\"fr-FR\"},{\"@type\":\"Person\",\"@id\":\"https:\/\/www.clients.horus-informatique71.fr\/advocnar_backup\/#\/schema\/person\/28ec283f897fb44e1146415d8015d23e\",\"name\":\"FBrochot\",\"url\":\"https:\/\/www.clients.horus-informatique71.fr\/advocnar_backup\/author\/fbrochot\/\"}]}<\/script>\n<!-- \/ Yoast SEO plugin. -->","yoast_head_json":{"title":"MUNICIPALES : des associations appellent les candidats \u00e0 s\u2019engager contre l\u2019extension de l\u2019a\u00e9roport de Roissy - Advocnar","robots":{"index":"index","follow":"follow","max-snippet":"max-snippet:-1","max-image-preview":"max-image-preview:large","max-video-preview":"max-video-preview:-1"},"canonical":"https:\/\/www.clients.horus-informatique71.fr\/advocnar_backup\/2020\/03\/municipales-des-associations-appellent-les-candidats-a-sengager-contre-lextension-de-laeroport-de-roissy\/","og_locale":"fr_FR","og_type":"article","og_title":"MUNICIPALES : des associations appellent les candidats \u00e0 s\u2019engager contre l\u2019extension de l\u2019a\u00e9roport de Roissy - Advocnar","og_description":"MUNICIPALES Des associations appellent les candidats \u00e0 s\u2019engager contre l\u2019extension de l\u2019a\u00e9roport de Roissy Dans le cadre des \u00e9lections municipales, plusieurs associations (le collectif Non au T4, l\u2019ADVOCNAR, FNE IDF, Val d\u2019Oise Environnement, le CPTG et SOS Vall\u00e9e de Montmorency) ont adress\u00e9 un courrier \u00e0 pr\u00e8s de 250 candidats de plusieurs d\u00e9partements franciliens (95, 92, [&hellip;]","og_url":"https:\/\/www.clients.horus-informatique71.fr\/advocnar_backup\/2020\/03\/municipales-des-associations-appellent-les-candidats-a-sengager-contre-lextension-de-laeroport-de-roissy\/","og_site_name":"Advocnar","article_published_time":"2020-03-09T08:29:27+00:00","article_modified_time":"2020-03-11T08:29:59+00:00","og_image":[{"width":883,"height":663,"url":"https:\/\/www.clients.horus-informatique71.fr\/advocnar_backup\/wp-content\/uploads\/2020\/03\/Communique-assos-EP-T4.png","type":"image\/png"}],"author":"FBrochot","twitter_card":"summary_large_image","twitter_misc":{"\u00c9crit par":"FBrochot","Dur\u00e9e de lecture estim\u00e9e":"3 minutes"},"schema":{"@context":"https:\/\/schema.org","@graph":[{"@type":"WebPage","@id":"https:\/\/www.clients.horus-informatique71.fr\/advocnar_backup\/2020\/03\/municipales-des-associations-appellent-les-candidats-a-sengager-contre-lextension-de-laeroport-de-roissy\/","url":"https:\/\/www.clients.horus-informatique71.fr\/advocnar_backup\/2020\/03\/municipales-des-associations-appellent-les-candidats-a-sengager-contre-lextension-de-laeroport-de-roissy\/","name":"MUNICIPALES : des associations appellent les candidats \u00e0 s\u2019engager contre l\u2019extension de l\u2019a\u00e9roport de Roissy - Advocnar","isPartOf":{"@id":"https:\/\/www.clients.horus-informatique71.fr\/advocnar_backup\/#website"},"datePublished":"2020-03-09T08:29:27+00:00","dateModified":"2020-03-11T08:29:59+00:00","author":{"@id":"https:\/\/www.clients.horus-informatique71.fr\/advocnar_backup\/#\/schema\/person\/28ec283f897fb44e1146415d8015d23e"},"breadcrumb":{"@id":"https:\/\/www.clients.horus-informatique71.fr\/advocnar_backup\/2020\/03\/municipales-des-associations-appellent-les-candidats-a-sengager-contre-lextension-de-laeroport-de-roissy\/#breadcrumb"},"inLanguage":"fr-FR","potentialAction":[{"@type":"ReadAction","target":["https:\/\/www.clients.horus-informatique71.fr\/advocnar_backup\/2020\/03\/municipales-des-associations-appellent-les-candidats-a-sengager-contre-lextension-de-laeroport-de-roissy\/"]}]},{"@type":"BreadcrumbList","@id":"https:\/\/www.clients.horus-informatique71.fr\/advocnar_backup\/2020\/03\/municipales-des-associations-appellent-les-candidats-a-sengager-contre-lextension-de-laeroport-de-roissy\/#breadcrumb","itemListElement":[{"@type":"ListItem","position":1,"name":"Accueil","item":"https:\/\/www.clients.horus-informatique71.fr\/advocnar_backup\/"},{"@type":"ListItem","position":2,"name":"MUNICIPALES : des associations appellent les candidats \u00e0 s\u2019engager contre l\u2019extension de l\u2019a\u00e9roport de Roissy"}]},{"@type":"WebSite","@id":"https:\/\/www.clients.horus-informatique71.fr\/advocnar_backup\/#website","url":"https:\/\/www.clients.horus-informatique71.fr\/advocnar_backup\/","name":"Advocnar","description":"Association de D\u00e9fense Contre les Nuisances A\u00e9riennes","potentialAction":[{"@type":"SearchAction","target":{"@type":"EntryPoint","urlTemplate":"https:\/\/www.clients.horus-informatique71.fr\/advocnar_backup\/?s={search_term_string}"},"query-input":"required name=search_term_string"}],"inLanguage":"fr-FR"},{"@type":"Person","@id":"https:\/\/www.clients.horus-informatique71.fr\/advocnar_backup\/#\/schema\/person\/28ec283f897fb44e1146415d8015d23e","name":"FBrochot","url":"https:\/\/www.clients.horus-informatique71.fr\/advocnar_backup\/author\/fbrochot\/"}]}},"_links":{"self":[{"href":"https:\/\/www.clients.horus-informatique71.fr\/advocnar_backup\/wp-json\/wp\/v2\/posts\/75580"}],"collection":[{"href":"https:\/\/www.clients.horus-informatique71.fr\/advocnar_backup\/wp-json\/wp\/v2\/posts"}],"about":[{"href":"https:\/\/www.clients.horus-informatique71.fr\/advocnar_backup\/wp-json\/wp\/v2\/types\/post"}],"author":[{"embeddable":true,"href":"https:\/\/www.clients.horus-informatique71.fr\/advocnar_backup\/wp-json\/wp\/v2\/users\/10"}],"replies":[{"embeddable":true,"href":"https:\/\/www.clients.horus-informatique71.fr\/advocnar_backup\/wp-json\/wp\/v2\/comments?post=75580"}],"version-history":[{"count":9,"href":"https:\/\/www.clients.horus-informatique71.fr\/advocnar_backup\/wp-json\/wp\/v2\/posts\/75580\/revisions"}],"predecessor-version":[{"id":75589,"href":"https:\/\/www.clients.horus-informatique71.fr\/advocnar_backup\/wp-json\/wp\/v2\/posts\/75580\/revisions\/75589"}],"wp:featuredmedia":[{"embeddable":true,"href":"https:\/\/www.clients.horus-informatique71.fr\/advocnar_backup\/wp-json\/wp\/v2\/media\/75557"}],"wp:attachment":[{"href":"https:\/\/www.clients.horus-informatique71.fr\/advocnar_backup\/wp-json\/wp\/v2\/media?parent=75580"}],"wp:term":[{"taxonomy":"category","embeddable":true,"href":"https:\/\/www.clients.horus-informatique71.fr\/advocnar_backup\/wp-json\/wp\/v2\/categories?post=75580"},{"taxonomy":"post_tag","embeddable":true,"href":"https:\/\/www.clients.horus-informatique71.fr\/advocnar_backup\/wp-json\/wp\/v2\/tags?post=75580"}],"curies":[{"name":"wp","href":"https:\/\/api.w.org\/{rel}","templated":true}]}}