{"id":75620,"date":"2020-03-13T10:40:04","date_gmt":"2020-03-13T09:40:04","guid":{"rendered":"https:\/\/www.clients.horus-informatique71.fr\/advocnar_backup\/?p=75620"},"modified":"2020-03-18T19:46:57","modified_gmt":"2020-03-18T18:46:57","slug":"les-organisateurs-annulent-la-marche-pour-le-climat-du-14-mars-a-paris","status":"publish","type":"post","link":"https:\/\/www.clients.horus-informatique71.fr\/advocnar_backup\/2020\/03\/les-organisateurs-annulent-la-marche-pour-le-climat-du-14-mars-a-paris\/","title":{"rendered":"Les organisateurs annulent la Marche pour le Climat du 14 mars \u00e0 Paris"},"content":{"rendered":"\n<p><strong>Au vue de l\u2019\u00e9volution rapide de la situation sanitaire et suite \u00e0  l\u2019allocution d\u2019Emmanuel Macron hier soir concernant le risque d\u2019\u00e9pid\u00e9mie  de COVID-19, les organisateurs de la Marche pour le climat le 14 mars  ont pris la d\u00e9cision de l\u2019annuler \u00e0 Paris.&nbsp;<\/strong><\/p>\n\n\n\n<p> Malgr\u00e9 la validation du trajet de la marche pour le climat samedi 14   mars par la pr\u00e9fecture de Paris, les organisateurs consid\u00e8rent aujourd\u2019hui que les conditions ne sont pas r\u00e9unies pour garantir la s\u00e9curit\u00e9 des participantes et des participants et susciter une mobilisation massive sous la forme d\u2019une marche \u00e0 la veille des \u00e9lections municipales. Cela n\u2019engage en rien les organisateurs de marches ailleurs en France, qui sauront s\u2019adapter \u00e0 leur contexte local. <\/p>\n\n\n\n<p><a href=\"https:\/\/alternatiba.eu\/2020\/03\/face-a-lampleur-de-lepidemie-de-covid-19-les-organisateurs-annulent-la-marche-pour-le-climat-du-14-mars-a-paris\/\">Plus d&rsquo;infos sur le site d&rsquo;Alternatiba  <\/a><\/p>\n\n\n\n<p> <\/p>\n","protected":false},"excerpt":{"rendered":"<p>Au vue de l\u2019\u00e9volution rapide de la situation sanitaire et suite \u00e0 l\u2019allocution d\u2019Emmanuel Macron hier soir concernant le risque d\u2019\u00e9pid\u00e9mie de COVID-19, les organisateurs de la Marche pour le climat le 14 mars ont pris la d\u00e9cision de l\u2019annuler \u00e0 Paris.&nbsp; Malgr\u00e9 la validation du trajet de la marche pour le climat samedi 14 [&hellip;]<\/p>\n","protected":false},"author":10,"featured_media":75623,"comment_status":"closed","ping_status":"open","sticky":false,"template":"","format":"standard","meta":{"footnotes":""},"categories":[46],"tags":[],"yoast_head":"<!-- This site is optimized with the Yoast SEO plugin v22.0 - https:\/\/yoast.com\/wordpress\/plugins\/seo\/ -->\n<title>Les organisateurs annulent la Marche pour le Climat du 14 mars \u00e0 Paris - Advocnar<\/title>\n<meta name=\"robots\" content=\"index, follow, max-snippet:-1, max-image-preview:large, max-video-preview:-1\" \/>\n<link rel=\"canonical\" href=\"https:\/\/www.clients.horus-informatique71.fr\/advocnar_backup\/2020\/03\/les-organisateurs-annulent-la-marche-pour-le-climat-du-14-mars-a-paris\/\" \/>\n<meta property=\"og:locale\" content=\"fr_FR\" \/>\n<meta property=\"og:type\" content=\"article\" \/>\n<meta property=\"og:title\" content=\"Les organisateurs annulent la Marche pour le Climat du 14 mars \u00e0 Paris - Advocnar\" \/>\n<meta property=\"og:description\" content=\"Au vue de l\u2019\u00e9volution rapide de la situation sanitaire et suite \u00e0 l\u2019allocution d\u2019Emmanuel Macron hier soir concernant le risque d\u2019\u00e9pid\u00e9mie de COVID-19, les organisateurs de la Marche pour le climat le 14 mars ont pris la d\u00e9cision de l\u2019annuler \u00e0 Paris.&nbsp; Malgr\u00e9 la validation du trajet de la marche pour le climat samedi 14 [&hellip;]\" \/>\n<meta property=\"og:url\" content=\"https:\/\/www.clients.horus-informatique71.fr\/advocnar_backup\/2020\/03\/les-organisateurs-annulent-la-marche-pour-le-climat-du-14-mars-a-paris\/\" \/>\n<meta property=\"og:site_name\" content=\"Advocnar\" \/>\n<meta property=\"article:published_time\" content=\"2020-03-13T09:40:04+00:00\" \/>\n<meta property=\"article:modified_time\" content=\"2020-03-18T18:46:57+00:00\" \/>\n<meta property=\"og:image\" content=\"https:\/\/www.clients.horus-informatique71.fr\/advocnar_backup\/wp-content\/uploads\/2020\/03\/Annulation-Marche-climat.png\" \/>\n\t<meta property=\"og:image:width\" content=\"661\" \/>\n\t<meta property=\"og:image:height\" content=\"500\" \/>\n\t<meta property=\"og:image:type\" content=\"image\/png\" \/>\n<meta name=\"author\" content=\"FBrochot\" \/>\n<meta name=\"twitter:card\" content=\"summary_large_image\" \/>\n<meta name=\"twitter:label1\" content=\"\u00c9crit par\" \/>\n\t<meta name=\"twitter:data1\" content=\"FBrochot\" \/>\n\t<meta name=\"twitter:label2\" content=\"Dur\u00e9e de lecture estim\u00e9e\" \/>\n\t<meta name=\"twitter:data2\" content=\"1 minute\" \/>\n<script type=\"application\/ld+json\" class=\"yoast-schema-graph\">{\"@context\":\"https:\/\/schema.org\",\"@graph\":[{\"@type\":\"WebPage\",\"@id\":\"https:\/\/www.clients.horus-informatique71.fr\/advocnar_backup\/2020\/03\/les-organisateurs-annulent-la-marche-pour-le-climat-du-14-mars-a-paris\/\",\"url\":\"https:\/\/www.clients.horus-informatique71.fr\/advocnar_backup\/2020\/03\/les-organisateurs-annulent-la-marche-pour-le-climat-du-14-mars-a-paris\/\",\"name\":\"Les organisateurs annulent la Marche pour le Climat du 14 mars \u00e0 Paris - Advocnar\",\"isPartOf\":{\"@id\":\"https:\/\/www.clients.horus-informatique71.fr\/advocnar_backup\/#website\"},\"datePublished\":\"2020-03-13T09:40:04+00:00\",\"dateModified\":\"2020-03-18T18:46:57+00:00\",\"author\":{\"@id\":\"https:\/\/www.clients.horus-informatique71.fr\/advocnar_backup\/#\/schema\/person\/28ec283f897fb44e1146415d8015d23e\"},\"breadcrumb\":{\"@id\":\"https:\/\/www.clients.horus-informatique71.fr\/advocnar_backup\/2020\/03\/les-organisateurs-annulent-la-marche-pour-le-climat-du-14-mars-a-paris\/#breadcrumb\"},\"inLanguage\":\"fr-FR\",\"potentialAction\":[{\"@type\":\"ReadAction\",\"target\":[\"https:\/\/www.clients.horus-informatique71.fr\/advocnar_backup\/2020\/03\/les-organisateurs-annulent-la-marche-pour-le-climat-du-14-mars-a-paris\/\"]}]},{\"@type\":\"BreadcrumbList\",\"@id\":\"https:\/\/www.clients.horus-informatique71.fr\/advocnar_backup\/2020\/03\/les-organisateurs-annulent-la-marche-pour-le-climat-du-14-mars-a-paris\/#breadcrumb\",\"itemListElement\":[{\"@type\":\"ListItem\",\"position\":1,\"name\":\"Accueil\",\"item\":\"https:\/\/www.clients.horus-informatique71.fr\/advocnar_backup\/\"},{\"@type\":\"ListItem\",\"position\":2,\"name\":\"Les organisateurs annulent la Marche pour le Climat du 14 mars \u00e0 Paris\"}]},{\"@type\":\"WebSite\",\"@id\":\"https:\/\/www.clients.horus-informatique71.fr\/advocnar_backup\/#website\",\"url\":\"https:\/\/www.clients.horus-informatique71.fr\/advocnar_backup\/\",\"name\":\"Advocnar\",\"description\":\"Association de D\u00e9fense Contre les Nuisances A\u00e9riennes\",\"potentialAction\":[{\"@type\":\"SearchAction\",\"target\":{\"@type\":\"EntryPoint\",\"urlTemplate\":\"https:\/\/www.clients.horus-informatique71.fr\/advocnar_backup\/?s={search_term_string}\"},\"query-input\":\"required name=search_term_string\"}],\"inLanguage\":\"fr-FR\"},{\"@type\":\"Person\",\"@id\":\"https:\/\/www.clients.horus-informatique71.fr\/advocnar_backup\/#\/schema\/person\/28ec283f897fb44e1146415d8015d23e\",\"name\":\"FBrochot\",\"url\":\"https:\/\/www.clients.horus-informatique71.fr\/advocnar_backup\/author\/fbrochot\/\"}]}<\/script>\n<!-- \/ Yoast SEO plugin. -->","yoast_head_json":{"title":"Les organisateurs annulent la Marche pour le Climat du 14 mars \u00e0 Paris - Advocnar","robots":{"index":"index","follow":"follow","max-snippet":"max-snippet:-1","max-image-preview":"max-image-preview:large","max-video-preview":"max-video-preview:-1"},"canonical":"https:\/\/www.clients.horus-informatique71.fr\/advocnar_backup\/2020\/03\/les-organisateurs-annulent-la-marche-pour-le-climat-du-14-mars-a-paris\/","og_locale":"fr_FR","og_type":"article","og_title":"Les organisateurs annulent la Marche pour le Climat du 14 mars \u00e0 Paris - Advocnar","og_description":"Au vue de l\u2019\u00e9volution rapide de la situation sanitaire et suite \u00e0 l\u2019allocution d\u2019Emmanuel Macron hier soir concernant le risque d\u2019\u00e9pid\u00e9mie de COVID-19, les organisateurs de la Marche pour le climat le 14 mars ont pris la d\u00e9cision de l\u2019annuler \u00e0 Paris.&nbsp; Malgr\u00e9 la validation du trajet de la marche pour le climat samedi 14 [&hellip;]","og_url":"https:\/\/www.clients.horus-informatique71.fr\/advocnar_backup\/2020\/03\/les-organisateurs-annulent-la-marche-pour-le-climat-du-14-mars-a-paris\/","og_site_name":"Advocnar","article_published_time":"2020-03-13T09:40:04+00:00","article_modified_time":"2020-03-18T18:46:57+00:00","og_image":[{"width":661,"height":500,"url":"https:\/\/www.clients.horus-informatique71.fr\/advocnar_backup\/wp-content\/uploads\/2020\/03\/Annulation-Marche-climat.png","type":"image\/png"}],"author":"FBrochot","twitter_card":"summary_large_image","twitter_misc":{"\u00c9crit par":"FBrochot","Dur\u00e9e de lecture estim\u00e9e":"1 minute"},"schema":{"@context":"https:\/\/schema.org","@graph":[{"@type":"WebPage","@id":"https:\/\/www.clients.horus-informatique71.fr\/advocnar_backup\/2020\/03\/les-organisateurs-annulent-la-marche-pour-le-climat-du-14-mars-a-paris\/","url":"https:\/\/www.clients.horus-informatique71.fr\/advocnar_backup\/2020\/03\/les-organisateurs-annulent-la-marche-pour-le-climat-du-14-mars-a-paris\/","name":"Les organisateurs annulent la Marche pour le Climat du 14 mars \u00e0 Paris - Advocnar","isPartOf":{"@id":"https:\/\/www.clients.horus-informatique71.fr\/advocnar_backup\/#website"},"datePublished":"2020-03-13T09:40:04+00:00","dateModified":"2020-03-18T18:46:57+00:00","author":{"@id":"https:\/\/www.clients.horus-informatique71.fr\/advocnar_backup\/#\/schema\/person\/28ec283f897fb44e1146415d8015d23e"},"breadcrumb":{"@id":"https:\/\/www.clients.horus-informatique71.fr\/advocnar_backup\/2020\/03\/les-organisateurs-annulent-la-marche-pour-le-climat-du-14-mars-a-paris\/#breadcrumb"},"inLanguage":"fr-FR","potentialAction":[{"@type":"ReadAction","target":["https:\/\/www.clients.horus-informatique71.fr\/advocnar_backup\/2020\/03\/les-organisateurs-annulent-la-marche-pour-le-climat-du-14-mars-a-paris\/"]}]},{"@type":"BreadcrumbList","@id":"https:\/\/www.clients.horus-informatique71.fr\/advocnar_backup\/2020\/03\/les-organisateurs-annulent-la-marche-pour-le-climat-du-14-mars-a-paris\/#breadcrumb","itemListElement":[{"@type":"ListItem","position":1,"name":"Accueil","item":"https:\/\/www.clients.horus-informatique71.fr\/advocnar_backup\/"},{"@type":"ListItem","position":2,"name":"Les organisateurs annulent la Marche pour le Climat du 14 mars \u00e0 Paris"}]},{"@type":"WebSite","@id":"https:\/\/www.clients.horus-informatique71.fr\/advocnar_backup\/#website","url":"https:\/\/www.clients.horus-informatique71.fr\/advocnar_backup\/","name":"Advocnar","description":"Association de D\u00e9fense Contre les Nuisances A\u00e9riennes","potentialAction":[{"@type":"SearchAction","target":{"@type":"EntryPoint","urlTemplate":"https:\/\/www.clients.horus-informatique71.fr\/advocnar_backup\/?s={search_term_string}"},"query-input":"required name=search_term_string"}],"inLanguage":"fr-FR"},{"@type":"Person","@id":"https:\/\/www.clients.horus-informatique71.fr\/advocnar_backup\/#\/schema\/person\/28ec283f897fb44e1146415d8015d23e","name":"FBrochot","url":"https:\/\/www.clients.horus-informatique71.fr\/advocnar_backup\/author\/fbrochot\/"}]}},"_links":{"self":[{"href":"https:\/\/www.clients.horus-informatique71.fr\/advocnar_backup\/wp-json\/wp\/v2\/posts\/75620"}],"collection":[{"href":"https:\/\/www.clients.horus-informatique71.fr\/advocnar_backup\/wp-json\/wp\/v2\/posts"}],"about":[{"href":"https:\/\/www.clients.horus-informatique71.fr\/advocnar_backup\/wp-json\/wp\/v2\/types\/post"}],"author":[{"embeddable":true,"href":"https:\/\/www.clients.horus-informatique71.fr\/advocnar_backup\/wp-json\/wp\/v2\/users\/10"}],"replies":[{"embeddable":true,"href":"https:\/\/www.clients.horus-informatique71.fr\/advocnar_backup\/wp-json\/wp\/v2\/comments?post=75620"}],"version-history":[{"count":3,"href":"https:\/\/www.clients.horus-informatique71.fr\/advocnar_backup\/wp-json\/wp\/v2\/posts\/75620\/revisions"}],"predecessor-version":[{"id":75624,"href":"https:\/\/www.clients.horus-informatique71.fr\/advocnar_backup\/wp-json\/wp\/v2\/posts\/75620\/revisions\/75624"}],"wp:featuredmedia":[{"embeddable":true,"href":"https:\/\/www.clients.horus-informatique71.fr\/advocnar_backup\/wp-json\/wp\/v2\/media\/75623"}],"wp:attachment":[{"href":"https:\/\/www.clients.horus-informatique71.fr\/advocnar_backup\/wp-json\/wp\/v2\/media?parent=75620"}],"wp:term":[{"taxonomy":"category","embeddable":true,"href":"https:\/\/www.clients.horus-informatique71.fr\/advocnar_backup\/wp-json\/wp\/v2\/categories?post=75620"},{"taxonomy":"post_tag","embeddable":true,"href":"https:\/\/www.clients.horus-informatique71.fr\/advocnar_backup\/wp-json\/wp\/v2\/tags?post=75620"}],"curies":[{"name":"wp","href":"https:\/\/api.w.org\/{rel}","templated":true}]}}