{"id":75677,"date":"2020-03-26T12:06:54","date_gmt":"2020-03-26T11:06:54","guid":{"rendered":"https:\/\/www.clients.horus-informatique71.fr\/advocnar_backup\/?p=75677"},"modified":"2020-03-28T13:33:52","modified_gmt":"2020-03-28T12:33:52","slug":"nuisances-sonores-aeroportuaires-en-tres-nette-baisse-bruitparif-dresse-un-bilan-apres-une-semaine-de-confinement","status":"publish","type":"post","link":"https:\/\/www.clients.horus-informatique71.fr\/advocnar_backup\/2020\/03\/nuisances-sonores-aeroportuaires-en-tres-nette-baisse-bruitparif-dresse-un-bilan-apres-une-semaine-de-confinement\/","title":{"rendered":"Nuisances sonores a\u00e9roportuaires en tr\u00e8s nette baisse: Bruitparif dresse un bilan apr\u00e8s une semaine de confinement"},"content":{"rendered":"\n<h4 class=\"wp-block-heading\"><\/h4>\n\n\n\n<blockquote class=\"wp-block-quote\"><p> Les 150 stations de mesure de Bruitparif d\u00e9ploy\u00e9es en \u00cele-de-France sont  unanimes : avec le confinement d\u00e9cr\u00e9t\u00e9 en raison de l\u2019\u00e9pid\u00e9mie de  covid19, un silence inhabituel a envahi l\u2019\u00cele-de-France et notamment sa  zone urbaine dense. La raison en est simple : la tr\u00e8s forte baisse des  \u00e9missions sonores en lien avec la diminution drastique des trafics  routier, a\u00e9rien et m\u00eame ferroviaire, l\u2019arr\u00eat des chantiers et la  fermeture de nombreuses activit\u00e9s et lieux festifs. <em>(Bruitparif)<\/em><\/p><\/blockquote>\n\n\n\n<figure class=\"wp-block-image\"><img loading=\"lazy\" decoding=\"async\" width=\"1024\" height=\"471\" src=\"https:\/\/www.clients.horus-informatique71.fr\/advocnar_backup\/wp-content\/uploads\/2020\/03\/Confinement-bruit-avant-apres-1024x471.png\" alt=\"\" class=\"wp-image-75675\" srcset=\"https:\/\/www.clients.horus-informatique71.fr\/advocnar_backup\/wp-content\/uploads\/2020\/03\/Confinement-bruit-avant-apres-1024x471.png 1024w, https:\/\/www.clients.horus-informatique71.fr\/advocnar_backup\/wp-content\/uploads\/2020\/03\/Confinement-bruit-avant-apres-300x138.png 300w, https:\/\/www.clients.horus-informatique71.fr\/advocnar_backup\/wp-content\/uploads\/2020\/03\/Confinement-bruit-avant-apres-768x353.png 768w, https:\/\/www.clients.horus-informatique71.fr\/advocnar_backup\/wp-content\/uploads\/2020\/03\/Confinement-bruit-avant-apres.png 1116w\" sizes=\"(max-width: 1024px) 100vw, 1024px\" \/><\/figure>\n\n\n\n<h5 class=\"wp-block-heading\">Les personnes habitant pr\u00e8s des a\u00e9roports constatent davantage de  calme en raison du ralentissement de l\u2019activit\u00e9 a\u00e9roportuaire. Les  stations permanentes de mesure du bruit a\u00e9rien de Bruitparif notent des baisses tr\u00e8s significatives en lien avec la forte diminution du nombre de survols:  <a href=\"https:\/\/survol.bruitparif.fr\/\">https:\/\/survol.bruitparif.fr\/<\/a> <\/h5>\n\n\n\n<p>Les  \u00e9volutions d\u00e9pendent toutefois de la localisation par rapport aux  a\u00e9roports. <\/p>\n\n\n\n<p><strong>ROISSY CHARLES DE GAULLE<\/strong><\/p>\n\n\n\n<p>Le bruit li\u00e9 au trafic a\u00e9rien a quasiment disparu  autour du doublet Sud de l\u2019a\u00e9roport qui ne compte d\u00e9sormais  plus aucun mouvement depuis le 20 mars.<\/p>\n\n\n\n<p>Le doublet Nord a connu un pic de trafic les 19 et 20 mars, li\u00e9 \u00e0 la fermeture du doublet sud. Depuis le 21 mars, il fonctionne au ralenti. Une baisse des niveaux de bruit allant de 2,4 \u00e0 7 dB(A) a \u00e9t\u00e9 constat\u00e9 selon les stations de mesure.<\/p>\n\n\n\n<p><strong>ORLY<\/strong><\/p>\n\n\n\n<p>Autour d\u2019Orly, une baisse importante  a \u00e9galement \u00e9t\u00e9 enregistr\u00e9e, celle-ci \u00e9tant intervenue de mani\u00e8re  progressive. Elle atteint de l\u2019ordre de 10 dB(A) \u00e0 pr\u00e9sent. <\/p>\n\n\n\n<p>A\u00e9roports de Paris a annonc\u00e9 la mise \u00e0 l\u2019arr\u00eat temporaire du fonctionnement de l\u2019a\u00e9roport d\u2019Orly \u00e0 compter de la fin du mois de mars.<\/p>\n\n\n\n<p><strong>Lire le bilan de Bruitparif:<\/strong><br><a href=\"https:\/\/www.clients.horus-informatique71.fr\/advocnar_backup\/wp-content\/uploads\/2020\/03\/Les-effets-du-confinement-sur-le-bruit-en-Ile-de-France-HD.pdf\">\u00ab\u00a0Les effets du confinement sur le bruit dans la zone dense francilienne &#8211; Bilan une semaine apr\u00e8s le d\u00e9but du confinement\u00a0\u00bb<\/a><\/p>\n\n\n\n<ul><li>Bruit a\u00e9rien pages 3 et 4<\/li><li>Annexe 3 pages 16 \u00e0 23<\/li><\/ul>\n\n\n\n<p>\nPlus d&rsquo;infos: <a href=\"https:\/\/www.bruitparif.fr\/les-effets-du-confinement-sur-le-bruit-en-ile-de-france\/\">https:\/\/www.bruitparif.fr\/les-effets-du-confinement-sur-le-bruit-en-ile-de-france\/<\/a><\/p>\n","protected":false},"excerpt":{"rendered":"<p>Les 150 stations de mesure de Bruitparif d\u00e9ploy\u00e9es en \u00cele-de-France sont unanimes : avec le confinement d\u00e9cr\u00e9t\u00e9 en raison de l\u2019\u00e9pid\u00e9mie de covid19, un silence inhabituel a envahi l\u2019\u00cele-de-France et notamment sa zone urbaine dense. La raison en est simple : la tr\u00e8s forte baisse des \u00e9missions sonores en lien avec la diminution drastique des [&hellip;]<\/p>\n","protected":false},"author":10,"featured_media":75674,"comment_status":"closed","ping_status":"open","sticky":false,"template":"","format":"standard","meta":{"footnotes":""},"categories":[46],"tags":[],"yoast_head":"<!-- This site is optimized with the Yoast SEO plugin v22.0 - https:\/\/yoast.com\/wordpress\/plugins\/seo\/ -->\n<title>Nuisances sonores a\u00e9roportuaires en tr\u00e8s nette baisse: Bruitparif dresse un bilan apr\u00e8s une semaine de confinement - Advocnar<\/title>\n<meta name=\"robots\" content=\"index, follow, max-snippet:-1, max-image-preview:large, max-video-preview:-1\" \/>\n<link rel=\"canonical\" href=\"https:\/\/www.clients.horus-informatique71.fr\/advocnar_backup\/2020\/03\/nuisances-sonores-aeroportuaires-en-tres-nette-baisse-bruitparif-dresse-un-bilan-apres-une-semaine-de-confinement\/\" \/>\n<meta property=\"og:locale\" content=\"fr_FR\" \/>\n<meta property=\"og:type\" content=\"article\" \/>\n<meta property=\"og:title\" content=\"Nuisances sonores a\u00e9roportuaires en tr\u00e8s nette baisse: Bruitparif dresse un bilan apr\u00e8s une semaine de confinement - Advocnar\" \/>\n<meta property=\"og:description\" content=\"Les 150 stations de mesure de Bruitparif d\u00e9ploy\u00e9es en \u00cele-de-France sont unanimes : avec le confinement d\u00e9cr\u00e9t\u00e9 en raison de l\u2019\u00e9pid\u00e9mie de covid19, un silence inhabituel a envahi l\u2019\u00cele-de-France et notamment sa zone urbaine dense. La raison en est simple : la tr\u00e8s forte baisse des \u00e9missions sonores en lien avec la diminution drastique des [&hellip;]\" \/>\n<meta property=\"og:url\" content=\"https:\/\/www.clients.horus-informatique71.fr\/advocnar_backup\/2020\/03\/nuisances-sonores-aeroportuaires-en-tres-nette-baisse-bruitparif-dresse-un-bilan-apres-une-semaine-de-confinement\/\" \/>\n<meta property=\"og:site_name\" content=\"Advocnar\" \/>\n<meta property=\"article:published_time\" content=\"2020-03-26T11:06:54+00:00\" \/>\n<meta property=\"article:modified_time\" content=\"2020-03-28T12:33:52+00:00\" \/>\n<meta property=\"og:image\" content=\"https:\/\/www.clients.horus-informatique71.fr\/advocnar_backup\/wp-content\/uploads\/2020\/03\/Confinement-bruit-avant-apres-2.png\" \/>\n\t<meta property=\"og:image:width\" content=\"434\" \/>\n\t<meta property=\"og:image:height\" content=\"326\" \/>\n\t<meta property=\"og:image:type\" content=\"image\/png\" \/>\n<meta name=\"author\" content=\"FBrochot\" \/>\n<meta name=\"twitter:card\" content=\"summary_large_image\" \/>\n<meta name=\"twitter:label1\" content=\"\u00c9crit par\" \/>\n\t<meta name=\"twitter:data1\" content=\"FBrochot\" \/>\n\t<meta name=\"twitter:label2\" content=\"Dur\u00e9e de lecture estim\u00e9e\" \/>\n\t<meta name=\"twitter:data2\" content=\"2 minutes\" \/>\n<script type=\"application\/ld+json\" class=\"yoast-schema-graph\">{\"@context\":\"https:\/\/schema.org\",\"@graph\":[{\"@type\":\"WebPage\",\"@id\":\"https:\/\/www.clients.horus-informatique71.fr\/advocnar_backup\/2020\/03\/nuisances-sonores-aeroportuaires-en-tres-nette-baisse-bruitparif-dresse-un-bilan-apres-une-semaine-de-confinement\/\",\"url\":\"https:\/\/www.clients.horus-informatique71.fr\/advocnar_backup\/2020\/03\/nuisances-sonores-aeroportuaires-en-tres-nette-baisse-bruitparif-dresse-un-bilan-apres-une-semaine-de-confinement\/\",\"name\":\"Nuisances sonores a\u00e9roportuaires en tr\u00e8s nette baisse: Bruitparif dresse un bilan apr\u00e8s une semaine de confinement - Advocnar\",\"isPartOf\":{\"@id\":\"https:\/\/www.clients.horus-informatique71.fr\/advocnar_backup\/#website\"},\"datePublished\":\"2020-03-26T11:06:54+00:00\",\"dateModified\":\"2020-03-28T12:33:52+00:00\",\"author\":{\"@id\":\"https:\/\/www.clients.horus-informatique71.fr\/advocnar_backup\/#\/schema\/person\/28ec283f897fb44e1146415d8015d23e\"},\"breadcrumb\":{\"@id\":\"https:\/\/www.clients.horus-informatique71.fr\/advocnar_backup\/2020\/03\/nuisances-sonores-aeroportuaires-en-tres-nette-baisse-bruitparif-dresse-un-bilan-apres-une-semaine-de-confinement\/#breadcrumb\"},\"inLanguage\":\"fr-FR\",\"potentialAction\":[{\"@type\":\"ReadAction\",\"target\":[\"https:\/\/www.clients.horus-informatique71.fr\/advocnar_backup\/2020\/03\/nuisances-sonores-aeroportuaires-en-tres-nette-baisse-bruitparif-dresse-un-bilan-apres-une-semaine-de-confinement\/\"]}]},{\"@type\":\"BreadcrumbList\",\"@id\":\"https:\/\/www.clients.horus-informatique71.fr\/advocnar_backup\/2020\/03\/nuisances-sonores-aeroportuaires-en-tres-nette-baisse-bruitparif-dresse-un-bilan-apres-une-semaine-de-confinement\/#breadcrumb\",\"itemListElement\":[{\"@type\":\"ListItem\",\"position\":1,\"name\":\"Accueil\",\"item\":\"https:\/\/www.clients.horus-informatique71.fr\/advocnar_backup\/\"},{\"@type\":\"ListItem\",\"position\":2,\"name\":\"Nuisances sonores a\u00e9roportuaires en tr\u00e8s nette baisse: Bruitparif dresse un bilan apr\u00e8s une semaine de confinement\"}]},{\"@type\":\"WebSite\",\"@id\":\"https:\/\/www.clients.horus-informatique71.fr\/advocnar_backup\/#website\",\"url\":\"https:\/\/www.clients.horus-informatique71.fr\/advocnar_backup\/\",\"name\":\"Advocnar\",\"description\":\"Association de D\u00e9fense Contre les Nuisances A\u00e9riennes\",\"potentialAction\":[{\"@type\":\"SearchAction\",\"target\":{\"@type\":\"EntryPoint\",\"urlTemplate\":\"https:\/\/www.clients.horus-informatique71.fr\/advocnar_backup\/?s={search_term_string}\"},\"query-input\":\"required name=search_term_string\"}],\"inLanguage\":\"fr-FR\"},{\"@type\":\"Person\",\"@id\":\"https:\/\/www.clients.horus-informatique71.fr\/advocnar_backup\/#\/schema\/person\/28ec283f897fb44e1146415d8015d23e\",\"name\":\"FBrochot\",\"url\":\"https:\/\/www.clients.horus-informatique71.fr\/advocnar_backup\/author\/fbrochot\/\"}]}<\/script>\n<!-- \/ Yoast SEO plugin. -->","yoast_head_json":{"title":"Nuisances sonores a\u00e9roportuaires en tr\u00e8s nette baisse: Bruitparif dresse un bilan apr\u00e8s une semaine de confinement - Advocnar","robots":{"index":"index","follow":"follow","max-snippet":"max-snippet:-1","max-image-preview":"max-image-preview:large","max-video-preview":"max-video-preview:-1"},"canonical":"https:\/\/www.clients.horus-informatique71.fr\/advocnar_backup\/2020\/03\/nuisances-sonores-aeroportuaires-en-tres-nette-baisse-bruitparif-dresse-un-bilan-apres-une-semaine-de-confinement\/","og_locale":"fr_FR","og_type":"article","og_title":"Nuisances sonores a\u00e9roportuaires en tr\u00e8s nette baisse: Bruitparif dresse un bilan apr\u00e8s une semaine de confinement - Advocnar","og_description":"Les 150 stations de mesure de Bruitparif d\u00e9ploy\u00e9es en \u00cele-de-France sont unanimes : avec le confinement d\u00e9cr\u00e9t\u00e9 en raison de l\u2019\u00e9pid\u00e9mie de covid19, un silence inhabituel a envahi l\u2019\u00cele-de-France et notamment sa zone urbaine dense. La raison en est simple : la tr\u00e8s forte baisse des \u00e9missions sonores en lien avec la diminution drastique des [&hellip;]","og_url":"https:\/\/www.clients.horus-informatique71.fr\/advocnar_backup\/2020\/03\/nuisances-sonores-aeroportuaires-en-tres-nette-baisse-bruitparif-dresse-un-bilan-apres-une-semaine-de-confinement\/","og_site_name":"Advocnar","article_published_time":"2020-03-26T11:06:54+00:00","article_modified_time":"2020-03-28T12:33:52+00:00","og_image":[{"width":434,"height":326,"url":"https:\/\/www.clients.horus-informatique71.fr\/advocnar_backup\/wp-content\/uploads\/2020\/03\/Confinement-bruit-avant-apres-2.png","type":"image\/png"}],"author":"FBrochot","twitter_card":"summary_large_image","twitter_misc":{"\u00c9crit par":"FBrochot","Dur\u00e9e de lecture estim\u00e9e":"2 minutes"},"schema":{"@context":"https:\/\/schema.org","@graph":[{"@type":"WebPage","@id":"https:\/\/www.clients.horus-informatique71.fr\/advocnar_backup\/2020\/03\/nuisances-sonores-aeroportuaires-en-tres-nette-baisse-bruitparif-dresse-un-bilan-apres-une-semaine-de-confinement\/","url":"https:\/\/www.clients.horus-informatique71.fr\/advocnar_backup\/2020\/03\/nuisances-sonores-aeroportuaires-en-tres-nette-baisse-bruitparif-dresse-un-bilan-apres-une-semaine-de-confinement\/","name":"Nuisances sonores a\u00e9roportuaires en tr\u00e8s nette baisse: Bruitparif dresse un bilan apr\u00e8s une semaine de confinement - Advocnar","isPartOf":{"@id":"https:\/\/www.clients.horus-informatique71.fr\/advocnar_backup\/#website"},"datePublished":"2020-03-26T11:06:54+00:00","dateModified":"2020-03-28T12:33:52+00:00","author":{"@id":"https:\/\/www.clients.horus-informatique71.fr\/advocnar_backup\/#\/schema\/person\/28ec283f897fb44e1146415d8015d23e"},"breadcrumb":{"@id":"https:\/\/www.clients.horus-informatique71.fr\/advocnar_backup\/2020\/03\/nuisances-sonores-aeroportuaires-en-tres-nette-baisse-bruitparif-dresse-un-bilan-apres-une-semaine-de-confinement\/#breadcrumb"},"inLanguage":"fr-FR","potentialAction":[{"@type":"ReadAction","target":["https:\/\/www.clients.horus-informatique71.fr\/advocnar_backup\/2020\/03\/nuisances-sonores-aeroportuaires-en-tres-nette-baisse-bruitparif-dresse-un-bilan-apres-une-semaine-de-confinement\/"]}]},{"@type":"BreadcrumbList","@id":"https:\/\/www.clients.horus-informatique71.fr\/advocnar_backup\/2020\/03\/nuisances-sonores-aeroportuaires-en-tres-nette-baisse-bruitparif-dresse-un-bilan-apres-une-semaine-de-confinement\/#breadcrumb","itemListElement":[{"@type":"ListItem","position":1,"name":"Accueil","item":"https:\/\/www.clients.horus-informatique71.fr\/advocnar_backup\/"},{"@type":"ListItem","position":2,"name":"Nuisances sonores a\u00e9roportuaires en tr\u00e8s nette baisse: Bruitparif dresse un bilan apr\u00e8s une semaine de confinement"}]},{"@type":"WebSite","@id":"https:\/\/www.clients.horus-informatique71.fr\/advocnar_backup\/#website","url":"https:\/\/www.clients.horus-informatique71.fr\/advocnar_backup\/","name":"Advocnar","description":"Association de D\u00e9fense Contre les Nuisances A\u00e9riennes","potentialAction":[{"@type":"SearchAction","target":{"@type":"EntryPoint","urlTemplate":"https:\/\/www.clients.horus-informatique71.fr\/advocnar_backup\/?s={search_term_string}"},"query-input":"required name=search_term_string"}],"inLanguage":"fr-FR"},{"@type":"Person","@id":"https:\/\/www.clients.horus-informatique71.fr\/advocnar_backup\/#\/schema\/person\/28ec283f897fb44e1146415d8015d23e","name":"FBrochot","url":"https:\/\/www.clients.horus-informatique71.fr\/advocnar_backup\/author\/fbrochot\/"}]}},"_links":{"self":[{"href":"https:\/\/www.clients.horus-informatique71.fr\/advocnar_backup\/wp-json\/wp\/v2\/posts\/75677"}],"collection":[{"href":"https:\/\/www.clients.horus-informatique71.fr\/advocnar_backup\/wp-json\/wp\/v2\/posts"}],"about":[{"href":"https:\/\/www.clients.horus-informatique71.fr\/advocnar_backup\/wp-json\/wp\/v2\/types\/post"}],"author":[{"embeddable":true,"href":"https:\/\/www.clients.horus-informatique71.fr\/advocnar_backup\/wp-json\/wp\/v2\/users\/10"}],"replies":[{"embeddable":true,"href":"https:\/\/www.clients.horus-informatique71.fr\/advocnar_backup\/wp-json\/wp\/v2\/comments?post=75677"}],"version-history":[{"count":22,"href":"https:\/\/www.clients.horus-informatique71.fr\/advocnar_backup\/wp-json\/wp\/v2\/posts\/75677\/revisions"}],"predecessor-version":[{"id":75700,"href":"https:\/\/www.clients.horus-informatique71.fr\/advocnar_backup\/wp-json\/wp\/v2\/posts\/75677\/revisions\/75700"}],"wp:featuredmedia":[{"embeddable":true,"href":"https:\/\/www.clients.horus-informatique71.fr\/advocnar_backup\/wp-json\/wp\/v2\/media\/75674"}],"wp:attachment":[{"href":"https:\/\/www.clients.horus-informatique71.fr\/advocnar_backup\/wp-json\/wp\/v2\/media?parent=75677"}],"wp:term":[{"taxonomy":"category","embeddable":true,"href":"https:\/\/www.clients.horus-informatique71.fr\/advocnar_backup\/wp-json\/wp\/v2\/categories?post=75677"},{"taxonomy":"post_tag","embeddable":true,"href":"https:\/\/www.clients.horus-informatique71.fr\/advocnar_backup\/wp-json\/wp\/v2\/tags?post=75677"}],"curies":[{"name":"wp","href":"https:\/\/api.w.org\/{rel}","templated":true}]}}