{"id":75704,"date":"2020-03-24T14:18:04","date_gmt":"2020-03-24T13:18:04","guid":{"rendered":"https:\/\/www.clients.horus-informatique71.fr\/advocnar_backup\/?p=75704"},"modified":"2020-03-28T14:18:34","modified_gmt":"2020-03-28T13:18:34","slug":"la-qualite-de-lair-en-ile-de-france-sameliore-bilan-des-premiers-jours-du-confinement-avec-airparif","status":"publish","type":"post","link":"https:\/\/www.clients.horus-informatique71.fr\/advocnar_backup\/2020\/03\/la-qualite-de-lair-en-ile-de-france-sameliore-bilan-des-premiers-jours-du-confinement-avec-airparif\/","title":{"rendered":"La qualit\u00e9 de l&rsquo;air en \u00cele-de-France s&rsquo;am\u00e9liore: bilan des premiers jours du confinement avec Airparif"},"content":{"rendered":"\n<h4 class=\"wp-block-heading\"><\/h4>\n\n\n\n<p>Airparif pr\u00e9sente  l\u2019impact des mesures de confinement sur la pollution de l\u2019air en \u00cele-de-France:<\/p>\n\n\n\n<blockquote class=\"wp-block-quote\"><p>Cette \u00e9valuation met en avant une am\u00e9lioration de la qualit\u00e9 de  l\u2019air de l\u2019ordre de 20 \u00e0 30% dans l\u2019agglom\u00e9ration parisienne,  cons\u00e9cutive \u00e0 une baisse des \u00e9missions de plus de 60% pour les oxydes  d\u2019azote. Le long des axes de circulation, cet impact peut \u00eatre encore  plus important. Il \u00e9tait en revanche peu visible pour les particules  (PM10 et PM2,5) lors de ces premiers jours de confinement.&nbsp; Autre bonne  nouvelle, cette baisse des polluants de l\u2019air s\u2019accompagne d\u2019une baisse  du dioxyde de carbone (CO2), gaz \u00e0 effet de serre, soulignant les liens  entre ces deux probl\u00e9matiques et le co-b\u00e9n\u00e9fice pour le climat de toute  am\u00e9lioration de la qualit\u00e9 de l\u2019air.&nbsp; <\/p><cite>Source: <em>Airparif<\/em><\/cite><\/blockquote>\n\n\n\n<figure class=\"wp-block-image\"><img loading=\"lazy\" decoding=\"async\" width=\"1024\" height=\"458\" src=\"https:\/\/www.clients.horus-informatique71.fr\/advocnar_backup\/wp-content\/uploads\/2020\/03\/Confinement-pollution-avant-apres-1024x458.png\" alt=\"\" class=\"wp-image-75702\" srcset=\"https:\/\/www.clients.horus-informatique71.fr\/advocnar_backup\/wp-content\/uploads\/2020\/03\/Confinement-pollution-avant-apres-1024x458.png 1024w, https:\/\/www.clients.horus-informatique71.fr\/advocnar_backup\/wp-content\/uploads\/2020\/03\/Confinement-pollution-avant-apres-300x134.png 300w, https:\/\/www.clients.horus-informatique71.fr\/advocnar_backup\/wp-content\/uploads\/2020\/03\/Confinement-pollution-avant-apres-768x343.png 768w, https:\/\/www.clients.horus-informatique71.fr\/advocnar_backup\/wp-content\/uploads\/2020\/03\/Confinement-pollution-avant-apres.png 1250w\" sizes=\"(max-width: 1024px) 100vw, 1024px\" \/><\/figure>\n\n\n\n<blockquote class=\"wp-block-quote\"><p>Malgr\u00e9 une augmentation du chauffage r\u00e9sidentiel, <strong>cette baisse est li\u00e9e  en grande partie \u00e0 la forte diminution du trafic routier et a\u00e9rien<\/strong>.  <\/p><cite>Source: <em>Airparif<\/em><\/cite><\/blockquote>\n\n\n\n<blockquote class=\"wp-block-quote\"><p>Le changement de m\u00e9t\u00e9orologie \u00e0 partir du samedi 21, conjugu\u00e9 \u00e0 <strong>la  baisse tr\u00e8s cons\u00e9quente des \u00e9missions, notamment du trafic a\u00e9rien<\/strong> et du  trafic routier, conduit \u00e0 une qualit\u00e9 de l\u2019air \u00ab&nbsp;bonne&nbsp;\u00bb en ce d\u00e9but de  deuxi\u00e8me semaine de confinement. <\/p><cite><em>Source: Airparif<\/em><\/cite><\/blockquote>\n\n\n\n<p><a href=\"https:\/\/www.clients.horus-informatique71.fr\/advocnar_backup\/wp-content\/uploads\/2020\/03\/communique_presse_evaluation-impact-confinement-sur-air_25032020.pdf\">Lire le communiqu\u00e9 de presse d&rsquo;Airparif<\/a><\/p>\n\n\n\n<p><strong>Plus d&rsquo;infos:<\/strong><br><a href=\"http:\/\/www.airparif.asso.fr\/actualite\/detail\/id\/280\">http:\/\/www.airparif.asso.fr\/actualite\/detail\/id\/280<\/a><\/p>\n","protected":false},"excerpt":{"rendered":"<p>Airparif pr\u00e9sente l\u2019impact des mesures de confinement sur la pollution de l\u2019air en \u00cele-de-France: Cette \u00e9valuation met en avant une am\u00e9lioration de la qualit\u00e9 de l\u2019air de l\u2019ordre de 20 \u00e0 30% dans l\u2019agglom\u00e9ration parisienne, cons\u00e9cutive \u00e0 une baisse des \u00e9missions de plus de 60% pour les oxydes d\u2019azote. Le long des axes de circulation, [&hellip;]<\/p>\n","protected":false},"author":10,"featured_media":75701,"comment_status":"closed","ping_status":"open","sticky":false,"template":"","format":"standard","meta":{"footnotes":""},"categories":[46],"tags":[],"yoast_head":"<!-- This site is optimized with the Yoast SEO plugin v22.0 - https:\/\/yoast.com\/wordpress\/plugins\/seo\/ -->\n<title>La qualit\u00e9 de l&#039;air en \u00cele-de-France s&#039;am\u00e9liore: bilan des premiers jours du confinement avec Airparif - Advocnar<\/title>\n<meta name=\"robots\" content=\"index, follow, max-snippet:-1, max-image-preview:large, max-video-preview:-1\" \/>\n<link rel=\"canonical\" href=\"https:\/\/www.clients.horus-informatique71.fr\/advocnar_backup\/2020\/03\/la-qualite-de-lair-en-ile-de-france-sameliore-bilan-des-premiers-jours-du-confinement-avec-airparif\/\" \/>\n<meta property=\"og:locale\" content=\"fr_FR\" \/>\n<meta property=\"og:type\" content=\"article\" \/>\n<meta property=\"og:title\" content=\"La qualit\u00e9 de l&#039;air en \u00cele-de-France s&#039;am\u00e9liore: bilan des premiers jours du confinement avec Airparif - Advocnar\" \/>\n<meta property=\"og:description\" content=\"Airparif pr\u00e9sente l\u2019impact des mesures de confinement sur la pollution de l\u2019air en \u00cele-de-France: Cette \u00e9valuation met en avant une am\u00e9lioration de la qualit\u00e9 de l\u2019air de l\u2019ordre de 20 \u00e0 30% dans l\u2019agglom\u00e9ration parisienne, cons\u00e9cutive \u00e0 une baisse des \u00e9missions de plus de 60% pour les oxydes d\u2019azote. Le long des axes de circulation, [&hellip;]\" \/>\n<meta property=\"og:url\" content=\"https:\/\/www.clients.horus-informatique71.fr\/advocnar_backup\/2020\/03\/la-qualite-de-lair-en-ile-de-france-sameliore-bilan-des-premiers-jours-du-confinement-avec-airparif\/\" \/>\n<meta property=\"og:site_name\" content=\"Advocnar\" \/>\n<meta property=\"article:published_time\" content=\"2020-03-24T13:18:04+00:00\" \/>\n<meta property=\"article:modified_time\" content=\"2020-03-28T13:18:34+00:00\" \/>\n<meta property=\"og:image\" content=\"https:\/\/www.clients.horus-informatique71.fr\/advocnar_backup\/wp-content\/uploads\/2020\/03\/Confinement-Pollution-avant-apres-2.png\" \/>\n\t<meta property=\"og:image:width\" content=\"591\" \/>\n\t<meta property=\"og:image:height\" content=\"444\" \/>\n\t<meta property=\"og:image:type\" content=\"image\/png\" \/>\n<meta name=\"author\" content=\"FBrochot\" \/>\n<meta name=\"twitter:card\" content=\"summary_large_image\" \/>\n<meta name=\"twitter:label1\" content=\"\u00c9crit par\" \/>\n\t<meta name=\"twitter:data1\" content=\"FBrochot\" \/>\n\t<meta name=\"twitter:label2\" content=\"Dur\u00e9e de lecture estim\u00e9e\" \/>\n\t<meta name=\"twitter:data2\" content=\"1 minute\" \/>\n<script type=\"application\/ld+json\" class=\"yoast-schema-graph\">{\"@context\":\"https:\/\/schema.org\",\"@graph\":[{\"@type\":\"WebPage\",\"@id\":\"https:\/\/www.clients.horus-informatique71.fr\/advocnar_backup\/2020\/03\/la-qualite-de-lair-en-ile-de-france-sameliore-bilan-des-premiers-jours-du-confinement-avec-airparif\/\",\"url\":\"https:\/\/www.clients.horus-informatique71.fr\/advocnar_backup\/2020\/03\/la-qualite-de-lair-en-ile-de-france-sameliore-bilan-des-premiers-jours-du-confinement-avec-airparif\/\",\"name\":\"La qualit\u00e9 de l'air en \u00cele-de-France s'am\u00e9liore: bilan des premiers jours du confinement avec Airparif - Advocnar\",\"isPartOf\":{\"@id\":\"https:\/\/www.clients.horus-informatique71.fr\/advocnar_backup\/#website\"},\"datePublished\":\"2020-03-24T13:18:04+00:00\",\"dateModified\":\"2020-03-28T13:18:34+00:00\",\"author\":{\"@id\":\"https:\/\/www.clients.horus-informatique71.fr\/advocnar_backup\/#\/schema\/person\/28ec283f897fb44e1146415d8015d23e\"},\"breadcrumb\":{\"@id\":\"https:\/\/www.clients.horus-informatique71.fr\/advocnar_backup\/2020\/03\/la-qualite-de-lair-en-ile-de-france-sameliore-bilan-des-premiers-jours-du-confinement-avec-airparif\/#breadcrumb\"},\"inLanguage\":\"fr-FR\",\"potentialAction\":[{\"@type\":\"ReadAction\",\"target\":[\"https:\/\/www.clients.horus-informatique71.fr\/advocnar_backup\/2020\/03\/la-qualite-de-lair-en-ile-de-france-sameliore-bilan-des-premiers-jours-du-confinement-avec-airparif\/\"]}]},{\"@type\":\"BreadcrumbList\",\"@id\":\"https:\/\/www.clients.horus-informatique71.fr\/advocnar_backup\/2020\/03\/la-qualite-de-lair-en-ile-de-france-sameliore-bilan-des-premiers-jours-du-confinement-avec-airparif\/#breadcrumb\",\"itemListElement\":[{\"@type\":\"ListItem\",\"position\":1,\"name\":\"Accueil\",\"item\":\"https:\/\/www.clients.horus-informatique71.fr\/advocnar_backup\/\"},{\"@type\":\"ListItem\",\"position\":2,\"name\":\"La qualit\u00e9 de l&#8217;air en \u00cele-de-France s&#8217;am\u00e9liore: bilan des premiers jours du confinement avec Airparif\"}]},{\"@type\":\"WebSite\",\"@id\":\"https:\/\/www.clients.horus-informatique71.fr\/advocnar_backup\/#website\",\"url\":\"https:\/\/www.clients.horus-informatique71.fr\/advocnar_backup\/\",\"name\":\"Advocnar\",\"description\":\"Association de D\u00e9fense Contre les Nuisances A\u00e9riennes\",\"potentialAction\":[{\"@type\":\"SearchAction\",\"target\":{\"@type\":\"EntryPoint\",\"urlTemplate\":\"https:\/\/www.clients.horus-informatique71.fr\/advocnar_backup\/?s={search_term_string}\"},\"query-input\":\"required name=search_term_string\"}],\"inLanguage\":\"fr-FR\"},{\"@type\":\"Person\",\"@id\":\"https:\/\/www.clients.horus-informatique71.fr\/advocnar_backup\/#\/schema\/person\/28ec283f897fb44e1146415d8015d23e\",\"name\":\"FBrochot\",\"url\":\"https:\/\/www.clients.horus-informatique71.fr\/advocnar_backup\/author\/fbrochot\/\"}]}<\/script>\n<!-- \/ Yoast SEO plugin. -->","yoast_head_json":{"title":"La qualit\u00e9 de l'air en \u00cele-de-France s'am\u00e9liore: bilan des premiers jours du confinement avec Airparif - Advocnar","robots":{"index":"index","follow":"follow","max-snippet":"max-snippet:-1","max-image-preview":"max-image-preview:large","max-video-preview":"max-video-preview:-1"},"canonical":"https:\/\/www.clients.horus-informatique71.fr\/advocnar_backup\/2020\/03\/la-qualite-de-lair-en-ile-de-france-sameliore-bilan-des-premiers-jours-du-confinement-avec-airparif\/","og_locale":"fr_FR","og_type":"article","og_title":"La qualit\u00e9 de l'air en \u00cele-de-France s'am\u00e9liore: bilan des premiers jours du confinement avec Airparif - Advocnar","og_description":"Airparif pr\u00e9sente l\u2019impact des mesures de confinement sur la pollution de l\u2019air en \u00cele-de-France: Cette \u00e9valuation met en avant une am\u00e9lioration de la qualit\u00e9 de l\u2019air de l\u2019ordre de 20 \u00e0 30% dans l\u2019agglom\u00e9ration parisienne, cons\u00e9cutive \u00e0 une baisse des \u00e9missions de plus de 60% pour les oxydes d\u2019azote. Le long des axes de circulation, [&hellip;]","og_url":"https:\/\/www.clients.horus-informatique71.fr\/advocnar_backup\/2020\/03\/la-qualite-de-lair-en-ile-de-france-sameliore-bilan-des-premiers-jours-du-confinement-avec-airparif\/","og_site_name":"Advocnar","article_published_time":"2020-03-24T13:18:04+00:00","article_modified_time":"2020-03-28T13:18:34+00:00","og_image":[{"width":591,"height":444,"url":"https:\/\/www.clients.horus-informatique71.fr\/advocnar_backup\/wp-content\/uploads\/2020\/03\/Confinement-Pollution-avant-apres-2.png","type":"image\/png"}],"author":"FBrochot","twitter_card":"summary_large_image","twitter_misc":{"\u00c9crit par":"FBrochot","Dur\u00e9e de lecture estim\u00e9e":"1 minute"},"schema":{"@context":"https:\/\/schema.org","@graph":[{"@type":"WebPage","@id":"https:\/\/www.clients.horus-informatique71.fr\/advocnar_backup\/2020\/03\/la-qualite-de-lair-en-ile-de-france-sameliore-bilan-des-premiers-jours-du-confinement-avec-airparif\/","url":"https:\/\/www.clients.horus-informatique71.fr\/advocnar_backup\/2020\/03\/la-qualite-de-lair-en-ile-de-france-sameliore-bilan-des-premiers-jours-du-confinement-avec-airparif\/","name":"La qualit\u00e9 de l'air en \u00cele-de-France s'am\u00e9liore: bilan des premiers jours du confinement avec Airparif - Advocnar","isPartOf":{"@id":"https:\/\/www.clients.horus-informatique71.fr\/advocnar_backup\/#website"},"datePublished":"2020-03-24T13:18:04+00:00","dateModified":"2020-03-28T13:18:34+00:00","author":{"@id":"https:\/\/www.clients.horus-informatique71.fr\/advocnar_backup\/#\/schema\/person\/28ec283f897fb44e1146415d8015d23e"},"breadcrumb":{"@id":"https:\/\/www.clients.horus-informatique71.fr\/advocnar_backup\/2020\/03\/la-qualite-de-lair-en-ile-de-france-sameliore-bilan-des-premiers-jours-du-confinement-avec-airparif\/#breadcrumb"},"inLanguage":"fr-FR","potentialAction":[{"@type":"ReadAction","target":["https:\/\/www.clients.horus-informatique71.fr\/advocnar_backup\/2020\/03\/la-qualite-de-lair-en-ile-de-france-sameliore-bilan-des-premiers-jours-du-confinement-avec-airparif\/"]}]},{"@type":"BreadcrumbList","@id":"https:\/\/www.clients.horus-informatique71.fr\/advocnar_backup\/2020\/03\/la-qualite-de-lair-en-ile-de-france-sameliore-bilan-des-premiers-jours-du-confinement-avec-airparif\/#breadcrumb","itemListElement":[{"@type":"ListItem","position":1,"name":"Accueil","item":"https:\/\/www.clients.horus-informatique71.fr\/advocnar_backup\/"},{"@type":"ListItem","position":2,"name":"La qualit\u00e9 de l&#8217;air en \u00cele-de-France s&#8217;am\u00e9liore: bilan des premiers jours du confinement avec Airparif"}]},{"@type":"WebSite","@id":"https:\/\/www.clients.horus-informatique71.fr\/advocnar_backup\/#website","url":"https:\/\/www.clients.horus-informatique71.fr\/advocnar_backup\/","name":"Advocnar","description":"Association de D\u00e9fense Contre les Nuisances A\u00e9riennes","potentialAction":[{"@type":"SearchAction","target":{"@type":"EntryPoint","urlTemplate":"https:\/\/www.clients.horus-informatique71.fr\/advocnar_backup\/?s={search_term_string}"},"query-input":"required name=search_term_string"}],"inLanguage":"fr-FR"},{"@type":"Person","@id":"https:\/\/www.clients.horus-informatique71.fr\/advocnar_backup\/#\/schema\/person\/28ec283f897fb44e1146415d8015d23e","name":"FBrochot","url":"https:\/\/www.clients.horus-informatique71.fr\/advocnar_backup\/author\/fbrochot\/"}]}},"_links":{"self":[{"href":"https:\/\/www.clients.horus-informatique71.fr\/advocnar_backup\/wp-json\/wp\/v2\/posts\/75704"}],"collection":[{"href":"https:\/\/www.clients.horus-informatique71.fr\/advocnar_backup\/wp-json\/wp\/v2\/posts"}],"about":[{"href":"https:\/\/www.clients.horus-informatique71.fr\/advocnar_backup\/wp-json\/wp\/v2\/types\/post"}],"author":[{"embeddable":true,"href":"https:\/\/www.clients.horus-informatique71.fr\/advocnar_backup\/wp-json\/wp\/v2\/users\/10"}],"replies":[{"embeddable":true,"href":"https:\/\/www.clients.horus-informatique71.fr\/advocnar_backup\/wp-json\/wp\/v2\/comments?post=75704"}],"version-history":[{"count":14,"href":"https:\/\/www.clients.horus-informatique71.fr\/advocnar_backup\/wp-json\/wp\/v2\/posts\/75704\/revisions"}],"predecessor-version":[{"id":75718,"href":"https:\/\/www.clients.horus-informatique71.fr\/advocnar_backup\/wp-json\/wp\/v2\/posts\/75704\/revisions\/75718"}],"wp:featuredmedia":[{"embeddable":true,"href":"https:\/\/www.clients.horus-informatique71.fr\/advocnar_backup\/wp-json\/wp\/v2\/media\/75701"}],"wp:attachment":[{"href":"https:\/\/www.clients.horus-informatique71.fr\/advocnar_backup\/wp-json\/wp\/v2\/media?parent=75704"}],"wp:term":[{"taxonomy":"category","embeddable":true,"href":"https:\/\/www.clients.horus-informatique71.fr\/advocnar_backup\/wp-json\/wp\/v2\/categories?post=75704"},{"taxonomy":"post_tag","embeddable":true,"href":"https:\/\/www.clients.horus-informatique71.fr\/advocnar_backup\/wp-json\/wp\/v2\/tags?post=75704"}],"curies":[{"name":"wp","href":"https:\/\/api.w.org\/{rel}","templated":true}]}}