{"id":75732,"date":"2020-04-01T19:06:31","date_gmt":"2020-04-01T17:06:31","guid":{"rendered":"https:\/\/www.clients.horus-informatique71.fr\/advocnar_backup\/?p=75732"},"modified":"2021-05-14T10:34:41","modified_gmt":"2021-05-14T08:34:41","slug":"jai-change-de-vie-sans-changer-de-logement-les-riverains-des-aeroports-franciliens-profitent-du-silence","status":"publish","type":"post","link":"https:\/\/www.clients.horus-informatique71.fr\/advocnar_backup\/2020\/04\/jai-change-de-vie-sans-changer-de-logement-les-riverains-des-aeroports-franciliens-profitent-du-silence\/","title":{"rendered":"\u00ab J\u2019ai chang\u00e9 de vie, sans changer de logement ! \u00bb Les riverains des a\u00e9roports franciliens profitent du silence"},"content":{"rendered":"\n<p><em>\u00a9 L. Offenstein<\/em><\/p>\n\n\n\n<h4 class=\"wp-block-heading\"><em> <\/em>01.04.2020 &#8211; France 3 r\u00e9gion Ile-de-France<\/h4>\n\n\n\n<h4 class=\"wp-block-heading\"><\/h4>\n\n\n\n<p>Avec la fermeture de l\u2019a\u00e9roport d\u2019Orly le 31 mars et la baisse du trafic\na\u00e9rien du c\u00f4t\u00e9 de Roissy, les riverains des a\u00e9roports red\u00e9couvrent le silence.<\/p>\n\n\n\n<p><em>Par Morgane Prevost <\/em><\/p>\n\n\n\n<p>&nbsp;\u00ab<em>\nPour nous c\u2019est les vacances! C\u2018est le silence complet, \u00e7a change tout<\/em>\u00bb, se\nr\u00e9jouit J\u00e9r\u00f4me Rosso de l\u2019association contre les nuisances a\u00e9riennes P\u00e9gase.\nAlors qu\u2019habituellement <strong>600 \u00e0 700 avions <\/strong>passent chaque jour au-dessus\nde sa maison \u00e0 <strong>Villeneuve-le-Roi<\/strong>, il n\u2019y a d\u00e9sormais plus que des\noiseaux dans le ciel.<br>\nAvec la fermeture de l\u2019a\u00e9roport d\u2019Orly mardi 31 mars, plus un seul avion dans\nles airs. \u00ab <em>On red\u00e9couvre des bruits qu\u2019on n\u2019entendait plus : le son des\noiseaux, l\u00e0 j\u2019entends un voisin passer son aspirateur \u00e0 50 m\u00e8tres, c\u2019est du\njamais vu \u00e0 Villeneuve-le-Roi !<\/em> \u00bb, s\u2019enthousiasme-t-il, m\u00eame s\u2019il se dit\nquand m\u00eame un peu d\u00e9sol\u00e9 pour ses voisins qui travaillent \u00e0 l\u2019a\u00e9roport.<\/p>\n\n\n\n<p><strong>Le silence de la campagne<\/strong><\/p>\n\n\n\n<p>Un peu plus\nloin \u00e0 Sucy-en-Brie, m\u00eame sentiment de qui\u00e9tude alors qu\u2019en temps normal, avec<strong>\nun avion dans le ciel toutes les 3 minutes<\/strong>, le bruit s\u2019\u00e9l\u00e8ve r\u00e9guli\u00e8rement\n\u00e0 70 ou 90 d\u00e9cibels et ne descend jamais en dessous de 55 d\u00e9cibels. \u00ab <em>Aujourd\u2019hui,\non a un bruit de fond qui est un bruit de campagne entre 33 et 35 d\u00e9cibels <\/em>\u00bb\n, explique Luc Ofenstein, vice-pr\u00e9sident de l\u2019association D\u00e9fense des Riverains\nde l\u2019A\u00e9roport de Paris-Orly (DRAPO). Lui qui habite \u00e0 11 kilom\u00e8tres de la piste\n3 d\u2019Orly passe d\u00e9sormais ses journ\u00e9es dehors. \u00ab <em>J\u2019ai chang\u00e9 de vie sans\nchanger de logement, c\u2019est un bonheur total<\/em>\u00bb, se r\u00e9jouit-il.<\/p>\n\n\n\n<p><strong>\u00ab L\u2019air est plus pur \u00bb<\/strong><\/p>\n\n\n\n<p>Au nord de la capitale, l\u2019<strong>a\u00e9roport de Roissy<\/strong>&nbsp;<strong>Charles de Gaulle<\/strong> tourne toujours mais le trafic a fortement r\u00e9duit. Le doublet de piste sud a \u00e9t\u00e9 ferm\u00e9. \u00ab <em>On n\u2019a plus un avion au-dessus de nos maisons et du c\u00f4t\u00e9 du doublet Nord, il reste 10% <\/em>\u00bb, explique Francoise Brochot, pr\u00e9sidente de l\u2019association de d\u00e9fense Association de D\u00e9fense contre les Nuisances A\u00e9riennes (ADVOCNAR). \u00ab <em>On sent que l\u2019air est plus pur mais on est d\u00e9sol\u00e9 d\u2019avoir du calme dans un contexte aussi dramatique <\/em>\u00bb, poursuit-elle.<\/p>\n\n\n\n<p><strong>Appels \u00e0 une r\u00e9flexion apr\u00e8s la\ncrise<\/strong><\/p>\n\n\n\n<p>Tous les repr\u00e9sentants d\u2019association appellent \u00e0 une r\u00e9flexion sur l\u2019apr\u00e8s crise. \u00ab <em>Le message, c\u2019est plus jamais comme avant, on sait que le trafic va red\u00e9marrer mais on veut voir dispara\u00eetre les survols inutiles comme les voyages \u00e0 bas coup pour faire les soldes \u00e0 Londres !<\/em>\u00bb, argumente Fran\u00e7oise Brochot. Un point de vue d\u00e9fendu par le maire de Villeneuve-Le-roi et pr\u00e9sident de Bruitparif Didier Gonzales (LR). \u00ab <em>Cette crise doit nous apprendre. Il y a une vrai r\u00e9flexion qui doit \u00eatre men\u00e9e \u00e0 l\u2019\u00e9chelle de notre soci\u00e9t\u00e9, la sant\u00e9 doit \u00eatre mise en avant<\/em> \u00bb. Il rappelle que selon l\u2019OMS, l\u2019<strong>exposition au bruit fait perdre entre six mois et 3 ans de vie en bonne sant\u00e9<\/strong>. L\u2019\u00e9lu estime que l\u2019a\u00e9roport a \u00e9t\u00e9 ferm\u00e9 trop tard. \u00ab <em>Le transport a\u00e9rien ne peut plus b\u00e9n\u00e9ficier du statut qu\u2019il a aujourd\u2019hui : un k\u00e9ros\u00e8ne d\u00e9tax\u00e9, pas de contraintes lors des pics de pollution <\/em>\u00bb, conclut-il.<\/p>\n","protected":false},"excerpt":{"rendered":"<p>\u00a9 L. Offenstein 01.04.2020 &#8211; France 3 r\u00e9gion Ile-de-France Avec la fermeture de l\u2019a\u00e9roport d\u2019Orly le 31 mars et la baisse du trafic a\u00e9rien du c\u00f4t\u00e9 de Roissy, les riverains des a\u00e9roports red\u00e9couvrent le silence. Par Morgane Prevost &nbsp;\u00ab Pour nous c\u2019est les vacances! C\u2018est le silence complet, \u00e7a change tout\u00bb, se r\u00e9jouit J\u00e9r\u00f4me Rosso [&hellip;]<\/p>\n","protected":false},"author":10,"featured_media":0,"comment_status":"closed","ping_status":"open","sticky":false,"template":"","format":"standard","meta":{"footnotes":""},"categories":[49],"tags":[],"yoast_head":"<!-- This site is optimized with the Yoast SEO plugin v22.0 - https:\/\/yoast.com\/wordpress\/plugins\/seo\/ -->\n<title>\u00ab J\u2019ai chang\u00e9 de vie, sans changer de logement ! \u00bb Les riverains des a\u00e9roports franciliens profitent du silence - Advocnar<\/title>\n<meta name=\"robots\" content=\"index, follow, max-snippet:-1, max-image-preview:large, max-video-preview:-1\" \/>\n<link rel=\"canonical\" href=\"https:\/\/www.clients.horus-informatique71.fr\/advocnar_backup\/2020\/04\/jai-change-de-vie-sans-changer-de-logement-les-riverains-des-aeroports-franciliens-profitent-du-silence\/\" \/>\n<meta property=\"og:locale\" content=\"fr_FR\" \/>\n<meta property=\"og:type\" content=\"article\" \/>\n<meta property=\"og:title\" content=\"\u00ab J\u2019ai chang\u00e9 de vie, sans changer de logement ! \u00bb Les riverains des a\u00e9roports franciliens profitent du silence - Advocnar\" \/>\n<meta property=\"og:description\" content=\"\u00a9 L. Offenstein 01.04.2020 &#8211; France 3 r\u00e9gion Ile-de-France Avec la fermeture de l\u2019a\u00e9roport d\u2019Orly le 31 mars et la baisse du trafic a\u00e9rien du c\u00f4t\u00e9 de Roissy, les riverains des a\u00e9roports red\u00e9couvrent le silence. Par Morgane Prevost &nbsp;\u00ab Pour nous c\u2019est les vacances! C\u2018est le silence complet, \u00e7a change tout\u00bb, se r\u00e9jouit J\u00e9r\u00f4me Rosso [&hellip;]\" \/>\n<meta property=\"og:url\" content=\"https:\/\/www.clients.horus-informatique71.fr\/advocnar_backup\/2020\/04\/jai-change-de-vie-sans-changer-de-logement-les-riverains-des-aeroports-franciliens-profitent-du-silence\/\" \/>\n<meta property=\"og:site_name\" content=\"Advocnar\" \/>\n<meta property=\"article:published_time\" content=\"2020-04-01T17:06:31+00:00\" \/>\n<meta property=\"article:modified_time\" content=\"2021-05-14T08:34:41+00:00\" \/>\n<meta name=\"author\" content=\"FBrochot\" \/>\n<meta name=\"twitter:card\" content=\"summary_large_image\" \/>\n<meta name=\"twitter:label1\" content=\"\u00c9crit par\" \/>\n\t<meta name=\"twitter:data1\" content=\"FBrochot\" \/>\n\t<meta name=\"twitter:label2\" content=\"Dur\u00e9e de lecture estim\u00e9e\" \/>\n\t<meta name=\"twitter:data2\" content=\"3 minutes\" \/>\n<script type=\"application\/ld+json\" class=\"yoast-schema-graph\">{\"@context\":\"https:\/\/schema.org\",\"@graph\":[{\"@type\":\"WebPage\",\"@id\":\"https:\/\/www.clients.horus-informatique71.fr\/advocnar_backup\/2020\/04\/jai-change-de-vie-sans-changer-de-logement-les-riverains-des-aeroports-franciliens-profitent-du-silence\/\",\"url\":\"https:\/\/www.clients.horus-informatique71.fr\/advocnar_backup\/2020\/04\/jai-change-de-vie-sans-changer-de-logement-les-riverains-des-aeroports-franciliens-profitent-du-silence\/\",\"name\":\"\u00ab J\u2019ai chang\u00e9 de vie, sans changer de logement ! \u00bb Les riverains des a\u00e9roports franciliens profitent du silence - Advocnar\",\"isPartOf\":{\"@id\":\"https:\/\/www.clients.horus-informatique71.fr\/advocnar_backup\/#website\"},\"datePublished\":\"2020-04-01T17:06:31+00:00\",\"dateModified\":\"2021-05-14T08:34:41+00:00\",\"author\":{\"@id\":\"https:\/\/www.clients.horus-informatique71.fr\/advocnar_backup\/#\/schema\/person\/28ec283f897fb44e1146415d8015d23e\"},\"breadcrumb\":{\"@id\":\"https:\/\/www.clients.horus-informatique71.fr\/advocnar_backup\/2020\/04\/jai-change-de-vie-sans-changer-de-logement-les-riverains-des-aeroports-franciliens-profitent-du-silence\/#breadcrumb\"},\"inLanguage\":\"fr-FR\",\"potentialAction\":[{\"@type\":\"ReadAction\",\"target\":[\"https:\/\/www.clients.horus-informatique71.fr\/advocnar_backup\/2020\/04\/jai-change-de-vie-sans-changer-de-logement-les-riverains-des-aeroports-franciliens-profitent-du-silence\/\"]}]},{\"@type\":\"BreadcrumbList\",\"@id\":\"https:\/\/www.clients.horus-informatique71.fr\/advocnar_backup\/2020\/04\/jai-change-de-vie-sans-changer-de-logement-les-riverains-des-aeroports-franciliens-profitent-du-silence\/#breadcrumb\",\"itemListElement\":[{\"@type\":\"ListItem\",\"position\":1,\"name\":\"Accueil\",\"item\":\"https:\/\/www.clients.horus-informatique71.fr\/advocnar_backup\/\"},{\"@type\":\"ListItem\",\"position\":2,\"name\":\"\u00ab J\u2019ai chang\u00e9 de vie, sans changer de logement ! \u00bb Les riverains des a\u00e9roports franciliens profitent du silence\"}]},{\"@type\":\"WebSite\",\"@id\":\"https:\/\/www.clients.horus-informatique71.fr\/advocnar_backup\/#website\",\"url\":\"https:\/\/www.clients.horus-informatique71.fr\/advocnar_backup\/\",\"name\":\"Advocnar\",\"description\":\"Association de D\u00e9fense Contre les Nuisances A\u00e9riennes\",\"potentialAction\":[{\"@type\":\"SearchAction\",\"target\":{\"@type\":\"EntryPoint\",\"urlTemplate\":\"https:\/\/www.clients.horus-informatique71.fr\/advocnar_backup\/?s={search_term_string}\"},\"query-input\":\"required name=search_term_string\"}],\"inLanguage\":\"fr-FR\"},{\"@type\":\"Person\",\"@id\":\"https:\/\/www.clients.horus-informatique71.fr\/advocnar_backup\/#\/schema\/person\/28ec283f897fb44e1146415d8015d23e\",\"name\":\"FBrochot\",\"url\":\"https:\/\/www.clients.horus-informatique71.fr\/advocnar_backup\/author\/fbrochot\/\"}]}<\/script>\n<!-- \/ Yoast SEO plugin. -->","yoast_head_json":{"title":"\u00ab J\u2019ai chang\u00e9 de vie, sans changer de logement ! \u00bb Les riverains des a\u00e9roports franciliens profitent du silence - Advocnar","robots":{"index":"index","follow":"follow","max-snippet":"max-snippet:-1","max-image-preview":"max-image-preview:large","max-video-preview":"max-video-preview:-1"},"canonical":"https:\/\/www.clients.horus-informatique71.fr\/advocnar_backup\/2020\/04\/jai-change-de-vie-sans-changer-de-logement-les-riverains-des-aeroports-franciliens-profitent-du-silence\/","og_locale":"fr_FR","og_type":"article","og_title":"\u00ab J\u2019ai chang\u00e9 de vie, sans changer de logement ! \u00bb Les riverains des a\u00e9roports franciliens profitent du silence - Advocnar","og_description":"\u00a9 L. Offenstein 01.04.2020 &#8211; France 3 r\u00e9gion Ile-de-France Avec la fermeture de l\u2019a\u00e9roport d\u2019Orly le 31 mars et la baisse du trafic a\u00e9rien du c\u00f4t\u00e9 de Roissy, les riverains des a\u00e9roports red\u00e9couvrent le silence. Par Morgane Prevost &nbsp;\u00ab Pour nous c\u2019est les vacances! C\u2018est le silence complet, \u00e7a change tout\u00bb, se r\u00e9jouit J\u00e9r\u00f4me Rosso [&hellip;]","og_url":"https:\/\/www.clients.horus-informatique71.fr\/advocnar_backup\/2020\/04\/jai-change-de-vie-sans-changer-de-logement-les-riverains-des-aeroports-franciliens-profitent-du-silence\/","og_site_name":"Advocnar","article_published_time":"2020-04-01T17:06:31+00:00","article_modified_time":"2021-05-14T08:34:41+00:00","author":"FBrochot","twitter_card":"summary_large_image","twitter_misc":{"\u00c9crit par":"FBrochot","Dur\u00e9e de lecture estim\u00e9e":"3 minutes"},"schema":{"@context":"https:\/\/schema.org","@graph":[{"@type":"WebPage","@id":"https:\/\/www.clients.horus-informatique71.fr\/advocnar_backup\/2020\/04\/jai-change-de-vie-sans-changer-de-logement-les-riverains-des-aeroports-franciliens-profitent-du-silence\/","url":"https:\/\/www.clients.horus-informatique71.fr\/advocnar_backup\/2020\/04\/jai-change-de-vie-sans-changer-de-logement-les-riverains-des-aeroports-franciliens-profitent-du-silence\/","name":"\u00ab J\u2019ai chang\u00e9 de vie, sans changer de logement ! \u00bb Les riverains des a\u00e9roports franciliens profitent du silence - Advocnar","isPartOf":{"@id":"https:\/\/www.clients.horus-informatique71.fr\/advocnar_backup\/#website"},"datePublished":"2020-04-01T17:06:31+00:00","dateModified":"2021-05-14T08:34:41+00:00","author":{"@id":"https:\/\/www.clients.horus-informatique71.fr\/advocnar_backup\/#\/schema\/person\/28ec283f897fb44e1146415d8015d23e"},"breadcrumb":{"@id":"https:\/\/www.clients.horus-informatique71.fr\/advocnar_backup\/2020\/04\/jai-change-de-vie-sans-changer-de-logement-les-riverains-des-aeroports-franciliens-profitent-du-silence\/#breadcrumb"},"inLanguage":"fr-FR","potentialAction":[{"@type":"ReadAction","target":["https:\/\/www.clients.horus-informatique71.fr\/advocnar_backup\/2020\/04\/jai-change-de-vie-sans-changer-de-logement-les-riverains-des-aeroports-franciliens-profitent-du-silence\/"]}]},{"@type":"BreadcrumbList","@id":"https:\/\/www.clients.horus-informatique71.fr\/advocnar_backup\/2020\/04\/jai-change-de-vie-sans-changer-de-logement-les-riverains-des-aeroports-franciliens-profitent-du-silence\/#breadcrumb","itemListElement":[{"@type":"ListItem","position":1,"name":"Accueil","item":"https:\/\/www.clients.horus-informatique71.fr\/advocnar_backup\/"},{"@type":"ListItem","position":2,"name":"\u00ab J\u2019ai chang\u00e9 de vie, sans changer de logement ! \u00bb Les riverains des a\u00e9roports franciliens profitent du silence"}]},{"@type":"WebSite","@id":"https:\/\/www.clients.horus-informatique71.fr\/advocnar_backup\/#website","url":"https:\/\/www.clients.horus-informatique71.fr\/advocnar_backup\/","name":"Advocnar","description":"Association de D\u00e9fense Contre les Nuisances A\u00e9riennes","potentialAction":[{"@type":"SearchAction","target":{"@type":"EntryPoint","urlTemplate":"https:\/\/www.clients.horus-informatique71.fr\/advocnar_backup\/?s={search_term_string}"},"query-input":"required name=search_term_string"}],"inLanguage":"fr-FR"},{"@type":"Person","@id":"https:\/\/www.clients.horus-informatique71.fr\/advocnar_backup\/#\/schema\/person\/28ec283f897fb44e1146415d8015d23e","name":"FBrochot","url":"https:\/\/www.clients.horus-informatique71.fr\/advocnar_backup\/author\/fbrochot\/"}]}},"_links":{"self":[{"href":"https:\/\/www.clients.horus-informatique71.fr\/advocnar_backup\/wp-json\/wp\/v2\/posts\/75732"}],"collection":[{"href":"https:\/\/www.clients.horus-informatique71.fr\/advocnar_backup\/wp-json\/wp\/v2\/posts"}],"about":[{"href":"https:\/\/www.clients.horus-informatique71.fr\/advocnar_backup\/wp-json\/wp\/v2\/types\/post"}],"author":[{"embeddable":true,"href":"https:\/\/www.clients.horus-informatique71.fr\/advocnar_backup\/wp-json\/wp\/v2\/users\/10"}],"replies":[{"embeddable":true,"href":"https:\/\/www.clients.horus-informatique71.fr\/advocnar_backup\/wp-json\/wp\/v2\/comments?post=75732"}],"version-history":[{"count":3,"href":"https:\/\/www.clients.horus-informatique71.fr\/advocnar_backup\/wp-json\/wp\/v2\/posts\/75732\/revisions"}],"predecessor-version":[{"id":75735,"href":"https:\/\/www.clients.horus-informatique71.fr\/advocnar_backup\/wp-json\/wp\/v2\/posts\/75732\/revisions\/75735"}],"wp:attachment":[{"href":"https:\/\/www.clients.horus-informatique71.fr\/advocnar_backup\/wp-json\/wp\/v2\/media?parent=75732"}],"wp:term":[{"taxonomy":"category","embeddable":true,"href":"https:\/\/www.clients.horus-informatique71.fr\/advocnar_backup\/wp-json\/wp\/v2\/categories?post=75732"},{"taxonomy":"post_tag","embeddable":true,"href":"https:\/\/www.clients.horus-informatique71.fr\/advocnar_backup\/wp-json\/wp\/v2\/tags?post=75732"}],"curies":[{"name":"wp","href":"https:\/\/api.w.org\/{rel}","templated":true}]}}