{"id":75738,"date":"2020-04-13T14:17:11","date_gmt":"2020-04-13T12:17:11","guid":{"rendered":"https:\/\/www.clients.horus-informatique71.fr\/advocnar_backup\/?p=75738"},"modified":"2020-04-19T13:32:26","modified_gmt":"2020-04-19T11:32:26","slug":"grand-paris-sous-silence-pollution-sonore-dans-le-grand-paris","status":"publish","type":"post","link":"https:\/\/www.clients.horus-informatique71.fr\/advocnar_backup\/2020\/04\/grand-paris-sous-silence-pollution-sonore-dans-le-grand-paris\/","title":{"rendered":"\u00ab\u00a0GRAND PARIS SOUS SILENCE\u00a0\u00bb : pollution sonore dans le Grand Paris"},"content":{"rendered":"\n<h4 class=\"wp-block-heading\"><\/h4>\n\n\n\n<h4 class=\"wp-block-heading\">13.04.2020 &#8211; Urbaparis<\/h4>\n\n\n\n<h4 class=\"wp-block-heading\"><\/h4>\n\n\n\n<h5 class=\"wp-block-heading\">Avec la participation de l&rsquo;ADVOCNAR concernant la pollution sonore du transport a\u00e9rien.<\/h5>\n\n\n\n<blockquote class=\"wp-block-quote\"><p>Un tout nouveau documentaire \u00ab\u00a0Grand Paris sous silence\u00a0\u00bb, consacr\u00e9 \u00e0 la pollution sonore dans le Grand Paris. <\/p><p>Longtemps consid\u00e9r\u00e9 comme le parent pauvre de l&rsquo;environnement, le bruit est, aujourd&rsquo;hui, officiellement qualifi\u00e9 de pollution sonore. \u00c0 l&rsquo;\u00e9chelle de l&rsquo;\u00cele-de-France, 9 millions de franciliens vivent au dessus des recommandations de l&rsquo;organisation mondiale de la sant\u00e9. Et ce n&rsquo;est pas sans impact sur leur sant\u00e9. <\/p><p>Quelles solutions nous permettraient de vivre dans une m\u00e9tropole moins bruyante ? En tant qu&rsquo;urbain, pouvons-nous agir directement sur le bruit ? <\/p><\/blockquote>\n\n\n\n<p><strong>Film : Wilfrid Duval <\/strong><br>En collaboration et avec le soutien de Bruitparif<\/p>\n\n\n\n<p><strong>Interviews:<\/strong><\/p>\n\n\n\n<ul><li>Conseil National du Bruit<\/li><li>Sorbonne Universit\u00e9<\/li><li>Institut Jean le Rond d&rsquo;Alembert<\/li><li>IFSTTAR<\/li><li>Bruitparif<\/li><li>OYE 349<\/li><li>ADVOCNAR<\/li><li>Habiter Paris<\/li><li>Ma mairie de l&rsquo;Hay-les-Roses<\/li><li>Soci\u00e9t\u00e9 du Grand Paris<\/li><li>Minist\u00e8res de l&rsquo;Environnement &#8211; R\u00e9gion Bruxelles capitale<\/li><\/ul>\n\n\n\n<figure class=\"wp-block-embed-youtube wp-block-embed is-type-video is-provider-youtube wp-embed-aspect-16-9 wp-has-aspect-ratio\"><div class=\"wp-block-embed__wrapper\">\n<iframe loading=\"lazy\" title=\"Grand Paris sous silence\" width=\"640\" height=\"360\" src=\"https:\/\/www.youtube.com\/embed\/FvNDUpjSBy0?feature=oembed\" frameborder=\"0\" allow=\"accelerometer; autoplay; encrypted-media; gyroscope; picture-in-picture\" allowfullscreen><\/iframe>\n<\/div><\/figure>\n\n\n\n<p><a href=\"https:\/\/urbaparis.fr\/\">www.urbaparis.fr<\/a><\/p>\n","protected":false},"excerpt":{"rendered":"<p>13.04.2020 &#8211; Urbaparis Avec la participation de l&rsquo;ADVOCNAR concernant la pollution sonore du transport a\u00e9rien. Un tout nouveau documentaire \u00ab\u00a0Grand Paris sous silence\u00a0\u00bb, consacr\u00e9 \u00e0 la pollution sonore dans le Grand Paris. Longtemps consid\u00e9r\u00e9 comme le parent pauvre de l&rsquo;environnement, le bruit est, aujourd&rsquo;hui, officiellement qualifi\u00e9 de pollution sonore. \u00c0 l&rsquo;\u00e9chelle de l&rsquo;\u00cele-de-France, 9 millions [&hellip;]<\/p>\n","protected":false},"author":10,"featured_media":75737,"comment_status":"closed","ping_status":"open","sticky":false,"template":"","format":"standard","meta":{"footnotes":""},"categories":[49],"tags":[],"yoast_head":"<!-- This site is optimized with the Yoast SEO plugin v22.0 - https:\/\/yoast.com\/wordpress\/plugins\/seo\/ -->\n<title>&quot;GRAND PARIS SOUS SILENCE&quot; : pollution sonore dans le Grand Paris - Advocnar<\/title>\n<meta name=\"robots\" content=\"index, follow, max-snippet:-1, max-image-preview:large, max-video-preview:-1\" \/>\n<link rel=\"canonical\" href=\"https:\/\/www.clients.horus-informatique71.fr\/advocnar_backup\/2020\/04\/grand-paris-sous-silence-pollution-sonore-dans-le-grand-paris\/\" \/>\n<meta property=\"og:locale\" content=\"fr_FR\" \/>\n<meta property=\"og:type\" content=\"article\" \/>\n<meta property=\"og:title\" content=\"&quot;GRAND PARIS SOUS SILENCE&quot; : pollution sonore dans le Grand Paris - Advocnar\" \/>\n<meta property=\"og:description\" content=\"13.04.2020 &#8211; Urbaparis Avec la participation de l&rsquo;ADVOCNAR concernant la pollution sonore du transport a\u00e9rien. Un tout nouveau documentaire \u00ab\u00a0Grand Paris sous silence\u00a0\u00bb, consacr\u00e9 \u00e0 la pollution sonore dans le Grand Paris. Longtemps consid\u00e9r\u00e9 comme le parent pauvre de l&rsquo;environnement, le bruit est, aujourd&rsquo;hui, officiellement qualifi\u00e9 de pollution sonore. \u00c0 l&rsquo;\u00e9chelle de l&rsquo;\u00cele-de-France, 9 millions [&hellip;]\" \/>\n<meta property=\"og:url\" content=\"https:\/\/www.clients.horus-informatique71.fr\/advocnar_backup\/2020\/04\/grand-paris-sous-silence-pollution-sonore-dans-le-grand-paris\/\" \/>\n<meta property=\"og:site_name\" content=\"Advocnar\" \/>\n<meta property=\"article:published_time\" content=\"2020-04-13T12:17:11+00:00\" \/>\n<meta property=\"article:modified_time\" content=\"2020-04-19T11:32:26+00:00\" \/>\n<meta property=\"og:image\" content=\"https:\/\/www.clients.horus-informatique71.fr\/advocnar_backup\/wp-content\/uploads\/2020\/04\/2020-04-13-Urbaparis-Grand-Paris-sous-silence-2.png\" \/>\n\t<meta property=\"og:image:width\" content=\"594\" \/>\n\t<meta property=\"og:image:height\" content=\"447\" \/>\n\t<meta property=\"og:image:type\" content=\"image\/png\" \/>\n<meta name=\"author\" content=\"FBrochot\" \/>\n<meta name=\"twitter:card\" content=\"summary_large_image\" \/>\n<meta name=\"twitter:label1\" content=\"\u00c9crit par\" \/>\n\t<meta name=\"twitter:data1\" content=\"FBrochot\" \/>\n\t<meta name=\"twitter:label2\" content=\"Dur\u00e9e de lecture estim\u00e9e\" \/>\n\t<meta name=\"twitter:data2\" content=\"1 minute\" \/>\n<script type=\"application\/ld+json\" class=\"yoast-schema-graph\">{\"@context\":\"https:\/\/schema.org\",\"@graph\":[{\"@type\":\"WebPage\",\"@id\":\"https:\/\/www.clients.horus-informatique71.fr\/advocnar_backup\/2020\/04\/grand-paris-sous-silence-pollution-sonore-dans-le-grand-paris\/\",\"url\":\"https:\/\/www.clients.horus-informatique71.fr\/advocnar_backup\/2020\/04\/grand-paris-sous-silence-pollution-sonore-dans-le-grand-paris\/\",\"name\":\"\\\"GRAND PARIS SOUS SILENCE\\\" : pollution sonore dans le Grand Paris - Advocnar\",\"isPartOf\":{\"@id\":\"https:\/\/www.clients.horus-informatique71.fr\/advocnar_backup\/#website\"},\"datePublished\":\"2020-04-13T12:17:11+00:00\",\"dateModified\":\"2020-04-19T11:32:26+00:00\",\"author\":{\"@id\":\"https:\/\/www.clients.horus-informatique71.fr\/advocnar_backup\/#\/schema\/person\/28ec283f897fb44e1146415d8015d23e\"},\"breadcrumb\":{\"@id\":\"https:\/\/www.clients.horus-informatique71.fr\/advocnar_backup\/2020\/04\/grand-paris-sous-silence-pollution-sonore-dans-le-grand-paris\/#breadcrumb\"},\"inLanguage\":\"fr-FR\",\"potentialAction\":[{\"@type\":\"ReadAction\",\"target\":[\"https:\/\/www.clients.horus-informatique71.fr\/advocnar_backup\/2020\/04\/grand-paris-sous-silence-pollution-sonore-dans-le-grand-paris\/\"]}]},{\"@type\":\"BreadcrumbList\",\"@id\":\"https:\/\/www.clients.horus-informatique71.fr\/advocnar_backup\/2020\/04\/grand-paris-sous-silence-pollution-sonore-dans-le-grand-paris\/#breadcrumb\",\"itemListElement\":[{\"@type\":\"ListItem\",\"position\":1,\"name\":\"Accueil\",\"item\":\"https:\/\/www.clients.horus-informatique71.fr\/advocnar_backup\/\"},{\"@type\":\"ListItem\",\"position\":2,\"name\":\"&#8220;GRAND PARIS SOUS SILENCE&#8221; : pollution sonore dans le Grand Paris\"}]},{\"@type\":\"WebSite\",\"@id\":\"https:\/\/www.clients.horus-informatique71.fr\/advocnar_backup\/#website\",\"url\":\"https:\/\/www.clients.horus-informatique71.fr\/advocnar_backup\/\",\"name\":\"Advocnar\",\"description\":\"Association de D\u00e9fense Contre les Nuisances A\u00e9riennes\",\"potentialAction\":[{\"@type\":\"SearchAction\",\"target\":{\"@type\":\"EntryPoint\",\"urlTemplate\":\"https:\/\/www.clients.horus-informatique71.fr\/advocnar_backup\/?s={search_term_string}\"},\"query-input\":\"required name=search_term_string\"}],\"inLanguage\":\"fr-FR\"},{\"@type\":\"Person\",\"@id\":\"https:\/\/www.clients.horus-informatique71.fr\/advocnar_backup\/#\/schema\/person\/28ec283f897fb44e1146415d8015d23e\",\"name\":\"FBrochot\",\"url\":\"https:\/\/www.clients.horus-informatique71.fr\/advocnar_backup\/author\/fbrochot\/\"}]}<\/script>\n<!-- \/ Yoast SEO plugin. -->","yoast_head_json":{"title":"\"GRAND PARIS SOUS SILENCE\" : pollution sonore dans le Grand Paris - Advocnar","robots":{"index":"index","follow":"follow","max-snippet":"max-snippet:-1","max-image-preview":"max-image-preview:large","max-video-preview":"max-video-preview:-1"},"canonical":"https:\/\/www.clients.horus-informatique71.fr\/advocnar_backup\/2020\/04\/grand-paris-sous-silence-pollution-sonore-dans-le-grand-paris\/","og_locale":"fr_FR","og_type":"article","og_title":"\"GRAND PARIS SOUS SILENCE\" : pollution sonore dans le Grand Paris - Advocnar","og_description":"13.04.2020 &#8211; Urbaparis Avec la participation de l&rsquo;ADVOCNAR concernant la pollution sonore du transport a\u00e9rien. Un tout nouveau documentaire \u00ab\u00a0Grand Paris sous silence\u00a0\u00bb, consacr\u00e9 \u00e0 la pollution sonore dans le Grand Paris. Longtemps consid\u00e9r\u00e9 comme le parent pauvre de l&rsquo;environnement, le bruit est, aujourd&rsquo;hui, officiellement qualifi\u00e9 de pollution sonore. \u00c0 l&rsquo;\u00e9chelle de l&rsquo;\u00cele-de-France, 9 millions [&hellip;]","og_url":"https:\/\/www.clients.horus-informatique71.fr\/advocnar_backup\/2020\/04\/grand-paris-sous-silence-pollution-sonore-dans-le-grand-paris\/","og_site_name":"Advocnar","article_published_time":"2020-04-13T12:17:11+00:00","article_modified_time":"2020-04-19T11:32:26+00:00","og_image":[{"width":594,"height":447,"url":"https:\/\/www.clients.horus-informatique71.fr\/advocnar_backup\/wp-content\/uploads\/2020\/04\/2020-04-13-Urbaparis-Grand-Paris-sous-silence-2.png","type":"image\/png"}],"author":"FBrochot","twitter_card":"summary_large_image","twitter_misc":{"\u00c9crit par":"FBrochot","Dur\u00e9e de lecture estim\u00e9e":"1 minute"},"schema":{"@context":"https:\/\/schema.org","@graph":[{"@type":"WebPage","@id":"https:\/\/www.clients.horus-informatique71.fr\/advocnar_backup\/2020\/04\/grand-paris-sous-silence-pollution-sonore-dans-le-grand-paris\/","url":"https:\/\/www.clients.horus-informatique71.fr\/advocnar_backup\/2020\/04\/grand-paris-sous-silence-pollution-sonore-dans-le-grand-paris\/","name":"\"GRAND PARIS SOUS SILENCE\" : pollution sonore dans le Grand Paris - Advocnar","isPartOf":{"@id":"https:\/\/www.clients.horus-informatique71.fr\/advocnar_backup\/#website"},"datePublished":"2020-04-13T12:17:11+00:00","dateModified":"2020-04-19T11:32:26+00:00","author":{"@id":"https:\/\/www.clients.horus-informatique71.fr\/advocnar_backup\/#\/schema\/person\/28ec283f897fb44e1146415d8015d23e"},"breadcrumb":{"@id":"https:\/\/www.clients.horus-informatique71.fr\/advocnar_backup\/2020\/04\/grand-paris-sous-silence-pollution-sonore-dans-le-grand-paris\/#breadcrumb"},"inLanguage":"fr-FR","potentialAction":[{"@type":"ReadAction","target":["https:\/\/www.clients.horus-informatique71.fr\/advocnar_backup\/2020\/04\/grand-paris-sous-silence-pollution-sonore-dans-le-grand-paris\/"]}]},{"@type":"BreadcrumbList","@id":"https:\/\/www.clients.horus-informatique71.fr\/advocnar_backup\/2020\/04\/grand-paris-sous-silence-pollution-sonore-dans-le-grand-paris\/#breadcrumb","itemListElement":[{"@type":"ListItem","position":1,"name":"Accueil","item":"https:\/\/www.clients.horus-informatique71.fr\/advocnar_backup\/"},{"@type":"ListItem","position":2,"name":"&#8220;GRAND PARIS SOUS SILENCE&#8221; : pollution sonore dans le Grand Paris"}]},{"@type":"WebSite","@id":"https:\/\/www.clients.horus-informatique71.fr\/advocnar_backup\/#website","url":"https:\/\/www.clients.horus-informatique71.fr\/advocnar_backup\/","name":"Advocnar","description":"Association de D\u00e9fense Contre les Nuisances A\u00e9riennes","potentialAction":[{"@type":"SearchAction","target":{"@type":"EntryPoint","urlTemplate":"https:\/\/www.clients.horus-informatique71.fr\/advocnar_backup\/?s={search_term_string}"},"query-input":"required name=search_term_string"}],"inLanguage":"fr-FR"},{"@type":"Person","@id":"https:\/\/www.clients.horus-informatique71.fr\/advocnar_backup\/#\/schema\/person\/28ec283f897fb44e1146415d8015d23e","name":"FBrochot","url":"https:\/\/www.clients.horus-informatique71.fr\/advocnar_backup\/author\/fbrochot\/"}]}},"_links":{"self":[{"href":"https:\/\/www.clients.horus-informatique71.fr\/advocnar_backup\/wp-json\/wp\/v2\/posts\/75738"}],"collection":[{"href":"https:\/\/www.clients.horus-informatique71.fr\/advocnar_backup\/wp-json\/wp\/v2\/posts"}],"about":[{"href":"https:\/\/www.clients.horus-informatique71.fr\/advocnar_backup\/wp-json\/wp\/v2\/types\/post"}],"author":[{"embeddable":true,"href":"https:\/\/www.clients.horus-informatique71.fr\/advocnar_backup\/wp-json\/wp\/v2\/users\/10"}],"replies":[{"embeddable":true,"href":"https:\/\/www.clients.horus-informatique71.fr\/advocnar_backup\/wp-json\/wp\/v2\/comments?post=75738"}],"version-history":[{"count":14,"href":"https:\/\/www.clients.horus-informatique71.fr\/advocnar_backup\/wp-json\/wp\/v2\/posts\/75738\/revisions"}],"predecessor-version":[{"id":75788,"href":"https:\/\/www.clients.horus-informatique71.fr\/advocnar_backup\/wp-json\/wp\/v2\/posts\/75738\/revisions\/75788"}],"wp:featuredmedia":[{"embeddable":true,"href":"https:\/\/www.clients.horus-informatique71.fr\/advocnar_backup\/wp-json\/wp\/v2\/media\/75737"}],"wp:attachment":[{"href":"https:\/\/www.clients.horus-informatique71.fr\/advocnar_backup\/wp-json\/wp\/v2\/media?parent=75738"}],"wp:term":[{"taxonomy":"category","embeddable":true,"href":"https:\/\/www.clients.horus-informatique71.fr\/advocnar_backup\/wp-json\/wp\/v2\/categories?post=75738"},{"taxonomy":"post_tag","embeddable":true,"href":"https:\/\/www.clients.horus-informatique71.fr\/advocnar_backup\/wp-json\/wp\/v2\/tags?post=75738"}],"curies":[{"name":"wp","href":"https:\/\/api.w.org\/{rel}","templated":true}]}}