{"id":75755,"date":"2020-04-15T10:00:52","date_gmt":"2020-04-15T08:00:52","guid":{"rendered":"https:\/\/www.clients.horus-informatique71.fr\/advocnar_backup\/?p=75755"},"modified":"2021-05-14T10:37:23","modified_gmt":"2021-05-14T08:37:23","slug":"faut-il-relancer-le-secteur-aerien-face-a-la-crise-sauvez-les-gens-pas-les-avions","status":"publish","type":"post","link":"https:\/\/www.clients.horus-informatique71.fr\/advocnar_backup\/2020\/04\/faut-il-relancer-le-secteur-aerien-face-a-la-crise-sauvez-les-gens-pas-les-avions\/","title":{"rendered":"Faut-il relancer le secteur a\u00e9rien face \u00e0 la crise ? \u00ab\u00a0Sauvez les gens, pas les avions.\u00a0\u00bb"},"content":{"rendered":"\n<h4 class=\"wp-block-heading\"><\/h4>\n\n\n\n<h4 class=\"wp-block-heading\">15.04.2020 &#8211; Brut.nature.fr<\/h4>\n\n\n\n<h4 class=\"wp-block-heading\"><\/h4>\n\n\n\n<figure><iframe loading=\"lazy\" src=\"https:\/\/www.facebook.com\/plugins\/video.php?href=https%3A%2F%2Fwww.facebook.com%2FbrutnatureFR%2Fvideos%2F515615542468735%2F&amp;show_text=0&amp;width=476\" allowfullscreen=\"true\" width=\"476\" height=\"476\"><\/iframe><\/figure>\n\n\n\n<h4 class=\"wp-block-heading\"><\/h4>\n\n\n\n<p><em>31 mars 2019 vs 29 mars 2020.<br>Moins 90% de vols en Europe par rapport \u00e0 2019.<br>Moins 70% de vols dans le monde par rapport \u00e0 janvier 2020<\/em>.<\/p>\n\n\n\n<p><strong>Le secteur du transport a\u00e9rien est l\u2019un des plus touch\u00e9s par la situation due au COVID-19.<\/strong><\/p>\n\n\n\n<p><strong>Pour faire face \u00e0 cette crise, de nombreuses entreprises demandent aux gouvernements de les soutenir.<\/strong><br>Aux Etats Unis par exemple, le S\u00e9nat a approuv\u00e9 un plan de sauvetage de 58 milliards de dollars pour le secteur a\u00e9rien. Plusieurs autres Etats ont promis des aides financi\u00e8res ou des reports de taxes.<\/p>\n\n\n\n<p><strong>Pourtant, ces mesures ne font pas l\u2019unanimit\u00e9.<\/strong><br>Le collectif Stay Grounded, appuy\u00e9 par plus de 250 organisations \u00e0 travers le monde, a lanc\u00e9 la campagne <em>\u00ab&nbsp;Save people not planes&nbsp;\u00bb (Sauvez les gens pas les avions).<\/em><\/p>\n\n\n\n<p>En Chine, au cours des deux premi\u00e8res semaines de f\u00e9vrier, les annulations de vols ont r\u00e9duit d\u2019environ 11% les \u00e9missions mondiales de CO<sub>2<\/sub> li\u00e9es \u00e0 l\u2019aviation civile.<br>Dans l\u2019Union europ\u00e9enne, avec les mesures de restriction, les \u00e9missions du secteur a\u00e9rien seraient pass\u00e9es de 39 kilotonnes de CO<sub>2<\/sub> par jour \u00e0 3.<\/p>\n\n\n\n<p>En l\u2019absence de mesures de soutien, plusieurs compagnies a\u00e9riennes craignent la faillite. L\u2019IATA estime que si les restrictions de voyage s\u2019\u00e9tiraient sur 3 mois, 25 millions d\u2019emplois seraient directement menac\u00e9s.<\/p>\n\n\n\n<p><strong>Pour Stay Grounded et d\u2019autres organisations \u00e9cologistes, cette pause in\u00e9dite du trafic a\u00e9rien pourrait permettre une transition du secteur.<\/strong><br><strong>Ils demandent&nbsp;:<\/strong><\/p>\n\n\n\n<ul><li>de donner la priorit\u00e9 aux personnes, pas aux avions<\/li><li>de cr\u00e9er un syst\u00e8me de transport plus respectueux du climat<\/li><li>et de mettre fin aux exon\u00e9rations fiscales de l\u2019aviation.<\/li><\/ul>\n\n\n<p><!--EndFragment--><\/p>","protected":false},"excerpt":{"rendered":"<p>15.04.2020 &#8211; Brut.nature.fr 31 mars 2019 vs 29 mars 2020.Moins 90% de vols en Europe par rapport \u00e0 2019.Moins 70% de vols dans le monde par rapport \u00e0 janvier 2020. Le secteur du transport a\u00e9rien est l\u2019un des plus touch\u00e9s par la situation due au COVID-19. Pour faire face \u00e0 cette crise, de nombreuses entreprises [&hellip;]<\/p>\n","protected":false},"author":10,"featured_media":0,"comment_status":"closed","ping_status":"open","sticky":false,"template":"","format":"standard","meta":{"footnotes":""},"categories":[49],"tags":[],"yoast_head":"<!-- This site is optimized with the Yoast SEO plugin v22.0 - https:\/\/yoast.com\/wordpress\/plugins\/seo\/ -->\n<title>Faut-il relancer le secteur a\u00e9rien face \u00e0 la crise ? &quot;Sauvez les gens, pas les avions.&quot; - Advocnar<\/title>\n<meta name=\"robots\" content=\"index, follow, max-snippet:-1, max-image-preview:large, max-video-preview:-1\" \/>\n<link rel=\"canonical\" href=\"https:\/\/www.clients.horus-informatique71.fr\/advocnar_backup\/2020\/04\/faut-il-relancer-le-secteur-aerien-face-a-la-crise-sauvez-les-gens-pas-les-avions\/\" \/>\n<meta property=\"og:locale\" content=\"fr_FR\" \/>\n<meta property=\"og:type\" content=\"article\" \/>\n<meta property=\"og:title\" content=\"Faut-il relancer le secteur a\u00e9rien face \u00e0 la crise ? &quot;Sauvez les gens, pas les avions.&quot; - Advocnar\" \/>\n<meta property=\"og:description\" content=\"15.04.2020 &#8211; Brut.nature.fr 31 mars 2019 vs 29 mars 2020.Moins 90% de vols en Europe par rapport \u00e0 2019.Moins 70% de vols dans le monde par rapport \u00e0 janvier 2020. Le secteur du transport a\u00e9rien est l\u2019un des plus touch\u00e9s par la situation due au COVID-19. Pour faire face \u00e0 cette crise, de nombreuses entreprises [&hellip;]\" \/>\n<meta property=\"og:url\" content=\"https:\/\/www.clients.horus-informatique71.fr\/advocnar_backup\/2020\/04\/faut-il-relancer-le-secteur-aerien-face-a-la-crise-sauvez-les-gens-pas-les-avions\/\" \/>\n<meta property=\"og:site_name\" content=\"Advocnar\" \/>\n<meta property=\"article:published_time\" content=\"2020-04-15T08:00:52+00:00\" \/>\n<meta property=\"article:modified_time\" content=\"2021-05-14T08:37:23+00:00\" \/>\n<meta name=\"author\" content=\"FBrochot\" \/>\n<meta name=\"twitter:card\" content=\"summary_large_image\" \/>\n<meta name=\"twitter:label1\" content=\"\u00c9crit par\" \/>\n\t<meta name=\"twitter:data1\" content=\"FBrochot\" \/>\n\t<meta name=\"twitter:label2\" content=\"Dur\u00e9e de lecture estim\u00e9e\" \/>\n\t<meta name=\"twitter:data2\" content=\"2 minutes\" \/>\n<script type=\"application\/ld+json\" class=\"yoast-schema-graph\">{\"@context\":\"https:\/\/schema.org\",\"@graph\":[{\"@type\":\"WebPage\",\"@id\":\"https:\/\/www.clients.horus-informatique71.fr\/advocnar_backup\/2020\/04\/faut-il-relancer-le-secteur-aerien-face-a-la-crise-sauvez-les-gens-pas-les-avions\/\",\"url\":\"https:\/\/www.clients.horus-informatique71.fr\/advocnar_backup\/2020\/04\/faut-il-relancer-le-secteur-aerien-face-a-la-crise-sauvez-les-gens-pas-les-avions\/\",\"name\":\"Faut-il relancer le secteur a\u00e9rien face \u00e0 la crise ? \\\"Sauvez les gens, pas les avions.\\\" - Advocnar\",\"isPartOf\":{\"@id\":\"https:\/\/www.clients.horus-informatique71.fr\/advocnar_backup\/#website\"},\"datePublished\":\"2020-04-15T08:00:52+00:00\",\"dateModified\":\"2021-05-14T08:37:23+00:00\",\"author\":{\"@id\":\"https:\/\/www.clients.horus-informatique71.fr\/advocnar_backup\/#\/schema\/person\/28ec283f897fb44e1146415d8015d23e\"},\"breadcrumb\":{\"@id\":\"https:\/\/www.clients.horus-informatique71.fr\/advocnar_backup\/2020\/04\/faut-il-relancer-le-secteur-aerien-face-a-la-crise-sauvez-les-gens-pas-les-avions\/#breadcrumb\"},\"inLanguage\":\"fr-FR\",\"potentialAction\":[{\"@type\":\"ReadAction\",\"target\":[\"https:\/\/www.clients.horus-informatique71.fr\/advocnar_backup\/2020\/04\/faut-il-relancer-le-secteur-aerien-face-a-la-crise-sauvez-les-gens-pas-les-avions\/\"]}]},{\"@type\":\"BreadcrumbList\",\"@id\":\"https:\/\/www.clients.horus-informatique71.fr\/advocnar_backup\/2020\/04\/faut-il-relancer-le-secteur-aerien-face-a-la-crise-sauvez-les-gens-pas-les-avions\/#breadcrumb\",\"itemListElement\":[{\"@type\":\"ListItem\",\"position\":1,\"name\":\"Accueil\",\"item\":\"https:\/\/www.clients.horus-informatique71.fr\/advocnar_backup\/\"},{\"@type\":\"ListItem\",\"position\":2,\"name\":\"Faut-il relancer le secteur a\u00e9rien face \u00e0 la crise ? &#8220;Sauvez les gens, pas les avions.&#8221;\"}]},{\"@type\":\"WebSite\",\"@id\":\"https:\/\/www.clients.horus-informatique71.fr\/advocnar_backup\/#website\",\"url\":\"https:\/\/www.clients.horus-informatique71.fr\/advocnar_backup\/\",\"name\":\"Advocnar\",\"description\":\"Association de D\u00e9fense Contre les Nuisances A\u00e9riennes\",\"potentialAction\":[{\"@type\":\"SearchAction\",\"target\":{\"@type\":\"EntryPoint\",\"urlTemplate\":\"https:\/\/www.clients.horus-informatique71.fr\/advocnar_backup\/?s={search_term_string}\"},\"query-input\":\"required name=search_term_string\"}],\"inLanguage\":\"fr-FR\"},{\"@type\":\"Person\",\"@id\":\"https:\/\/www.clients.horus-informatique71.fr\/advocnar_backup\/#\/schema\/person\/28ec283f897fb44e1146415d8015d23e\",\"name\":\"FBrochot\",\"url\":\"https:\/\/www.clients.horus-informatique71.fr\/advocnar_backup\/author\/fbrochot\/\"}]}<\/script>\n<!-- \/ Yoast SEO plugin. -->","yoast_head_json":{"title":"Faut-il relancer le secteur a\u00e9rien face \u00e0 la crise ? \"Sauvez les gens, pas les avions.\" - Advocnar","robots":{"index":"index","follow":"follow","max-snippet":"max-snippet:-1","max-image-preview":"max-image-preview:large","max-video-preview":"max-video-preview:-1"},"canonical":"https:\/\/www.clients.horus-informatique71.fr\/advocnar_backup\/2020\/04\/faut-il-relancer-le-secteur-aerien-face-a-la-crise-sauvez-les-gens-pas-les-avions\/","og_locale":"fr_FR","og_type":"article","og_title":"Faut-il relancer le secteur a\u00e9rien face \u00e0 la crise ? \"Sauvez les gens, pas les avions.\" - Advocnar","og_description":"15.04.2020 &#8211; Brut.nature.fr 31 mars 2019 vs 29 mars 2020.Moins 90% de vols en Europe par rapport \u00e0 2019.Moins 70% de vols dans le monde par rapport \u00e0 janvier 2020. Le secteur du transport a\u00e9rien est l\u2019un des plus touch\u00e9s par la situation due au COVID-19. Pour faire face \u00e0 cette crise, de nombreuses entreprises [&hellip;]","og_url":"https:\/\/www.clients.horus-informatique71.fr\/advocnar_backup\/2020\/04\/faut-il-relancer-le-secteur-aerien-face-a-la-crise-sauvez-les-gens-pas-les-avions\/","og_site_name":"Advocnar","article_published_time":"2020-04-15T08:00:52+00:00","article_modified_time":"2021-05-14T08:37:23+00:00","author":"FBrochot","twitter_card":"summary_large_image","twitter_misc":{"\u00c9crit par":"FBrochot","Dur\u00e9e de lecture estim\u00e9e":"2 minutes"},"schema":{"@context":"https:\/\/schema.org","@graph":[{"@type":"WebPage","@id":"https:\/\/www.clients.horus-informatique71.fr\/advocnar_backup\/2020\/04\/faut-il-relancer-le-secteur-aerien-face-a-la-crise-sauvez-les-gens-pas-les-avions\/","url":"https:\/\/www.clients.horus-informatique71.fr\/advocnar_backup\/2020\/04\/faut-il-relancer-le-secteur-aerien-face-a-la-crise-sauvez-les-gens-pas-les-avions\/","name":"Faut-il relancer le secteur a\u00e9rien face \u00e0 la crise ? \"Sauvez les gens, pas les avions.\" - Advocnar","isPartOf":{"@id":"https:\/\/www.clients.horus-informatique71.fr\/advocnar_backup\/#website"},"datePublished":"2020-04-15T08:00:52+00:00","dateModified":"2021-05-14T08:37:23+00:00","author":{"@id":"https:\/\/www.clients.horus-informatique71.fr\/advocnar_backup\/#\/schema\/person\/28ec283f897fb44e1146415d8015d23e"},"breadcrumb":{"@id":"https:\/\/www.clients.horus-informatique71.fr\/advocnar_backup\/2020\/04\/faut-il-relancer-le-secteur-aerien-face-a-la-crise-sauvez-les-gens-pas-les-avions\/#breadcrumb"},"inLanguage":"fr-FR","potentialAction":[{"@type":"ReadAction","target":["https:\/\/www.clients.horus-informatique71.fr\/advocnar_backup\/2020\/04\/faut-il-relancer-le-secteur-aerien-face-a-la-crise-sauvez-les-gens-pas-les-avions\/"]}]},{"@type":"BreadcrumbList","@id":"https:\/\/www.clients.horus-informatique71.fr\/advocnar_backup\/2020\/04\/faut-il-relancer-le-secteur-aerien-face-a-la-crise-sauvez-les-gens-pas-les-avions\/#breadcrumb","itemListElement":[{"@type":"ListItem","position":1,"name":"Accueil","item":"https:\/\/www.clients.horus-informatique71.fr\/advocnar_backup\/"},{"@type":"ListItem","position":2,"name":"Faut-il relancer le secteur a\u00e9rien face \u00e0 la crise ? &#8220;Sauvez les gens, pas les avions.&#8221;"}]},{"@type":"WebSite","@id":"https:\/\/www.clients.horus-informatique71.fr\/advocnar_backup\/#website","url":"https:\/\/www.clients.horus-informatique71.fr\/advocnar_backup\/","name":"Advocnar","description":"Association de D\u00e9fense Contre les Nuisances A\u00e9riennes","potentialAction":[{"@type":"SearchAction","target":{"@type":"EntryPoint","urlTemplate":"https:\/\/www.clients.horus-informatique71.fr\/advocnar_backup\/?s={search_term_string}"},"query-input":"required name=search_term_string"}],"inLanguage":"fr-FR"},{"@type":"Person","@id":"https:\/\/www.clients.horus-informatique71.fr\/advocnar_backup\/#\/schema\/person\/28ec283f897fb44e1146415d8015d23e","name":"FBrochot","url":"https:\/\/www.clients.horus-informatique71.fr\/advocnar_backup\/author\/fbrochot\/"}]}},"_links":{"self":[{"href":"https:\/\/www.clients.horus-informatique71.fr\/advocnar_backup\/wp-json\/wp\/v2\/posts\/75755"}],"collection":[{"href":"https:\/\/www.clients.horus-informatique71.fr\/advocnar_backup\/wp-json\/wp\/v2\/posts"}],"about":[{"href":"https:\/\/www.clients.horus-informatique71.fr\/advocnar_backup\/wp-json\/wp\/v2\/types\/post"}],"author":[{"embeddable":true,"href":"https:\/\/www.clients.horus-informatique71.fr\/advocnar_backup\/wp-json\/wp\/v2\/users\/10"}],"replies":[{"embeddable":true,"href":"https:\/\/www.clients.horus-informatique71.fr\/advocnar_backup\/wp-json\/wp\/v2\/comments?post=75755"}],"version-history":[{"count":10,"href":"https:\/\/www.clients.horus-informatique71.fr\/advocnar_backup\/wp-json\/wp\/v2\/posts\/75755\/revisions"}],"predecessor-version":[{"id":75765,"href":"https:\/\/www.clients.horus-informatique71.fr\/advocnar_backup\/wp-json\/wp\/v2\/posts\/75755\/revisions\/75765"}],"wp:attachment":[{"href":"https:\/\/www.clients.horus-informatique71.fr\/advocnar_backup\/wp-json\/wp\/v2\/media?parent=75755"}],"wp:term":[{"taxonomy":"category","embeddable":true,"href":"https:\/\/www.clients.horus-informatique71.fr\/advocnar_backup\/wp-json\/wp\/v2\/categories?post=75755"},{"taxonomy":"post_tag","embeddable":true,"href":"https:\/\/www.clients.horus-informatique71.fr\/advocnar_backup\/wp-json\/wp\/v2\/tags?post=75755"}],"curies":[{"name":"wp","href":"https:\/\/api.w.org\/{rel}","templated":true}]}}