{"id":75782,"date":"2020-04-17T09:57:19","date_gmt":"2020-04-17T07:57:19","guid":{"rendered":"https:\/\/www.clients.horus-informatique71.fr\/advocnar_backup\/?p=75782"},"modified":"2021-05-14T10:38:00","modified_gmt":"2021-05-14T08:38:00","slug":"roissy-des-associations-reclament-a-nouveau-de-reporter-lenquete-publique-sur-le-t4","status":"publish","type":"post","link":"https:\/\/www.clients.horus-informatique71.fr\/advocnar_backup\/2020\/04\/roissy-des-associations-reclament-a-nouveau-de-reporter-lenquete-publique-sur-le-t4\/","title":{"rendered":"Roissy : des associations r\u00e9clament \u00e0 nouveau de reporter l\u2019enqu\u00eate publique sur le T4"},"content":{"rendered":"\n<h4 class=\"wp-block-heading\"><\/h4>\n\n\n\n<h4 class=\"wp-block-heading\">17.04.2020 &#8211; Le Parisien 95<\/h4>\n\n\n\n<h4 class=\"wp-block-heading\"><\/h4>\n\n\n\n<h5 class=\"wp-block-heading\">L\u2019enqu\u00eate concernant le projet de nouveau terminal, \u00e0 l\u2019a\u00e9roport Roissy-Charles-de-Gaulle, \u00e9tait pr\u00e9vue en juin et juillet. La crise sanitaire \u00e9tant loin d\u2019\u00eatre termin\u00e9e, 34 associations interpellent le pr\u00e9fet de r\u00e9gion.<\/h5>\n\n\n\n<blockquote class=\"wp-block-quote\"><p>Avec le futur terminal T4, l\u2019a\u00e9roport de Roissy-Charles-de-Gaulle verrait sa capacit\u00e9 passer de 1300 \u00e0 1800 mouvements d\u2019avions par jour en moyenne.&nbsp;LE PARISIEN<\/p><\/blockquote>\n\n\n\n<p><em>Par<\/em><strong><em>&nbsp;Marie Persidat<\/em><\/strong><\/p>\n\n\n\n<p>C&rsquo;est sous un ciel en grande partie vid\u00e9 de ses avions\nque les Franciliens vivent leur confinement. On en oublierait presque que dans\nun peu plus d&rsquo;un mois devrait s&rsquo;ouvrir la grande enqu\u00eate publique concernant le\nprojet de cr\u00e9ation du terminal T4 \u00e0 l&rsquo;a\u00e9roport Roissy-Charles-de-Gaulle. Cette\ndate annonc\u00e9e du mois de juin, de nombreuses associations l&rsquo;ont cependant bien\ngard\u00e9e en t\u00eate. Elles sont 34 \u00e0 signer un courrier adress\u00e9 au pr\u00e9fet\nd&rsquo;Ile-de-France afin de demander un report de l&rsquo;enqu\u00eate.<\/p>\n\n\n\n<p>En d\u00e9but d&rsquo;ann\u00e9e, ces militants citoyens avaient d\u00e9j\u00e0\ninterpell\u00e9 les autorit\u00e9s, estimant que l&rsquo;\u00e9t\u00e9 \u00e9tait peu propice au d\u00e9bat et\nqu&rsquo;il valait mieux attendre septembre, sans r\u00e9sultat.<\/p>\n\n\n\n<p><strong>Apr\u00e8s la crise sanitaire\u2026 et les\nmunicipales ?<\/strong><\/p>\n\n\n\n<p>\u00ab La situation actuelle et l&rsquo;instauration de l&rsquo;\u00e9tat d&rsquo;urgence sanitaire nous conduisent \u00e0 r\u00e9it\u00e9rer avec d&rsquo;autant plus d&rsquo;insistance notre demande de report \u00bb, \u00e9crivent les associations. L&rsquo;ADVOCNAR (association de d\u00e9fense du Val-d&rsquo;Oise contre les nuisances a\u00e9riennes),&nbsp;<a rel=\"noreferrer noopener\" href=\"http:\/\/www.leparisien.fr\/val-d-oise-95\/dix-sept-associations-disent-non-au-terminal-t4-05-12-2019-8210760.php\" target=\"_blank\">le collectif Non au T4<\/a>, France nature environnement, le CADEB (collectif d&rsquo;Associations pour la D\u00e9fense de l&rsquo;Environnement dans les Boucles de Seine\/Saint-Germain-en-Laye) et bien d&rsquo;autres estiment que ce d\u00e9bat ne pourra avoir lieu \u00ab qu&rsquo;une fois que les conditions de d\u00e9mocratie locale seront pleinement r\u00e9tablies, c&rsquo;est-\u00e0-dire apr\u00e8s les \u00e9lections municipales et la fin de l&rsquo;\u00e9tat d&rsquo;urgence sanitaire. \u00bb<\/p>\n\n\n\n<p>Cette missive, comme le souligne la pr\u00e9sidente de l&rsquo;ADVOCNAR, est avant tout \u00ab pr\u00e9ventive \u00bb. \u00c0 la fin du mois de mars dernier en effet, la ministre de la Transition \u00e9cologique, \u00c9lisabeth Borne, a annonc\u00e9 la suspension des enqu\u00eates publiques.<\/p>\n\n\n\n<p><strong>Un projet \u00ab d&rsquo;int\u00e9r\u00eat national \u00bb ?<\/strong><\/p>\n\n\n\n<p>Mais l&rsquo;ordonnance du 25 mars, qui d\u00e9finit l&rsquo;adaptation\ndes proc\u00e9dures administratives pendant la p\u00e9riode d&rsquo;urgence sanitaire, pr\u00e9voit\ncependant des d\u00e9rogations possibles, sous conditions, pour des projets \u00ab\nd&rsquo;int\u00e9r\u00eat national \u00bb. L&rsquo;utilisation de la voie \u00e9lectronique et la\nd\u00e9mat\u00e9rialisation de la proc\u00e9dure peuvent alors \u00eatre envisag\u00e9es pour que la\nconsultation se tienne quand m\u00eame, pr\u00e9voit le texte.<\/p>\n\n\n\n<p>Le projet de T4, qui permettrait \u00e0\nRoissy-Charles-de-Gaulle d&rsquo;accueillir 40 millions de voyageurs en plus par an \u00e0\nl&rsquo;horizon 2037, fait-il partie de ces exceptions ? La question n&rsquo;a pour le\nmoment pas \u00e9t\u00e9 tranch\u00e9e par les autorit\u00e9s, d&rsquo;o\u00f9 l&rsquo;inqui\u00e9tude des associations\nqui pr\u00e9f\u00e8rent envoyer un message en amont.<\/p>\n\n\n\n<figure class=\"wp-block-image\"><img loading=\"lazy\" decoding=\"async\" width=\"1024\" height=\"662\" src=\"https:\/\/www.clients.horus-informatique71.fr\/advocnar_backup\/wp-content\/uploads\/2020\/04\/2020-04-17-Le-Parisien-95-Photo-2-1024x662.jpg\" alt=\"\" class=\"wp-image-75780\" srcset=\"https:\/\/www.clients.horus-informatique71.fr\/advocnar_backup\/wp-content\/uploads\/2020\/04\/2020-04-17-Le-Parisien-95-Photo-2-1024x662.jpg 1024w, https:\/\/www.clients.horus-informatique71.fr\/advocnar_backup\/wp-content\/uploads\/2020\/04\/2020-04-17-Le-Parisien-95-Photo-2-300x194.jpg 300w, https:\/\/www.clients.horus-informatique71.fr\/advocnar_backup\/wp-content\/uploads\/2020\/04\/2020-04-17-Le-Parisien-95-Photo-2-768x496.jpg 768w, https:\/\/www.clients.horus-informatique71.fr\/advocnar_backup\/wp-content\/uploads\/2020\/04\/2020-04-17-Le-Parisien-95-Photo-2-360x234.jpg 360w, https:\/\/www.clients.horus-informatique71.fr\/advocnar_backup\/wp-content\/uploads\/2020\/04\/2020-04-17-Le-Parisien-95-Photo-2.jpg 1280w\" sizes=\"(max-width: 1024px) 100vw, 1024px\" \/><figcaption> LP\/M.D.-.M.&nbsp;&nbsp; <\/figcaption><\/figure>\n\n\n\n<p>\u00ab On sait qu&rsquo;ADP a d\u00e9j\u00e0 beaucoup investi dans ce\nprojet, on arrive au stade ultime, celui de l&rsquo;enqu\u00eate publique, il pourrait\n\u00eatre tentant pour eux de ne pas vouloir reporter, craint Fran\u00e7oise Brochot.\nNous, nous demandons une enqu\u00eate publique correcte, qui se d\u00e9roule \u00e0 un moment\no\u00f9 les citoyens peuvent v\u00e9ritablement participer. Aujourd&rsquo;hui et dans un futur\nproche, il n&rsquo;est pas permis d&rsquo;organiser des r\u00e9unions publiques par exemple. \u00bb<\/p>\n\n\n\n<p>Les 34 associations avancent ainsi deux arguments pour justifier leur demande de report. \u00ab Lancer cette enqu\u00eate publique par voie \u00e9lectronique et dans ce contexte de crise serait un nouvel obstacle majeur \u00e0 l&rsquo;expression de plus d&rsquo;un million de citoyens impact\u00e9s par ce projet de grande ampleur,&nbsp;alors m\u00eame qu&rsquo;ils ont d\u00e9j\u00e0 \u00e9t\u00e9 priv\u00e9s d&rsquo;un d\u00e9bat public&nbsp;\u00bb, \u00e9crivent les militants.<\/p>\n\n\n\n<p>Ils soulignent \u00e9galement que \u00ab l&rsquo;impact actuel et \u00e0\nvenir de cette crise majeure sur le trafic a\u00e9rien fait qu&rsquo;il est d&rsquo;autant moins\nd\u00e9fendable de revendiquer l&rsquo;urgence de ce projet d&rsquo;agrandissement de la\ncapacit\u00e9 de l&rsquo;a\u00e9roport de Roissy. \u00bb<\/p>\n\n\n\n<p>Chez ADP, le dossier est encore en cours de\ndiscussion.<\/p>\n","protected":false},"excerpt":{"rendered":"<p>17.04.2020 &#8211; Le Parisien 95 L\u2019enqu\u00eate concernant le projet de nouveau terminal, \u00e0 l\u2019a\u00e9roport Roissy-Charles-de-Gaulle, \u00e9tait pr\u00e9vue en juin et juillet. La crise sanitaire \u00e9tant loin d\u2019\u00eatre termin\u00e9e, 34 associations interpellent le pr\u00e9fet de r\u00e9gion. Avec le futur terminal T4, l\u2019a\u00e9roport de Roissy-Charles-de-Gaulle verrait sa capacit\u00e9 passer de 1300 \u00e0 1800 mouvements d\u2019avions par jour [&hellip;]<\/p>\n","protected":false},"author":10,"featured_media":0,"comment_status":"closed","ping_status":"open","sticky":false,"template":"","format":"standard","meta":{"footnotes":""},"categories":[49],"tags":[],"yoast_head":"<!-- This site is optimized with the Yoast SEO plugin v22.0 - https:\/\/yoast.com\/wordpress\/plugins\/seo\/ -->\n<title>Roissy : des associations r\u00e9clament \u00e0 nouveau de reporter l\u2019enqu\u00eate publique sur le T4 - Advocnar<\/title>\n<meta name=\"robots\" content=\"index, follow, max-snippet:-1, max-image-preview:large, max-video-preview:-1\" \/>\n<link rel=\"canonical\" href=\"https:\/\/www.clients.horus-informatique71.fr\/advocnar_backup\/2020\/04\/roissy-des-associations-reclament-a-nouveau-de-reporter-lenquete-publique-sur-le-t4\/\" \/>\n<meta property=\"og:locale\" content=\"fr_FR\" \/>\n<meta property=\"og:type\" content=\"article\" \/>\n<meta property=\"og:title\" content=\"Roissy : des associations r\u00e9clament \u00e0 nouveau de reporter l\u2019enqu\u00eate publique sur le T4 - Advocnar\" \/>\n<meta property=\"og:description\" content=\"17.04.2020 &#8211; Le Parisien 95 L\u2019enqu\u00eate concernant le projet de nouveau terminal, \u00e0 l\u2019a\u00e9roport Roissy-Charles-de-Gaulle, \u00e9tait pr\u00e9vue en juin et juillet. La crise sanitaire \u00e9tant loin d\u2019\u00eatre termin\u00e9e, 34 associations interpellent le pr\u00e9fet de r\u00e9gion. Avec le futur terminal T4, l\u2019a\u00e9roport de Roissy-Charles-de-Gaulle verrait sa capacit\u00e9 passer de 1300 \u00e0 1800 mouvements d\u2019avions par jour [&hellip;]\" \/>\n<meta property=\"og:url\" content=\"https:\/\/www.clients.horus-informatique71.fr\/advocnar_backup\/2020\/04\/roissy-des-associations-reclament-a-nouveau-de-reporter-lenquete-publique-sur-le-t4\/\" \/>\n<meta property=\"og:site_name\" content=\"Advocnar\" \/>\n<meta property=\"article:published_time\" content=\"2020-04-17T07:57:19+00:00\" \/>\n<meta property=\"article:modified_time\" content=\"2021-05-14T08:38:00+00:00\" \/>\n<meta property=\"og:image\" content=\"https:\/\/www.advocnar.frwp-content\/uploads\/2020\/04\/2020-04-17-Le-Parisien-95-Photo-2-1024x662.jpg\" \/>\n<meta name=\"author\" content=\"FBrochot\" \/>\n<meta name=\"twitter:card\" content=\"summary_large_image\" \/>\n<meta name=\"twitter:label1\" content=\"\u00c9crit par\" \/>\n\t<meta name=\"twitter:data1\" content=\"FBrochot\" \/>\n\t<meta name=\"twitter:label2\" content=\"Dur\u00e9e de lecture estim\u00e9e\" \/>\n\t<meta name=\"twitter:data2\" content=\"3 minutes\" \/>\n<script type=\"application\/ld+json\" class=\"yoast-schema-graph\">{\"@context\":\"https:\/\/schema.org\",\"@graph\":[{\"@type\":\"WebPage\",\"@id\":\"https:\/\/www.clients.horus-informatique71.fr\/advocnar_backup\/2020\/04\/roissy-des-associations-reclament-a-nouveau-de-reporter-lenquete-publique-sur-le-t4\/\",\"url\":\"https:\/\/www.clients.horus-informatique71.fr\/advocnar_backup\/2020\/04\/roissy-des-associations-reclament-a-nouveau-de-reporter-lenquete-publique-sur-le-t4\/\",\"name\":\"Roissy : des associations r\u00e9clament \u00e0 nouveau de reporter l\u2019enqu\u00eate publique sur le T4 - Advocnar\",\"isPartOf\":{\"@id\":\"https:\/\/www.clients.horus-informatique71.fr\/advocnar_backup\/#website\"},\"datePublished\":\"2020-04-17T07:57:19+00:00\",\"dateModified\":\"2021-05-14T08:38:00+00:00\",\"author\":{\"@id\":\"https:\/\/www.clients.horus-informatique71.fr\/advocnar_backup\/#\/schema\/person\/28ec283f897fb44e1146415d8015d23e\"},\"breadcrumb\":{\"@id\":\"https:\/\/www.clients.horus-informatique71.fr\/advocnar_backup\/2020\/04\/roissy-des-associations-reclament-a-nouveau-de-reporter-lenquete-publique-sur-le-t4\/#breadcrumb\"},\"inLanguage\":\"fr-FR\",\"potentialAction\":[{\"@type\":\"ReadAction\",\"target\":[\"https:\/\/www.clients.horus-informatique71.fr\/advocnar_backup\/2020\/04\/roissy-des-associations-reclament-a-nouveau-de-reporter-lenquete-publique-sur-le-t4\/\"]}]},{\"@type\":\"BreadcrumbList\",\"@id\":\"https:\/\/www.clients.horus-informatique71.fr\/advocnar_backup\/2020\/04\/roissy-des-associations-reclament-a-nouveau-de-reporter-lenquete-publique-sur-le-t4\/#breadcrumb\",\"itemListElement\":[{\"@type\":\"ListItem\",\"position\":1,\"name\":\"Accueil\",\"item\":\"https:\/\/www.clients.horus-informatique71.fr\/advocnar_backup\/\"},{\"@type\":\"ListItem\",\"position\":2,\"name\":\"Roissy : des associations r\u00e9clament \u00e0 nouveau de reporter l\u2019enqu\u00eate publique sur le T4\"}]},{\"@type\":\"WebSite\",\"@id\":\"https:\/\/www.clients.horus-informatique71.fr\/advocnar_backup\/#website\",\"url\":\"https:\/\/www.clients.horus-informatique71.fr\/advocnar_backup\/\",\"name\":\"Advocnar\",\"description\":\"Association de D\u00e9fense Contre les Nuisances A\u00e9riennes\",\"potentialAction\":[{\"@type\":\"SearchAction\",\"target\":{\"@type\":\"EntryPoint\",\"urlTemplate\":\"https:\/\/www.clients.horus-informatique71.fr\/advocnar_backup\/?s={search_term_string}\"},\"query-input\":\"required name=search_term_string\"}],\"inLanguage\":\"fr-FR\"},{\"@type\":\"Person\",\"@id\":\"https:\/\/www.clients.horus-informatique71.fr\/advocnar_backup\/#\/schema\/person\/28ec283f897fb44e1146415d8015d23e\",\"name\":\"FBrochot\",\"url\":\"https:\/\/www.clients.horus-informatique71.fr\/advocnar_backup\/author\/fbrochot\/\"}]}<\/script>\n<!-- \/ Yoast SEO plugin. -->","yoast_head_json":{"title":"Roissy : des associations r\u00e9clament \u00e0 nouveau de reporter l\u2019enqu\u00eate publique sur le T4 - Advocnar","robots":{"index":"index","follow":"follow","max-snippet":"max-snippet:-1","max-image-preview":"max-image-preview:large","max-video-preview":"max-video-preview:-1"},"canonical":"https:\/\/www.clients.horus-informatique71.fr\/advocnar_backup\/2020\/04\/roissy-des-associations-reclament-a-nouveau-de-reporter-lenquete-publique-sur-le-t4\/","og_locale":"fr_FR","og_type":"article","og_title":"Roissy : des associations r\u00e9clament \u00e0 nouveau de reporter l\u2019enqu\u00eate publique sur le T4 - Advocnar","og_description":"17.04.2020 &#8211; Le Parisien 95 L\u2019enqu\u00eate concernant le projet de nouveau terminal, \u00e0 l\u2019a\u00e9roport Roissy-Charles-de-Gaulle, \u00e9tait pr\u00e9vue en juin et juillet. La crise sanitaire \u00e9tant loin d\u2019\u00eatre termin\u00e9e, 34 associations interpellent le pr\u00e9fet de r\u00e9gion. Avec le futur terminal T4, l\u2019a\u00e9roport de Roissy-Charles-de-Gaulle verrait sa capacit\u00e9 passer de 1300 \u00e0 1800 mouvements d\u2019avions par jour [&hellip;]","og_url":"https:\/\/www.clients.horus-informatique71.fr\/advocnar_backup\/2020\/04\/roissy-des-associations-reclament-a-nouveau-de-reporter-lenquete-publique-sur-le-t4\/","og_site_name":"Advocnar","article_published_time":"2020-04-17T07:57:19+00:00","article_modified_time":"2021-05-14T08:38:00+00:00","og_image":[{"url":"https:\/\/www.advocnar.frwp-content\/uploads\/2020\/04\/2020-04-17-Le-Parisien-95-Photo-2-1024x662.jpg"}],"author":"FBrochot","twitter_card":"summary_large_image","twitter_misc":{"\u00c9crit par":"FBrochot","Dur\u00e9e de lecture estim\u00e9e":"3 minutes"},"schema":{"@context":"https:\/\/schema.org","@graph":[{"@type":"WebPage","@id":"https:\/\/www.clients.horus-informatique71.fr\/advocnar_backup\/2020\/04\/roissy-des-associations-reclament-a-nouveau-de-reporter-lenquete-publique-sur-le-t4\/","url":"https:\/\/www.clients.horus-informatique71.fr\/advocnar_backup\/2020\/04\/roissy-des-associations-reclament-a-nouveau-de-reporter-lenquete-publique-sur-le-t4\/","name":"Roissy : des associations r\u00e9clament \u00e0 nouveau de reporter l\u2019enqu\u00eate publique sur le T4 - Advocnar","isPartOf":{"@id":"https:\/\/www.clients.horus-informatique71.fr\/advocnar_backup\/#website"},"datePublished":"2020-04-17T07:57:19+00:00","dateModified":"2021-05-14T08:38:00+00:00","author":{"@id":"https:\/\/www.clients.horus-informatique71.fr\/advocnar_backup\/#\/schema\/person\/28ec283f897fb44e1146415d8015d23e"},"breadcrumb":{"@id":"https:\/\/www.clients.horus-informatique71.fr\/advocnar_backup\/2020\/04\/roissy-des-associations-reclament-a-nouveau-de-reporter-lenquete-publique-sur-le-t4\/#breadcrumb"},"inLanguage":"fr-FR","potentialAction":[{"@type":"ReadAction","target":["https:\/\/www.clients.horus-informatique71.fr\/advocnar_backup\/2020\/04\/roissy-des-associations-reclament-a-nouveau-de-reporter-lenquete-publique-sur-le-t4\/"]}]},{"@type":"BreadcrumbList","@id":"https:\/\/www.clients.horus-informatique71.fr\/advocnar_backup\/2020\/04\/roissy-des-associations-reclament-a-nouveau-de-reporter-lenquete-publique-sur-le-t4\/#breadcrumb","itemListElement":[{"@type":"ListItem","position":1,"name":"Accueil","item":"https:\/\/www.clients.horus-informatique71.fr\/advocnar_backup\/"},{"@type":"ListItem","position":2,"name":"Roissy : des associations r\u00e9clament \u00e0 nouveau de reporter l\u2019enqu\u00eate publique sur le T4"}]},{"@type":"WebSite","@id":"https:\/\/www.clients.horus-informatique71.fr\/advocnar_backup\/#website","url":"https:\/\/www.clients.horus-informatique71.fr\/advocnar_backup\/","name":"Advocnar","description":"Association de D\u00e9fense Contre les Nuisances A\u00e9riennes","potentialAction":[{"@type":"SearchAction","target":{"@type":"EntryPoint","urlTemplate":"https:\/\/www.clients.horus-informatique71.fr\/advocnar_backup\/?s={search_term_string}"},"query-input":"required name=search_term_string"}],"inLanguage":"fr-FR"},{"@type":"Person","@id":"https:\/\/www.clients.horus-informatique71.fr\/advocnar_backup\/#\/schema\/person\/28ec283f897fb44e1146415d8015d23e","name":"FBrochot","url":"https:\/\/www.clients.horus-informatique71.fr\/advocnar_backup\/author\/fbrochot\/"}]}},"_links":{"self":[{"href":"https:\/\/www.clients.horus-informatique71.fr\/advocnar_backup\/wp-json\/wp\/v2\/posts\/75782"}],"collection":[{"href":"https:\/\/www.clients.horus-informatique71.fr\/advocnar_backup\/wp-json\/wp\/v2\/posts"}],"about":[{"href":"https:\/\/www.clients.horus-informatique71.fr\/advocnar_backup\/wp-json\/wp\/v2\/types\/post"}],"author":[{"embeddable":true,"href":"https:\/\/www.clients.horus-informatique71.fr\/advocnar_backup\/wp-json\/wp\/v2\/users\/10"}],"replies":[{"embeddable":true,"href":"https:\/\/www.clients.horus-informatique71.fr\/advocnar_backup\/wp-json\/wp\/v2\/comments?post=75782"}],"version-history":[{"count":6,"href":"https:\/\/www.clients.horus-informatique71.fr\/advocnar_backup\/wp-json\/wp\/v2\/posts\/75782\/revisions"}],"predecessor-version":[{"id":76963,"href":"https:\/\/www.clients.horus-informatique71.fr\/advocnar_backup\/wp-json\/wp\/v2\/posts\/75782\/revisions\/76963"}],"wp:attachment":[{"href":"https:\/\/www.clients.horus-informatique71.fr\/advocnar_backup\/wp-json\/wp\/v2\/media?parent=75782"}],"wp:term":[{"taxonomy":"category","embeddable":true,"href":"https:\/\/www.clients.horus-informatique71.fr\/advocnar_backup\/wp-json\/wp\/v2\/categories?post=75782"},{"taxonomy":"post_tag","embeddable":true,"href":"https:\/\/www.clients.horus-informatique71.fr\/advocnar_backup\/wp-json\/wp\/v2\/tags?post=75782"}],"curies":[{"name":"wp","href":"https:\/\/api.w.org\/{rel}","templated":true}]}}