{"id":75792,"date":"2020-04-25T14:00:31","date_gmt":"2020-04-25T12:00:31","guid":{"rendered":"https:\/\/www.clients.horus-informatique71.fr\/advocnar_backup\/?p=75792"},"modified":"2020-04-25T14:00:32","modified_gmt":"2020-04-25T12:00:32","slug":"questionnaire-quelle-est-votre-perception-de-lenvironnement-sonore-durant-la-periode-de-confinement","status":"publish","type":"post","link":"https:\/\/www.clients.horus-informatique71.fr\/advocnar_backup\/2020\/04\/questionnaire-quelle-est-votre-perception-de-lenvironnement-sonore-durant-la-periode-de-confinement\/","title":{"rendered":"QUESTIONNAIRE : quelle est votre perception de l&rsquo;environnement sonore durant la p\u00e9riode de confinement ?"},"content":{"rendered":"\n<h4 class=\"wp-block-heading\"><\/h4>\n\n\n\n<h4 class=\"wp-block-heading\" style=\"text-align:center\">Confinement et environnement sonore<\/h4>\n\n\n\n<h5 class=\"wp-block-heading\" style=\"text-align:center\">Quelle est votre perception de l&rsquo;environnement sonore durant la p\u00e9riode de confinement ?<\/h5>\n\n\n\n<h4 class=\"wp-block-heading\"><\/h4>\n\n\n\n<p>Ce bref questionnaire a pour but d\u2019\u00e9valuer votre  ressenti par rapport aux modifications de votre environnement sonore  depuis le confinement (lundi 16 mars 2020).<br>Ce questionnaire est anonyme et n&rsquo;est utilis\u00e9 qu&rsquo;\u00e0 des fins de recherche.<\/p>\n\n\n\n<p><strong> Questionnaire r\u00e9alis\u00e9 par  <\/strong><\/p>\n\n\n\n<figure class=\"wp-block-image\"><img loading=\"lazy\" decoding=\"async\" width=\"224\" height=\"120\" src=\"https:\/\/www.clients.horus-informatique71.fr\/advocnar_backup\/wp-content\/uploads\/2020\/04\/Logo-Acoucite.png\" alt=\"\" class=\"wp-image-75797\"\/><\/figure>\n\n\n\n<h4 class=\"wp-block-heading\"><a href=\"http:\/\/enquetes.acoucite.org\/index.php\/484636?lang=fr\">JE R\u00c9PONDS AU QUESTIONNAIRE<\/a><\/h4>\n\n\n\n<p>Temps \u00e0 consacrer: environ 5 minutes<br>Exprimez-vous sur les b\u00e9n\u00e9fices li\u00e9s \u00e0 la diminution du trafic a\u00e9rien pendant le confinement! <br>En fin de questionnaire, un champ est disponible pour faire part de votre t\u00e9moignage.<br><\/p>\n\n\n\n<p><\/p>\n","protected":false},"excerpt":{"rendered":"<p>Confinement et environnement sonore Quelle est votre perception de l&rsquo;environnement sonore durant la p\u00e9riode de confinement ? Ce bref questionnaire a pour but d\u2019\u00e9valuer votre ressenti par rapport aux modifications de votre environnement sonore depuis le confinement (lundi 16 mars 2020).Ce questionnaire est anonyme et n&rsquo;est utilis\u00e9 qu&rsquo;\u00e0 des fins de recherche. Questionnaire r\u00e9alis\u00e9 par [&hellip;]<\/p>\n","protected":false},"author":10,"featured_media":75794,"comment_status":"closed","ping_status":"open","sticky":false,"template":"","format":"standard","meta":{"footnotes":""},"categories":[46],"tags":[],"yoast_head":"<!-- This site is optimized with the Yoast SEO plugin v22.0 - https:\/\/yoast.com\/wordpress\/plugins\/seo\/ -->\n<title>QUESTIONNAIRE : quelle est votre perception de l&#039;environnement sonore durant la p\u00e9riode de confinement ? - Advocnar<\/title>\n<meta name=\"robots\" content=\"index, follow, max-snippet:-1, max-image-preview:large, max-video-preview:-1\" \/>\n<link rel=\"canonical\" href=\"https:\/\/www.clients.horus-informatique71.fr\/advocnar_backup\/2020\/04\/questionnaire-quelle-est-votre-perception-de-lenvironnement-sonore-durant-la-periode-de-confinement\/\" \/>\n<meta property=\"og:locale\" content=\"fr_FR\" \/>\n<meta property=\"og:type\" content=\"article\" \/>\n<meta property=\"og:title\" content=\"QUESTIONNAIRE : quelle est votre perception de l&#039;environnement sonore durant la p\u00e9riode de confinement ? - Advocnar\" \/>\n<meta property=\"og:description\" content=\"Confinement et environnement sonore Quelle est votre perception de l&rsquo;environnement sonore durant la p\u00e9riode de confinement ? Ce bref questionnaire a pour but d\u2019\u00e9valuer votre ressenti par rapport aux modifications de votre environnement sonore depuis le confinement (lundi 16 mars 2020).Ce questionnaire est anonyme et n&rsquo;est utilis\u00e9 qu&rsquo;\u00e0 des fins de recherche. Questionnaire r\u00e9alis\u00e9 par [&hellip;]\" \/>\n<meta property=\"og:url\" content=\"https:\/\/www.clients.horus-informatique71.fr\/advocnar_backup\/2020\/04\/questionnaire-quelle-est-votre-perception-de-lenvironnement-sonore-durant-la-periode-de-confinement\/\" \/>\n<meta property=\"og:site_name\" content=\"Advocnar\" \/>\n<meta property=\"article:published_time\" content=\"2020-04-25T12:00:31+00:00\" \/>\n<meta property=\"article:modified_time\" content=\"2020-04-25T12:00:32+00:00\" \/>\n<meta property=\"og:image\" content=\"https:\/\/www.clients.horus-informatique71.fr\/advocnar_backup\/wp-content\/uploads\/2020\/04\/Questionnaire-Acoucite.png\" \/>\n\t<meta property=\"og:image:width\" content=\"916\" \/>\n\t<meta property=\"og:image:height\" content=\"687\" \/>\n\t<meta property=\"og:image:type\" content=\"image\/png\" \/>\n<meta name=\"author\" content=\"FBrochot\" \/>\n<meta name=\"twitter:card\" content=\"summary_large_image\" \/>\n<meta name=\"twitter:label1\" content=\"\u00c9crit par\" \/>\n\t<meta name=\"twitter:data1\" content=\"FBrochot\" \/>\n<script type=\"application\/ld+json\" class=\"yoast-schema-graph\">{\"@context\":\"https:\/\/schema.org\",\"@graph\":[{\"@type\":\"WebPage\",\"@id\":\"https:\/\/www.clients.horus-informatique71.fr\/advocnar_backup\/2020\/04\/questionnaire-quelle-est-votre-perception-de-lenvironnement-sonore-durant-la-periode-de-confinement\/\",\"url\":\"https:\/\/www.clients.horus-informatique71.fr\/advocnar_backup\/2020\/04\/questionnaire-quelle-est-votre-perception-de-lenvironnement-sonore-durant-la-periode-de-confinement\/\",\"name\":\"QUESTIONNAIRE : quelle est votre perception de l'environnement sonore durant la p\u00e9riode de confinement ? - Advocnar\",\"isPartOf\":{\"@id\":\"https:\/\/www.clients.horus-informatique71.fr\/advocnar_backup\/#website\"},\"datePublished\":\"2020-04-25T12:00:31+00:00\",\"dateModified\":\"2020-04-25T12:00:32+00:00\",\"author\":{\"@id\":\"https:\/\/www.clients.horus-informatique71.fr\/advocnar_backup\/#\/schema\/person\/28ec283f897fb44e1146415d8015d23e\"},\"breadcrumb\":{\"@id\":\"https:\/\/www.clients.horus-informatique71.fr\/advocnar_backup\/2020\/04\/questionnaire-quelle-est-votre-perception-de-lenvironnement-sonore-durant-la-periode-de-confinement\/#breadcrumb\"},\"inLanguage\":\"fr-FR\",\"potentialAction\":[{\"@type\":\"ReadAction\",\"target\":[\"https:\/\/www.clients.horus-informatique71.fr\/advocnar_backup\/2020\/04\/questionnaire-quelle-est-votre-perception-de-lenvironnement-sonore-durant-la-periode-de-confinement\/\"]}]},{\"@type\":\"BreadcrumbList\",\"@id\":\"https:\/\/www.clients.horus-informatique71.fr\/advocnar_backup\/2020\/04\/questionnaire-quelle-est-votre-perception-de-lenvironnement-sonore-durant-la-periode-de-confinement\/#breadcrumb\",\"itemListElement\":[{\"@type\":\"ListItem\",\"position\":1,\"name\":\"Accueil\",\"item\":\"https:\/\/www.clients.horus-informatique71.fr\/advocnar_backup\/\"},{\"@type\":\"ListItem\",\"position\":2,\"name\":\"QUESTIONNAIRE : quelle est votre perception de l&#8217;environnement sonore durant la p\u00e9riode de confinement ?\"}]},{\"@type\":\"WebSite\",\"@id\":\"https:\/\/www.clients.horus-informatique71.fr\/advocnar_backup\/#website\",\"url\":\"https:\/\/www.clients.horus-informatique71.fr\/advocnar_backup\/\",\"name\":\"Advocnar\",\"description\":\"Association de D\u00e9fense Contre les Nuisances A\u00e9riennes\",\"potentialAction\":[{\"@type\":\"SearchAction\",\"target\":{\"@type\":\"EntryPoint\",\"urlTemplate\":\"https:\/\/www.clients.horus-informatique71.fr\/advocnar_backup\/?s={search_term_string}\"},\"query-input\":\"required name=search_term_string\"}],\"inLanguage\":\"fr-FR\"},{\"@type\":\"Person\",\"@id\":\"https:\/\/www.clients.horus-informatique71.fr\/advocnar_backup\/#\/schema\/person\/28ec283f897fb44e1146415d8015d23e\",\"name\":\"FBrochot\",\"url\":\"https:\/\/www.clients.horus-informatique71.fr\/advocnar_backup\/author\/fbrochot\/\"}]}<\/script>\n<!-- \/ Yoast SEO plugin. -->","yoast_head_json":{"title":"QUESTIONNAIRE : quelle est votre perception de l'environnement sonore durant la p\u00e9riode de confinement ? - Advocnar","robots":{"index":"index","follow":"follow","max-snippet":"max-snippet:-1","max-image-preview":"max-image-preview:large","max-video-preview":"max-video-preview:-1"},"canonical":"https:\/\/www.clients.horus-informatique71.fr\/advocnar_backup\/2020\/04\/questionnaire-quelle-est-votre-perception-de-lenvironnement-sonore-durant-la-periode-de-confinement\/","og_locale":"fr_FR","og_type":"article","og_title":"QUESTIONNAIRE : quelle est votre perception de l'environnement sonore durant la p\u00e9riode de confinement ? - Advocnar","og_description":"Confinement et environnement sonore Quelle est votre perception de l&rsquo;environnement sonore durant la p\u00e9riode de confinement ? Ce bref questionnaire a pour but d\u2019\u00e9valuer votre ressenti par rapport aux modifications de votre environnement sonore depuis le confinement (lundi 16 mars 2020).Ce questionnaire est anonyme et n&rsquo;est utilis\u00e9 qu&rsquo;\u00e0 des fins de recherche. Questionnaire r\u00e9alis\u00e9 par [&hellip;]","og_url":"https:\/\/www.clients.horus-informatique71.fr\/advocnar_backup\/2020\/04\/questionnaire-quelle-est-votre-perception-de-lenvironnement-sonore-durant-la-periode-de-confinement\/","og_site_name":"Advocnar","article_published_time":"2020-04-25T12:00:31+00:00","article_modified_time":"2020-04-25T12:00:32+00:00","og_image":[{"width":916,"height":687,"url":"https:\/\/www.clients.horus-informatique71.fr\/advocnar_backup\/wp-content\/uploads\/2020\/04\/Questionnaire-Acoucite.png","type":"image\/png"}],"author":"FBrochot","twitter_card":"summary_large_image","twitter_misc":{"\u00c9crit par":"FBrochot"},"schema":{"@context":"https:\/\/schema.org","@graph":[{"@type":"WebPage","@id":"https:\/\/www.clients.horus-informatique71.fr\/advocnar_backup\/2020\/04\/questionnaire-quelle-est-votre-perception-de-lenvironnement-sonore-durant-la-periode-de-confinement\/","url":"https:\/\/www.clients.horus-informatique71.fr\/advocnar_backup\/2020\/04\/questionnaire-quelle-est-votre-perception-de-lenvironnement-sonore-durant-la-periode-de-confinement\/","name":"QUESTIONNAIRE : quelle est votre perception de l'environnement sonore durant la p\u00e9riode de confinement ? - Advocnar","isPartOf":{"@id":"https:\/\/www.clients.horus-informatique71.fr\/advocnar_backup\/#website"},"datePublished":"2020-04-25T12:00:31+00:00","dateModified":"2020-04-25T12:00:32+00:00","author":{"@id":"https:\/\/www.clients.horus-informatique71.fr\/advocnar_backup\/#\/schema\/person\/28ec283f897fb44e1146415d8015d23e"},"breadcrumb":{"@id":"https:\/\/www.clients.horus-informatique71.fr\/advocnar_backup\/2020\/04\/questionnaire-quelle-est-votre-perception-de-lenvironnement-sonore-durant-la-periode-de-confinement\/#breadcrumb"},"inLanguage":"fr-FR","potentialAction":[{"@type":"ReadAction","target":["https:\/\/www.clients.horus-informatique71.fr\/advocnar_backup\/2020\/04\/questionnaire-quelle-est-votre-perception-de-lenvironnement-sonore-durant-la-periode-de-confinement\/"]}]},{"@type":"BreadcrumbList","@id":"https:\/\/www.clients.horus-informatique71.fr\/advocnar_backup\/2020\/04\/questionnaire-quelle-est-votre-perception-de-lenvironnement-sonore-durant-la-periode-de-confinement\/#breadcrumb","itemListElement":[{"@type":"ListItem","position":1,"name":"Accueil","item":"https:\/\/www.clients.horus-informatique71.fr\/advocnar_backup\/"},{"@type":"ListItem","position":2,"name":"QUESTIONNAIRE : quelle est votre perception de l&#8217;environnement sonore durant la p\u00e9riode de confinement ?"}]},{"@type":"WebSite","@id":"https:\/\/www.clients.horus-informatique71.fr\/advocnar_backup\/#website","url":"https:\/\/www.clients.horus-informatique71.fr\/advocnar_backup\/","name":"Advocnar","description":"Association de D\u00e9fense Contre les Nuisances A\u00e9riennes","potentialAction":[{"@type":"SearchAction","target":{"@type":"EntryPoint","urlTemplate":"https:\/\/www.clients.horus-informatique71.fr\/advocnar_backup\/?s={search_term_string}"},"query-input":"required name=search_term_string"}],"inLanguage":"fr-FR"},{"@type":"Person","@id":"https:\/\/www.clients.horus-informatique71.fr\/advocnar_backup\/#\/schema\/person\/28ec283f897fb44e1146415d8015d23e","name":"FBrochot","url":"https:\/\/www.clients.horus-informatique71.fr\/advocnar_backup\/author\/fbrochot\/"}]}},"_links":{"self":[{"href":"https:\/\/www.clients.horus-informatique71.fr\/advocnar_backup\/wp-json\/wp\/v2\/posts\/75792"}],"collection":[{"href":"https:\/\/www.clients.horus-informatique71.fr\/advocnar_backup\/wp-json\/wp\/v2\/posts"}],"about":[{"href":"https:\/\/www.clients.horus-informatique71.fr\/advocnar_backup\/wp-json\/wp\/v2\/types\/post"}],"author":[{"embeddable":true,"href":"https:\/\/www.clients.horus-informatique71.fr\/advocnar_backup\/wp-json\/wp\/v2\/users\/10"}],"replies":[{"embeddable":true,"href":"https:\/\/www.clients.horus-informatique71.fr\/advocnar_backup\/wp-json\/wp\/v2\/comments?post=75792"}],"version-history":[{"count":10,"href":"https:\/\/www.clients.horus-informatique71.fr\/advocnar_backup\/wp-json\/wp\/v2\/posts\/75792\/revisions"}],"predecessor-version":[{"id":75804,"href":"https:\/\/www.clients.horus-informatique71.fr\/advocnar_backup\/wp-json\/wp\/v2\/posts\/75792\/revisions\/75804"}],"wp:featuredmedia":[{"embeddable":true,"href":"https:\/\/www.clients.horus-informatique71.fr\/advocnar_backup\/wp-json\/wp\/v2\/media\/75794"}],"wp:attachment":[{"href":"https:\/\/www.clients.horus-informatique71.fr\/advocnar_backup\/wp-json\/wp\/v2\/media?parent=75792"}],"wp:term":[{"taxonomy":"category","embeddable":true,"href":"https:\/\/www.clients.horus-informatique71.fr\/advocnar_backup\/wp-json\/wp\/v2\/categories?post=75792"},{"taxonomy":"post_tag","embeddable":true,"href":"https:\/\/www.clients.horus-informatique71.fr\/advocnar_backup\/wp-json\/wp\/v2\/tags?post=75792"}],"curies":[{"name":"wp","href":"https:\/\/api.w.org\/{rel}","templated":true}]}}