{"id":75806,"date":"2020-04-24T14:40:17","date_gmt":"2020-04-24T12:40:17","guid":{"rendered":"https:\/\/www.clients.horus-informatique71.fr\/advocnar_backup\/?p=75806"},"modified":"2020-04-25T14:40:54","modified_gmt":"2020-04-25T12:40:54","slug":"declaration-ufcna-apres-la-pandemie-il-faut-repenser-le-transport-aerien","status":"publish","type":"post","link":"https:\/\/www.clients.horus-informatique71.fr\/advocnar_backup\/2020\/04\/declaration-ufcna-apres-la-pandemie-il-faut-repenser-le-transport-aerien\/","title":{"rendered":"D\u00e9claration UFCNA : apr\u00e8s la pand\u00e9mie, il faut repenser le transport a\u00e9rien"},"content":{"rendered":"\n<h4 class=\"wp-block-heading\"><\/h4>\n\n\n\n<p>Toulouse le 24 avril 2020<br> <\/p>\n\n\n\n<h4 class=\"wp-block-heading\" style=\"text-align:center\">D\u00c9CLARATION DES RIVERAINS D\u2019A\u00c9RODROMES <br>ET DES POPULATIONS SURVOL\u00c9ES <br>A l&rsquo;ATTENTION DES D\u00c9CIDEURS<\/h4>\n\n\n\n<h3 class=\"wp-block-heading\" style=\"text-align:center\">APRES LA PANDEMIE, IL FAUT REPENSER LE TRANSPORT AERIEN !<\/h3>\n\n\n\n<h4 class=\"wp-block-heading\"><\/h4>\n\n\n\n<p>Dans le d\u00e9veloppement multilat\u00e9ral mondial de ces 50 derni\u00e8res ann\u00e9es, le transport a\u00e9rien a \u00e9t\u00e9 l&rsquo;un des acteurs pour cr\u00e9er de nouveaux liens entre les hommes, les Etats, permettant un certain d\u00e9veloppement \u00e9conomique. <strong>Mais il a un double revers<\/strong>. En premier lieu, le transport a\u00e9rien contribue au r\u00e9chauffement climatique dans des proportions tr\u00e8s importantes, de 5 \u00e0 8 % au niveau mondial. Cette proportion ne peut que cro\u00eetre dans les ann\u00e9es \u00e0 venir, car, contrairement aux autres secteurs, le secteur a\u00e9rien n&rsquo;a pas de v\u00e9ritable plan de r\u00e9duction de ses \u00e9missions pour les 15 prochaines ann\u00e9es et table ensuite sur des technologies qui n&rsquo;existent pas encore ! En second lieu, les populations survol\u00e9es pr\u00e8s des a\u00e9roports subissent des pollutions sonores et atmosph\u00e9riques qui portent gravement atteinte \u00e0 leur sant\u00e9, provoquant chaque ann\u00e9e des dizaines de milliers de d\u00e9c\u00e8s pr\u00e9matur\u00e9s, comme le reconna\u00eet la Commission Europ\u00e9enne. Au-del\u00e0 de l\u2019impact propre au transport a\u00e9rien, il y a \u00e9galement les cons\u00e9quences indirectes telles le tourisme de masse qui contribue \u00e0 d\u00e9truire l\u2019environnement.<\/p>\n\n\n\n<h5 class=\"wp-block-heading\">Et le Covid-19 est arriv\u00e9, il s\u2019est diffus\u00e9 vite, en avion souvent. Nous sommes confront\u00e9s \u00e0 une crise sanitaire, \u00e9conomique, existentielle, sans \u00e9quivalent dans le pass\u00e9.<\/h5>\n\n\n\n<p>Comme la plupart des autres activit\u00e9s \u00e9conomiques, l\u2019aviation va consid\u00e9rablement souffrir de la situation actuelle et ses \u00e9missaires frappent d\u00e9j\u00e0 aux portes de l\u2019ONU, des gouvernements et de l&rsquo;Union Europ\u00e9enne et demandent des aides, des exon\u00e9rations et autres soutiens financiers pour faciliter la reprise.<br>Nous sommes \u00e0 un moment historique o\u00f9 nos choix et ceux de nos gouvernements vont conditionner notre survie sur terre. L\u2019\u00e9poque se pr\u00eate au changement de paradigme ; l\u2019\u00e9cologie, la protection de l\u2019environnement, de la sant\u00e9 et de la plan\u00e8te sont au coeur des d\u00e9cisions \u00e0 prendre.<br>Le contr\u00f4le des impacts environnementaux li\u00e9s au transport a\u00e9rien passe par deux engagements essentiels au coeur du Green Deal europ\u00e9en : le respect de l\u2019Accord de Paris et la r\u00e9duction des pollutions sonores et atmosph\u00e9riques.<\/p>\n\n\n\n<h3 class=\"wp-block-heading\">I. Le respect de l&rsquo;Accord de Paris implique la r\u00e9duction significative de la contribution au r\u00e9chauffement climatique<\/h3>\n\n\n\n<p>L\u2019Europe et ses Etats membres ne doivent plus soutenir une activit\u00e9 incapable de mettre en place une strat\u00e9gie \u00e0 court terme de r\u00e9duction de l\u2019ensemble de ses \u00e9missions de gaz \u00e0 effet de serre (dioxyde de carbone, et autres \u00e9missions contribuant au r\u00e9chauffement climatique). La compensation des \u00e9missions carbon\u00e9es et l\u2019achat de droits \u00e0 polluer sont des leurres inacceptables qui montrent les limites d\u2019un syst\u00e8me qui ne s\u2019est pas engag\u00e9 dans la r\u00e9duction des \u00e9missions.<\/p>\n\n\n\n<p><strong>En cons\u00e9quence les associations demandent :<\/strong><\/p>\n\n\n\n<ul><li>la taxation du carburant au m\u00eame niveau que les carburants automobiles<\/li><li>un prix de billet r\u00e9aliste incluant l\u2019impact environnemental, estim\u00e9 par la Commission Europ\u00e9enne \u00e0 33 milliards d\u2019euros par an pour les 33 principaux a\u00e9roports europ\u00e9ens<\/li><li>la renonciation aux projets d\u2019extension d\u2019a\u00e9rodromes, de construction de nouvelles pistes ou de terminaux suppl\u00e9mentaires<\/li><li>la promotion des d\u00e9placements en train (TGV et train de nuit) \u00e0 courte et moyenne distance pour r\u00e9duire le nombre de vols.<\/li><\/ul>\n\n\n\n<h3 class=\"wp-block-heading\">II. La r\u00e9duction des pollutions sonores et atmosph\u00e9riques \u00e0 proximit\u00e9 des a\u00e9rodromes implique une obligation de r\u00e9sultat<\/h3>\n\n\n\n<p><strong>Pour la pollution sonore :<\/strong> au niveau europ\u00e9en, le bruit est encadr\u00e9 par une directive et un r\u00e8glement mais sans aucun objectif pour les Etats membres. L\u2019industrie pr\u00e9voit bien dans le programme ACARE des possibilit\u00e9s de r\u00e9duction \u2026 sans cesse repouss\u00e9es.<\/p>\n\n\n\n<p><strong>En cons\u00e9quence, les associations demandent :<\/strong><\/p>\n\n\n\n<ul><li> l\u2019adjonction aux indices de mesure du bruit utilis\u00e9s aujourd\u2019hui d\u2019un indice \u00e9v\u00e8nementiel bas\u00e9 sur la r\u00e9p\u00e9titivit\u00e9 de l&rsquo;\u00e9mergence du bruit a\u00e9rien,<\/li><li>des objectifs de r\u00e9duction de bruit chiffr\u00e9s et contraignants pour tous types d&rsquo;a\u00e9ronefs,<\/li><li>la suppression progressive des vols de nuit, qui portent gravement atteinte \u00e0 la sant\u00e9,<\/li><li>l&rsquo;interdiction des avions les plus bruyants,<\/li><li>la limitation du nombre des mouvements pour tous types d&rsquo;a\u00e9ronefs.<\/li><\/ul>\n\n\n\n<p><strong>Pour les \u00e9missions atmosph\u00e9riques<\/strong>, l\u2019Europe a certes adopt\u00e9 des valeurs limites, mais la France a fait passer dans la loi de transition \u00e9nerg\u00e9tique du 17 ao\u00fbt 2015 l&rsquo;article 45, dont les modalit\u00e9s ont \u00e9t\u00e9 pr\u00e9cis\u00e9es par d\u00e9cret du 10 mai 2016 ; cet article permet d&rsquo;une part de ne pas prendre en compte les \u00e9missions en vol du cycle \u00ab LTO \u00bb (atterrissages et d\u00e9collages sous l\u2019altitude de 915 m\u00e8tres), et d&rsquo;autre part de retenir un indice fallacieux soit les \u00e9missions en intensit\u00e9 (ramen\u00e9es au nombre de passagers+fret) et non en valeur absolue. Ce choix scandaleux que les associations d\u00e9noncent depuis cette date permet de mettre en avant des r\u00e9ductions d\u2019\u00e9missions alors que ces derni\u00e8res ont en fait augment\u00e9. D&rsquo;ailleurs, en 2018 l&rsquo;ADEME, dans son rapport valide nos d\u00e9clarations et formule des propositions.<\/p>\n\n\n\n<p><strong>En cons\u00e9quence, les associations demandent<\/strong> la modification de l&rsquo;article 45 de la loi de transition \u00e9nerg\u00e9tique de mani\u00e8re \u00e0 ce que<\/p>\n\n\n\n<ul><li> soient prises en compte des op\u00e9rations au sol incluant \u00e9galement les approches et d\u00e9parts des a\u00e9ronefs, soit le cycle \u00ab LTO \u00bb (atterrissages et d\u00e9collages sous l\u2019altitude de 915 m\u00e8tres<\/li><li>soient suivies les \u00e9missions globales r\u00e9elles et non pas leur intensit\u00e9<\/li><\/ul>\n\n\n\n<h5 class=\"wp-block-heading\">Les riverains d\u2019a\u00e9rodromes et les populations survol\u00e9es exigent de mettre l\u2019environnement et la sant\u00e9 au centre des pr\u00e9occupations. Si le transport a\u00e9rien compte s\u2019exon\u00e9rer de ces urgences sanitaires et environnementales, il hypoth\u00e8que notre avenir proche et celui de nos enfants en finan\u00e7ant inconsid\u00e9r\u00e9ment un retour \u00e0 la p\u00e9riode d\u2019avant la pand\u00e9mie.<\/h5>\n\n\n\n<p> <\/p>\n\n\n\n<p>Chantal Beer-Demander, pr\u00e9sidente de l&rsquo;UFCNA <\/p>\n\n\n\n<p>Avec le soutien de: <br>Dominique Lazarski, Pr\u00e9sidente de l&rsquo;UECNA <br>Eric Lombard, Coordinateur France de STAY GROUNDED <\/p>\n\n\n\n<p><a href=\"https:\/\/www.clients.horus-informatique71.fr\/advocnar_backup\/wp-content\/uploads\/2020\/04\/2020-04-24-Declaration-UFCNA-Apres-la-pandemie-il-faut-repenser-le-transport-aerien.pdf\">Lire la d\u00e9claration de l&rsquo;UFCNA<\/a><\/p>\n","protected":false},"excerpt":{"rendered":"<p>Toulouse le 24 avril 2020 D\u00c9CLARATION DES RIVERAINS D\u2019A\u00c9RODROMES ET DES POPULATIONS SURVOL\u00c9ES A l&rsquo;ATTENTION DES D\u00c9CIDEURS APRES LA PANDEMIE, IL FAUT REPENSER LE TRANSPORT AERIEN ! Dans le d\u00e9veloppement multilat\u00e9ral mondial de ces 50 derni\u00e8res ann\u00e9es, le transport a\u00e9rien a \u00e9t\u00e9 l&rsquo;un des acteurs pour cr\u00e9er de nouveaux liens entre les hommes, les Etats, [&hellip;]<\/p>\n","protected":false},"author":10,"featured_media":75808,"comment_status":"closed","ping_status":"open","sticky":false,"template":"","format":"standard","meta":{"footnotes":""},"categories":[46],"tags":[],"yoast_head":"<!-- This site is optimized with the Yoast SEO plugin v22.0 - https:\/\/yoast.com\/wordpress\/plugins\/seo\/ -->\n<title>D\u00e9claration UFCNA : apr\u00e8s la pand\u00e9mie, il faut repenser le transport a\u00e9rien - Advocnar<\/title>\n<meta name=\"robots\" content=\"index, follow, max-snippet:-1, max-image-preview:large, max-video-preview:-1\" \/>\n<link rel=\"canonical\" href=\"https:\/\/www.clients.horus-informatique71.fr\/advocnar_backup\/2020\/04\/declaration-ufcna-apres-la-pandemie-il-faut-repenser-le-transport-aerien\/\" \/>\n<meta property=\"og:locale\" content=\"fr_FR\" \/>\n<meta property=\"og:type\" content=\"article\" \/>\n<meta property=\"og:title\" content=\"D\u00e9claration UFCNA : apr\u00e8s la pand\u00e9mie, il faut repenser le transport a\u00e9rien - Advocnar\" \/>\n<meta property=\"og:description\" content=\"Toulouse le 24 avril 2020 D\u00c9CLARATION DES RIVERAINS D\u2019A\u00c9RODROMES ET DES POPULATIONS SURVOL\u00c9ES A l&rsquo;ATTENTION DES D\u00c9CIDEURS APRES LA PANDEMIE, IL FAUT REPENSER LE TRANSPORT AERIEN ! Dans le d\u00e9veloppement multilat\u00e9ral mondial de ces 50 derni\u00e8res ann\u00e9es, le transport a\u00e9rien a \u00e9t\u00e9 l&rsquo;un des acteurs pour cr\u00e9er de nouveaux liens entre les hommes, les Etats, [&hellip;]\" \/>\n<meta property=\"og:url\" content=\"https:\/\/www.clients.horus-informatique71.fr\/advocnar_backup\/2020\/04\/declaration-ufcna-apres-la-pandemie-il-faut-repenser-le-transport-aerien\/\" \/>\n<meta property=\"og:site_name\" content=\"Advocnar\" \/>\n<meta property=\"article:published_time\" content=\"2020-04-24T12:40:17+00:00\" \/>\n<meta property=\"article:modified_time\" content=\"2020-04-25T12:40:54+00:00\" \/>\n<meta property=\"og:image\" content=\"https:\/\/www.clients.horus-informatique71.fr\/advocnar_backup\/wp-content\/uploads\/2020\/04\/Declaration-UFCNA-UECNA-Stay-Grounded.png\" \/>\n\t<meta property=\"og:image:width\" content=\"919\" \/>\n\t<meta property=\"og:image:height\" content=\"688\" \/>\n\t<meta property=\"og:image:type\" content=\"image\/png\" \/>\n<meta name=\"author\" content=\"FBrochot\" \/>\n<meta name=\"twitter:card\" content=\"summary_large_image\" \/>\n<meta name=\"twitter:label1\" content=\"\u00c9crit par\" \/>\n\t<meta name=\"twitter:data1\" content=\"FBrochot\" \/>\n\t<meta name=\"twitter:label2\" content=\"Dur\u00e9e de lecture estim\u00e9e\" \/>\n\t<meta name=\"twitter:data2\" content=\"5 minutes\" \/>\n<script type=\"application\/ld+json\" class=\"yoast-schema-graph\">{\"@context\":\"https:\/\/schema.org\",\"@graph\":[{\"@type\":\"WebPage\",\"@id\":\"https:\/\/www.clients.horus-informatique71.fr\/advocnar_backup\/2020\/04\/declaration-ufcna-apres-la-pandemie-il-faut-repenser-le-transport-aerien\/\",\"url\":\"https:\/\/www.clients.horus-informatique71.fr\/advocnar_backup\/2020\/04\/declaration-ufcna-apres-la-pandemie-il-faut-repenser-le-transport-aerien\/\",\"name\":\"D\u00e9claration UFCNA : apr\u00e8s la pand\u00e9mie, il faut repenser le transport a\u00e9rien - Advocnar\",\"isPartOf\":{\"@id\":\"https:\/\/www.clients.horus-informatique71.fr\/advocnar_backup\/#website\"},\"datePublished\":\"2020-04-24T12:40:17+00:00\",\"dateModified\":\"2020-04-25T12:40:54+00:00\",\"author\":{\"@id\":\"https:\/\/www.clients.horus-informatique71.fr\/advocnar_backup\/#\/schema\/person\/28ec283f897fb44e1146415d8015d23e\"},\"breadcrumb\":{\"@id\":\"https:\/\/www.clients.horus-informatique71.fr\/advocnar_backup\/2020\/04\/declaration-ufcna-apres-la-pandemie-il-faut-repenser-le-transport-aerien\/#breadcrumb\"},\"inLanguage\":\"fr-FR\",\"potentialAction\":[{\"@type\":\"ReadAction\",\"target\":[\"https:\/\/www.clients.horus-informatique71.fr\/advocnar_backup\/2020\/04\/declaration-ufcna-apres-la-pandemie-il-faut-repenser-le-transport-aerien\/\"]}]},{\"@type\":\"BreadcrumbList\",\"@id\":\"https:\/\/www.clients.horus-informatique71.fr\/advocnar_backup\/2020\/04\/declaration-ufcna-apres-la-pandemie-il-faut-repenser-le-transport-aerien\/#breadcrumb\",\"itemListElement\":[{\"@type\":\"ListItem\",\"position\":1,\"name\":\"Accueil\",\"item\":\"https:\/\/www.clients.horus-informatique71.fr\/advocnar_backup\/\"},{\"@type\":\"ListItem\",\"position\":2,\"name\":\"D\u00e9claration UFCNA : apr\u00e8s la pand\u00e9mie, il faut repenser le transport a\u00e9rien\"}]},{\"@type\":\"WebSite\",\"@id\":\"https:\/\/www.clients.horus-informatique71.fr\/advocnar_backup\/#website\",\"url\":\"https:\/\/www.clients.horus-informatique71.fr\/advocnar_backup\/\",\"name\":\"Advocnar\",\"description\":\"Association de D\u00e9fense Contre les Nuisances A\u00e9riennes\",\"potentialAction\":[{\"@type\":\"SearchAction\",\"target\":{\"@type\":\"EntryPoint\",\"urlTemplate\":\"https:\/\/www.clients.horus-informatique71.fr\/advocnar_backup\/?s={search_term_string}\"},\"query-input\":\"required name=search_term_string\"}],\"inLanguage\":\"fr-FR\"},{\"@type\":\"Person\",\"@id\":\"https:\/\/www.clients.horus-informatique71.fr\/advocnar_backup\/#\/schema\/person\/28ec283f897fb44e1146415d8015d23e\",\"name\":\"FBrochot\",\"url\":\"https:\/\/www.clients.horus-informatique71.fr\/advocnar_backup\/author\/fbrochot\/\"}]}<\/script>\n<!-- \/ Yoast SEO plugin. -->","yoast_head_json":{"title":"D\u00e9claration UFCNA : apr\u00e8s la pand\u00e9mie, il faut repenser le transport a\u00e9rien - Advocnar","robots":{"index":"index","follow":"follow","max-snippet":"max-snippet:-1","max-image-preview":"max-image-preview:large","max-video-preview":"max-video-preview:-1"},"canonical":"https:\/\/www.clients.horus-informatique71.fr\/advocnar_backup\/2020\/04\/declaration-ufcna-apres-la-pandemie-il-faut-repenser-le-transport-aerien\/","og_locale":"fr_FR","og_type":"article","og_title":"D\u00e9claration UFCNA : apr\u00e8s la pand\u00e9mie, il faut repenser le transport a\u00e9rien - Advocnar","og_description":"Toulouse le 24 avril 2020 D\u00c9CLARATION DES RIVERAINS D\u2019A\u00c9RODROMES ET DES POPULATIONS SURVOL\u00c9ES A l&rsquo;ATTENTION DES D\u00c9CIDEURS APRES LA PANDEMIE, IL FAUT REPENSER LE TRANSPORT AERIEN ! Dans le d\u00e9veloppement multilat\u00e9ral mondial de ces 50 derni\u00e8res ann\u00e9es, le transport a\u00e9rien a \u00e9t\u00e9 l&rsquo;un des acteurs pour cr\u00e9er de nouveaux liens entre les hommes, les Etats, [&hellip;]","og_url":"https:\/\/www.clients.horus-informatique71.fr\/advocnar_backup\/2020\/04\/declaration-ufcna-apres-la-pandemie-il-faut-repenser-le-transport-aerien\/","og_site_name":"Advocnar","article_published_time":"2020-04-24T12:40:17+00:00","article_modified_time":"2020-04-25T12:40:54+00:00","og_image":[{"width":919,"height":688,"url":"https:\/\/www.clients.horus-informatique71.fr\/advocnar_backup\/wp-content\/uploads\/2020\/04\/Declaration-UFCNA-UECNA-Stay-Grounded.png","type":"image\/png"}],"author":"FBrochot","twitter_card":"summary_large_image","twitter_misc":{"\u00c9crit par":"FBrochot","Dur\u00e9e de lecture estim\u00e9e":"5 minutes"},"schema":{"@context":"https:\/\/schema.org","@graph":[{"@type":"WebPage","@id":"https:\/\/www.clients.horus-informatique71.fr\/advocnar_backup\/2020\/04\/declaration-ufcna-apres-la-pandemie-il-faut-repenser-le-transport-aerien\/","url":"https:\/\/www.clients.horus-informatique71.fr\/advocnar_backup\/2020\/04\/declaration-ufcna-apres-la-pandemie-il-faut-repenser-le-transport-aerien\/","name":"D\u00e9claration UFCNA : apr\u00e8s la pand\u00e9mie, il faut repenser le transport a\u00e9rien - Advocnar","isPartOf":{"@id":"https:\/\/www.clients.horus-informatique71.fr\/advocnar_backup\/#website"},"datePublished":"2020-04-24T12:40:17+00:00","dateModified":"2020-04-25T12:40:54+00:00","author":{"@id":"https:\/\/www.clients.horus-informatique71.fr\/advocnar_backup\/#\/schema\/person\/28ec283f897fb44e1146415d8015d23e"},"breadcrumb":{"@id":"https:\/\/www.clients.horus-informatique71.fr\/advocnar_backup\/2020\/04\/declaration-ufcna-apres-la-pandemie-il-faut-repenser-le-transport-aerien\/#breadcrumb"},"inLanguage":"fr-FR","potentialAction":[{"@type":"ReadAction","target":["https:\/\/www.clients.horus-informatique71.fr\/advocnar_backup\/2020\/04\/declaration-ufcna-apres-la-pandemie-il-faut-repenser-le-transport-aerien\/"]}]},{"@type":"BreadcrumbList","@id":"https:\/\/www.clients.horus-informatique71.fr\/advocnar_backup\/2020\/04\/declaration-ufcna-apres-la-pandemie-il-faut-repenser-le-transport-aerien\/#breadcrumb","itemListElement":[{"@type":"ListItem","position":1,"name":"Accueil","item":"https:\/\/www.clients.horus-informatique71.fr\/advocnar_backup\/"},{"@type":"ListItem","position":2,"name":"D\u00e9claration UFCNA : apr\u00e8s la pand\u00e9mie, il faut repenser le transport a\u00e9rien"}]},{"@type":"WebSite","@id":"https:\/\/www.clients.horus-informatique71.fr\/advocnar_backup\/#website","url":"https:\/\/www.clients.horus-informatique71.fr\/advocnar_backup\/","name":"Advocnar","description":"Association de D\u00e9fense Contre les Nuisances A\u00e9riennes","potentialAction":[{"@type":"SearchAction","target":{"@type":"EntryPoint","urlTemplate":"https:\/\/www.clients.horus-informatique71.fr\/advocnar_backup\/?s={search_term_string}"},"query-input":"required name=search_term_string"}],"inLanguage":"fr-FR"},{"@type":"Person","@id":"https:\/\/www.clients.horus-informatique71.fr\/advocnar_backup\/#\/schema\/person\/28ec283f897fb44e1146415d8015d23e","name":"FBrochot","url":"https:\/\/www.clients.horus-informatique71.fr\/advocnar_backup\/author\/fbrochot\/"}]}},"_links":{"self":[{"href":"https:\/\/www.clients.horus-informatique71.fr\/advocnar_backup\/wp-json\/wp\/v2\/posts\/75806"}],"collection":[{"href":"https:\/\/www.clients.horus-informatique71.fr\/advocnar_backup\/wp-json\/wp\/v2\/posts"}],"about":[{"href":"https:\/\/www.clients.horus-informatique71.fr\/advocnar_backup\/wp-json\/wp\/v2\/types\/post"}],"author":[{"embeddable":true,"href":"https:\/\/www.clients.horus-informatique71.fr\/advocnar_backup\/wp-json\/wp\/v2\/users\/10"}],"replies":[{"embeddable":true,"href":"https:\/\/www.clients.horus-informatique71.fr\/advocnar_backup\/wp-json\/wp\/v2\/comments?post=75806"}],"version-history":[{"count":17,"href":"https:\/\/www.clients.horus-informatique71.fr\/advocnar_backup\/wp-json\/wp\/v2\/posts\/75806\/revisions"}],"predecessor-version":[{"id":75824,"href":"https:\/\/www.clients.horus-informatique71.fr\/advocnar_backup\/wp-json\/wp\/v2\/posts\/75806\/revisions\/75824"}],"wp:featuredmedia":[{"embeddable":true,"href":"https:\/\/www.clients.horus-informatique71.fr\/advocnar_backup\/wp-json\/wp\/v2\/media\/75808"}],"wp:attachment":[{"href":"https:\/\/www.clients.horus-informatique71.fr\/advocnar_backup\/wp-json\/wp\/v2\/media?parent=75806"}],"wp:term":[{"taxonomy":"category","embeddable":true,"href":"https:\/\/www.clients.horus-informatique71.fr\/advocnar_backup\/wp-json\/wp\/v2\/categories?post=75806"},{"taxonomy":"post_tag","embeddable":true,"href":"https:\/\/www.clients.horus-informatique71.fr\/advocnar_backup\/wp-json\/wp\/v2\/tags?post=75806"}],"curies":[{"name":"wp","href":"https:\/\/api.w.org\/{rel}","templated":true}]}}