{"id":75826,"date":"2020-04-30T19:24:35","date_gmt":"2020-04-30T17:24:35","guid":{"rendered":"https:\/\/www.clients.horus-informatique71.fr\/advocnar_backup\/?p=75826"},"modified":"2020-06-08T15:36:00","modified_gmt":"2020-06-08T13:36:00","slug":"participez-a-loperation-des-oiseaux-pas-davions","status":"publish","type":"post","link":"https:\/\/www.clients.horus-informatique71.fr\/advocnar_backup\/2020\/04\/participez-a-loperation-des-oiseaux-pas-davions\/","title":{"rendered":"Participez \u00e0 l\u2019op\u00e9ration \u201cDes oiseaux, pas d\u2019avions\u201d"},"content":{"rendered":"\n<blockquote class=\"wp-block-quote\"><p>L&rsquo; avion n\u00e9cessaire pour les longs trajets dans le monde entier.<br>Mais, quelle joie pendant ces 3 mois, notre ciel sans avion, sans trafic, quelle chance pour l&rsquo;Environnement,sans vrombissement de moteurs des avions qui prennent leur couloir pour se poser ou (partir) de ROISSY, ne plus voir tous les matins vers 4h50 de la fen\u00eatre de ma chambre ce vol habituel et appr\u00e9cier donc d&rsquo;\u00eatre r\u00e9veill\u00e9e par les cris des canards dans mon ETANG, si cela pouvait continuer.<br>Il faudrait arr\u00eater ces vols de nuit au dessus de notre DEPARTEMENT, r\u00e9guler le nombre de vols.<br>Pensez aux VALDOISIENS, nous avons besoin de repos de calme,le confinement sans ces nuisances, sans ces vibrations en pleine nuit qui sont insupportables, confirme les dires de Nietzsche \u00a0\u00bb Le bruit assassine les pens\u00e9es\u00a0\u00bb<br>Ce confinement devrait aider \u00e0 prendre conscience. <\/p><cite> FIFI &#8211; LOYALE\u00a0 Ginny Franconville la Garenne  <\/cite><\/blockquote>\n\n\n\n<blockquote class=\"wp-block-quote\"><p> Je suis arriv\u00e9e \u00e0 Montmorency, l&rsquo;ann\u00e9e derni\u00e8re \u00e0 la fin du printemps.  J&rsquo;ai choisi cette ville pour sa verdure et sa for\u00eat toute proche.  Je r\u00eavais d&rsquo;un bon air et de chants d&rsquo;oiseaux&#8230;<br>En arrivant j&rsquo;ai imm\u00e9diatement connu l&rsquo;enfer sur terre : un m\u00e9lange  entre la canicule et les cargos toutes les 2 minutes m\u00eame la nuit qui  font trembler le cerveau ! Je suis d&rsquo;ailleurs tomb\u00e9e malade, une  pneumonie. C&rsquo;est vrai que gr\u00e2ce au conffinement, je me suis rapproch\u00e9e de mes  r\u00eaves, j&rsquo;ai d\u00e9couvert la ville et j&rsquo;ai commenc\u00e9 \u00e0 la voir et \u00e0 l&rsquo;aimer. J&rsquo;ai esp\u00e9r\u00e9 que cela pourrait peut \u00eatre perdurer gr\u00e2ce \u00e0 la prise de conscience des Hommes !<br> Aujourd&rsquo;hui, milieu de la nuit, c&rsquo;\u00e9tait r\u00e9parti !  Fen\u00eatres ferm\u00e9es, adieu \u00e0 la chouette qui ber\u00e7ait mon sommeil. Comment a-t-on pu en arriver l\u00e0 ? <\/p><cite>Dominique, triste<\/cite><\/blockquote>\n\n\n\n<blockquote class=\"wp-block-quote\"><p> durant ce confinement, nous faisons chaque une vid\u00e9o pour         rester d&rsquo;une certaine mani\u00e8re en contact avec les petits-enfants.<br>Certaines sont tourn\u00e9es dans le jardin. J&rsquo;ai commenc\u00e9 \u00e0 faire une <br>compilation de celles-ci. Les premi\u00e8res sont perturb\u00e9es par le bruit <br>des avions. Depuis quelques temps nous nous surprenons \u00e0 dire aux enfants : \u00a0\u00bb Vous  entendez les oiseaux\u00a0\u00bb. Leur chant est devenu pr\u00e9dominant. Et on ne peut m\u00eame pas dire pourvu que \u00e7a dure. Je pourrais rajouter que derni\u00e8rement le beau-p\u00e8re de mon fils est venu \u00e0 Soisy. Il n&rsquo;est pas fran\u00e7ais et ne le parle pas. Il est d\u00e9j\u00e0 venu chez nous  plusieurs fois. Les conversations sont limit\u00e9es, il ne parle pas un mot de fran\u00e7ais et je connais peu de mots de sa langue natale.<br>Le peu de paroles \u00e9chang\u00e9es ont \u00e9t\u00e9 pour nous faire remarquer qu&rsquo;il <br>n&rsquo;y avait plus d&rsquo;avions. A ce moment l\u00e0, je me suis dit que la diff\u00e9rence avec ce qu&rsquo;il avait eu l&rsquo;habitude d&rsquo;entendre lors de ses pr\u00e9c\u00e9dents s\u00e9jours \u00e0 Soisy \u00e9tait si importante qu&rsquo;il a trouv\u00e9 que cela valait la peine de vaincre la barri\u00e8re de la langue. <\/p><cite> GC Soisy <\/cite><\/blockquote>\n\n\n\n<blockquote class=\"wp-block-quote\"><p>Ce que l&rsquo;\u00eatre  humain \u00e9tait incapable de faire, un simple virus l&rsquo;a fait : stopper du  jour au lendemain le transport a\u00e9rien engag\u00e9 depuis des ann\u00e9es dans une  spirale effr\u00e9n\u00e9e de d\u00e9veloppement contre nature ou le riverain est  bafou\u00e9 sur l&rsquo;autel de la croissance \u00e0 n&rsquo;importe quel  prix au sens  propre et figur\u00e9.Les cons\u00e9quences sanitaires, on verra plus tard, les  cons\u00e9quences environnementales, on verra plus tard, il faut voler, faire  voler le plus de monde possible avec pour cons\u00e9quence de voler pour  toujours la qualit\u00e9 de vie de millions de riverains, dans quel but ?  N&rsquo;est ce pas le moment de nous poser la question au calme, gr\u00e2ce \u00e0 des  nuits r\u00e9paratrices, des journ\u00e9es paisibles rythm\u00e9es par le chant des  oiseaux, parfum\u00e9es par les senteurs d&rsquo;une nature retrouv\u00e9e.<br>Le monde d&rsquo;apr\u00e8s ne pourra plus \u00eatre celui d&rsquo;avant, prions pour que les politiques et nous tous le comprenions enfin ! <\/p><cite>DECOSTER Denis<\/cite><\/blockquote>\n\n\n\n<blockquote class=\"wp-block-quote\"><p>L&rsquo;avion n\u00e9cessaire pour les longs trajets dans le monde entier.<br>Mais, quelle joie pendant ces 3 mois, notre ciel sans avion, sans trafic, quelle chance pour l&rsquo;Environnement,sans vrombissement de moteurs des avions qui prennent leur couloir pour se poser ou (partir) de ROISSY, ne plus voir tous les matins vers 4h50 de la fen\u00eatre de ma chambre ce vol habituel et appr\u00e9cier donc d&rsquo;\u00eatre r\u00e9veill\u00e9e par les cris des canards dans mon ETANG, si cela pouvait continuer.<br>Il faudrait arr\u00eater ces vols de nuit au dessus de notre DEPARTEMENT, r\u00e9guler le nombre de vols.<br>Pensez aux VALDOISIENS, nous avons besoin de repos de calme,le confinement sans ces nuisances, sans ces vibrations en pleine nuit qui sont insupportables, confime les dires de Nietzsche \u00a0\u00bb Le bruit assassine les pens\u00e9es\u00a0\u00bb <\/p><cite> Ginny FIFI-LOYALE <\/cite><\/blockquote>\n\n\n\n<blockquote class=\"wp-block-quote\"><p> Ce confinement aura permis de pouvoir vivre sans avions.  A Sannois, quartier Pasteur, pendant le confinement, le calme est revenu. La nature a reprit  ses droits, les oiseaux chantent. L&rsquo;air y est plus respirable. La nuit  nous pouvons enfin ouvrir les fen\u00eatres pour dormir, ce qui \u00e9tait  impossible avant. Nous profitons du jardin alors qu&rsquo;avant, nous ne  sortions jamais. Ce calme est un droit, on ne comprend pas  pourquoi on devrait accepter le retour de cette souffrance. Ce qui est  incompr\u00e9hensible, c&rsquo;est que pour a\u00e9roport de Paris, la ville de Sannois  ne subit pas de d\u00e9sagr\u00e9ment. Lors de l&rsquo;achat de notre maison en 2019,  personne ne nous a dit qu&rsquo;il y avait des nuisances li\u00e9s aux avions. Le  Pr\u00e9sident de la r\u00e9publique propose de \u00ab\u00a0tout r\u00e9inventer\u00a0\u00bb. Alors, trouvons  des solutions pour pr\u00e9server le calme et la sant\u00e9 des habitants du val  d&rsquo;Oise. Nous voulons vivre normalement, l&rsquo;incoh\u00e9rence et les mensonges  d&rsquo;a\u00e9roport de Paris doivent cesser et \u00eatre d\u00e9nonc\u00e9s. La r\u00e9alit\u00e9 c&rsquo;est un  avion toute les 50 secondes en heure de pointe, le silence n&rsquo;existe pas&#8230;  Aujourd&rsquo;hui, sans avion, notre vie n&rsquo;est plus la m\u00eame, notre ville  respire \u00e0 nouveau.&nbsp;<br>Cette crise du Corona virus  peut faire changer les choses&#8230; C&rsquo;est maintenant qu&rsquo;il faut agir. Nous  avons la volont\u00e9, il faut trouver les moyens et avoir le courage de le  faire&#8230; <br><br>Alors faut t&rsquo;il retrouver le trafic a\u00e9rien et  l&rsquo;augmenter encore ? \u00c9loigner les avions de l&rsquo;ile de France ? Je ne  saurais vous trouver une solution toute faite mais il est temps  d&rsquo;inverser le cours des choses et de modifier les routes de ces navires  polluant n\u00e9fastes pour les habitants. <\/p><cite> Mathieu, habitant \u00e0 Sannois quartier Pasteur. <\/cite><\/blockquote>\n\n\n\n<blockquote class=\"wp-block-quote\"><p> \u00ab\u00a0Pas d&rsquo;avions :  un silence qui nous permet de profiter des oiseaux, moins de pollution, mais aussi un immense plaisir d&rsquo;avoir un ciel bleu pur, plus de train\u00e9es blanches (chemtrails) qui z\u00e8brent le ciel.<br>Cette p\u00e9riode de confinement doit nous obliger \u00e0 r\u00e9fl\u00e9chir \u00e0 la suite et surtout \u00e0 se poser la question de l&rsquo;utilit\u00e9 de la construction d&rsquo;un nouveau terminal qui fera augmenter consid\u00e9rablement le trafic a\u00e9rien au-dessus de notre belle r\u00e9gion. <\/p><cite> MS &#8211; Franconville <\/cite><\/blockquote>\n\n\n\n<blockquote class=\"wp-block-quote\"><p>Enfin on arrive \u00e0 se parler dans le jardin ! Notre voix n&rsquo;est plus <br>couverte par les avions. Le matin, pas de r\u00e9veil intempestif avec le <br>passage des avions avant 5 heures. Les oiseaux se font de nouveau <br>entendre. Une vie de r\u00eave, ce confinement, c&rsquo;est comme si on habitait en <br>pleine campagne ce silence. L&rsquo;impression d&rsquo;\u00eatre repos\u00e9 et en vacances.<br>J&rsquo;appr\u00e9hende beaucoup le red\u00e9marrage du trafic. <\/p><cite> Catherine Mandonnet <\/cite><\/blockquote>\n\n\n\n<blockquote class=\"wp-block-quote\"><p>Depuis la crise dite COVID19, l\u2019activit\u00e9 a\u00e9rienne a  fortement baiss\u00e9 sous le doublet nord de Roissy et le chant des oiseaux  est en effet beaucoup plus audible en journ\u00e9e. Le passage des avions en  est rendu d\u2019autant plus insupportable, il est clair qu\u2019il n\u2019y a aucun  ph\u00e9nom\u00e8ne d\u2019accoutumance \u00e0 cette nuisance, on sent bien son petit coeur  battre dans sa poitrine \u00e0 chaque vrombissement.<br>La  nuit, le trafic a\u00e9rien a diminu\u00e9 \u00e9galement, mais il subsiste  suffisamment de vols pour nous r\u00e9veiller \u00e0 toute heure et ruiner notre  sommeil. Ces avions nocturnes transportant  exclusivement des marchandises, il faut s\u2019interroger sur nos modes de  consommation et leurs effets d\u00e9sastreux. On dira que  cela est bon pour l\u2019\u00e9conomie mais les faits sont l\u00e0 et nous savons que  la croissance du trafic a\u00e9rien ne profite qu&rsquo;\u00e0 tr\u00e8s peu d\u2019individus tout  en utilisant beaucoup d\u2019argent public (donc les imp\u00f4ts de tout le  monde).<br>Les clients de l\u2019a\u00e9rien, eux, repr\u00e9sentent au maximum aux 5 \u00e0 10 % de la population mondiale. L\u2019avion  vert fait partie d\u2019un futur trop hypoth\u00e9tique et la croissance sans fin  fond\u00e9e sur les \u00e9nergies fossiles se paiera tr\u00e8s bient\u00f4t \u00e0 un prix trop  fort pour que nos enfants puissent survivre :<br>&#8211; pollutions chimiques diverses compl\u00e8tement sous-estim\u00e9es (le CO2 n\u2019est pas seul en cause)&nbsp;<br>&#8211; nuisances sonores qui rendent malades des millions de citoyens, pour ne parler que de la France.<br>Nous  disposons de toutes les \u00e9tudes concernant ces effets d\u00e9l\u00e9t\u00e8res et nous  devons faire face \u00e0 cette r\u00e9alit\u00e9 toute simple : il faut utiliser  l&rsquo;a\u00e9rien de fa\u00e7on beaucoup plus raisonnable, d\u00e8s que possible. Ce n\u2019est  sans doute pas agr\u00e9able \u00e0 entendre mais nous avons bien encadr\u00e9 ou  interdit l\u2019utilisation de certaines substances toxiques comme le tabac  pour des raisons de sant\u00e9 publique.&nbsp;<br>Nous saurons le faire pour qu\u2019il y ait encore demain des oiseaux dans le jardins et des humains pour les \u00e9couter.&nbsp; <\/p><cite>Catherine<\/cite><\/blockquote>\n\n\n\n<blockquote class=\"wp-block-quote\"><p> Oui, il n&rsquo;est plus un secret que l&rsquo;avion occupe une place importante dans la destruction de l&rsquo;\u00e9cosyst\u00e8me. Aussi  ce confinement a montr\u00e9 \u00e0 quel point la nature subissait les ravages de  ce trafic a\u00e9rien incessant au dessus de l&rsquo;ile&nbsp;de France. J&rsquo;ai appr\u00e9ci\u00e9 tout d&rsquo;abord d&rsquo;\u00eatre r\u00e9veill\u00e9e le matin par quelques passereaux dans les arbres en bas de mon immeuble. Quelle  belle surprise lors de mes promenades quotidiennes d&rsquo;une heure,  d&rsquo;entendre le bruissement des feuilles, le chant de m\u00e9sanges, de voir  voleter des tourterelles et m\u00eame de voir un pinson ou un rouge gorge  familier se poser sur une cl\u00f4ture tout pr\u00e8s de moi, sans peur. J&rsquo;ai revu  plus de papillons de couleurs et des coccinelles. J&rsquo;ai  peu red\u00e9couvrir des senteurs florales rempla\u00e7ant l&rsquo;odeur habituelle de  la pollution et du carozene&nbsp;&#8211; Depuis le d\u00e9confinement partiel, je  parcours des for\u00eats du Val d&rsquo;Oise sans vrombissement de moteurs des  avions qui prennent leur couloir pour se poser \u00e0 Roissy. Je r\u00eave que cela continue, que notre nature si fragile soit pr\u00e9serv\u00e9e. Je  sais bien que l&rsquo;avion reste n\u00e9cessaire pour les grands trajets \u00e0  travers le monde mais seulement prendre conscience de r\u00e9guler le nombre  des vols, d&rsquo;arr\u00eater les vols de nuit au-dessus de nos d\u00e9partements et  surtout de ne plus construire des terminaux et pistes pour accueillir  des vols et des vols &#8230;&#8230;&#8230;&#8230;..<br>Ce confinement doit \u00eatre une prise de conscience<br><br> <\/p><cite> AA&nbsp; Franconville   <\/cite><\/blockquote>\n\n\n\n<blockquote class=\"wp-block-quote\"><p> Il est tr\u00e8s agr\u00e9able de red\u00e9couvrir le chant des oiseaux,  de pouvoir  parler dans le jardin sans devoir s&rsquo;interrompre parce qu&rsquo;un avion passe :  on ne s&rsquo;entend pas parler quand ils passent \u00e0 proximit\u00e9 d&rsquo;autant que le  couloir a\u00e9rien se rapproche de mon habitation l&rsquo;\u00e9t\u00e9. Nous nous sommes  habitu\u00e9s \u00e0 dormir avec le bruit des avions mais les amis qui passent  dormir sont tr\u00e8s g\u00ean\u00e9s. Nous red\u00e9couvrons une nouvelle qualit\u00e9 de nos  nuits depuis l&rsquo;arr\u00eat des avions.A la reprise du trafic, j&rsquo;aimerais un gestion plus respectueuse du sommeil et des cr\u00e9neaux 12h-17h les week-end&#8230;<br>J&rsquo;esp\u00e8re  que les habitu\u00e9s des avions auront pris conscience que certains de  leurs d\u00e9placements peuvent \u00eatre remplac\u00e9s par de la visioconf\u00e9rence&#8230; <\/p><cite> MAB Deuil la Barre&nbsp; <\/cite><\/blockquote>\n\n\n\n<blockquote class=\"wp-block-quote\"><p>Quel contraste!<br>Enfin nous pouvons ouvrir les fen\u00eatres la nuit, bien  dormir et profiter du chant merveilleux des oiseaux que nous appr\u00e9cions  d\u2019autant plus.<br>Quelqu\u2019un a dit \u00ab Renaissance \u00bb, mot adapt\u00e9 en ce tr\u00e8s  beau printemps (malgr\u00e9 le Covid-19); excellente r\u00e9colte de miel (du  fait de l\u2019absence d\u2019avions??) Les avions reviendront probablement,  qu\u2019on en profite pour leur faire respecter les r\u00e8gles \u00e9l\u00e9mentaires que  nous demandons, pas de vol de nuit, respect des trajectoires,  \u00e9limination des avions bruyants, chasse aux avions qui ouvrent leur  train d\u2019atterrissage trop t\u00f4t, etc&#8230;<br>Et bien s\u00fbr r\u00e9duction du nombre de vols et ajournement du Terminal 4<br>Que ce printemps ne soit pas qu\u2019une parenth\u00e8se! <\/p><cite> Thibault de Montmorency  <\/cite><\/blockquote>\n\n\n\n<blockquote class=\"wp-block-quote\"><p> Depuis 2 mois, bien que confin\u00e9s, c\u2019est paradoxalement la vie sociale  qui reprend gr\u00e2ce au ciel sans avion : on se parle sans crier entre  voisins ou dans la rue, \u00e0 distance. On entend le souffle du vent et les  oiseaux. Les arbres et les plantes ne sont plus souill\u00e9s de ce film  huileux de k\u00e9ros\u00e8ne qui envahi l\u2019atmosph\u00e8re habituellement.<br>On r\u00e9pare notre sant\u00e9 gr\u00e2ce \u00e0 un sommeil au calme, sans bruit a\u00e9rien nocturne, la fen\u00eatre ouverte sur un air moins pollu\u00e9.<br>Esp\u00e9rons  que le trafic reprendra avec mod\u00e9ration, et jamais la nuit, que le  projet de terminal T4, devenu sans int\u00e9r\u00eat, sera abandonn\u00e9 comme  Europacity. On accoutume plus volontiers notre vie sociale \u00e0 un monde  provisoirement \u00ab sans contact \u00bb qu\u2019\u00e0 un monde survol\u00e9 de trop d\u2019avions  polluants, bruyants et biocides. <\/p><cite> <br>Olivier de Soisy sous Montmorency <\/cite><\/blockquote>\n\n\n\n<blockquote class=\"wp-block-quote\"><p>Un instant de gr\u00e2ce, le silence et le chant des oiseaux &#8230; S&rsquo;endormir <br>et se r\u00e9veiller dans le silence&#8230;. un grand luxe qu&rsquo;il est urgent de <br>savourer avant le retour de la grande cavalerie des avions. Je ne me r\u00e9veille plus la nuit, que c&rsquo;est bon ! Je n&rsquo;ai plus besoin de hausser le son du t\u00e9l\u00e9viseur pour \u00e9couter mes programmes, je peux enfin l\u00e2cher ma t\u00e9l\u00e9commande ! Je profite de mon jardin et des petits oiseaux . Souvent maintenant je pense \u00e0 mes jeunes ann\u00e9es \u00e0 la campagne o\u00f9 le silence \u00e9tait roi et je suis heureuse de retrouver ce bonheur l\u00e0. <\/p><cite> Jacqueline &#8211; Saint Prix <\/cite><\/blockquote>\n\n\n\n<blockquote class=\"wp-block-quote\"><p> Qu&rsquo;il est agr\u00e9able de red\u00e9couvrir le chant des oiseaux et de prendre le temps de les observer. Ainsi fauvettes, merles, troglodytes mignons, m\u00e9sanges, chardonnerets nous ont enchant\u00e9 pendant le confinement.<br>C&rsquo;est un vrai plaisir partag\u00e9 avec beaucoup de mes amis. <\/p><cite> Nadine Sense <\/cite><\/blockquote>\n\n\n\n<blockquote class=\"wp-block-quote\"><p>Moins (beaucoup moins) d&rsquo;avions, et nous pouvons ainsi profiter du calme  et du chant des oiseaux qui reviennent dans notre jardin. Un vrai  bonheur. <\/p><cite>Josette et Philippe<\/cite><\/blockquote>\n\n\n\n<blockquote class=\"wp-block-quote\"><p>Depuis plusieurs semaines, la nature reprend ses droits. Ainsi, \u00e0 c\u00f4t\u00e9  des grands oiseaux (pies, pigeons), reviennent des cat\u00e9gories plus  petites, notamment les m\u00e9sanges. Celles-ci profitent du silence revenu  pour se r\u00e9fugier dans nos arbres et pour se rasasier des cerises de  Montmorency. Ces fruits ont d&rsquo;ailleurs retrouv\u00e9 leur couleur rouge vif.  Elle n&rsquo;est plus ternie par cette couche noire de poussi\u00e8re grasse qui  \u00e9tait \u00e9mise par les avions venant se poser \u00e0 Roissy CdG.  <\/p><cite>FB<\/cite><\/blockquote>\n\n\n\n<blockquote class=\"wp-block-quote\"><p>Comme il est doux d\u2019\u00eatre r\u00e9veill\u00e9 au petit  matin par le chant des oiseaux plut\u00f4t que par le \u00ab vrombissement \u00bb des  avions toutes les deux minutes\u2026 connaitre le plaisir de dormir fen\u00eatres  ouvertes \u00e0 Soisy. Un geai a \u00e9lu domicile dans le Tulipier  du Japon juste devant mes fen\u00eatres. Son chant, bien que peu m\u00e9lodieux,  est au combien plus agr\u00e9able que des r\u00e9acteurs\u2026 nous revoyons des  rougegorges, l\u2019horizon n\u2019est plus gris mais bleu. Et si l\u2019on disait MERCI au covid de nous  avoir permis de connaitre un monde plus propre, moins bruyant sans tous  ces avions ? et si nous faisions en sorte de rester tel quel ?  donnons-nous les moyens de lutter contre ADP et ses contrev\u00e9rit\u00e9s !  un monde sans avion est juste utopique mais il nous faut raison garder  et en limiter son utilisation pour un monde plus propre, plus  respirable. Apprenons \u00e0 vivre plus simplement, plus proprement. <\/p><cite> Paul  de Soisy sous Montmorency <\/cite><\/blockquote>\n\n\n\n<blockquote class=\"wp-block-quote\"><p>Quel paradoxe, depuis le d\u00e9but du confinement nous les sacrifi\u00e9s du trafic a\u00e9rien, nous sommes d\u00e9-confin\u00e9s !<br>Finis les jours et les nuits enferm\u00e9s dans nos logements devenus des  refuges antibruit. Finies les courtes nuits de sommeil et les chambres  \u00e9tuves aux fen\u00eatres closes<br>Bonjour les fen\u00eatres ouvertes sur le monde ext\u00e9rieur et la nature.<br>Bonjour les chants d&rsquo;oiseaux, le bourdonnement des insectes, le bruissement des feuilles dans le vent.<br>Bonjour les voisins que j&rsquo;entends vivre et qui me paraissent si proches tout \u00e0 coup.<br>Enfin le plaisir d&rsquo;\u00eatre dans mon jardin et de pouvoir me connecter avec la nature, la vie, les cieux. <\/p><p>La reprise du trafic infernal ? Les vols de nuit ? Plus jamais \u00e7a !<br>50% de trafic en plus avec le projet de terminal 4 ? JAMAIS !! <\/p><cite>Charles<\/cite><\/blockquote>\n\n\n\n<blockquote class=\"wp-block-quote\"><p> Merci pour vos initiatives plus que jamais incontournables et  encourageantes pour celles et ceux qui aspirent \u00e0 une autre construction  sociale et \u00e9cologique. Je crois chaque jour r\u00eaver tant la symphonie  des oiseaux libres de leur partition peut clouer le bec des r\u00e9acteurs  briseurs de notre quotidien. Je sais que ce n&rsquo;est qu&rsquo;une parenth\u00e8se  dans un monde fr\u00e9n\u00e9tique et aveugle mais si au moins nous pouvions faire  avancer quelques points comme l&rsquo;abandon de l&rsquo;extension de l&rsquo;a\u00e9roport et  la suppression totale des vols de nuit.  <\/p><cite> Fabien Gombert. (Montmorency)  <\/cite><\/blockquote>\n\n\n\n<blockquote class=\"wp-block-quote\"><p> \u00ab Merci pour cette belle initiative. Il  est, en effet, urgent de r\u00e9duire nos \u00e9missions de gaz, de stress et de  bruit. Les oiseaux sont revenus, faites-en sorte qu\u2019ils restent avec  nous \u00bb<br> &nbsp; <\/p><cite> Fr\u00e9d\u00e9ric, Eaubonne. <\/cite><\/blockquote>\n\n\n\n<blockquote class=\"wp-block-quote\"><p>Les oiseaux, oui, il  est certain que nous les red\u00e9couvrons. Par exemple, un couple de pinson  a \u00e9lu domicile dans notre rue ; chaque jour nous le guettons et ils  nous \u00e9gaillent de leur \u00ab twitt, twitt \u00bb. Il  se dit m\u00eame que, en absence de bruit, le chant des oiseaux se fait plus  harmonieux, plus fort\u2026 comme si ils se r\u00e9appropriaient un territoire  plus vaste, \u00e0 leur \u00e9chelle.<br>Mais  il y a aussi les insectes : dans le silence, on apprend \u00e0 identifier \u00e0  la seule vibration de leurs ailes diff\u00e9rentes esp\u00e8ces : telle abeille  solitaire grignote du bois, telle gu\u00eape d\u00e9cortique un tuteur en bambou,  deux gros bourdons s\u2019affolent en butinant des pavots\u2026<br>Les  avions aussi \u00e9mettent des vibrations. Mais nous font surtout prendre  conscience, h\u00e9las, de tous les travers de cet ancien monde : toujours  plus vite, toujours plus loin, toujours plus souvent.<br>Alors qu\u2019\u00e0 cinquante centim\u00e8tres, sous nos yeux, un univers s\u2019offre \u00e0 votre d\u00e9couverte. <\/p><cite>  Christophe, Saint-Leu-la-For\u00eat  <\/cite><\/blockquote>\n\n\n\n<blockquote class=\"wp-block-quote\"><p>Ce confinement aura permis de pouvoir vivre sans avions.  A Sannois, quartier Pasteur, le calme est revenu. La nature a reprit  ses droits, les oiseaux chantent. L&rsquo;air y est plus respirable. La nuit  nous pouvons enfin ouvrir les fen\u00eatres pour dormir, ce qui \u00e9tait  impossible avant. Nous profitons du jardin alors qu&rsquo;avant, nous ne  sortions jamais. Ce calme est juste un droit, on ne comprend pas  pourquoi on devrait accepter le retour de cette souffrance. Ce qui est  incompr\u00e9hensible, c&rsquo;est que pour a\u00e9roport de Paris, la ville de Sannois  ne subit pas de d\u00e9sagr\u00e9ment. Lors de l&rsquo;achat de notre maison en 2019,  personne ne nous a dit qu&rsquo;il y avait des nuisances li\u00e9s aux avions. Le  Pr\u00e9sident de la r\u00e9publique propose de \u00ab\u00a0tout r\u00e9inventer\u00a0\u00bb. Alors, trouvons  des solutions pour pr\u00e9server le calme et la sant\u00e9 des habitants du val  d&rsquo;Oise. Nous voulons vivre normalement, l&rsquo;incoh\u00e9rence et les mensonges  d&rsquo;a\u00e9roport de Paris doivent cesser et \u00eatre d\u00e9nonc\u00e9s. La r\u00e9alit\u00e9 c&rsquo;est un  avion toute les minutes en heure de pointe, le silence n&rsquo;existe pas&#8230;  Aujourd&rsquo;hui, sans avion, notre vie n&rsquo;est plus la m\u00eame, notre ville  respire \u00e0 nouveau.&nbsp;<br>Cette crise du Coronavirus  peut faire changer les choses&#8230; C&rsquo;est maintenant qu&rsquo;il faut agir. Nous  avons la volont\u00e9, il faut trouver les moyens et avoir le courage de le  faire&#8230;&nbsp; <\/p><cite> Mathieu Cabanes, habitant \u00e0 Sannois quartier Pasteur. <\/cite><\/blockquote>\n\n\n\n<blockquote class=\"wp-block-quote\"><p> Oui j\u2019applaudis \u00e0 ce plaidoyer car ces semaines sans avion dans la journ\u00e9e  ont \u00e9t\u00e9 une renaissance ici au nord de Paris :<br> &#8211;Une visibilit\u00e9 beaucoup plus claire sur Paris depuis le haut  d\u2019Andilly,<br> &#8211;Plus cette couche noire sur les feuilles du cam\u00e9lia de mon balcon et sur  ma petite table blanche<br> &#8211;Et surtout la possibilit\u00e9 de me tenir sur le balcon par ces belles  journ\u00e9es ensoleill\u00e9es sans le vacarme des avions toutes les deux  minutes&#8230; <\/p><cite> M.B.<br> Soisy sous Montmorency <\/cite><\/blockquote>\n\n\n\n<blockquote class=\"wp-block-quote\"><p> Depuis le confinement, j&rsquo;ai remarqu\u00e9 non seulement le chant des oiseaux et un calme plus grand &#8212; les avions n&rsquo;\u00e9tant presque plus l\u00e0 &#8212; mais un air beaucoup plus pur. Ceci est d\u00fb en partie, bien s\u00fbr, \u00e0 la r\u00e9duction du nombre de voitures sur les routes, mais les avions contribuent aussi \u00e0 l&rsquo;\u00e9touffement de nos villes en banlieue nord. Aussi est-il formidable de pouvoir respirer profond\u00e9ment sans tousser et de sentir les bonnes odeurs des fleurs du printemps. Je n&rsquo;ai jamais connu \u00e0 Deuil-la-Barre ainsi, dans plus de 20 ans de vie ici ! Il fait  bon y vivre \u00e0 pr\u00e9sent ! Alors, bien que je m&rsquo;inqui\u00e8te pour  l&rsquo;\u00e9conomie du pays et l&rsquo;augmentation de la pauvret\u00e9, je redoute aussi le retour \u00e0 ce qu&rsquo;on appelle \u00ab\u00a0la normale\u00a0\u00bb, avec tout ce trafic.&nbsp;  <\/p><cite>Janet de Deuil-la-Barre<\/cite><\/blockquote>\n\n\n\n<blockquote class=\"wp-block-quote\"><p>Quel plaisir de retrouver le bruit du vent dans les feuilles, les appels des m\u00e9sanges, le cri du pic vert qui ne se g\u00e8ne pas pour se poser sur la  pelouse o\u00f9 il trouve son casse croute. Le matin vers 7h, c&rsquo;est  le concert de tous merle, m\u00e9sanges, troglodyte, rouge gorge&#8230; plus tard et moins m\u00e9lodieux les pies, les pigeons, les corneilles, m\u00eame la buse attaqu\u00e9e bien haut dans le ciel par deux corneilles : la vie, quoi&#8230; <br>Quel plaisir de pouvoir les \u00e9couter \u00e0 nouveau. Je voudrai que ce moment magique sans trop d&rsquo;avions dure&#8230;. <\/p><cite> Valic Saint Leu la For\u00eat <\/cite><\/blockquote>\n\n\n\n<blockquote class=\"wp-block-quote\"><p> Le ciel s&rsquo;est apais\u00e9,<br>Et ce calme salvateur nous ressource.<br>Moins d&rsquo;avions, pour nous, cela signifie<br>D\u00e9jeuner dans le jardin<br>Bouquiner<br>Jardiner<br>Profiter des fen\u00eatres ouvertes<br>Sortir sans \u00eatre assourdi<br>Entendre les oiseaux et les cloches de l&rsquo;\u00e9glise&#8230;<br>Le vent d&rsquo;est a souffl\u00e9 durant 6 semaines cons\u00e9cutives : en temps normal, trafic normal, nous serions devenus fous.<br>L&rsquo;avenir  id\u00e9al n&rsquo;est pas sans avions car les voyages sont une richesse, mais un  maximum de 200 avions par jour au-dessus de notre commune au lieu des  400 parfois constat\u00e9s semble raisonnable.<br>Pour que le monde d&rsquo;apr\u00e8s soit meilleur que celui d&rsquo;avant.<br>Pour que l&rsquo;Ile de France reste vivable&#8230; <\/p><cite>Laurence de St Prix<\/cite><\/blockquote>\n\n\n\n<blockquote class=\"wp-block-quote\"><p>Le calme, le silence, un air pur, des choses que l&rsquo;on avaient oubli\u00e9es.             Que l&rsquo;on ne retrouvait qu&rsquo;une fois par an lorsque l&rsquo;on partait en vacances dans un trou paum\u00e9. On en avait eu un avant go\u00fbt avec l&rsquo;\u00e9ruption du volcan au nom impronon\u00e7able il y a 10 ans : une semaine sans avion. Quel bonheur ! Alors c&rsquo;est vrai que le confinement c&rsquo;est p\u00e9nible, que le t\u00e9l\u00e9travail ce n&rsquo;est pas facile, mais quel plaisir d&rsquo;entendre les chants des oiseaux et le tictac de la pendule. C&rsquo;est bien simple, quand un avion passe, on le remarque parce que c&rsquo;est quasiment le seul de la journ\u00e9e. Et non pas un avion toutes les 45 secondes. Pas de voitures, pas de travaux. Qu&rsquo;est-ce que je dors bien ! Et quand je croise une voiture dans la rue, je trouve qu&rsquo;elle pue. Avant on \u00e9tait tellement noy\u00e9 dans la pollution, qu&rsquo;on ne la sentait  m\u00eame plus.<br>Le confinement va finir et le silence aussi. Et l\u00e0, le bruit sera encore plus             difficilement supportable, parce que j&rsquo;ai pu comparer. <\/p><cite> Muriel de Franconville <\/cite><\/blockquote>\n\n\n\n<blockquote class=\"wp-block-quote\"><p>Quel plaisir de retrouver le calme de 1977 quand nous avons achet\u00e9 la maison! La piste sud n&rsquo;\u00e9tait pas en service. On entend tous les bruits de la nature, les chants d&rsquo;oiseaux, le vent dans les arbres&#8230; On peut dormir enfin toute la nuit! Les siestes sont des plus agr\u00e9ables et pour moi qui suis guitariste, je peux enfin appr\u00e9cier le son de ma guitare dans le jardin sans \u00eatre couvert par des vrombissements toutes les 2 minutes. L&rsquo;air est beaucoup plus pur; d&rsquo;ailleurs, les tours de La D\u00e9fense, que l&rsquo;on voit de notre fen\u00eatre, ne sont plus noy\u00e9es aussi souvent dans une brume de pollution. Les promenades sont nettement plus paisibles. Conclusion c&rsquo;est g\u00e9nial de ne plus avoir d&rsquo;avions au-dessus de nos t\u00eates; on se croirait \u00e0 la campagne!<br> <\/p><cite> Claude  Barb\u00e9, Cormeilles-en-Parisis <\/cite><\/blockquote>\n\n\n\n<blockquote class=\"wp-block-quote\"><p>Je venais d&rsquo;avoir 44 ans quand un  soir de novembre 1997, un avion, altitude basse m&rsquo;a survol\u00e9e ! \u00c9tonn\u00e9e  puis renseign\u00e9e j&rsquo;ai compris que mes droits de l&rsquo;homme \u00e9taient  confisqu\u00e9s alors je lutte depuis pour les r\u00e9cup\u00e9rer !<br>La  nature a toujours le dernier mot. L\u00e0 les cons\u00e9quences de l&rsquo;aviation  sont des coupables de cette pand\u00e9mie&#8230;mais je retrouve le sommeil, le  chant des oiseaux, le jardin fr\u00e9quentable, la lecture possible. Mon \u00e9tat  d&rsquo;\u00e2me est calme, il red\u00e9couvre l&rsquo;envie de faire. Il ne faut pas les  laisser nous massacrer davantage. L&rsquo;aviation ne sait pas fonctionner  sans d\u00e9truire le VIVANT.<br>&nbsp;<\/p><cite> Agissons: 06 85 29 35 85  <\/cite><\/blockquote>\n\n\n\n<blockquote class=\"wp-block-quote\"><p>Le calme est la pour quelque temps encore , dommage que cela ne va pas durer h\u00e9las.<br>Presque  pas d\u2019avions dans le ciel ,trafic routier r\u00e9duit , l\u2019air presque pur  est la, profitons du chant des oiseaux et de la nature . <\/p><cite> Jean-Claude BERLESE<br>Asni\u00e8res sur Seine <\/cite><\/blockquote>\n\n\n\n<blockquote class=\"wp-block-quote\"><p>Le confinement, c&rsquo;est un calme incroyable pratiquement sans avions ! Le cauchemar des survols de Roissy s&rsquo;\u00e9loigne &#8230; pour un temps seulement.<br>Retour des moineaux disparus, lecture et repas au jardin, le sommeil retrouv\u00e9, enfin le droit \u00e0 un environnement sonore sain !!! <a href=\"https:\/\/twitter.com\/hashtag\/DesOiseauxPasDavions?src=hashtag_click\">#DesOiseauxPasDavions<\/a> <\/p><cite>France &#8211; Soisy<\/cite><\/blockquote>\n\n\n\n<blockquote class=\"wp-block-quote\"><p>Aujourd&rsquo;hui j&rsquo;ai entendu pour la premi\u00e8re fois les poules d&rsquo;une maison plus loin dans ma rue !!  <\/p><cite>Jo\u00eblle<\/cite><\/blockquote>\n\n\n\n<p>Tendez l\u2019oreille\u2026 vous entendez ? Depuis le d\u00e9but du\nconfinement, les avions ont ralenti leur ballet infernal, chacun red\u00e9couvre le\nchant des oiseaux, qui emplit d\u00e9sormais les rues et les jardins. Les\npopulations habituellement survol\u00e9es par les 1300 avions quotidiens de\nl\u2019a\u00e9roport de Roissy ont un peu de r\u00e9pit et retrouvent le calme et les bruits\nde la nature.<\/p>\n\n\n\n<p>Alors, tous au jardin ou au balcon&nbsp;! <\/p>\n\n\n\n<h3 class=\"wp-block-heading\" style=\"text-align:center\"><strong>Participez\n\u00e0 l\u2019op\u00e9ration \u201cDes oiseaux, pas d\u2019avions\u201d. <\/strong><\/h3>\n\n\n\n<h5 class=\"wp-block-heading\">Partagez votre t\u00e9moignage, mettant \u00e0 l\u2019honneur ces chants d\u2019oiseaux et le calme retrouv\u00e9, dont vous pouvez d\u00e9sormais profiter gr\u00e2ce \u00e0 la r\u00e9duction du nombre d\u2019avions dans le ciel.<\/h5>\n\n\n\n<h5 class=\"wp-block-heading\">Faites-nous part de vos attentes pour un monde d\u2019apr\u00e8s avec moins d\u2019avions, au b\u00e9n\u00e9fice de notre environnement et de notre sant\u00e9. <\/h5>\n\n\n\n<p>Car si le secteur a\u00e9rien sera durablement touch\u00e9 par la crise actuelle, son objectif sera de retrouver au plus vite sa croissance effr\u00e9n\u00e9e. A Roissy, la construction du Terminal 4 visant \u00e0 accro\u00eetre de 40% le trafic de l&rsquo;a\u00e9roport reste une r\u00e9elle menace pour l\u2019avenir.<\/p>\n\n\n\n<ul><li><strong>Envoyez votre t\u00e9moignage \u00e0 notre secr\u00e9tariat<\/strong>&nbsp;: <a href=\"mailto:contact@advocnar.fr\">contact@advocnar.fr<\/a> <br>Il sera publi\u00e9 sur cette page .<\/li><\/ul>\n\n\n\n<ul><li> <strong>Vous pouvez aussi poster votre message<\/strong>, une photo ou une vid\u00e9o directement sur Facebook ou Twitter avec les hashtags<br><strong>#DesOiseauxPasDavions<\/strong> et <strong>#MondeDapr\u00e8s<\/strong>.&nbsp; <\/li><\/ul>\n\n\n\n<blockquote class=\"wp-block-quote\"><p> \u00a0\u00bb La soci\u00e9t\u00e9 dans laquelle on est ressemble \u00e0 une esp\u00e8ce d&rsquo;avion de  ligne o\u00f9 tous les voyants seraient au rouge dans le cockpit et qu&rsquo;\u00e0  l&rsquo;arri\u00e8re on continue soit \u00e0 boire le champagne soit \u00e9ventuellement \u00e0 se  quereller \u00a0\u00bb disait. Nicolas Hulot. <br>Vouloir reprendre  notre consommation effr\u00e9n\u00e9e comme avant la crise c&rsquo;est foncer droit dans  le mur. Les enfants du Baby-boom ont consomm\u00e9 avec outrance l&rsquo;\u00e9nergie  et les mati\u00e8res premi\u00e8res que la nature a forg\u00e9es pendant 4 milliards  d&rsquo;ann\u00e9es. Nous avons tout pour vivre dignement et sobrement en  respectant la nature. Au lieu de cela on dilapide nos richesses, m\u00eame si  \u00e0 terme, on doit tous crever. Notre soci\u00e9t\u00e9 ressemble au film de Marco  Ferreri, la Grande Bouffe, sorti en 1973 (un an apr\u00e8s la publication du  Club de Rome&nbsp; :  <em>The Limits To Growth<\/em>).  On bouffe, on bouffe, on bouffe \u00e0 en devenir malades (c&rsquo;est notre  situation), mais on ne d\u00e9voile pas la fin du film : suspens !! <\/p><cite> PK, Jouy-le-Moutier <\/cite><\/blockquote>\n\n\n\n<blockquote class=\"wp-block-quote\"><p>Avec bienveillance et douceur.  Il faut r\u00e9apprendre \u00e0 observer ce qui nous entoure, \u00e0 \u00e9couter les  le\u00e7ons de sagesse prodigu\u00e9es par la nature. Et quoi de mieux pour cela  que d&rsquo;arr\u00eater un moment le tempo infernal de nos vies et d&rsquo;entendre ce  qu&rsquo;ont \u00e0 nous dire les oiseaux ? Par leur mode de vie, leur fa\u00e7on d&rsquo;\u00eatre  au monde, ces petits \u00ab ma\u00eetres \u00e0 penser \u00bb nous enseignent un art de  vivre plus respectueux de nos rythmes &#8211; plus profond aussi. <\/p><cite> \u00c9lise Rousseau <\/cite><\/blockquote>\n","protected":false},"excerpt":{"rendered":"<p>L&rsquo; avion n\u00e9cessaire pour les longs trajets dans le monde entier.Mais, quelle joie pendant ces 3 mois, notre ciel sans avion, sans trafic, quelle chance pour l&rsquo;Environnement,sans vrombissement de moteurs des avions qui prennent leur couloir pour se poser ou (partir) de ROISSY, ne plus voir tous les matins vers 4h50 de la fen\u00eatre de [&hellip;]<\/p>\n","protected":false},"author":10,"featured_media":75825,"comment_status":"closed","ping_status":"open","sticky":false,"template":"","format":"standard","meta":{"footnotes":""},"categories":[46],"tags":[],"yoast_head":"<!-- This site is optimized with the Yoast SEO plugin v22.0 - https:\/\/yoast.com\/wordpress\/plugins\/seo\/ -->\n<title>Participez \u00e0 l\u2019op\u00e9ration \u201cDes oiseaux, pas d\u2019avions\u201d - Advocnar<\/title>\n<meta name=\"robots\" content=\"index, follow, max-snippet:-1, max-image-preview:large, max-video-preview:-1\" \/>\n<link rel=\"canonical\" href=\"https:\/\/www.clients.horus-informatique71.fr\/advocnar_backup\/2020\/04\/participez-a-loperation-des-oiseaux-pas-davions\/\" \/>\n<meta property=\"og:locale\" content=\"fr_FR\" \/>\n<meta property=\"og:type\" content=\"article\" \/>\n<meta property=\"og:title\" content=\"Participez \u00e0 l\u2019op\u00e9ration \u201cDes oiseaux, pas d\u2019avions\u201d - Advocnar\" \/>\n<meta property=\"og:description\" content=\"L&rsquo; avion n\u00e9cessaire pour les longs trajets dans le monde entier.Mais, quelle joie pendant ces 3 mois, notre ciel sans avion, sans trafic, quelle chance pour l&rsquo;Environnement,sans vrombissement de moteurs des avions qui prennent leur couloir pour se poser ou (partir) de ROISSY, ne plus voir tous les matins vers 4h50 de la fen\u00eatre de [&hellip;]\" \/>\n<meta property=\"og:url\" content=\"https:\/\/www.clients.horus-informatique71.fr\/advocnar_backup\/2020\/04\/participez-a-loperation-des-oiseaux-pas-davions\/\" \/>\n<meta property=\"og:site_name\" content=\"Advocnar\" \/>\n<meta property=\"article:published_time\" content=\"2020-04-30T17:24:35+00:00\" \/>\n<meta property=\"article:modified_time\" content=\"2020-06-08T13:36:00+00:00\" \/>\n<meta property=\"og:image\" content=\"https:\/\/www.clients.horus-informatique71.fr\/advocnar_backup\/wp-content\/uploads\/2020\/04\/photo-des-oiseaux-pas-davions.jpg\" \/>\n\t<meta property=\"og:image:width\" content=\"1278\" \/>\n\t<meta property=\"og:image:height\" content=\"958\" \/>\n\t<meta property=\"og:image:type\" content=\"image\/jpeg\" \/>\n<meta name=\"author\" content=\"FBrochot\" \/>\n<meta name=\"twitter:card\" content=\"summary_large_image\" \/>\n<meta name=\"twitter:label1\" content=\"\u00c9crit par\" \/>\n\t<meta name=\"twitter:data1\" content=\"FBrochot\" \/>\n\t<meta name=\"twitter:label2\" content=\"Dur\u00e9e de lecture estim\u00e9e\" \/>\n\t<meta name=\"twitter:data2\" content=\"24 minutes\" \/>\n<script type=\"application\/ld+json\" class=\"yoast-schema-graph\">{\"@context\":\"https:\/\/schema.org\",\"@graph\":[{\"@type\":\"WebPage\",\"@id\":\"https:\/\/www.clients.horus-informatique71.fr\/advocnar_backup\/2020\/04\/participez-a-loperation-des-oiseaux-pas-davions\/\",\"url\":\"https:\/\/www.clients.horus-informatique71.fr\/advocnar_backup\/2020\/04\/participez-a-loperation-des-oiseaux-pas-davions\/\",\"name\":\"Participez \u00e0 l\u2019op\u00e9ration \u201cDes oiseaux, pas d\u2019avions\u201d - Advocnar\",\"isPartOf\":{\"@id\":\"https:\/\/www.clients.horus-informatique71.fr\/advocnar_backup\/#website\"},\"datePublished\":\"2020-04-30T17:24:35+00:00\",\"dateModified\":\"2020-06-08T13:36:00+00:00\",\"author\":{\"@id\":\"https:\/\/www.clients.horus-informatique71.fr\/advocnar_backup\/#\/schema\/person\/28ec283f897fb44e1146415d8015d23e\"},\"breadcrumb\":{\"@id\":\"https:\/\/www.clients.horus-informatique71.fr\/advocnar_backup\/2020\/04\/participez-a-loperation-des-oiseaux-pas-davions\/#breadcrumb\"},\"inLanguage\":\"fr-FR\",\"potentialAction\":[{\"@type\":\"ReadAction\",\"target\":[\"https:\/\/www.clients.horus-informatique71.fr\/advocnar_backup\/2020\/04\/participez-a-loperation-des-oiseaux-pas-davions\/\"]}]},{\"@type\":\"BreadcrumbList\",\"@id\":\"https:\/\/www.clients.horus-informatique71.fr\/advocnar_backup\/2020\/04\/participez-a-loperation-des-oiseaux-pas-davions\/#breadcrumb\",\"itemListElement\":[{\"@type\":\"ListItem\",\"position\":1,\"name\":\"Accueil\",\"item\":\"https:\/\/www.clients.horus-informatique71.fr\/advocnar_backup\/\"},{\"@type\":\"ListItem\",\"position\":2,\"name\":\"Participez \u00e0 l\u2019op\u00e9ration \u201cDes oiseaux, pas d\u2019avions\u201d\"}]},{\"@type\":\"WebSite\",\"@id\":\"https:\/\/www.clients.horus-informatique71.fr\/advocnar_backup\/#website\",\"url\":\"https:\/\/www.clients.horus-informatique71.fr\/advocnar_backup\/\",\"name\":\"Advocnar\",\"description\":\"Association de D\u00e9fense Contre les Nuisances A\u00e9riennes\",\"potentialAction\":[{\"@type\":\"SearchAction\",\"target\":{\"@type\":\"EntryPoint\",\"urlTemplate\":\"https:\/\/www.clients.horus-informatique71.fr\/advocnar_backup\/?s={search_term_string}\"},\"query-input\":\"required name=search_term_string\"}],\"inLanguage\":\"fr-FR\"},{\"@type\":\"Person\",\"@id\":\"https:\/\/www.clients.horus-informatique71.fr\/advocnar_backup\/#\/schema\/person\/28ec283f897fb44e1146415d8015d23e\",\"name\":\"FBrochot\",\"url\":\"https:\/\/www.clients.horus-informatique71.fr\/advocnar_backup\/author\/fbrochot\/\"}]}<\/script>\n<!-- \/ Yoast SEO plugin. -->","yoast_head_json":{"title":"Participez \u00e0 l\u2019op\u00e9ration \u201cDes oiseaux, pas d\u2019avions\u201d - Advocnar","robots":{"index":"index","follow":"follow","max-snippet":"max-snippet:-1","max-image-preview":"max-image-preview:large","max-video-preview":"max-video-preview:-1"},"canonical":"https:\/\/www.clients.horus-informatique71.fr\/advocnar_backup\/2020\/04\/participez-a-loperation-des-oiseaux-pas-davions\/","og_locale":"fr_FR","og_type":"article","og_title":"Participez \u00e0 l\u2019op\u00e9ration \u201cDes oiseaux, pas d\u2019avions\u201d - Advocnar","og_description":"L&rsquo; avion n\u00e9cessaire pour les longs trajets dans le monde entier.Mais, quelle joie pendant ces 3 mois, notre ciel sans avion, sans trafic, quelle chance pour l&rsquo;Environnement,sans vrombissement de moteurs des avions qui prennent leur couloir pour se poser ou (partir) de ROISSY, ne plus voir tous les matins vers 4h50 de la fen\u00eatre de [&hellip;]","og_url":"https:\/\/www.clients.horus-informatique71.fr\/advocnar_backup\/2020\/04\/participez-a-loperation-des-oiseaux-pas-davions\/","og_site_name":"Advocnar","article_published_time":"2020-04-30T17:24:35+00:00","article_modified_time":"2020-06-08T13:36:00+00:00","og_image":[{"width":1278,"height":958,"url":"https:\/\/www.clients.horus-informatique71.fr\/advocnar_backup\/wp-content\/uploads\/2020\/04\/photo-des-oiseaux-pas-davions.jpg","type":"image\/jpeg"}],"author":"FBrochot","twitter_card":"summary_large_image","twitter_misc":{"\u00c9crit par":"FBrochot","Dur\u00e9e de lecture estim\u00e9e":"24 minutes"},"schema":{"@context":"https:\/\/schema.org","@graph":[{"@type":"WebPage","@id":"https:\/\/www.clients.horus-informatique71.fr\/advocnar_backup\/2020\/04\/participez-a-loperation-des-oiseaux-pas-davions\/","url":"https:\/\/www.clients.horus-informatique71.fr\/advocnar_backup\/2020\/04\/participez-a-loperation-des-oiseaux-pas-davions\/","name":"Participez \u00e0 l\u2019op\u00e9ration \u201cDes oiseaux, pas d\u2019avions\u201d - Advocnar","isPartOf":{"@id":"https:\/\/www.clients.horus-informatique71.fr\/advocnar_backup\/#website"},"datePublished":"2020-04-30T17:24:35+00:00","dateModified":"2020-06-08T13:36:00+00:00","author":{"@id":"https:\/\/www.clients.horus-informatique71.fr\/advocnar_backup\/#\/schema\/person\/28ec283f897fb44e1146415d8015d23e"},"breadcrumb":{"@id":"https:\/\/www.clients.horus-informatique71.fr\/advocnar_backup\/2020\/04\/participez-a-loperation-des-oiseaux-pas-davions\/#breadcrumb"},"inLanguage":"fr-FR","potentialAction":[{"@type":"ReadAction","target":["https:\/\/www.clients.horus-informatique71.fr\/advocnar_backup\/2020\/04\/participez-a-loperation-des-oiseaux-pas-davions\/"]}]},{"@type":"BreadcrumbList","@id":"https:\/\/www.clients.horus-informatique71.fr\/advocnar_backup\/2020\/04\/participez-a-loperation-des-oiseaux-pas-davions\/#breadcrumb","itemListElement":[{"@type":"ListItem","position":1,"name":"Accueil","item":"https:\/\/www.clients.horus-informatique71.fr\/advocnar_backup\/"},{"@type":"ListItem","position":2,"name":"Participez \u00e0 l\u2019op\u00e9ration \u201cDes oiseaux, pas d\u2019avions\u201d"}]},{"@type":"WebSite","@id":"https:\/\/www.clients.horus-informatique71.fr\/advocnar_backup\/#website","url":"https:\/\/www.clients.horus-informatique71.fr\/advocnar_backup\/","name":"Advocnar","description":"Association de D\u00e9fense Contre les Nuisances A\u00e9riennes","potentialAction":[{"@type":"SearchAction","target":{"@type":"EntryPoint","urlTemplate":"https:\/\/www.clients.horus-informatique71.fr\/advocnar_backup\/?s={search_term_string}"},"query-input":"required name=search_term_string"}],"inLanguage":"fr-FR"},{"@type":"Person","@id":"https:\/\/www.clients.horus-informatique71.fr\/advocnar_backup\/#\/schema\/person\/28ec283f897fb44e1146415d8015d23e","name":"FBrochot","url":"https:\/\/www.clients.horus-informatique71.fr\/advocnar_backup\/author\/fbrochot\/"}]}},"_links":{"self":[{"href":"https:\/\/www.clients.horus-informatique71.fr\/advocnar_backup\/wp-json\/wp\/v2\/posts\/75826"}],"collection":[{"href":"https:\/\/www.clients.horus-informatique71.fr\/advocnar_backup\/wp-json\/wp\/v2\/posts"}],"about":[{"href":"https:\/\/www.clients.horus-informatique71.fr\/advocnar_backup\/wp-json\/wp\/v2\/types\/post"}],"author":[{"embeddable":true,"href":"https:\/\/www.clients.horus-informatique71.fr\/advocnar_backup\/wp-json\/wp\/v2\/users\/10"}],"replies":[{"embeddable":true,"href":"https:\/\/www.clients.horus-informatique71.fr\/advocnar_backup\/wp-json\/wp\/v2\/comments?post=75826"}],"version-history":[{"count":56,"href":"https:\/\/www.clients.horus-informatique71.fr\/advocnar_backup\/wp-json\/wp\/v2\/posts\/75826\/revisions"}],"predecessor-version":[{"id":75996,"href":"https:\/\/www.clients.horus-informatique71.fr\/advocnar_backup\/wp-json\/wp\/v2\/posts\/75826\/revisions\/75996"}],"wp:featuredmedia":[{"embeddable":true,"href":"https:\/\/www.clients.horus-informatique71.fr\/advocnar_backup\/wp-json\/wp\/v2\/media\/75825"}],"wp:attachment":[{"href":"https:\/\/www.clients.horus-informatique71.fr\/advocnar_backup\/wp-json\/wp\/v2\/media?parent=75826"}],"wp:term":[{"taxonomy":"category","embeddable":true,"href":"https:\/\/www.clients.horus-informatique71.fr\/advocnar_backup\/wp-json\/wp\/v2\/categories?post=75826"},{"taxonomy":"post_tag","embeddable":true,"href":"https:\/\/www.clients.horus-informatique71.fr\/advocnar_backup\/wp-json\/wp\/v2\/tags?post=75826"}],"curies":[{"name":"wp","href":"https:\/\/api.w.org\/{rel}","templated":true}]}}