{"id":75860,"date":"2020-05-04T13:49:12","date_gmt":"2020-05-04T11:49:12","guid":{"rendered":"https:\/\/www.clients.horus-informatique71.fr\/advocnar_backup\/?p=75860"},"modified":"2020-05-09T13:49:54","modified_gmt":"2020-05-09T11:49:54","slug":"apres-covid-19-que-se-passe-t-il","status":"publish","type":"post","link":"https:\/\/www.clients.horus-informatique71.fr\/advocnar_backup\/2020\/05\/apres-covid-19-que-se-passe-t-il\/","title":{"rendered":"Apr\u00e8s Covid-19, que se passe-t-il?"},"content":{"rendered":"\n<h4 class=\"wp-block-heading\"><\/h4>\n\n\n\n<p>Patric Kruissel,  administrateur de l\u2019UFCNA et vice-pr\u00e9sident de l\u2019ADVOCNAR, livre dans le  texte suivant des r\u00e9flexions que lui ont inspir\u00e9 cette crise sanitaire  majeure, en d\u00e9monte les m\u00e9canismes et formule des propositions pour &#8230;  un monde meilleur. La bibliographie est abondante et les renvois \u00e0 des  articles scientifiques ou journalistiques \u00e9galement.<\/p>\n\n\n\n<h4 class=\"wp-block-heading\">Apr\u00e8s Covid-19, que se passe-t-il&nbsp;?<\/h4>\n\n\n\n<blockquote class=\"wp-block-quote\"><p><em>Ce texte \u00e9crit pendant le confinement pr\u00e9sente quelques  pistes de r\u00e9flexion de l\u2019organisation de notre soci\u00e9t\u00e9 apr\u00e8s cette  pand\u00e9mie. Nous sommes \u00e0 la crois\u00e9e des chemins&nbsp;: soit on reprend nos  activit\u00e9s apr\u00e8s la crise comme s\u2019il ne s\u2019\u00e9tait rien pass\u00e9, et nous nous  exposons \u00e0 d\u2019autres crises, sans doute plus violentes, soit comme le  pensent plusieurs experts le moment est opportun pour  revoir profond\u00e9ment notre mod\u00e8le \u00e9conomique, si on souhaite  collectivement un monde plus apais\u00e9.<\/em><\/p><cite>Patric Kruissel &#8211; Avril 2020<\/cite><\/blockquote>\n\n\n\n<p>Lire le texte <a href=\"https:\/\/www.clients.horus-informatique71.fr\/advocnar_backup\/wp-content\/uploads\/2020\/05\/2020-04-00-Aprescovid-Patric-Kruissel.pdf\">Apr\u00e8s Covid-19, que se passe-t-il?<\/a><\/p>\n","protected":false},"excerpt":{"rendered":"<p>Patric Kruissel, administrateur de l\u2019UFCNA et vice-pr\u00e9sident de l\u2019ADVOCNAR, livre dans le texte suivant des r\u00e9flexions que lui ont inspir\u00e9 cette crise sanitaire majeure, en d\u00e9monte les m\u00e9canismes et formule des propositions pour &#8230; un monde meilleur. La bibliographie est abondante et les renvois \u00e0 des articles scientifiques ou journalistiques \u00e9galement. Apr\u00e8s Covid-19, que se [&hellip;]<\/p>\n","protected":false},"author":10,"featured_media":75859,"comment_status":"closed","ping_status":"open","sticky":false,"template":"","format":"standard","meta":{"footnotes":""},"categories":[46],"tags":[],"yoast_head":"<!-- This site is optimized with the Yoast SEO plugin v22.0 - https:\/\/yoast.com\/wordpress\/plugins\/seo\/ -->\n<title>Apr\u00e8s Covid-19, que se passe-t-il? - Advocnar<\/title>\n<meta name=\"robots\" content=\"index, follow, max-snippet:-1, max-image-preview:large, max-video-preview:-1\" \/>\n<link rel=\"canonical\" href=\"https:\/\/www.clients.horus-informatique71.fr\/advocnar_backup\/2020\/05\/apres-covid-19-que-se-passe-t-il\/\" \/>\n<meta property=\"og:locale\" content=\"fr_FR\" \/>\n<meta property=\"og:type\" content=\"article\" \/>\n<meta property=\"og:title\" content=\"Apr\u00e8s Covid-19, que se passe-t-il? - Advocnar\" \/>\n<meta property=\"og:description\" content=\"Patric Kruissel, administrateur de l\u2019UFCNA et vice-pr\u00e9sident de l\u2019ADVOCNAR, livre dans le texte suivant des r\u00e9flexions que lui ont inspir\u00e9 cette crise sanitaire majeure, en d\u00e9monte les m\u00e9canismes et formule des propositions pour &#8230; un monde meilleur. La bibliographie est abondante et les renvois \u00e0 des articles scientifiques ou journalistiques \u00e9galement. Apr\u00e8s Covid-19, que se [&hellip;]\" \/>\n<meta property=\"og:url\" content=\"https:\/\/www.clients.horus-informatique71.fr\/advocnar_backup\/2020\/05\/apres-covid-19-que-se-passe-t-il\/\" \/>\n<meta property=\"og:site_name\" content=\"Advocnar\" \/>\n<meta property=\"article:published_time\" content=\"2020-05-04T11:49:12+00:00\" \/>\n<meta property=\"article:modified_time\" content=\"2020-05-09T11:49:54+00:00\" \/>\n<meta property=\"og:image\" content=\"https:\/\/www.clients.horus-informatique71.fr\/advocnar_backup\/wp-content\/uploads\/2020\/05\/Apres-Covid.png\" \/>\n\t<meta property=\"og:image:width\" content=\"599\" \/>\n\t<meta property=\"og:image:height\" content=\"449\" \/>\n\t<meta property=\"og:image:type\" content=\"image\/png\" \/>\n<meta name=\"author\" content=\"FBrochot\" \/>\n<meta name=\"twitter:card\" content=\"summary_large_image\" \/>\n<meta name=\"twitter:label1\" content=\"\u00c9crit par\" \/>\n\t<meta name=\"twitter:data1\" content=\"FBrochot\" \/>\n\t<meta name=\"twitter:label2\" content=\"Dur\u00e9e de lecture estim\u00e9e\" \/>\n\t<meta name=\"twitter:data2\" content=\"1 minute\" \/>\n<script type=\"application\/ld+json\" class=\"yoast-schema-graph\">{\"@context\":\"https:\/\/schema.org\",\"@graph\":[{\"@type\":\"WebPage\",\"@id\":\"https:\/\/www.clients.horus-informatique71.fr\/advocnar_backup\/2020\/05\/apres-covid-19-que-se-passe-t-il\/\",\"url\":\"https:\/\/www.clients.horus-informatique71.fr\/advocnar_backup\/2020\/05\/apres-covid-19-que-se-passe-t-il\/\",\"name\":\"Apr\u00e8s Covid-19, que se passe-t-il? - Advocnar\",\"isPartOf\":{\"@id\":\"https:\/\/www.clients.horus-informatique71.fr\/advocnar_backup\/#website\"},\"datePublished\":\"2020-05-04T11:49:12+00:00\",\"dateModified\":\"2020-05-09T11:49:54+00:00\",\"author\":{\"@id\":\"https:\/\/www.clients.horus-informatique71.fr\/advocnar_backup\/#\/schema\/person\/28ec283f897fb44e1146415d8015d23e\"},\"breadcrumb\":{\"@id\":\"https:\/\/www.clients.horus-informatique71.fr\/advocnar_backup\/2020\/05\/apres-covid-19-que-se-passe-t-il\/#breadcrumb\"},\"inLanguage\":\"fr-FR\",\"potentialAction\":[{\"@type\":\"ReadAction\",\"target\":[\"https:\/\/www.clients.horus-informatique71.fr\/advocnar_backup\/2020\/05\/apres-covid-19-que-se-passe-t-il\/\"]}]},{\"@type\":\"BreadcrumbList\",\"@id\":\"https:\/\/www.clients.horus-informatique71.fr\/advocnar_backup\/2020\/05\/apres-covid-19-que-se-passe-t-il\/#breadcrumb\",\"itemListElement\":[{\"@type\":\"ListItem\",\"position\":1,\"name\":\"Accueil\",\"item\":\"https:\/\/www.clients.horus-informatique71.fr\/advocnar_backup\/\"},{\"@type\":\"ListItem\",\"position\":2,\"name\":\"Apr\u00e8s Covid-19, que se passe-t-il?\"}]},{\"@type\":\"WebSite\",\"@id\":\"https:\/\/www.clients.horus-informatique71.fr\/advocnar_backup\/#website\",\"url\":\"https:\/\/www.clients.horus-informatique71.fr\/advocnar_backup\/\",\"name\":\"Advocnar\",\"description\":\"Association de D\u00e9fense Contre les Nuisances A\u00e9riennes\",\"potentialAction\":[{\"@type\":\"SearchAction\",\"target\":{\"@type\":\"EntryPoint\",\"urlTemplate\":\"https:\/\/www.clients.horus-informatique71.fr\/advocnar_backup\/?s={search_term_string}\"},\"query-input\":\"required name=search_term_string\"}],\"inLanguage\":\"fr-FR\"},{\"@type\":\"Person\",\"@id\":\"https:\/\/www.clients.horus-informatique71.fr\/advocnar_backup\/#\/schema\/person\/28ec283f897fb44e1146415d8015d23e\",\"name\":\"FBrochot\",\"url\":\"https:\/\/www.clients.horus-informatique71.fr\/advocnar_backup\/author\/fbrochot\/\"}]}<\/script>\n<!-- \/ Yoast SEO plugin. -->","yoast_head_json":{"title":"Apr\u00e8s Covid-19, que se passe-t-il? - Advocnar","robots":{"index":"index","follow":"follow","max-snippet":"max-snippet:-1","max-image-preview":"max-image-preview:large","max-video-preview":"max-video-preview:-1"},"canonical":"https:\/\/www.clients.horus-informatique71.fr\/advocnar_backup\/2020\/05\/apres-covid-19-que-se-passe-t-il\/","og_locale":"fr_FR","og_type":"article","og_title":"Apr\u00e8s Covid-19, que se passe-t-il? - Advocnar","og_description":"Patric Kruissel, administrateur de l\u2019UFCNA et vice-pr\u00e9sident de l\u2019ADVOCNAR, livre dans le texte suivant des r\u00e9flexions que lui ont inspir\u00e9 cette crise sanitaire majeure, en d\u00e9monte les m\u00e9canismes et formule des propositions pour &#8230; un monde meilleur. La bibliographie est abondante et les renvois \u00e0 des articles scientifiques ou journalistiques \u00e9galement. Apr\u00e8s Covid-19, que se [&hellip;]","og_url":"https:\/\/www.clients.horus-informatique71.fr\/advocnar_backup\/2020\/05\/apres-covid-19-que-se-passe-t-il\/","og_site_name":"Advocnar","article_published_time":"2020-05-04T11:49:12+00:00","article_modified_time":"2020-05-09T11:49:54+00:00","og_image":[{"width":599,"height":449,"url":"https:\/\/www.clients.horus-informatique71.fr\/advocnar_backup\/wp-content\/uploads\/2020\/05\/Apres-Covid.png","type":"image\/png"}],"author":"FBrochot","twitter_card":"summary_large_image","twitter_misc":{"\u00c9crit par":"FBrochot","Dur\u00e9e de lecture estim\u00e9e":"1 minute"},"schema":{"@context":"https:\/\/schema.org","@graph":[{"@type":"WebPage","@id":"https:\/\/www.clients.horus-informatique71.fr\/advocnar_backup\/2020\/05\/apres-covid-19-que-se-passe-t-il\/","url":"https:\/\/www.clients.horus-informatique71.fr\/advocnar_backup\/2020\/05\/apres-covid-19-que-se-passe-t-il\/","name":"Apr\u00e8s Covid-19, que se passe-t-il? - Advocnar","isPartOf":{"@id":"https:\/\/www.clients.horus-informatique71.fr\/advocnar_backup\/#website"},"datePublished":"2020-05-04T11:49:12+00:00","dateModified":"2020-05-09T11:49:54+00:00","author":{"@id":"https:\/\/www.clients.horus-informatique71.fr\/advocnar_backup\/#\/schema\/person\/28ec283f897fb44e1146415d8015d23e"},"breadcrumb":{"@id":"https:\/\/www.clients.horus-informatique71.fr\/advocnar_backup\/2020\/05\/apres-covid-19-que-se-passe-t-il\/#breadcrumb"},"inLanguage":"fr-FR","potentialAction":[{"@type":"ReadAction","target":["https:\/\/www.clients.horus-informatique71.fr\/advocnar_backup\/2020\/05\/apres-covid-19-que-se-passe-t-il\/"]}]},{"@type":"BreadcrumbList","@id":"https:\/\/www.clients.horus-informatique71.fr\/advocnar_backup\/2020\/05\/apres-covid-19-que-se-passe-t-il\/#breadcrumb","itemListElement":[{"@type":"ListItem","position":1,"name":"Accueil","item":"https:\/\/www.clients.horus-informatique71.fr\/advocnar_backup\/"},{"@type":"ListItem","position":2,"name":"Apr\u00e8s Covid-19, que se passe-t-il?"}]},{"@type":"WebSite","@id":"https:\/\/www.clients.horus-informatique71.fr\/advocnar_backup\/#website","url":"https:\/\/www.clients.horus-informatique71.fr\/advocnar_backup\/","name":"Advocnar","description":"Association de D\u00e9fense Contre les Nuisances A\u00e9riennes","potentialAction":[{"@type":"SearchAction","target":{"@type":"EntryPoint","urlTemplate":"https:\/\/www.clients.horus-informatique71.fr\/advocnar_backup\/?s={search_term_string}"},"query-input":"required name=search_term_string"}],"inLanguage":"fr-FR"},{"@type":"Person","@id":"https:\/\/www.clients.horus-informatique71.fr\/advocnar_backup\/#\/schema\/person\/28ec283f897fb44e1146415d8015d23e","name":"FBrochot","url":"https:\/\/www.clients.horus-informatique71.fr\/advocnar_backup\/author\/fbrochot\/"}]}},"_links":{"self":[{"href":"https:\/\/www.clients.horus-informatique71.fr\/advocnar_backup\/wp-json\/wp\/v2\/posts\/75860"}],"collection":[{"href":"https:\/\/www.clients.horus-informatique71.fr\/advocnar_backup\/wp-json\/wp\/v2\/posts"}],"about":[{"href":"https:\/\/www.clients.horus-informatique71.fr\/advocnar_backup\/wp-json\/wp\/v2\/types\/post"}],"author":[{"embeddable":true,"href":"https:\/\/www.clients.horus-informatique71.fr\/advocnar_backup\/wp-json\/wp\/v2\/users\/10"}],"replies":[{"embeddable":true,"href":"https:\/\/www.clients.horus-informatique71.fr\/advocnar_backup\/wp-json\/wp\/v2\/comments?post=75860"}],"version-history":[{"count":6,"href":"https:\/\/www.clients.horus-informatique71.fr\/advocnar_backup\/wp-json\/wp\/v2\/posts\/75860\/revisions"}],"predecessor-version":[{"id":75866,"href":"https:\/\/www.clients.horus-informatique71.fr\/advocnar_backup\/wp-json\/wp\/v2\/posts\/75860\/revisions\/75866"}],"wp:featuredmedia":[{"embeddable":true,"href":"https:\/\/www.clients.horus-informatique71.fr\/advocnar_backup\/wp-json\/wp\/v2\/media\/75859"}],"wp:attachment":[{"href":"https:\/\/www.clients.horus-informatique71.fr\/advocnar_backup\/wp-json\/wp\/v2\/media?parent=75860"}],"wp:term":[{"taxonomy":"category","embeddable":true,"href":"https:\/\/www.clients.horus-informatique71.fr\/advocnar_backup\/wp-json\/wp\/v2\/categories?post=75860"},{"taxonomy":"post_tag","embeddable":true,"href":"https:\/\/www.clients.horus-informatique71.fr\/advocnar_backup\/wp-json\/wp\/v2\/tags?post=75860"}],"curies":[{"name":"wp","href":"https:\/\/api.w.org\/{rel}","templated":true}]}}