{"id":75914,"date":"2020-05-18T14:42:01","date_gmt":"2020-05-18T12:42:01","guid":{"rendered":"https:\/\/www.clients.horus-informatique71.fr\/advocnar_backup\/?p=75914"},"modified":"2020-05-18T14:42:03","modified_gmt":"2020-05-18T12:42:03","slug":"apres-la-pandemie-lurgence-est-de-repenser-le-transport-aerien","status":"publish","type":"post","link":"https:\/\/www.clients.horus-informatique71.fr\/advocnar_backup\/2020\/05\/apres-la-pandemie-lurgence-est-de-repenser-le-transport-aerien\/","title":{"rendered":"Apr\u00e8s la pand\u00e9mie, l\u2019urgence est de repenser le transport a\u00e9rien  !"},"content":{"rendered":"\n<h4 class=\"wp-block-heading\"><\/h4>\n\n\n\n<h4 class=\"wp-block-heading\"><a href=\"https:\/\/www.advocnar.fr2020\/04\/declaration-ufcna-apres-la-pandemie-il-faut-repenser-le-transport-aerien\/ \">Apr\u00e8s la pand\u00e9mie, l\u2019urgence est de repenser le transport a\u00e9rien !<\/a><\/h4>\n\n\n\n<h5 class=\"wp-block-heading\">Dans le contexte de la crise COVID19, l\u2019ADVOCNAR demande que le transport a\u00e9rien, activit\u00e9 polluante reposant sur l\u2019utilisation quasi-exclusive d\u2019\u00e9nergies fossiles et b\u00e9n\u00e9ficiaire d\u2019aides massives de la part des contribuables, prenne un virage pour pr\u00e9server vraiment le bien commun. <\/h5>\n\n\n\n<h4 class=\"wp-block-heading\"><\/h4>\n\n\n\n<p>          <strong>I. L\u2019Europe et ses Etats membres doivent mettre en place&nbsp;le respect de l&rsquo;Accord de Paris,<\/strong> <\/p>\n\n\n\n<p>car la compensation des \u00e9missions carbon\u00e9es et l\u2019achat de droits \u00e0 polluer sont des scandales qui montrent les limites d\u2019une activit\u00e9 qui ne s\u2019est toujours pas engag\u00e9e dans la r\u00e9duction de ses effets toxiques. <strong>Le k\u00e9ros\u00e8ne doit \u00eatre tax\u00e9 comme le carburant automobile de fa\u00e7on plus juste <\/strong>incluant l\u2019impact environnemental. L<strong>es projets <\/strong>d\u2019extension d\u2019a\u00e9rodromes doivent \u00eatre abandonn\u00e9s en l\u2019absence de vision sur l\u2019avenir de l\u2019a\u00e9rien et il est urgent de mettre en place <strong>la promotion des d\u00e9placements en train (TGV et train de nuit) en France et en Europe, \u00e0 des prix raisonnables et \u00e9quitables. <\/strong><\/p>\n\n\n\n<p><strong>II. Une r\u00e9duction efficace des pollutions sonores et atmosph\u00e9riques des a\u00e9rodromes doit \u00eatre rapidement mise en \u0153uvre avec obligation de r\u00e9sultat&nbsp;pour la sant\u00e9 des populations <\/strong><\/p>\n\n\n\n<p>En\ncons\u00e9quence, l\u2019ADVOCNAR demande uniquement des mesures de bon sens&nbsp;:<strong> l\u2019adjonction\n<\/strong>aux indices de mesure du bruit utilis\u00e9s aujourd\u2019hui <strong>d\u2019un indice\n\u00e9v\u00e8nementiel <\/strong>bas\u00e9 sur la r\u00e9p\u00e9titivit\u00e9 de l&rsquo;\u00e9mergence du bruit a\u00e9rien, <strong>des\nobjectifs de r\u00e9duction de bruit chiffr\u00e9s <\/strong>et contraignants pour tous types\nd&rsquo;a\u00e9ronefs, <strong>la suppression progressive des vols de nuit <\/strong><strong>pour obtenir \u00e0 terme un couvre-feu<\/strong> <strong>\u00e0 Roissy CDG<\/strong>, car ils portent gravement\natteinte \u00e0 notre sant\u00e9 et enfin <strong>l&rsquo;interdiction des avions les plus bruyants\nsur le sol national, <\/strong>comme cela est\nd\u00e9j\u00e0 pratiqu\u00e9 dans certains a\u00e9roports en France ou \u00e0 l\u2019\u00e9tranger. <\/p>\n\n\n\n<p><strong>Pour la pollution atmosph\u00e9rique,&nbsp;<\/strong>l\u2019Europe a adopt\u00e9 des valeurs-limite, mais la France permet au transport a\u00e9rien de s\u2019exon\u00e9rer de contraintes fortes gr\u00e2ce \u00e0 <a href=\"https:\/\/www.clients.horus-informatique71.fr\/advocnar_backup\/wp-content\/uploads\/2018\/06\/Decret_n%C2%B02016-565_du_10_mai_2016_version_initiale.pdf\">une l\u00e9gislation permissive et trompeuse<\/a>: on \u00e9value uniquement la pollution des avions au sol, et on se contente de r\u00e9duire cette pollution ramen\u00e9e au nombre de passagers + fret, et non dans sa globalit\u00e9&nbsp;! R\u00e9sultat&nbsp;: la pollution li\u00e9e au trafic a\u00e9rien a augment\u00e9 en valeur absolue en Ile-de-France. Les associations demandent de prendre en compte \u00e9galement les \u00e9missions en vol et de les r\u00e9duire en valeur absolue, <a href=\"https:\/\/www.ademe.fr\/sites\/default\/files\/assets\/documents\/programme-actions-aerodromes_2018.pdf\">comme pr\u00e9conis\u00e9 en vain par l\u2019ADEME d\u00e8s 2018<\/a>.<\/p>\n\n\n\n<p>Si\nles populations survol\u00e9es ou habitant des zones plus lointaines veulent\nsurvivre en bonne sant\u00e9, <strong>le transport\na\u00e9rien doit respecter ses engagements officiels et r\u00e9duire d\u00e8s maintenant ses\nimpacts<\/strong> sonores chimiques et climatiques qui ont des cons\u00e9quences graves. A\ntitre d\u2019exemple, rappelons que la pollution a\u00e9rienne augmente fortement la\nmortalit\u00e9, y compris celle caus\u00e9e par le COVID, et tue environ 790 000\nEurop\u00e9ens par an, dont 48&nbsp;000 en France&nbsp;! <strong>Qu\u2019attendent les autorit\u00e9s&nbsp;pour nous prot\u00e9ger ?<\/strong><br><\/p>\n\n\n\n<hr class=\"wp-block-separator\"\/>\n\n\n\n<p><a href=\"https:\/\/www.clients.horus-informatique71.fr\/advocnar_backup\/wp-content\/uploads\/2020\/05\/2020-05-18-CP-ADVOCNAR-Apres-COVID-repenser-le-transport-aerien-V2.pdf\">Lire le communiqu\u00e9 de presse<\/a><\/p>\n","protected":false},"excerpt":{"rendered":"<p>Apr\u00e8s la pand\u00e9mie, l\u2019urgence est de repenser le transport a\u00e9rien ! Dans le contexte de la crise COVID19, l\u2019ADVOCNAR demande que le transport a\u00e9rien, activit\u00e9 polluante reposant sur l\u2019utilisation quasi-exclusive d\u2019\u00e9nergies fossiles et b\u00e9n\u00e9ficiaire d\u2019aides massives de la part des contribuables, prenne un virage pour pr\u00e9server vraiment le bien commun. I. L\u2019Europe et ses Etats [&hellip;]<\/p>\n","protected":false},"author":10,"featured_media":74173,"comment_status":"closed","ping_status":"open","sticky":false,"template":"","format":"standard","meta":{"footnotes":""},"categories":[46],"tags":[],"yoast_head":"<!-- This site is optimized with the Yoast SEO plugin v22.0 - https:\/\/yoast.com\/wordpress\/plugins\/seo\/ -->\n<title>Apr\u00e8s la pand\u00e9mie, l\u2019urgence est de repenser le transport a\u00e9rien ! - Advocnar<\/title>\n<meta name=\"robots\" content=\"index, follow, max-snippet:-1, max-image-preview:large, max-video-preview:-1\" \/>\n<link rel=\"canonical\" href=\"https:\/\/www.clients.horus-informatique71.fr\/advocnar_backup\/2020\/05\/apres-la-pandemie-lurgence-est-de-repenser-le-transport-aerien\/\" \/>\n<meta property=\"og:locale\" content=\"fr_FR\" \/>\n<meta property=\"og:type\" content=\"article\" \/>\n<meta property=\"og:title\" content=\"Apr\u00e8s la pand\u00e9mie, l\u2019urgence est de repenser le transport a\u00e9rien ! - Advocnar\" \/>\n<meta property=\"og:description\" content=\"Apr\u00e8s la pand\u00e9mie, l\u2019urgence est de repenser le transport a\u00e9rien ! Dans le contexte de la crise COVID19, l\u2019ADVOCNAR demande que le transport a\u00e9rien, activit\u00e9 polluante reposant sur l\u2019utilisation quasi-exclusive d\u2019\u00e9nergies fossiles et b\u00e9n\u00e9ficiaire d\u2019aides massives de la part des contribuables, prenne un virage pour pr\u00e9server vraiment le bien commun. I. L\u2019Europe et ses Etats [&hellip;]\" \/>\n<meta property=\"og:url\" content=\"https:\/\/www.clients.horus-informatique71.fr\/advocnar_backup\/2020\/05\/apres-la-pandemie-lurgence-est-de-repenser-le-transport-aerien\/\" \/>\n<meta property=\"og:site_name\" content=\"Advocnar\" \/>\n<meta property=\"article:published_time\" content=\"2020-05-18T12:42:01+00:00\" \/>\n<meta property=\"article:modified_time\" content=\"2020-05-18T12:42:03+00:00\" \/>\n<meta property=\"og:image\" content=\"https:\/\/www.clients.horus-informatique71.fr\/advocnar_backup\/wp-content\/uploads\/2018\/01\/Communique-ADVOCNAR.png\" \/>\n\t<meta property=\"og:image:width\" content=\"863\" \/>\n\t<meta property=\"og:image:height\" content=\"648\" \/>\n\t<meta property=\"og:image:type\" content=\"image\/png\" \/>\n<meta name=\"author\" content=\"FBrochot\" \/>\n<meta name=\"twitter:card\" content=\"summary_large_image\" \/>\n<meta name=\"twitter:label1\" content=\"\u00c9crit par\" \/>\n\t<meta name=\"twitter:data1\" content=\"FBrochot\" \/>\n\t<meta name=\"twitter:label2\" content=\"Dur\u00e9e de lecture estim\u00e9e\" \/>\n\t<meta name=\"twitter:data2\" content=\"3 minutes\" \/>\n<script type=\"application\/ld+json\" class=\"yoast-schema-graph\">{\"@context\":\"https:\/\/schema.org\",\"@graph\":[{\"@type\":\"WebPage\",\"@id\":\"https:\/\/www.clients.horus-informatique71.fr\/advocnar_backup\/2020\/05\/apres-la-pandemie-lurgence-est-de-repenser-le-transport-aerien\/\",\"url\":\"https:\/\/www.clients.horus-informatique71.fr\/advocnar_backup\/2020\/05\/apres-la-pandemie-lurgence-est-de-repenser-le-transport-aerien\/\",\"name\":\"Apr\u00e8s la pand\u00e9mie, l\u2019urgence est de repenser le transport a\u00e9rien ! - Advocnar\",\"isPartOf\":{\"@id\":\"https:\/\/www.clients.horus-informatique71.fr\/advocnar_backup\/#website\"},\"datePublished\":\"2020-05-18T12:42:01+00:00\",\"dateModified\":\"2020-05-18T12:42:03+00:00\",\"author\":{\"@id\":\"https:\/\/www.clients.horus-informatique71.fr\/advocnar_backup\/#\/schema\/person\/28ec283f897fb44e1146415d8015d23e\"},\"breadcrumb\":{\"@id\":\"https:\/\/www.clients.horus-informatique71.fr\/advocnar_backup\/2020\/05\/apres-la-pandemie-lurgence-est-de-repenser-le-transport-aerien\/#breadcrumb\"},\"inLanguage\":\"fr-FR\",\"potentialAction\":[{\"@type\":\"ReadAction\",\"target\":[\"https:\/\/www.clients.horus-informatique71.fr\/advocnar_backup\/2020\/05\/apres-la-pandemie-lurgence-est-de-repenser-le-transport-aerien\/\"]}]},{\"@type\":\"BreadcrumbList\",\"@id\":\"https:\/\/www.clients.horus-informatique71.fr\/advocnar_backup\/2020\/05\/apres-la-pandemie-lurgence-est-de-repenser-le-transport-aerien\/#breadcrumb\",\"itemListElement\":[{\"@type\":\"ListItem\",\"position\":1,\"name\":\"Accueil\",\"item\":\"https:\/\/www.clients.horus-informatique71.fr\/advocnar_backup\/\"},{\"@type\":\"ListItem\",\"position\":2,\"name\":\"Apr\u00e8s la pand\u00e9mie, l\u2019urgence est de repenser le transport a\u00e9rien !\"}]},{\"@type\":\"WebSite\",\"@id\":\"https:\/\/www.clients.horus-informatique71.fr\/advocnar_backup\/#website\",\"url\":\"https:\/\/www.clients.horus-informatique71.fr\/advocnar_backup\/\",\"name\":\"Advocnar\",\"description\":\"Association de D\u00e9fense Contre les Nuisances A\u00e9riennes\",\"potentialAction\":[{\"@type\":\"SearchAction\",\"target\":{\"@type\":\"EntryPoint\",\"urlTemplate\":\"https:\/\/www.clients.horus-informatique71.fr\/advocnar_backup\/?s={search_term_string}\"},\"query-input\":\"required name=search_term_string\"}],\"inLanguage\":\"fr-FR\"},{\"@type\":\"Person\",\"@id\":\"https:\/\/www.clients.horus-informatique71.fr\/advocnar_backup\/#\/schema\/person\/28ec283f897fb44e1146415d8015d23e\",\"name\":\"FBrochot\",\"url\":\"https:\/\/www.clients.horus-informatique71.fr\/advocnar_backup\/author\/fbrochot\/\"}]}<\/script>\n<!-- \/ Yoast SEO plugin. -->","yoast_head_json":{"title":"Apr\u00e8s la pand\u00e9mie, l\u2019urgence est de repenser le transport a\u00e9rien ! - Advocnar","robots":{"index":"index","follow":"follow","max-snippet":"max-snippet:-1","max-image-preview":"max-image-preview:large","max-video-preview":"max-video-preview:-1"},"canonical":"https:\/\/www.clients.horus-informatique71.fr\/advocnar_backup\/2020\/05\/apres-la-pandemie-lurgence-est-de-repenser-le-transport-aerien\/","og_locale":"fr_FR","og_type":"article","og_title":"Apr\u00e8s la pand\u00e9mie, l\u2019urgence est de repenser le transport a\u00e9rien ! - Advocnar","og_description":"Apr\u00e8s la pand\u00e9mie, l\u2019urgence est de repenser le transport a\u00e9rien ! Dans le contexte de la crise COVID19, l\u2019ADVOCNAR demande que le transport a\u00e9rien, activit\u00e9 polluante reposant sur l\u2019utilisation quasi-exclusive d\u2019\u00e9nergies fossiles et b\u00e9n\u00e9ficiaire d\u2019aides massives de la part des contribuables, prenne un virage pour pr\u00e9server vraiment le bien commun. I. L\u2019Europe et ses Etats [&hellip;]","og_url":"https:\/\/www.clients.horus-informatique71.fr\/advocnar_backup\/2020\/05\/apres-la-pandemie-lurgence-est-de-repenser-le-transport-aerien\/","og_site_name":"Advocnar","article_published_time":"2020-05-18T12:42:01+00:00","article_modified_time":"2020-05-18T12:42:03+00:00","og_image":[{"width":863,"height":648,"url":"https:\/\/www.clients.horus-informatique71.fr\/advocnar_backup\/wp-content\/uploads\/2018\/01\/Communique-ADVOCNAR.png","type":"image\/png"}],"author":"FBrochot","twitter_card":"summary_large_image","twitter_misc":{"\u00c9crit par":"FBrochot","Dur\u00e9e de lecture estim\u00e9e":"3 minutes"},"schema":{"@context":"https:\/\/schema.org","@graph":[{"@type":"WebPage","@id":"https:\/\/www.clients.horus-informatique71.fr\/advocnar_backup\/2020\/05\/apres-la-pandemie-lurgence-est-de-repenser-le-transport-aerien\/","url":"https:\/\/www.clients.horus-informatique71.fr\/advocnar_backup\/2020\/05\/apres-la-pandemie-lurgence-est-de-repenser-le-transport-aerien\/","name":"Apr\u00e8s la pand\u00e9mie, l\u2019urgence est de repenser le transport a\u00e9rien ! - Advocnar","isPartOf":{"@id":"https:\/\/www.clients.horus-informatique71.fr\/advocnar_backup\/#website"},"datePublished":"2020-05-18T12:42:01+00:00","dateModified":"2020-05-18T12:42:03+00:00","author":{"@id":"https:\/\/www.clients.horus-informatique71.fr\/advocnar_backup\/#\/schema\/person\/28ec283f897fb44e1146415d8015d23e"},"breadcrumb":{"@id":"https:\/\/www.clients.horus-informatique71.fr\/advocnar_backup\/2020\/05\/apres-la-pandemie-lurgence-est-de-repenser-le-transport-aerien\/#breadcrumb"},"inLanguage":"fr-FR","potentialAction":[{"@type":"ReadAction","target":["https:\/\/www.clients.horus-informatique71.fr\/advocnar_backup\/2020\/05\/apres-la-pandemie-lurgence-est-de-repenser-le-transport-aerien\/"]}]},{"@type":"BreadcrumbList","@id":"https:\/\/www.clients.horus-informatique71.fr\/advocnar_backup\/2020\/05\/apres-la-pandemie-lurgence-est-de-repenser-le-transport-aerien\/#breadcrumb","itemListElement":[{"@type":"ListItem","position":1,"name":"Accueil","item":"https:\/\/www.clients.horus-informatique71.fr\/advocnar_backup\/"},{"@type":"ListItem","position":2,"name":"Apr\u00e8s la pand\u00e9mie, l\u2019urgence est de repenser le transport a\u00e9rien !"}]},{"@type":"WebSite","@id":"https:\/\/www.clients.horus-informatique71.fr\/advocnar_backup\/#website","url":"https:\/\/www.clients.horus-informatique71.fr\/advocnar_backup\/","name":"Advocnar","description":"Association de D\u00e9fense Contre les Nuisances A\u00e9riennes","potentialAction":[{"@type":"SearchAction","target":{"@type":"EntryPoint","urlTemplate":"https:\/\/www.clients.horus-informatique71.fr\/advocnar_backup\/?s={search_term_string}"},"query-input":"required name=search_term_string"}],"inLanguage":"fr-FR"},{"@type":"Person","@id":"https:\/\/www.clients.horus-informatique71.fr\/advocnar_backup\/#\/schema\/person\/28ec283f897fb44e1146415d8015d23e","name":"FBrochot","url":"https:\/\/www.clients.horus-informatique71.fr\/advocnar_backup\/author\/fbrochot\/"}]}},"_links":{"self":[{"href":"https:\/\/www.clients.horus-informatique71.fr\/advocnar_backup\/wp-json\/wp\/v2\/posts\/75914"}],"collection":[{"href":"https:\/\/www.clients.horus-informatique71.fr\/advocnar_backup\/wp-json\/wp\/v2\/posts"}],"about":[{"href":"https:\/\/www.clients.horus-informatique71.fr\/advocnar_backup\/wp-json\/wp\/v2\/types\/post"}],"author":[{"embeddable":true,"href":"https:\/\/www.clients.horus-informatique71.fr\/advocnar_backup\/wp-json\/wp\/v2\/users\/10"}],"replies":[{"embeddable":true,"href":"https:\/\/www.clients.horus-informatique71.fr\/advocnar_backup\/wp-json\/wp\/v2\/comments?post=75914"}],"version-history":[{"count":9,"href":"https:\/\/www.clients.horus-informatique71.fr\/advocnar_backup\/wp-json\/wp\/v2\/posts\/75914\/revisions"}],"predecessor-version":[{"id":75923,"href":"https:\/\/www.clients.horus-informatique71.fr\/advocnar_backup\/wp-json\/wp\/v2\/posts\/75914\/revisions\/75923"}],"wp:featuredmedia":[{"embeddable":true,"href":"https:\/\/www.clients.horus-informatique71.fr\/advocnar_backup\/wp-json\/wp\/v2\/media\/74173"}],"wp:attachment":[{"href":"https:\/\/www.clients.horus-informatique71.fr\/advocnar_backup\/wp-json\/wp\/v2\/media?parent=75914"}],"wp:term":[{"taxonomy":"category","embeddable":true,"href":"https:\/\/www.clients.horus-informatique71.fr\/advocnar_backup\/wp-json\/wp\/v2\/categories?post=75914"},{"taxonomy":"post_tag","embeddable":true,"href":"https:\/\/www.clients.horus-informatique71.fr\/advocnar_backup\/wp-json\/wp\/v2\/tags?post=75914"}],"curies":[{"name":"wp","href":"https:\/\/api.w.org\/{rel}","templated":true}]}}