{"id":75941,"date":"2020-05-19T08:53:21","date_gmt":"2020-05-19T06:53:21","guid":{"rendered":"https:\/\/www.clients.horus-informatique71.fr\/advocnar_backup\/?p=75941"},"modified":"2021-05-14T10:38:31","modified_gmt":"2021-05-14T08:38:31","slug":"les-habitants-dile-de-france-invites-a-raconter-leur-ciel-sans-avions","status":"publish","type":"post","link":"https:\/\/www.clients.horus-informatique71.fr\/advocnar_backup\/2020\/05\/les-habitants-dile-de-france-invites-a-raconter-leur-ciel-sans-avions\/","title":{"rendered":"Les habitants d\u2019Ile-de-France invit\u00e9s \u00e0 raconter leur ciel sans avions"},"content":{"rendered":"\n<h4 class=\"wp-block-heading\"><\/h4>\n\n\n\n<h4 class=\"wp-block-heading\">19.05.20250 &#8211; Le Parisien<\/h4>\n\n\n\n<h4 class=\"wp-block-heading\"><\/h4>\n\n\n\n<h5 class=\"wp-block-heading\">L\u2019ADVOCNAR a lanc\u00e9 l\u2019op\u00e9ration \u00ab\u00a0Des oiseaux, pas d\u2019avions\u00a0\u00bb afin de donner la parole \u00e0 tous ceux qui vivent sous les couloirs a\u00e9riens de Roissy et dont le quotidien a \u00e9t\u00e9 transform\u00e9 par la crise sanitaire.<\/h5>\n\n\n\n<p><em>Avec la suspension du trafic a\u00e9rien li\u00e9e au Covid-19, les avions se sont faits rares au-dessus des t\u00eates des Val-d\u2019Oisiens. <\/em><\/p>\n\n\n\n<p><em>Par Marie Persidat<\/em><\/p>\n\n\n\n<p>\u00ab Aujourd&rsquo;hui, j&rsquo;ai entendu pour la premi\u00e8re fois les\npoules d&rsquo;une maison plus loin dans ma rue. \u00bb Il est \u00ab formidable de pouvoir\nrespirer profond\u00e9ment sans tousser et de sentir les bonnes odeurs des fleurs du\nprintemps. Je n&rsquo;ai jamais connu Deuil-la-Barre ainsi, dans plus de vingt ans de\nvie ici ! \u00bb<\/p>\n\n\n\n<p>Ces t\u00e9moignages sont de Jo\u00eblle et Janet. Alors que la crise du Covid-19 a r\u00e9duit le trafic a\u00e9rien \u00e0 peau de chagrin, l&rsquo;association ADVOCNAR, mobilis\u00e9e contre les nuisances a\u00e9riennes, a d\u00e9cid\u00e9 de recueillir les r\u00e9cits de vie de tous ceux qui vivent habituellement avec le bruit des vols. <a href=\"https:\/\/www.advocnar.fr2020\/04\/participez-a-loperation-des-oiseaux-pas-davions\/\">L&rsquo;op\u00e9ration \u00ab des oiseaux pas d&rsquo;avions \u00bb <\/a>invite ainsi chaque citoyen \u00e0 d\u00e9crire \u00ab son calme retrouv\u00e9 \u00bb et aussi faire part de ses attentes \u00ab pour un monde d&rsquo;apr\u00e8s \u00bb. Car les militants ne sont pas dupes, cet Eden (presque) silencieux n&rsquo;aura qu&rsquo;un temps.<\/p>\n\n\n\n<p><strong>\u00ab On red\u00e9couvre une qualit\u00e9 de vie \u00bb<\/strong><\/p>\n\n\n\n<p>\u00ab Cette action suscite d\u00e9j\u00e0 beaucoup de retours \u00bb, se\nf\u00e9licite Audrey Boehly, du collectif Non au T4, qui lutte conte <a href=\"http:\/\/www.leparisien.fr\/val-d-oise-95\/roissy-des-associations-reclament-a-nouveau-de-reporter-l-enquete-publique-sur-le-t4-17-04-2020-8301561.php\" target=\"_blank\" rel=\"noreferrer noopener\">le projet de nouveau terminal \u00e0 Roissy<\/a>\net qui est notamment \u00e0 l&rsquo;origine de cet appel.<\/p>\n\n\n\n<p>\u00ab Nous voyons bien qu&rsquo;actuellement, les populations\nlocales revivent. On red\u00e9couvre une qualit\u00e9 de vie et cela change tout. Il y a\nbeaucoup d&rsquo;habitants qui d\u00e9couvrent m\u00eame ce qu&rsquo;est le quotidien sans avion. Les\ngens nous disent : j&rsquo;ai retrouv\u00e9 le sommeil, je suis plus en forme. Nous vivons\nactuellement une parenth\u00e8se qui permet de se rendre compte de ce qui est\npossible. \u00bb<\/p>\n\n\n\n<p>L&rsquo;ADVOCNAR avait d\u00e9j\u00e0 lanc\u00e9 la m\u00eame op\u00e9ration une premi\u00e8re fois en 2010 \u00ab au moment de l&rsquo;\u00e9ruption du volcan islandais \u00bb, rappelle sa pr\u00e9sidente Fran\u00e7oise Brochot. \u00c0 l&rsquo;\u00e9poque, les gaz volcaniques et les cendres qui s&rsquo;\u00e9chappaient du crat\u00e8re d&rsquo;Eyjafj\u00f6ll avaient fortement perturb\u00e9 le trafic a\u00e9rien international.<\/p>\n\n\n\n<p><strong>Un trafic dix fois moins dense<\/strong><\/p>\n\n\n\n<p>Cette fois, c&rsquo;est le Covid-19 qui offre un r\u00e9pit aux\nVal-d&rsquo;Oisiens m\u00eame si tous ne peuvent en profiter de la m\u00eame mani\u00e8re. \u00ab Les\npersonnes habitant sous le doublet nord ont encore des avions \u00bb, souligne\nFran\u00e7oise Brochot. L&rsquo;a\u00e9roport Charles-de-Gaulle n&rsquo;a en effet ferm\u00e9 que deux\npistes sur quatre, celles du doublet sud.<\/p>\n\n\n\n<figure class=\"wp-block-image\"><img loading=\"lazy\" decoding=\"async\" width=\"1024\" height=\"507\" src=\"https:\/\/www.clients.horus-informatique71.fr\/advocnar_backup\/wp-content\/uploads\/2020\/05\/2020-05-19-Le-Parisien95-Photo-2-1024x507.jpg\" alt=\"\" class=\"wp-image-75940\" srcset=\"https:\/\/www.clients.horus-informatique71.fr\/advocnar_backup\/wp-content\/uploads\/2020\/05\/2020-05-19-Le-Parisien95-Photo-2-1024x507.jpg 1024w, https:\/\/www.clients.horus-informatique71.fr\/advocnar_backup\/wp-content\/uploads\/2020\/05\/2020-05-19-Le-Parisien95-Photo-2-300x149.jpg 300w, https:\/\/www.clients.horus-informatique71.fr\/advocnar_backup\/wp-content\/uploads\/2020\/05\/2020-05-19-Le-Parisien95-Photo-2-768x380.jpg 768w, https:\/\/www.clients.horus-informatique71.fr\/advocnar_backup\/wp-content\/uploads\/2020\/05\/2020-05-19-Le-Parisien95-Photo-2.jpg 1280w\" sizes=\"(max-width: 1024px) 100vw, 1024px\" \/><figcaption> <em>Sur la voie Charlie, sont stationn\u00e9s de nombreux avions clou\u00e9s au sol durant le confinement. LP\/Ma.P. &nbsp;<\/em> <\/figcaption><\/figure>\n\n\n\n<p><\/p>\n\n\n\n<p>La plate-forme continuait d&rsquo;accueillir 150 \u00e0 200\nmouvements par jour durant le confinement. Le trafic devrait d\u00e9sormais\nrecommencer timidement \u00e0 augmenter. Mais on reste tout de m\u00eame \u00e0 mille lieues\nde la situation habituelle avec ses 1 300 avions quotidiens.<\/p>\n\n\n\n<p><strong>Un mouvement sur les r\u00e9seaux sociaux<\/strong><\/p>\n\n\n\n<p>\u00ab Quel plaisir de retrouver le calme de 1977 quand\nnous avons achet\u00e9 la maison ! \u00bb, t\u00e9moigne ainsi Claude, de\nCormeilles-en-Parisis. \u00ab La piste sud n&rsquo;\u00e9tait pas en service. On entend tous\nles bruits de la nature, les chants d&rsquo;oiseaux, le vent dans les arbres\u2026 On peut\ndormir enfin toute la nuit ! \u00bb<\/p>\n\n\n\n<p>Sur Twitter, des internautes s&rsquo;extasient sur les merveilles de leurs jardins et diffusent des enregistrements de p\u00e9piements de jeunes m\u00e9sanges, avec le hashtag <strong>#DesOiseauxPasDAvions #MondeDapr\u00e8s<\/strong>.<\/p>\n\n\n\n<p><strong>Un appel \u00e0 repenser le trafic a\u00e9rien<\/strong><\/p>\n\n\n\n<p>Pour les associations, la mention du \u00ab monde d&rsquo;apr\u00e8s \u00bb\nest importante, car c&rsquo;est bien de lutte qu&rsquo;il s&rsquo;agit. \u00ab Beaucoup de citoyens\npensent que les nuisances a\u00e9riennes sont une fatalit\u00e9, regrette Audrey Boehly.\nVivre un monde sans avion comme actuellement, cela redonne de l&rsquo;espoir et\nmontre que cela vaut le coup de se battre. Nous esp\u00e9rons qu&rsquo;ainsi la\nmobilisation soit plus forte. \u00bb<\/p>\n\n\n\n<p>R\u00e9cemment, l&rsquo;Union fran\u00e7aise contre les nuisances des a\u00e9ronefs a sign\u00e9 un appel afin de \u00ab <a href=\"https:\/\/www.advocnar.fr2020\/04\/declaration-ufcna-apres-la-pandemie-il-faut-repenser-le-transport-aerien\/\">repenser le trafic a\u00e9rien apr\u00e8s la pand\u00e9mie.<\/a> \u00bb L&rsquo;ADVOCNAR fait partie de ce mouvement. \u00ab <a href=\"https:\/\/www.advocnar.fr2020\/05\/crise-sanitaire-le-transport-aerien-doit-etre-repense-pour-ne-pas-nuire-a-notre-sante-ni-a-celle-du-vivant\/\">Nous demandons que le transport a\u00e9rien<\/a>, activit\u00e9 polluante reposant sur l&rsquo;utilisation massive d&rsquo;\u00e9nergie fossile et fulgurant vecteur de transmission des pand\u00e9mies, prenne le virage indispensable pour sauvegarder le bien commun \u00bb, \u00e9crit l&rsquo;association, r\u00e9clamant \u00ab une action de bon sens : que le trafic a\u00e9rien soit repens\u00e9 pour ne pas nuire \u00e0 notre sant\u00e9 ni \u00e0 celle du vivant dans son ensemble \u00bb.<\/p>\n","protected":false},"excerpt":{"rendered":"<p>19.05.20250 &#8211; Le Parisien L\u2019ADVOCNAR a lanc\u00e9 l\u2019op\u00e9ration \u00ab\u00a0Des oiseaux, pas d\u2019avions\u00a0\u00bb afin de donner la parole \u00e0 tous ceux qui vivent sous les couloirs a\u00e9riens de Roissy et dont le quotidien a \u00e9t\u00e9 transform\u00e9 par la crise sanitaire. Avec la suspension du trafic a\u00e9rien li\u00e9e au Covid-19, les avions se sont faits rares au-dessus [&hellip;]<\/p>\n","protected":false},"author":10,"featured_media":0,"comment_status":"closed","ping_status":"open","sticky":false,"template":"","format":"standard","meta":{"footnotes":""},"categories":[49],"tags":[],"yoast_head":"<!-- This site is optimized with the Yoast SEO plugin v22.0 - https:\/\/yoast.com\/wordpress\/plugins\/seo\/ -->\n<title>Les habitants d\u2019Ile-de-France invit\u00e9s \u00e0 raconter leur ciel sans avions - Advocnar<\/title>\n<meta name=\"robots\" content=\"index, follow, max-snippet:-1, max-image-preview:large, max-video-preview:-1\" \/>\n<link rel=\"canonical\" href=\"https:\/\/www.clients.horus-informatique71.fr\/advocnar_backup\/2020\/05\/les-habitants-dile-de-france-invites-a-raconter-leur-ciel-sans-avions\/\" \/>\n<meta property=\"og:locale\" content=\"fr_FR\" \/>\n<meta property=\"og:type\" content=\"article\" \/>\n<meta property=\"og:title\" content=\"Les habitants d\u2019Ile-de-France invit\u00e9s \u00e0 raconter leur ciel sans avions - Advocnar\" \/>\n<meta property=\"og:description\" content=\"19.05.20250 &#8211; Le Parisien L\u2019ADVOCNAR a lanc\u00e9 l\u2019op\u00e9ration \u00ab\u00a0Des oiseaux, pas d\u2019avions\u00a0\u00bb afin de donner la parole \u00e0 tous ceux qui vivent sous les couloirs a\u00e9riens de Roissy et dont le quotidien a \u00e9t\u00e9 transform\u00e9 par la crise sanitaire. Avec la suspension du trafic a\u00e9rien li\u00e9e au Covid-19, les avions se sont faits rares au-dessus [&hellip;]\" \/>\n<meta property=\"og:url\" content=\"https:\/\/www.clients.horus-informatique71.fr\/advocnar_backup\/2020\/05\/les-habitants-dile-de-france-invites-a-raconter-leur-ciel-sans-avions\/\" \/>\n<meta property=\"og:site_name\" content=\"Advocnar\" \/>\n<meta property=\"article:published_time\" content=\"2020-05-19T06:53:21+00:00\" \/>\n<meta property=\"article:modified_time\" content=\"2021-05-14T08:38:31+00:00\" \/>\n<meta property=\"og:image\" content=\"https:\/\/www.advocnar.frwp-content\/uploads\/2020\/05\/2020-05-19-Le-Parisien95-Photo-2-1024x507.jpg\" \/>\n<meta name=\"author\" content=\"FBrochot\" \/>\n<meta name=\"twitter:card\" content=\"summary_large_image\" \/>\n<meta name=\"twitter:label1\" content=\"\u00c9crit par\" \/>\n\t<meta name=\"twitter:data1\" content=\"FBrochot\" \/>\n\t<meta name=\"twitter:label2\" content=\"Dur\u00e9e de lecture estim\u00e9e\" \/>\n\t<meta name=\"twitter:data2\" content=\"4 minutes\" \/>\n<script type=\"application\/ld+json\" class=\"yoast-schema-graph\">{\"@context\":\"https:\/\/schema.org\",\"@graph\":[{\"@type\":\"WebPage\",\"@id\":\"https:\/\/www.clients.horus-informatique71.fr\/advocnar_backup\/2020\/05\/les-habitants-dile-de-france-invites-a-raconter-leur-ciel-sans-avions\/\",\"url\":\"https:\/\/www.clients.horus-informatique71.fr\/advocnar_backup\/2020\/05\/les-habitants-dile-de-france-invites-a-raconter-leur-ciel-sans-avions\/\",\"name\":\"Les habitants d\u2019Ile-de-France invit\u00e9s \u00e0 raconter leur ciel sans avions - Advocnar\",\"isPartOf\":{\"@id\":\"https:\/\/www.clients.horus-informatique71.fr\/advocnar_backup\/#website\"},\"datePublished\":\"2020-05-19T06:53:21+00:00\",\"dateModified\":\"2021-05-14T08:38:31+00:00\",\"author\":{\"@id\":\"https:\/\/www.clients.horus-informatique71.fr\/advocnar_backup\/#\/schema\/person\/28ec283f897fb44e1146415d8015d23e\"},\"breadcrumb\":{\"@id\":\"https:\/\/www.clients.horus-informatique71.fr\/advocnar_backup\/2020\/05\/les-habitants-dile-de-france-invites-a-raconter-leur-ciel-sans-avions\/#breadcrumb\"},\"inLanguage\":\"fr-FR\",\"potentialAction\":[{\"@type\":\"ReadAction\",\"target\":[\"https:\/\/www.clients.horus-informatique71.fr\/advocnar_backup\/2020\/05\/les-habitants-dile-de-france-invites-a-raconter-leur-ciel-sans-avions\/\"]}]},{\"@type\":\"BreadcrumbList\",\"@id\":\"https:\/\/www.clients.horus-informatique71.fr\/advocnar_backup\/2020\/05\/les-habitants-dile-de-france-invites-a-raconter-leur-ciel-sans-avions\/#breadcrumb\",\"itemListElement\":[{\"@type\":\"ListItem\",\"position\":1,\"name\":\"Accueil\",\"item\":\"https:\/\/www.clients.horus-informatique71.fr\/advocnar_backup\/\"},{\"@type\":\"ListItem\",\"position\":2,\"name\":\"Les habitants d\u2019Ile-de-France invit\u00e9s \u00e0 raconter leur ciel sans avions\"}]},{\"@type\":\"WebSite\",\"@id\":\"https:\/\/www.clients.horus-informatique71.fr\/advocnar_backup\/#website\",\"url\":\"https:\/\/www.clients.horus-informatique71.fr\/advocnar_backup\/\",\"name\":\"Advocnar\",\"description\":\"Association de D\u00e9fense Contre les Nuisances A\u00e9riennes\",\"potentialAction\":[{\"@type\":\"SearchAction\",\"target\":{\"@type\":\"EntryPoint\",\"urlTemplate\":\"https:\/\/www.clients.horus-informatique71.fr\/advocnar_backup\/?s={search_term_string}\"},\"query-input\":\"required name=search_term_string\"}],\"inLanguage\":\"fr-FR\"},{\"@type\":\"Person\",\"@id\":\"https:\/\/www.clients.horus-informatique71.fr\/advocnar_backup\/#\/schema\/person\/28ec283f897fb44e1146415d8015d23e\",\"name\":\"FBrochot\",\"url\":\"https:\/\/www.clients.horus-informatique71.fr\/advocnar_backup\/author\/fbrochot\/\"}]}<\/script>\n<!-- \/ Yoast SEO plugin. -->","yoast_head_json":{"title":"Les habitants d\u2019Ile-de-France invit\u00e9s \u00e0 raconter leur ciel sans avions - Advocnar","robots":{"index":"index","follow":"follow","max-snippet":"max-snippet:-1","max-image-preview":"max-image-preview:large","max-video-preview":"max-video-preview:-1"},"canonical":"https:\/\/www.clients.horus-informatique71.fr\/advocnar_backup\/2020\/05\/les-habitants-dile-de-france-invites-a-raconter-leur-ciel-sans-avions\/","og_locale":"fr_FR","og_type":"article","og_title":"Les habitants d\u2019Ile-de-France invit\u00e9s \u00e0 raconter leur ciel sans avions - Advocnar","og_description":"19.05.20250 &#8211; Le Parisien L\u2019ADVOCNAR a lanc\u00e9 l\u2019op\u00e9ration \u00ab\u00a0Des oiseaux, pas d\u2019avions\u00a0\u00bb afin de donner la parole \u00e0 tous ceux qui vivent sous les couloirs a\u00e9riens de Roissy et dont le quotidien a \u00e9t\u00e9 transform\u00e9 par la crise sanitaire. Avec la suspension du trafic a\u00e9rien li\u00e9e au Covid-19, les avions se sont faits rares au-dessus [&hellip;]","og_url":"https:\/\/www.clients.horus-informatique71.fr\/advocnar_backup\/2020\/05\/les-habitants-dile-de-france-invites-a-raconter-leur-ciel-sans-avions\/","og_site_name":"Advocnar","article_published_time":"2020-05-19T06:53:21+00:00","article_modified_time":"2021-05-14T08:38:31+00:00","og_image":[{"url":"https:\/\/www.advocnar.frwp-content\/uploads\/2020\/05\/2020-05-19-Le-Parisien95-Photo-2-1024x507.jpg"}],"author":"FBrochot","twitter_card":"summary_large_image","twitter_misc":{"\u00c9crit par":"FBrochot","Dur\u00e9e de lecture estim\u00e9e":"4 minutes"},"schema":{"@context":"https:\/\/schema.org","@graph":[{"@type":"WebPage","@id":"https:\/\/www.clients.horus-informatique71.fr\/advocnar_backup\/2020\/05\/les-habitants-dile-de-france-invites-a-raconter-leur-ciel-sans-avions\/","url":"https:\/\/www.clients.horus-informatique71.fr\/advocnar_backup\/2020\/05\/les-habitants-dile-de-france-invites-a-raconter-leur-ciel-sans-avions\/","name":"Les habitants d\u2019Ile-de-France invit\u00e9s \u00e0 raconter leur ciel sans avions - Advocnar","isPartOf":{"@id":"https:\/\/www.clients.horus-informatique71.fr\/advocnar_backup\/#website"},"datePublished":"2020-05-19T06:53:21+00:00","dateModified":"2021-05-14T08:38:31+00:00","author":{"@id":"https:\/\/www.clients.horus-informatique71.fr\/advocnar_backup\/#\/schema\/person\/28ec283f897fb44e1146415d8015d23e"},"breadcrumb":{"@id":"https:\/\/www.clients.horus-informatique71.fr\/advocnar_backup\/2020\/05\/les-habitants-dile-de-france-invites-a-raconter-leur-ciel-sans-avions\/#breadcrumb"},"inLanguage":"fr-FR","potentialAction":[{"@type":"ReadAction","target":["https:\/\/www.clients.horus-informatique71.fr\/advocnar_backup\/2020\/05\/les-habitants-dile-de-france-invites-a-raconter-leur-ciel-sans-avions\/"]}]},{"@type":"BreadcrumbList","@id":"https:\/\/www.clients.horus-informatique71.fr\/advocnar_backup\/2020\/05\/les-habitants-dile-de-france-invites-a-raconter-leur-ciel-sans-avions\/#breadcrumb","itemListElement":[{"@type":"ListItem","position":1,"name":"Accueil","item":"https:\/\/www.clients.horus-informatique71.fr\/advocnar_backup\/"},{"@type":"ListItem","position":2,"name":"Les habitants d\u2019Ile-de-France invit\u00e9s \u00e0 raconter leur ciel sans avions"}]},{"@type":"WebSite","@id":"https:\/\/www.clients.horus-informatique71.fr\/advocnar_backup\/#website","url":"https:\/\/www.clients.horus-informatique71.fr\/advocnar_backup\/","name":"Advocnar","description":"Association de D\u00e9fense Contre les Nuisances A\u00e9riennes","potentialAction":[{"@type":"SearchAction","target":{"@type":"EntryPoint","urlTemplate":"https:\/\/www.clients.horus-informatique71.fr\/advocnar_backup\/?s={search_term_string}"},"query-input":"required name=search_term_string"}],"inLanguage":"fr-FR"},{"@type":"Person","@id":"https:\/\/www.clients.horus-informatique71.fr\/advocnar_backup\/#\/schema\/person\/28ec283f897fb44e1146415d8015d23e","name":"FBrochot","url":"https:\/\/www.clients.horus-informatique71.fr\/advocnar_backup\/author\/fbrochot\/"}]}},"_links":{"self":[{"href":"https:\/\/www.clients.horus-informatique71.fr\/advocnar_backup\/wp-json\/wp\/v2\/posts\/75941"}],"collection":[{"href":"https:\/\/www.clients.horus-informatique71.fr\/advocnar_backup\/wp-json\/wp\/v2\/posts"}],"about":[{"href":"https:\/\/www.clients.horus-informatique71.fr\/advocnar_backup\/wp-json\/wp\/v2\/types\/post"}],"author":[{"embeddable":true,"href":"https:\/\/www.clients.horus-informatique71.fr\/advocnar_backup\/wp-json\/wp\/v2\/users\/10"}],"replies":[{"embeddable":true,"href":"https:\/\/www.clients.horus-informatique71.fr\/advocnar_backup\/wp-json\/wp\/v2\/comments?post=75941"}],"version-history":[{"count":5,"href":"https:\/\/www.clients.horus-informatique71.fr\/advocnar_backup\/wp-json\/wp\/v2\/posts\/75941\/revisions"}],"predecessor-version":[{"id":75946,"href":"https:\/\/www.clients.horus-informatique71.fr\/advocnar_backup\/wp-json\/wp\/v2\/posts\/75941\/revisions\/75946"}],"wp:attachment":[{"href":"https:\/\/www.clients.horus-informatique71.fr\/advocnar_backup\/wp-json\/wp\/v2\/media?parent=75941"}],"wp:term":[{"taxonomy":"category","embeddable":true,"href":"https:\/\/www.clients.horus-informatique71.fr\/advocnar_backup\/wp-json\/wp\/v2\/categories?post=75941"},{"taxonomy":"post_tag","embeddable":true,"href":"https:\/\/www.clients.horus-informatique71.fr\/advocnar_backup\/wp-json\/wp\/v2\/tags?post=75941"}],"curies":[{"name":"wp","href":"https:\/\/api.w.org\/{rel}","templated":true}]}}