{"id":76393,"date":"2020-12-03T18:38:00","date_gmt":"2020-12-03T17:38:00","guid":{"rendered":"https:\/\/www.clients.horus-informatique71.fr\/advocnar_backup\/?p=76393"},"modified":"2020-12-20T19:41:09","modified_gmt":"2020-12-20T18:41:09","slug":"33-ong-appellent-lue-a-prendre-rapidement-des-mesures-pour-reduire-tous-les-impacts-climatiques-du-transport-aerien","status":"publish","type":"post","link":"https:\/\/www.clients.horus-informatique71.fr\/advocnar_backup\/2020\/12\/33-ong-appellent-lue-a-prendre-rapidement-des-mesures-pour-reduire-tous-les-impacts-climatiques-du-transport-aerien\/","title":{"rendered":"33 ONG appellent l\u2019UE \u00e0 prendre rapidement des mesures pour r\u00e9duire tous les impacts climatiques du transport a\u00e9rien"},"content":{"rendered":"\n<ul><li><strong>Une nouvelle \u00e9tude pour la Commission europ\u00e9enne montre clairement que l\u2019impact climatique du transport a\u00e9rien est bien pire que ce qui est dit et r\u00e9p\u00e9t\u00e9.<\/strong><\/li><li><strong>Malgr\u00e9 cela, la Commission europ\u00e9enne ne propose pas d\u2019action pouvant entrer en application avant 5 \u00e0 8 ans.<\/strong><\/li><li><strong>Les ONG r\u00e9clament une r\u00e9duction durable du trafic a\u00e9rien et une transition juste<\/strong><\/li><\/ul>\n\n\n\n<p>Vienne\/Bruxelles, 3 d\u00e9cembre 2020 <\/p>\n\n\n\n<p>Aujourd\u2019hui, 33 ONG ont envoy\u00e9 une <a href=\"https:\/\/stay-grounded.org\/wp-content\/uploads\/2020\/12\/Lettre_ouverte_SG-GP_Impacts_climatiques_TA_2020-12-03-1.pdf\">lettre ouverte<\/a> aux pr\u00e9sidents des trois institutions europ\u00e9ennes, les pressant de ne pas perdre de temps dans la lutte contre l\u2019ensemble des \u00e9missions de l\u2019aviation n\u00e9fastes pour le climat.<\/p>\n\n\n\n<p><strong>Leur demande fait suite \u00e0 un r\u00e9cent <\/strong><a href=\"https:\/\/eur-lex.europa.eu\/legal-content\/FR\/TXT\/PDF\/?uri=CELEX:52020DC0747&amp;from=EN\"><strong>rapport<\/strong><\/a><strong> pour la Commission europ\u00e9enne, qui reconna\u00eet que l\u2019impact du trafic a\u00e9rien sur le climat est environ trois fois plus important que celui du CO2 seul.<\/strong> <\/p>\n\n\n\n<p>Les organisations signataires, parmi lesquelles Stay Grounded, Greenpeace, le R\u00e9seau Action Climat Europe, Transport &amp; Environnement et l&rsquo;UFCNA (f\u00e9d\u00e9ration nationale dont l&rsquo;ADVOCNAR est membre), demandent une action politique imm\u00e9diate pour r\u00e9duire l\u2019ensemble des impacts climatiques de l\u2019aviation. <\/p>\n\n\n\n<p>Le moyen le plus efficace d\u2019y parvenir est de faire baisser le trafic a\u00e9rien et de s\u2019assurer qu\u2019il ne revienne pas aux niveaux pre-COVID.<\/p>\n\n\n\n<p><strong>La lettre ouverte a \u00e9t\u00e9 sign\u00e9e par : <\/strong><\/p>\n\n\n\n<p>Stay Grounded, Greenpeace, CAN Europe (Climate Action Network), Transport &amp; Environment, Carbon Market Watch, Germanwatch, Ecologistas en Acci\u00f3n, Milieu Defensie, R\u00e9seau Action Climat, NOAH \u2013 Friends of the Earth Denmark, UECNA (European Union Against Aircraft Nuisance), <strong>UFCNA (Union Francaise Contre les Nuisances des A\u00e9ronefs)<\/strong>, Robin Wood, Za\u013c\u0101 br\u012bv\u012bba, Schipholwatch, Am Boden bleiben, Aterra, Periskop, Umanotera, Erasmus by Train, Protect Our Winters Europe, Global Anti-Aerotropolis Movement, Airport Watch, Zomer Zonder Vliegen, BAW Fluglaermschutz Hamburg und Schleswig-Holstein, Safe Landing, AbibiNsroma Foundation, Alofa Tuvalu, cBalance solutions hub, 350 Seattle, Flight Free Australia, Flight Free Germany, Coordination of Indigenous Peoples and Organisations Eastern Mexico State CPOOEM<\/p>\n\n\n\n<hr class=\"wp-block-separator\"\/>\n\n\n\n<p><a href=\"https:\/\/www.clients.horus-informatique71.fr\/advocnar_backup\/wp-content\/uploads\/2020\/12\/2020-12-03-Lettre_ouverte_SG-GP_Impacts_climatiques_TA.pdf\">Lire la lettre ouverte<\/a><\/p>\n","protected":false},"excerpt":{"rendered":"<p>Une nouvelle \u00e9tude pour la Commission europ\u00e9enne montre clairement que l\u2019impact climatique du transport a\u00e9rien est bien pire que ce qui est dit et r\u00e9p\u00e9t\u00e9. Malgr\u00e9 cela, la Commission europ\u00e9enne ne propose pas d\u2019action pouvant entrer en application avant 5 \u00e0 8 ans. Les ONG r\u00e9clament une r\u00e9duction durable du trafic a\u00e9rien et une transition [&hellip;]<\/p>\n","protected":false},"author":10,"featured_media":76392,"comment_status":"closed","ping_status":"open","sticky":false,"template":"","format":"standard","meta":{"footnotes":""},"categories":[46],"tags":[],"yoast_head":"<!-- This site is optimized with the Yoast SEO plugin v22.0 - https:\/\/yoast.com\/wordpress\/plugins\/seo\/ -->\n<title>33 ONG appellent l\u2019UE \u00e0 prendre rapidement des mesures pour r\u00e9duire tous les impacts climatiques du transport a\u00e9rien - Advocnar<\/title>\n<meta name=\"robots\" content=\"index, follow, max-snippet:-1, max-image-preview:large, max-video-preview:-1\" \/>\n<link rel=\"canonical\" href=\"https:\/\/www.clients.horus-informatique71.fr\/advocnar_backup\/2020\/12\/33-ong-appellent-lue-a-prendre-rapidement-des-mesures-pour-reduire-tous-les-impacts-climatiques-du-transport-aerien\/\" \/>\n<meta property=\"og:locale\" content=\"fr_FR\" \/>\n<meta property=\"og:type\" content=\"article\" \/>\n<meta property=\"og:title\" content=\"33 ONG appellent l\u2019UE \u00e0 prendre rapidement des mesures pour r\u00e9duire tous les impacts climatiques du transport a\u00e9rien - Advocnar\" \/>\n<meta property=\"og:description\" content=\"Une nouvelle \u00e9tude pour la Commission europ\u00e9enne montre clairement que l\u2019impact climatique du transport a\u00e9rien est bien pire que ce qui est dit et r\u00e9p\u00e9t\u00e9. Malgr\u00e9 cela, la Commission europ\u00e9enne ne propose pas d\u2019action pouvant entrer en application avant 5 \u00e0 8 ans. Les ONG r\u00e9clament une r\u00e9duction durable du trafic a\u00e9rien et une transition [&hellip;]\" \/>\n<meta property=\"og:url\" content=\"https:\/\/www.clients.horus-informatique71.fr\/advocnar_backup\/2020\/12\/33-ong-appellent-lue-a-prendre-rapidement-des-mesures-pour-reduire-tous-les-impacts-climatiques-du-transport-aerien\/\" \/>\n<meta property=\"og:site_name\" content=\"Advocnar\" \/>\n<meta property=\"article:published_time\" content=\"2020-12-03T17:38:00+00:00\" \/>\n<meta property=\"article:modified_time\" content=\"2020-12-20T18:41:09+00:00\" \/>\n<meta property=\"og:image\" content=\"https:\/\/www.clients.horus-informatique71.fr\/advocnar_backup\/wp-content\/uploads\/2020\/12\/sky-3667641_1280.jpg\" \/>\n\t<meta property=\"og:image:width\" content=\"1136\" \/>\n\t<meta property=\"og:image:height\" content=\"853\" \/>\n\t<meta property=\"og:image:type\" content=\"image\/jpeg\" \/>\n<meta name=\"author\" content=\"FBrochot\" \/>\n<meta name=\"twitter:card\" content=\"summary_large_image\" \/>\n<meta name=\"twitter:label1\" content=\"\u00c9crit par\" \/>\n\t<meta name=\"twitter:data1\" content=\"FBrochot\" \/>\n\t<meta name=\"twitter:label2\" content=\"Dur\u00e9e de lecture estim\u00e9e\" \/>\n\t<meta name=\"twitter:data2\" content=\"2 minutes\" \/>\n<script type=\"application\/ld+json\" class=\"yoast-schema-graph\">{\"@context\":\"https:\/\/schema.org\",\"@graph\":[{\"@type\":\"WebPage\",\"@id\":\"https:\/\/www.clients.horus-informatique71.fr\/advocnar_backup\/2020\/12\/33-ong-appellent-lue-a-prendre-rapidement-des-mesures-pour-reduire-tous-les-impacts-climatiques-du-transport-aerien\/\",\"url\":\"https:\/\/www.clients.horus-informatique71.fr\/advocnar_backup\/2020\/12\/33-ong-appellent-lue-a-prendre-rapidement-des-mesures-pour-reduire-tous-les-impacts-climatiques-du-transport-aerien\/\",\"name\":\"33 ONG appellent l\u2019UE \u00e0 prendre rapidement des mesures pour r\u00e9duire tous les impacts climatiques du transport a\u00e9rien - Advocnar\",\"isPartOf\":{\"@id\":\"https:\/\/www.clients.horus-informatique71.fr\/advocnar_backup\/#website\"},\"datePublished\":\"2020-12-03T17:38:00+00:00\",\"dateModified\":\"2020-12-20T18:41:09+00:00\",\"author\":{\"@id\":\"https:\/\/www.clients.horus-informatique71.fr\/advocnar_backup\/#\/schema\/person\/28ec283f897fb44e1146415d8015d23e\"},\"breadcrumb\":{\"@id\":\"https:\/\/www.clients.horus-informatique71.fr\/advocnar_backup\/2020\/12\/33-ong-appellent-lue-a-prendre-rapidement-des-mesures-pour-reduire-tous-les-impacts-climatiques-du-transport-aerien\/#breadcrumb\"},\"inLanguage\":\"fr-FR\",\"potentialAction\":[{\"@type\":\"ReadAction\",\"target\":[\"https:\/\/www.clients.horus-informatique71.fr\/advocnar_backup\/2020\/12\/33-ong-appellent-lue-a-prendre-rapidement-des-mesures-pour-reduire-tous-les-impacts-climatiques-du-transport-aerien\/\"]}]},{\"@type\":\"BreadcrumbList\",\"@id\":\"https:\/\/www.clients.horus-informatique71.fr\/advocnar_backup\/2020\/12\/33-ong-appellent-lue-a-prendre-rapidement-des-mesures-pour-reduire-tous-les-impacts-climatiques-du-transport-aerien\/#breadcrumb\",\"itemListElement\":[{\"@type\":\"ListItem\",\"position\":1,\"name\":\"Accueil\",\"item\":\"https:\/\/www.clients.horus-informatique71.fr\/advocnar_backup\/\"},{\"@type\":\"ListItem\",\"position\":2,\"name\":\"33 ONG appellent l\u2019UE \u00e0 prendre rapidement des mesures pour r\u00e9duire tous les impacts climatiques du transport a\u00e9rien\"}]},{\"@type\":\"WebSite\",\"@id\":\"https:\/\/www.clients.horus-informatique71.fr\/advocnar_backup\/#website\",\"url\":\"https:\/\/www.clients.horus-informatique71.fr\/advocnar_backup\/\",\"name\":\"Advocnar\",\"description\":\"Association de D\u00e9fense Contre les Nuisances A\u00e9riennes\",\"potentialAction\":[{\"@type\":\"SearchAction\",\"target\":{\"@type\":\"EntryPoint\",\"urlTemplate\":\"https:\/\/www.clients.horus-informatique71.fr\/advocnar_backup\/?s={search_term_string}\"},\"query-input\":\"required name=search_term_string\"}],\"inLanguage\":\"fr-FR\"},{\"@type\":\"Person\",\"@id\":\"https:\/\/www.clients.horus-informatique71.fr\/advocnar_backup\/#\/schema\/person\/28ec283f897fb44e1146415d8015d23e\",\"name\":\"FBrochot\",\"url\":\"https:\/\/www.clients.horus-informatique71.fr\/advocnar_backup\/author\/fbrochot\/\"}]}<\/script>\n<!-- \/ Yoast SEO plugin. -->","yoast_head_json":{"title":"33 ONG appellent l\u2019UE \u00e0 prendre rapidement des mesures pour r\u00e9duire tous les impacts climatiques du transport a\u00e9rien - Advocnar","robots":{"index":"index","follow":"follow","max-snippet":"max-snippet:-1","max-image-preview":"max-image-preview:large","max-video-preview":"max-video-preview:-1"},"canonical":"https:\/\/www.clients.horus-informatique71.fr\/advocnar_backup\/2020\/12\/33-ong-appellent-lue-a-prendre-rapidement-des-mesures-pour-reduire-tous-les-impacts-climatiques-du-transport-aerien\/","og_locale":"fr_FR","og_type":"article","og_title":"33 ONG appellent l\u2019UE \u00e0 prendre rapidement des mesures pour r\u00e9duire tous les impacts climatiques du transport a\u00e9rien - Advocnar","og_description":"Une nouvelle \u00e9tude pour la Commission europ\u00e9enne montre clairement que l\u2019impact climatique du transport a\u00e9rien est bien pire que ce qui est dit et r\u00e9p\u00e9t\u00e9. Malgr\u00e9 cela, la Commission europ\u00e9enne ne propose pas d\u2019action pouvant entrer en application avant 5 \u00e0 8 ans. Les ONG r\u00e9clament une r\u00e9duction durable du trafic a\u00e9rien et une transition [&hellip;]","og_url":"https:\/\/www.clients.horus-informatique71.fr\/advocnar_backup\/2020\/12\/33-ong-appellent-lue-a-prendre-rapidement-des-mesures-pour-reduire-tous-les-impacts-climatiques-du-transport-aerien\/","og_site_name":"Advocnar","article_published_time":"2020-12-03T17:38:00+00:00","article_modified_time":"2020-12-20T18:41:09+00:00","og_image":[{"width":1136,"height":853,"url":"https:\/\/www.clients.horus-informatique71.fr\/advocnar_backup\/wp-content\/uploads\/2020\/12\/sky-3667641_1280.jpg","type":"image\/jpeg"}],"author":"FBrochot","twitter_card":"summary_large_image","twitter_misc":{"\u00c9crit par":"FBrochot","Dur\u00e9e de lecture estim\u00e9e":"2 minutes"},"schema":{"@context":"https:\/\/schema.org","@graph":[{"@type":"WebPage","@id":"https:\/\/www.clients.horus-informatique71.fr\/advocnar_backup\/2020\/12\/33-ong-appellent-lue-a-prendre-rapidement-des-mesures-pour-reduire-tous-les-impacts-climatiques-du-transport-aerien\/","url":"https:\/\/www.clients.horus-informatique71.fr\/advocnar_backup\/2020\/12\/33-ong-appellent-lue-a-prendre-rapidement-des-mesures-pour-reduire-tous-les-impacts-climatiques-du-transport-aerien\/","name":"33 ONG appellent l\u2019UE \u00e0 prendre rapidement des mesures pour r\u00e9duire tous les impacts climatiques du transport a\u00e9rien - Advocnar","isPartOf":{"@id":"https:\/\/www.clients.horus-informatique71.fr\/advocnar_backup\/#website"},"datePublished":"2020-12-03T17:38:00+00:00","dateModified":"2020-12-20T18:41:09+00:00","author":{"@id":"https:\/\/www.clients.horus-informatique71.fr\/advocnar_backup\/#\/schema\/person\/28ec283f897fb44e1146415d8015d23e"},"breadcrumb":{"@id":"https:\/\/www.clients.horus-informatique71.fr\/advocnar_backup\/2020\/12\/33-ong-appellent-lue-a-prendre-rapidement-des-mesures-pour-reduire-tous-les-impacts-climatiques-du-transport-aerien\/#breadcrumb"},"inLanguage":"fr-FR","potentialAction":[{"@type":"ReadAction","target":["https:\/\/www.clients.horus-informatique71.fr\/advocnar_backup\/2020\/12\/33-ong-appellent-lue-a-prendre-rapidement-des-mesures-pour-reduire-tous-les-impacts-climatiques-du-transport-aerien\/"]}]},{"@type":"BreadcrumbList","@id":"https:\/\/www.clients.horus-informatique71.fr\/advocnar_backup\/2020\/12\/33-ong-appellent-lue-a-prendre-rapidement-des-mesures-pour-reduire-tous-les-impacts-climatiques-du-transport-aerien\/#breadcrumb","itemListElement":[{"@type":"ListItem","position":1,"name":"Accueil","item":"https:\/\/www.clients.horus-informatique71.fr\/advocnar_backup\/"},{"@type":"ListItem","position":2,"name":"33 ONG appellent l\u2019UE \u00e0 prendre rapidement des mesures pour r\u00e9duire tous les impacts climatiques du transport a\u00e9rien"}]},{"@type":"WebSite","@id":"https:\/\/www.clients.horus-informatique71.fr\/advocnar_backup\/#website","url":"https:\/\/www.clients.horus-informatique71.fr\/advocnar_backup\/","name":"Advocnar","description":"Association de D\u00e9fense Contre les Nuisances A\u00e9riennes","potentialAction":[{"@type":"SearchAction","target":{"@type":"EntryPoint","urlTemplate":"https:\/\/www.clients.horus-informatique71.fr\/advocnar_backup\/?s={search_term_string}"},"query-input":"required name=search_term_string"}],"inLanguage":"fr-FR"},{"@type":"Person","@id":"https:\/\/www.clients.horus-informatique71.fr\/advocnar_backup\/#\/schema\/person\/28ec283f897fb44e1146415d8015d23e","name":"FBrochot","url":"https:\/\/www.clients.horus-informatique71.fr\/advocnar_backup\/author\/fbrochot\/"}]}},"_links":{"self":[{"href":"https:\/\/www.clients.horus-informatique71.fr\/advocnar_backup\/wp-json\/wp\/v2\/posts\/76393"}],"collection":[{"href":"https:\/\/www.clients.horus-informatique71.fr\/advocnar_backup\/wp-json\/wp\/v2\/posts"}],"about":[{"href":"https:\/\/www.clients.horus-informatique71.fr\/advocnar_backup\/wp-json\/wp\/v2\/types\/post"}],"author":[{"embeddable":true,"href":"https:\/\/www.clients.horus-informatique71.fr\/advocnar_backup\/wp-json\/wp\/v2\/users\/10"}],"replies":[{"embeddable":true,"href":"https:\/\/www.clients.horus-informatique71.fr\/advocnar_backup\/wp-json\/wp\/v2\/comments?post=76393"}],"version-history":[{"count":8,"href":"https:\/\/www.clients.horus-informatique71.fr\/advocnar_backup\/wp-json\/wp\/v2\/posts\/76393\/revisions"}],"predecessor-version":[{"id":76401,"href":"https:\/\/www.clients.horus-informatique71.fr\/advocnar_backup\/wp-json\/wp\/v2\/posts\/76393\/revisions\/76401"}],"wp:featuredmedia":[{"embeddable":true,"href":"https:\/\/www.clients.horus-informatique71.fr\/advocnar_backup\/wp-json\/wp\/v2\/media\/76392"}],"wp:attachment":[{"href":"https:\/\/www.clients.horus-informatique71.fr\/advocnar_backup\/wp-json\/wp\/v2\/media?parent=76393"}],"wp:term":[{"taxonomy":"category","embeddable":true,"href":"https:\/\/www.clients.horus-informatique71.fr\/advocnar_backup\/wp-json\/wp\/v2\/categories?post=76393"},{"taxonomy":"post_tag","embeddable":true,"href":"https:\/\/www.clients.horus-informatique71.fr\/advocnar_backup\/wp-json\/wp\/v2\/tags?post=76393"}],"curies":[{"name":"wp","href":"https:\/\/api.w.org\/{rel}","templated":true}]}}