{"id":76427,"date":"2021-01-11T21:24:25","date_gmt":"2021-01-11T20:24:25","guid":{"rendered":"https:\/\/www.clients.horus-informatique71.fr\/advocnar_backup\/?p=76427"},"modified":"2021-01-24T19:01:46","modified_gmt":"2021-01-24T18:01:46","slug":"pollution-de-lair-inaction-persistante-de-letat-malgre-des-condamnations","status":"publish","type":"post","link":"https:\/\/www.clients.horus-informatique71.fr\/advocnar_backup\/2021\/01\/pollution-de-lair-inaction-persistante-de-letat-malgre-des-condamnations\/","title":{"rendered":"Pollution de l\u2019air : inaction persistante de l\u2019Etat malgr\u00e9 des condamnations"},"content":{"rendered":"\n<figure class=\"wp-block-image size-large is-resized\"><img loading=\"lazy\" decoding=\"async\" src=\"https:\/\/www.clients.horus-informatique71.fr\/advocnar_backup\/wp-content\/uploads\/2020\/07\/amis-terre-france-logo.png\" alt=\"\" class=\"wp-image-76067\" width=\"194\" height=\"67\" srcset=\"https:\/\/www.clients.horus-informatique71.fr\/advocnar_backup\/wp-content\/uploads\/2020\/07\/amis-terre-france-logo.png 400w, https:\/\/www.clients.horus-informatique71.fr\/advocnar_backup\/wp-content\/uploads\/2020\/07\/amis-terre-france-logo-300x104.png 300w\" sizes=\"(max-width: 194px) 100vw, 194px\" \/><\/figure>\n\n\n\n<h4 class=\"has-text-align-center has-white-color has-vivid-green-cyan-background-color has-text-color has-background wp-block-heading\">COMMUNIQU\u00c9 DE PRESSE<\/h4>\n\n\n\n<h4 class=\"wp-block-heading\"><\/h4>\n\n\n\n<h5 class=\"wp-block-heading\">Ce 11 janvier 2021 expire le d\u00e9lai de six mois donn\u00e9 par une d\u00e9cision du Conseil d\u2019Etat \u00e0 l\u2019Etat fran\u00e7ais (le Premier ministre et le Minist\u00e8re de la transition \u00e9cologique) pour agir et respecter les normes de qualit\u00e9 de l\u2019air, sous peine d\u2019une astreinte de 10 millions d\u2019euros par semestre de retard.<\/h5>\n\n\n\n<h5 class=\"wp-block-heading\">De son c\u00f4t\u00e9, l\u2019Etat continue dans l\u2019inaction, n\u2019a m\u00eame pas transmis les justifications demand\u00e9es et est, en parall\u00e8le, vis\u00e9 par une proc\u00e9dure d\u2019infraction par la Commission europ\u00e9enne.<\/h5>\n\n\n\n<h4 class=\"wp-block-heading\"><\/h4>\n\n\n\n<p>Le 12 juillet 2017, \u00e0 la suite <a href=\"https:\/\/www.amisdelaterre.org\/recours-sur-la-pollution-de-l-air-victoire-historique-des-amis-de-la-terre\/\">d\u2019un premier recours des Amis de la Terre France<\/a>, le Conseil d\u2019Etat a ordonn\u00e9 au gouvernement d\u2019agir en \u00e9laborant et mettant en \u0153uvre des plans relatifs \u00e0 la qualit\u00e9 de l\u2019air afin de respecter les <a href=\"https:\/\/www.legifrance.gouv.fr\/codes\/article_lc\/LEGIARTI000022964539\/\">normes de concentrations en particules fines et en dioxyde d\u2019azote<\/a> fix\u00e9es par directive europ\u00e9enne depuis 2008. Ces normes \u00e9taient en effet encore r\u00e9guli\u00e8rement d\u00e9pass\u00e9es dans plusieurs grandes agglom\u00e9rations fran\u00e7aises.<\/p>\n\n\n\n<p>Constatant l\u2019inex\u00e9cution de cette d\u00e9cision, 77 associations environnementales et citoyens ont saisi le Conseil d\u2019Etat en 2018 afin de faire constater l\u2019absence de mise en \u0153uvre des mesures par le gouvernement et prononcer une astreinte.<\/p>\n\n\n\n<p>Dans une d\u00e9cision du 10 juillet 2020, la plus haute juridiction administrative a ainsi enjoint de nouveau l\u2019Etat \u00e0 agir contre la pollution en pronon\u00e7ant une astreinte d\u2019un montant historique de 10 millions d\u2019euros compte tenu \u201c<a href=\"https:\/\/www.conseil-etat.fr\/actualites\/actualites\/le-conseil-d-etat-ordonne-au-gouvernement-de-prendre-des-mesures-pour-reduire-la-pollution-de-l-air-sous-astreinte-de-10-m-par-semestre-de-retard\">de la gravit\u00e9 des cons\u00e9quences en mati\u00e8re de sant\u00e9 publique et de l\u2019urgence particuli\u00e8re qui en r\u00e9sulte<\/a>\u201d.<\/p>\n\n\n\n<p>Au 11 janvier 2020, alors qu\u2019expire le d\u00e9lai accord\u00e9 par le Conseil d\u2019Etat, ces normes ne sont toujours pas respect\u00e9es. La France est d\u2019ailleurs \u00e9galement dans le viseur des instances europ\u00e9ennes sur ce sujet. Concernant les \u00e9missions de dioxyde d\u2019azote, la France, d\u00e9j\u00e0 condamn\u00e9e par la <a href=\"https:\/\/ec.europa.eu\/commission\/presscorner\/detail\/fr\/inf_20_2142\">Cour de justice de l\u2019Union europ\u00e9enne le 24 octobre 2019<\/a> \u00e0 agir pour respecter les valeurs, a fait l\u2019objet d\u2019une <a href=\"https:\/\/ec.europa.eu\/commission\/presscorner\/detail\/fr\/inf_20_2142\">nouvelle mise en demeure<\/a> le 2 d\u00e9cembre 2020 en raison de l\u2019insuffisance de son action pour rem\u00e9dier \u00e0 la situation dans les douze agglom\u00e9rations concern\u00e9es. La France a jusqu\u2019au 3 f\u00e9vrier pour prouver qu\u2019elle met en oeuvre toutes les mesures n\u00e9cessaires pour respecter au plus vite ces valeurs, et pourrait se voir imposer des sanctions financi\u00e8res d\u2019au moins 240 000 euros par jour de retard. Concernant les \u00e9missions de particules fines (PM10), la France a \u00e9galement \u00e9t\u00e9 <a href=\"https:\/\/ec.europa.eu\/france\/news\/20201030\/qualite_de_l_air_la_commission_saisit_la_cour_de_justice_contre_la_france_fr\">traduite<\/a> devant la Cour de Justice de l\u2019UE le 30 octobre dernier.&nbsp;<\/p>\n\n\n\n<p>Pour autant, le gouvernement ne semble toujours pas avoir pris toute la mesure de l\u2019enjeu alors que des mesures structurelles sont n\u00e9cessaires, notamment dans le secteur des transports. Par exemple, en mati\u00e8re de lutte contre la pollution automobile, qui affecte tout particuli\u00e8rement nos grandes villes, les mesures annonc\u00e9es ces derniers mois ne sont pas au niveau. Le gouvernement a r\u00e9cemment annonc\u00e9 un renforcement du cadre r\u00e9glementaire accompagnant la mise en \u0153uvre de zones \u00e0 faibles \u00e9missions dans les villes pollu\u00e9es, mais qui ne prendrait effet qu\u2019en 2023 alors qu\u2019il y a urgence et qui ne propose pas de perspective de sortie des v\u00e9hicules diesel puis essence ; et le dispositif est lacunaire en termes de mesures d\u2019accompagnement social.<\/p>\n\n\n\n<p>Le Gouvernement a \u00e9galement ent\u00e9rin\u00e9 une r\u00e9forme \u00e0 minima de la fiscalit\u00e9 automobile via la Loi de Finances, refusant de p\u00e9naliser significativement les v\u00e9hicules les plus polluants, et de mieux cibler les aides pour les m\u00e9nages les plus pr\u00e9caires, pour lesquels le reste \u00e0 charge pour s\u2019\u00e9quiper d\u2019un v\u00e9hicule r\u00e9ellement moins polluant reste trop \u00e9lev\u00e9. Les niches fiscales accord\u00e9es au transport routier, mais aussi au transport a\u00e9rien, continuent \u00e9galement de p\u00e9naliser le report vers les modes moins \u00e9metteurs.<\/p>\n\n\n\n<p>Enfin, les enveloppes budg\u00e9taires annonc\u00e9es restent tr\u00e8s en-de\u00e7\u00e0 des besoins pour le d\u00e9veloppement des alternatives \u00e0 la voiture, comme le train, le v\u00e9lo, ou les transports en commun, et le soutien aux collectivit\u00e9s locales pour la transition reste limit\u00e9.<\/p>\n\n\n\n<p>Cette strat\u00e9gie de l\u2019inaction est alarmante alors m\u00eame que les seuils limites de pollution fix\u00e9s aux niveaux fran\u00e7ais et europ\u00e9en sont d\u00e9j\u00e0 moins s\u00e9v\u00e8res que ceux recommand\u00e9s par l\u2019Organisation Mondiale de la Sant\u00e9 (<a href=\"https:\/\/www.actu-environnement.com\/ae\/news\/air-ambiant-directives-revision-consultation-commission-europenne-36764.php4\">qui pourraient encore \u00eatre durcis en 2021<\/a>). Face \u00e0 l\u2019immobilisme \u00e9tatique, le conseil d\u2019Etat doit s\u2019assurer de la bonne ex\u00e9cution de sa d\u00e9cision et de l\u2019application de l\u2019astreinte.<\/p>\n\n\n\n<p><strong>Liste des co-signataires :<\/strong><\/p>\n\n\n\n<ul><li>Actions Citoyennes pour une Transition \u00c9nerg\u00e9tique Solidaire&nbsp;<\/li><li>Alertes Nuisances A\u00e9riennes&nbsp;&nbsp;<\/li><li>Alofa Tuvalu&nbsp;<\/li><li>Alsace Nature<\/li><li>Amis de la Terre C\u00f4te d\u2019Or&nbsp;<\/li><li>Amis de la Terre France&nbsp;<\/li><li>Amis de la Terre Paris&nbsp;&nbsp;<\/li><li>Amis de la Terre Val de Bi\u00e8vre&nbsp;<\/li><li><strong>Association de d\u00e9fense contre les nuisances a\u00e9riennes (ADVOCNAR)<\/strong><\/li><li>Association de protection des collines peypinoises&nbsp;<\/li><li>Association pour la sauvegarde du patrimoine et de l\u2019environnement \u00e0 Antony (ASPEA)<\/li><li>Association Vexinoise de Lutte Contre les Carri\u00e8res Cimenti\u00e8res<\/li><li>CAN Environnement&nbsp;<\/li><li>Cap au Nord&nbsp;<\/li><li>Champagne-Ardenne Nature Environnement&nbsp;<\/li><li>Chaville Environnement<\/li><li>Collectif Inter-associatif du Refus des Nuisances A\u00e9riennes (CIRENA)<\/li><li>Collectif contre les nuisances a\u00e9riennes de l\u2019agglom\u00e9ration toulousaine&nbsp;<\/li><li>Cr\u00e2ne Solidaire&nbsp;<\/li><li>D\u00e9fense des Int\u00e9r\u00eats des Riverains de l\u2019A\u00e9rodrome de Pontoise-Corneilles en Vexin&nbsp;<\/li><li>D\u00e9fense des riverains de l\u2019a\u00e9roport de Paris-Orly&nbsp;<\/li><li>Environnement 92&nbsp;<\/li><li>F\u00e9d\u00e9ration des associations de d\u00e9fense de l\u2019environnement de l\u2019agglom\u00e9ration lyonnaise (FRACTURE)&nbsp;<\/li><li>France Nature Environnement Bouches-du-Rh\u00f4ne&nbsp;<\/li><li>France Nature Environnement Bourgogne Franche-Comt\u00e9&nbsp;<\/li><li>France Nature Environnement Ile-de-France<\/li><li>France Nature Environnement Paris<\/li><li>Greenpeace<\/li><li>Nord Ecologie Conseil<\/li><li>Notre Affaire \u00e0 Tous&nbsp;<\/li><li>R\u00e9seau Action Climat<\/li><li>Respire<\/li><li>SOS Paris<\/li><li>Union des Calanques Littoral&nbsp;<\/li><li>Union Fran\u00e7aise Contre les Nuisances des A\u00e9ronefs&nbsp;<\/li><li>Val de Seine Vert<\/li><\/ul>\n\n\n\n<hr class=\"wp-block-separator\"\/>\n\n\n\n<p><a href=\"https:\/\/www.clients.horus-informatique71.fr\/advocnar_backup\/wp-content\/uploads\/2021\/01\/2021-01-11-CP-Les-Amis-de-la-Terre-Qualite-de-lair-inaction-persistante-de-lEtat.pdf\">Lire le communiqu\u00e9 de presse des Amis de la Terre et co-signataires<\/a><\/p>\n","protected":false},"excerpt":{"rendered":"<p>COMMUNIQU\u00c9 DE PRESSE Ce 11 janvier 2021 expire le d\u00e9lai de six mois donn\u00e9 par une d\u00e9cision du Conseil d\u2019Etat \u00e0 l\u2019Etat fran\u00e7ais (le Premier ministre et le Minist\u00e8re de la transition \u00e9cologique) pour agir et respecter les normes de qualit\u00e9 de l\u2019air, sous peine d\u2019une astreinte de 10 millions d\u2019euros par semestre de retard. [&hellip;]<\/p>\n","protected":false},"author":10,"featured_media":76426,"comment_status":"closed","ping_status":"open","sticky":false,"template":"","format":"standard","meta":{"footnotes":""},"categories":[46],"tags":[],"yoast_head":"<!-- This site is optimized with the Yoast SEO plugin v22.0 - https:\/\/yoast.com\/wordpress\/plugins\/seo\/ -->\n<title>Pollution de l\u2019air : inaction persistante de l\u2019Etat malgr\u00e9 des condamnations - Advocnar<\/title>\n<meta name=\"robots\" content=\"index, follow, max-snippet:-1, max-image-preview:large, max-video-preview:-1\" \/>\n<link rel=\"canonical\" href=\"https:\/\/www.clients.horus-informatique71.fr\/advocnar_backup\/2021\/01\/pollution-de-lair-inaction-persistante-de-letat-malgre-des-condamnations\/\" \/>\n<meta property=\"og:locale\" content=\"fr_FR\" \/>\n<meta property=\"og:type\" content=\"article\" \/>\n<meta property=\"og:title\" content=\"Pollution de l\u2019air : inaction persistante de l\u2019Etat malgr\u00e9 des condamnations - Advocnar\" \/>\n<meta property=\"og:description\" content=\"COMMUNIQU\u00c9 DE PRESSE Ce 11 janvier 2021 expire le d\u00e9lai de six mois donn\u00e9 par une d\u00e9cision du Conseil d\u2019Etat \u00e0 l\u2019Etat fran\u00e7ais (le Premier ministre et le Minist\u00e8re de la transition \u00e9cologique) pour agir et respecter les normes de qualit\u00e9 de l\u2019air, sous peine d\u2019une astreinte de 10 millions d\u2019euros par semestre de retard. [&hellip;]\" \/>\n<meta property=\"og:url\" content=\"https:\/\/www.clients.horus-informatique71.fr\/advocnar_backup\/2021\/01\/pollution-de-lair-inaction-persistante-de-letat-malgre-des-condamnations\/\" \/>\n<meta property=\"og:site_name\" content=\"Advocnar\" \/>\n<meta property=\"article:published_time\" content=\"2021-01-11T20:24:25+00:00\" \/>\n<meta property=\"article:modified_time\" content=\"2021-01-24T18:01:46+00:00\" \/>\n<meta property=\"og:image\" content=\"https:\/\/www.clients.horus-informatique71.fr\/advocnar_backup\/wp-content\/uploads\/2021\/01\/2021-01-11-Photo-CP-AT-Pollution.jpg\" \/>\n\t<meta property=\"og:image:width\" content=\"518\" \/>\n\t<meta property=\"og:image:height\" content=\"388\" \/>\n\t<meta property=\"og:image:type\" content=\"image\/jpeg\" \/>\n<meta name=\"author\" content=\"FBrochot\" \/>\n<meta name=\"twitter:card\" content=\"summary_large_image\" \/>\n<meta name=\"twitter:label1\" content=\"\u00c9crit par\" \/>\n\t<meta name=\"twitter:data1\" content=\"FBrochot\" \/>\n\t<meta name=\"twitter:label2\" content=\"Dur\u00e9e de lecture estim\u00e9e\" \/>\n\t<meta name=\"twitter:data2\" content=\"5 minutes\" \/>\n<script type=\"application\/ld+json\" class=\"yoast-schema-graph\">{\"@context\":\"https:\/\/schema.org\",\"@graph\":[{\"@type\":\"WebPage\",\"@id\":\"https:\/\/www.clients.horus-informatique71.fr\/advocnar_backup\/2021\/01\/pollution-de-lair-inaction-persistante-de-letat-malgre-des-condamnations\/\",\"url\":\"https:\/\/www.clients.horus-informatique71.fr\/advocnar_backup\/2021\/01\/pollution-de-lair-inaction-persistante-de-letat-malgre-des-condamnations\/\",\"name\":\"Pollution de l\u2019air : inaction persistante de l\u2019Etat malgr\u00e9 des condamnations - Advocnar\",\"isPartOf\":{\"@id\":\"https:\/\/www.clients.horus-informatique71.fr\/advocnar_backup\/#website\"},\"datePublished\":\"2021-01-11T20:24:25+00:00\",\"dateModified\":\"2021-01-24T18:01:46+00:00\",\"author\":{\"@id\":\"https:\/\/www.clients.horus-informatique71.fr\/advocnar_backup\/#\/schema\/person\/28ec283f897fb44e1146415d8015d23e\"},\"breadcrumb\":{\"@id\":\"https:\/\/www.clients.horus-informatique71.fr\/advocnar_backup\/2021\/01\/pollution-de-lair-inaction-persistante-de-letat-malgre-des-condamnations\/#breadcrumb\"},\"inLanguage\":\"fr-FR\",\"potentialAction\":[{\"@type\":\"ReadAction\",\"target\":[\"https:\/\/www.clients.horus-informatique71.fr\/advocnar_backup\/2021\/01\/pollution-de-lair-inaction-persistante-de-letat-malgre-des-condamnations\/\"]}]},{\"@type\":\"BreadcrumbList\",\"@id\":\"https:\/\/www.clients.horus-informatique71.fr\/advocnar_backup\/2021\/01\/pollution-de-lair-inaction-persistante-de-letat-malgre-des-condamnations\/#breadcrumb\",\"itemListElement\":[{\"@type\":\"ListItem\",\"position\":1,\"name\":\"Accueil\",\"item\":\"https:\/\/www.clients.horus-informatique71.fr\/advocnar_backup\/\"},{\"@type\":\"ListItem\",\"position\":2,\"name\":\"Pollution de l\u2019air : inaction persistante de l\u2019Etat malgr\u00e9 des condamnations\"}]},{\"@type\":\"WebSite\",\"@id\":\"https:\/\/www.clients.horus-informatique71.fr\/advocnar_backup\/#website\",\"url\":\"https:\/\/www.clients.horus-informatique71.fr\/advocnar_backup\/\",\"name\":\"Advocnar\",\"description\":\"Association de D\u00e9fense Contre les Nuisances A\u00e9riennes\",\"potentialAction\":[{\"@type\":\"SearchAction\",\"target\":{\"@type\":\"EntryPoint\",\"urlTemplate\":\"https:\/\/www.clients.horus-informatique71.fr\/advocnar_backup\/?s={search_term_string}\"},\"query-input\":\"required name=search_term_string\"}],\"inLanguage\":\"fr-FR\"},{\"@type\":\"Person\",\"@id\":\"https:\/\/www.clients.horus-informatique71.fr\/advocnar_backup\/#\/schema\/person\/28ec283f897fb44e1146415d8015d23e\",\"name\":\"FBrochot\",\"url\":\"https:\/\/www.clients.horus-informatique71.fr\/advocnar_backup\/author\/fbrochot\/\"}]}<\/script>\n<!-- \/ Yoast SEO plugin. -->","yoast_head_json":{"title":"Pollution de l\u2019air : inaction persistante de l\u2019Etat malgr\u00e9 des condamnations - Advocnar","robots":{"index":"index","follow":"follow","max-snippet":"max-snippet:-1","max-image-preview":"max-image-preview:large","max-video-preview":"max-video-preview:-1"},"canonical":"https:\/\/www.clients.horus-informatique71.fr\/advocnar_backup\/2021\/01\/pollution-de-lair-inaction-persistante-de-letat-malgre-des-condamnations\/","og_locale":"fr_FR","og_type":"article","og_title":"Pollution de l\u2019air : inaction persistante de l\u2019Etat malgr\u00e9 des condamnations - Advocnar","og_description":"COMMUNIQU\u00c9 DE PRESSE Ce 11 janvier 2021 expire le d\u00e9lai de six mois donn\u00e9 par une d\u00e9cision du Conseil d\u2019Etat \u00e0 l\u2019Etat fran\u00e7ais (le Premier ministre et le Minist\u00e8re de la transition \u00e9cologique) pour agir et respecter les normes de qualit\u00e9 de l\u2019air, sous peine d\u2019une astreinte de 10 millions d\u2019euros par semestre de retard. [&hellip;]","og_url":"https:\/\/www.clients.horus-informatique71.fr\/advocnar_backup\/2021\/01\/pollution-de-lair-inaction-persistante-de-letat-malgre-des-condamnations\/","og_site_name":"Advocnar","article_published_time":"2021-01-11T20:24:25+00:00","article_modified_time":"2021-01-24T18:01:46+00:00","og_image":[{"width":518,"height":388,"url":"https:\/\/www.clients.horus-informatique71.fr\/advocnar_backup\/wp-content\/uploads\/2021\/01\/2021-01-11-Photo-CP-AT-Pollution.jpg","type":"image\/jpeg"}],"author":"FBrochot","twitter_card":"summary_large_image","twitter_misc":{"\u00c9crit par":"FBrochot","Dur\u00e9e de lecture estim\u00e9e":"5 minutes"},"schema":{"@context":"https:\/\/schema.org","@graph":[{"@type":"WebPage","@id":"https:\/\/www.clients.horus-informatique71.fr\/advocnar_backup\/2021\/01\/pollution-de-lair-inaction-persistante-de-letat-malgre-des-condamnations\/","url":"https:\/\/www.clients.horus-informatique71.fr\/advocnar_backup\/2021\/01\/pollution-de-lair-inaction-persistante-de-letat-malgre-des-condamnations\/","name":"Pollution de l\u2019air : inaction persistante de l\u2019Etat malgr\u00e9 des condamnations - Advocnar","isPartOf":{"@id":"https:\/\/www.clients.horus-informatique71.fr\/advocnar_backup\/#website"},"datePublished":"2021-01-11T20:24:25+00:00","dateModified":"2021-01-24T18:01:46+00:00","author":{"@id":"https:\/\/www.clients.horus-informatique71.fr\/advocnar_backup\/#\/schema\/person\/28ec283f897fb44e1146415d8015d23e"},"breadcrumb":{"@id":"https:\/\/www.clients.horus-informatique71.fr\/advocnar_backup\/2021\/01\/pollution-de-lair-inaction-persistante-de-letat-malgre-des-condamnations\/#breadcrumb"},"inLanguage":"fr-FR","potentialAction":[{"@type":"ReadAction","target":["https:\/\/www.clients.horus-informatique71.fr\/advocnar_backup\/2021\/01\/pollution-de-lair-inaction-persistante-de-letat-malgre-des-condamnations\/"]}]},{"@type":"BreadcrumbList","@id":"https:\/\/www.clients.horus-informatique71.fr\/advocnar_backup\/2021\/01\/pollution-de-lair-inaction-persistante-de-letat-malgre-des-condamnations\/#breadcrumb","itemListElement":[{"@type":"ListItem","position":1,"name":"Accueil","item":"https:\/\/www.clients.horus-informatique71.fr\/advocnar_backup\/"},{"@type":"ListItem","position":2,"name":"Pollution de l\u2019air : inaction persistante de l\u2019Etat malgr\u00e9 des condamnations"}]},{"@type":"WebSite","@id":"https:\/\/www.clients.horus-informatique71.fr\/advocnar_backup\/#website","url":"https:\/\/www.clients.horus-informatique71.fr\/advocnar_backup\/","name":"Advocnar","description":"Association de D\u00e9fense Contre les Nuisances A\u00e9riennes","potentialAction":[{"@type":"SearchAction","target":{"@type":"EntryPoint","urlTemplate":"https:\/\/www.clients.horus-informatique71.fr\/advocnar_backup\/?s={search_term_string}"},"query-input":"required name=search_term_string"}],"inLanguage":"fr-FR"},{"@type":"Person","@id":"https:\/\/www.clients.horus-informatique71.fr\/advocnar_backup\/#\/schema\/person\/28ec283f897fb44e1146415d8015d23e","name":"FBrochot","url":"https:\/\/www.clients.horus-informatique71.fr\/advocnar_backup\/author\/fbrochot\/"}]}},"_links":{"self":[{"href":"https:\/\/www.clients.horus-informatique71.fr\/advocnar_backup\/wp-json\/wp\/v2\/posts\/76427"}],"collection":[{"href":"https:\/\/www.clients.horus-informatique71.fr\/advocnar_backup\/wp-json\/wp\/v2\/posts"}],"about":[{"href":"https:\/\/www.clients.horus-informatique71.fr\/advocnar_backup\/wp-json\/wp\/v2\/types\/post"}],"author":[{"embeddable":true,"href":"https:\/\/www.clients.horus-informatique71.fr\/advocnar_backup\/wp-json\/wp\/v2\/users\/10"}],"replies":[{"embeddable":true,"href":"https:\/\/www.clients.horus-informatique71.fr\/advocnar_backup\/wp-json\/wp\/v2\/comments?post=76427"}],"version-history":[{"count":9,"href":"https:\/\/www.clients.horus-informatique71.fr\/advocnar_backup\/wp-json\/wp\/v2\/posts\/76427\/revisions"}],"predecessor-version":[{"id":76480,"href":"https:\/\/www.clients.horus-informatique71.fr\/advocnar_backup\/wp-json\/wp\/v2\/posts\/76427\/revisions\/76480"}],"wp:featuredmedia":[{"embeddable":true,"href":"https:\/\/www.clients.horus-informatique71.fr\/advocnar_backup\/wp-json\/wp\/v2\/media\/76426"}],"wp:attachment":[{"href":"https:\/\/www.clients.horus-informatique71.fr\/advocnar_backup\/wp-json\/wp\/v2\/media?parent=76427"}],"wp:term":[{"taxonomy":"category","embeddable":true,"href":"https:\/\/www.clients.horus-informatique71.fr\/advocnar_backup\/wp-json\/wp\/v2\/categories?post=76427"},{"taxonomy":"post_tag","embeddable":true,"href":"https:\/\/www.clients.horus-informatique71.fr\/advocnar_backup\/wp-json\/wp\/v2\/tags?post=76427"}],"curies":[{"name":"wp","href":"https:\/\/api.w.org\/{rel}","templated":true}]}}