{"id":76444,"date":"2021-01-01T18:15:00","date_gmt":"2021-01-01T17:15:00","guid":{"rendered":"https:\/\/www.clients.horus-informatique71.fr\/advocnar_backup\/?p=76444"},"modified":"2021-01-19T19:16:29","modified_gmt":"2021-01-19T18:16:29","slug":"nos-meilleurs-voeux-pour-une-belle-annee-2021-respectueuse-de-la-sante-de-lenvironnement-et-du-climat","status":"publish","type":"post","link":"https:\/\/www.clients.horus-informatique71.fr\/advocnar_backup\/2021\/01\/nos-meilleurs-voeux-pour-une-belle-annee-2021-respectueuse-de-la-sante-de-lenvironnement-et-du-climat\/","title":{"rendered":"Nos meilleurs voeux pour une belle ann\u00e9e 2021, respectueuse de la sant\u00e9, de l&rsquo;environnement et du climat"},"content":{"rendered":"\n<h4 class=\"wp-block-heading\"><\/h4>\n\n\n\n<p>Sans regret, nous quittons 2020, une ann\u00e9e difficile sur le plan sanitaire, social et humain.<br>Aujourd\u2019hui nous ne pouvons que souhaiter une am\u00e9lioration de la situation li\u00e9e \u00e0 l\u2019\u00e9pid\u00e9mie.<\/p>\n\n\n\n<p>Cependant la r\u00e9duction drastique du transport a\u00e9rien li\u00e9e \u00e0 la covid-19 nous a permis de red\u00e9couvrir notre cadre de vie quotidien avec une diminution sensible du bruit infernal des survols et une r\u00e9duction appr\u00e9ciable de la pollution de l\u2019air. En aucun cas nous ne pourrons accepter un retour \u00e0 la situation inadmissible de 2019 au regard des nuisances subies.<\/p>\n\n\n\n<p>Alors que l\u2019Etat investit des sommes colossales pour soutenir le transport a\u00e9rien, dans l\u2019objectif de lui redonner le plus rapidement possible son niveau de trafic de 2019, nous affirmons que le monde d\u2019apr\u00e8s doit s\u2019organiser dans le respect des Accords de Paris&nbsp;: l\u2019industrie a\u00e9ronautique, qui ne fait pas partie des activit\u00e9s vitales et indispensables de notre humanit\u00e9, devra \u00eatre utilis\u00e9e dans des proportions raisonnables, ce secteur devra contribuer comme les autres \u00e0 une r\u00e9duction drastique des \u00e9missions de gaz \u00e0 effet de serre, afin de limiter le d\u00e9r\u00e8glement climatique pour esp\u00e9rer l\u00e9guer aux g\u00e9n\u00e9rations futures un monde vivable.<\/p>\n\n\n\n<p>En cons\u00e9quence, avec vous tous, nos actions porteront sur l\u2019abandon du projet de Terminal 4 \u00e0 Roissy-Charles de Gaulle et de toute autre extension destin\u00e9e \u00e0 accro\u00eetre le trafic, la lutte contre le d\u00e9veloppement du fret a\u00e9rien responsable pour une grande part des vols nocturnes perturbant gravement notre sommeil. La relocalisation de la production et du commerce doit \u00eatre favoris\u00e9e.<\/p>\n\n\n\n<p>Nous continuerons d\u2019agir en justice pour le respect des textes europ\u00e9ens destin\u00e9s \u00e0 r\u00e9duire le bruit dans l\u2019environnement et autour des grands a\u00e9roports, \u00e0 limiter la pollution de l\u2019air dans l\u2019int\u00e9r\u00eat de notre sant\u00e9. La Loi LOM nous reconna\u00eet d\u00e9sormais le droit de vivre dans un environnement sonore sain, nous rappellerons que cette disposition ne doit pas rester lettre morte. Nous serons vigilants concernant le projet de loi Climat dont la premi\u00e8re mouture affaiblit d\u00e9j\u00e0 consid\u00e9rablement les propositions de la Convention Citoyenne pour le Climat, en particulier celles destin\u00e9es \u00e0 limiter les effets n\u00e9fastes du transport a\u00e9rien.<\/p>\n\n\n\n<p>Nous poursuivrons la promotion aupr\u00e8s des Elus et des d\u00e9cideurs de nos 18 mesures pour r\u00e9duire la pollution sonore et la pollution de l\u2019air li\u00e9es au transport a\u00e9rien.<\/p>\n\n\n\n<h5 class=\"wp-block-heading\">Ensemble, en 2021 pour cette d\u00e9cennie qui d\u00e9bute, \u0153uvrons pour une transition \u00e9conomique, sociale et environnementale soucieuse en priorit\u00e9 de la sant\u00e9 de nos concitoyens.<\/h5>\n\n\n\n<p><\/p>\n","protected":false},"excerpt":{"rendered":"<p>Sans regret, nous quittons 2020, une ann\u00e9e difficile sur le plan sanitaire, social et humain.Aujourd\u2019hui nous ne pouvons que souhaiter une am\u00e9lioration de la situation li\u00e9e \u00e0 l\u2019\u00e9pid\u00e9mie. Cependant la r\u00e9duction drastique du transport a\u00e9rien li\u00e9e \u00e0 la covid-19 nous a permis de red\u00e9couvrir notre cadre de vie quotidien avec une diminution sensible du bruit [&hellip;]<\/p>\n","protected":false},"author":10,"featured_media":76443,"comment_status":"closed","ping_status":"open","sticky":false,"template":"","format":"standard","meta":{"footnotes":""},"categories":[46],"tags":[],"yoast_head":"<!-- This site is optimized with the Yoast SEO plugin v22.0 - https:\/\/yoast.com\/wordpress\/plugins\/seo\/ -->\n<title>Nos meilleurs voeux pour une belle ann\u00e9e 2021, respectueuse de la sant\u00e9, de l&#039;environnement et du climat - Advocnar<\/title>\n<meta name=\"robots\" content=\"index, follow, max-snippet:-1, max-image-preview:large, max-video-preview:-1\" \/>\n<link rel=\"canonical\" href=\"https:\/\/www.clients.horus-informatique71.fr\/advocnar_backup\/2021\/01\/nos-meilleurs-voeux-pour-une-belle-annee-2021-respectueuse-de-la-sante-de-lenvironnement-et-du-climat\/\" \/>\n<meta property=\"og:locale\" content=\"fr_FR\" \/>\n<meta property=\"og:type\" content=\"article\" \/>\n<meta property=\"og:title\" content=\"Nos meilleurs voeux pour une belle ann\u00e9e 2021, respectueuse de la sant\u00e9, de l&#039;environnement et du climat - Advocnar\" \/>\n<meta property=\"og:description\" content=\"Sans regret, nous quittons 2020, une ann\u00e9e difficile sur le plan sanitaire, social et humain.Aujourd\u2019hui nous ne pouvons que souhaiter une am\u00e9lioration de la situation li\u00e9e \u00e0 l\u2019\u00e9pid\u00e9mie. Cependant la r\u00e9duction drastique du transport a\u00e9rien li\u00e9e \u00e0 la covid-19 nous a permis de red\u00e9couvrir notre cadre de vie quotidien avec une diminution sensible du bruit [&hellip;]\" \/>\n<meta property=\"og:url\" content=\"https:\/\/www.clients.horus-informatique71.fr\/advocnar_backup\/2021\/01\/nos-meilleurs-voeux-pour-une-belle-annee-2021-respectueuse-de-la-sante-de-lenvironnement-et-du-climat\/\" \/>\n<meta property=\"og:site_name\" content=\"Advocnar\" \/>\n<meta property=\"article:published_time\" content=\"2021-01-01T17:15:00+00:00\" \/>\n<meta property=\"article:modified_time\" content=\"2021-01-19T18:16:29+00:00\" \/>\n<meta property=\"og:image\" content=\"https:\/\/www.clients.horus-informatique71.fr\/advocnar_backup\/wp-content\/uploads\/2021\/01\/Voeux-2021-ADVOCNAR.png\" \/>\n\t<meta property=\"og:image:width\" content=\"796\" \/>\n\t<meta property=\"og:image:height\" content=\"599\" \/>\n\t<meta property=\"og:image:type\" content=\"image\/png\" \/>\n<meta name=\"author\" content=\"FBrochot\" \/>\n<meta name=\"twitter:card\" content=\"summary_large_image\" \/>\n<meta name=\"twitter:label1\" content=\"\u00c9crit par\" \/>\n\t<meta name=\"twitter:data1\" content=\"FBrochot\" \/>\n\t<meta name=\"twitter:label2\" content=\"Dur\u00e9e de lecture estim\u00e9e\" \/>\n\t<meta name=\"twitter:data2\" content=\"2 minutes\" \/>\n<script type=\"application\/ld+json\" class=\"yoast-schema-graph\">{\"@context\":\"https:\/\/schema.org\",\"@graph\":[{\"@type\":\"WebPage\",\"@id\":\"https:\/\/www.clients.horus-informatique71.fr\/advocnar_backup\/2021\/01\/nos-meilleurs-voeux-pour-une-belle-annee-2021-respectueuse-de-la-sante-de-lenvironnement-et-du-climat\/\",\"url\":\"https:\/\/www.clients.horus-informatique71.fr\/advocnar_backup\/2021\/01\/nos-meilleurs-voeux-pour-une-belle-annee-2021-respectueuse-de-la-sante-de-lenvironnement-et-du-climat\/\",\"name\":\"Nos meilleurs voeux pour une belle ann\u00e9e 2021, respectueuse de la sant\u00e9, de l'environnement et du climat - Advocnar\",\"isPartOf\":{\"@id\":\"https:\/\/www.clients.horus-informatique71.fr\/advocnar_backup\/#website\"},\"datePublished\":\"2021-01-01T17:15:00+00:00\",\"dateModified\":\"2021-01-19T18:16:29+00:00\",\"author\":{\"@id\":\"https:\/\/www.clients.horus-informatique71.fr\/advocnar_backup\/#\/schema\/person\/28ec283f897fb44e1146415d8015d23e\"},\"breadcrumb\":{\"@id\":\"https:\/\/www.clients.horus-informatique71.fr\/advocnar_backup\/2021\/01\/nos-meilleurs-voeux-pour-une-belle-annee-2021-respectueuse-de-la-sante-de-lenvironnement-et-du-climat\/#breadcrumb\"},\"inLanguage\":\"fr-FR\",\"potentialAction\":[{\"@type\":\"ReadAction\",\"target\":[\"https:\/\/www.clients.horus-informatique71.fr\/advocnar_backup\/2021\/01\/nos-meilleurs-voeux-pour-une-belle-annee-2021-respectueuse-de-la-sante-de-lenvironnement-et-du-climat\/\"]}]},{\"@type\":\"BreadcrumbList\",\"@id\":\"https:\/\/www.clients.horus-informatique71.fr\/advocnar_backup\/2021\/01\/nos-meilleurs-voeux-pour-une-belle-annee-2021-respectueuse-de-la-sante-de-lenvironnement-et-du-climat\/#breadcrumb\",\"itemListElement\":[{\"@type\":\"ListItem\",\"position\":1,\"name\":\"Accueil\",\"item\":\"https:\/\/www.clients.horus-informatique71.fr\/advocnar_backup\/\"},{\"@type\":\"ListItem\",\"position\":2,\"name\":\"Nos meilleurs voeux pour une belle ann\u00e9e 2021, respectueuse de la sant\u00e9, de l&#8217;environnement et du climat\"}]},{\"@type\":\"WebSite\",\"@id\":\"https:\/\/www.clients.horus-informatique71.fr\/advocnar_backup\/#website\",\"url\":\"https:\/\/www.clients.horus-informatique71.fr\/advocnar_backup\/\",\"name\":\"Advocnar\",\"description\":\"Association de D\u00e9fense Contre les Nuisances A\u00e9riennes\",\"potentialAction\":[{\"@type\":\"SearchAction\",\"target\":{\"@type\":\"EntryPoint\",\"urlTemplate\":\"https:\/\/www.clients.horus-informatique71.fr\/advocnar_backup\/?s={search_term_string}\"},\"query-input\":\"required name=search_term_string\"}],\"inLanguage\":\"fr-FR\"},{\"@type\":\"Person\",\"@id\":\"https:\/\/www.clients.horus-informatique71.fr\/advocnar_backup\/#\/schema\/person\/28ec283f897fb44e1146415d8015d23e\",\"name\":\"FBrochot\",\"url\":\"https:\/\/www.clients.horus-informatique71.fr\/advocnar_backup\/author\/fbrochot\/\"}]}<\/script>\n<!-- \/ Yoast SEO plugin. -->","yoast_head_json":{"title":"Nos meilleurs voeux pour une belle ann\u00e9e 2021, respectueuse de la sant\u00e9, de l'environnement et du climat - Advocnar","robots":{"index":"index","follow":"follow","max-snippet":"max-snippet:-1","max-image-preview":"max-image-preview:large","max-video-preview":"max-video-preview:-1"},"canonical":"https:\/\/www.clients.horus-informatique71.fr\/advocnar_backup\/2021\/01\/nos-meilleurs-voeux-pour-une-belle-annee-2021-respectueuse-de-la-sante-de-lenvironnement-et-du-climat\/","og_locale":"fr_FR","og_type":"article","og_title":"Nos meilleurs voeux pour une belle ann\u00e9e 2021, respectueuse de la sant\u00e9, de l'environnement et du climat - Advocnar","og_description":"Sans regret, nous quittons 2020, une ann\u00e9e difficile sur le plan sanitaire, social et humain.Aujourd\u2019hui nous ne pouvons que souhaiter une am\u00e9lioration de la situation li\u00e9e \u00e0 l\u2019\u00e9pid\u00e9mie. Cependant la r\u00e9duction drastique du transport a\u00e9rien li\u00e9e \u00e0 la covid-19 nous a permis de red\u00e9couvrir notre cadre de vie quotidien avec une diminution sensible du bruit [&hellip;]","og_url":"https:\/\/www.clients.horus-informatique71.fr\/advocnar_backup\/2021\/01\/nos-meilleurs-voeux-pour-une-belle-annee-2021-respectueuse-de-la-sante-de-lenvironnement-et-du-climat\/","og_site_name":"Advocnar","article_published_time":"2021-01-01T17:15:00+00:00","article_modified_time":"2021-01-19T18:16:29+00:00","og_image":[{"width":796,"height":599,"url":"https:\/\/www.clients.horus-informatique71.fr\/advocnar_backup\/wp-content\/uploads\/2021\/01\/Voeux-2021-ADVOCNAR.png","type":"image\/png"}],"author":"FBrochot","twitter_card":"summary_large_image","twitter_misc":{"\u00c9crit par":"FBrochot","Dur\u00e9e de lecture estim\u00e9e":"2 minutes"},"schema":{"@context":"https:\/\/schema.org","@graph":[{"@type":"WebPage","@id":"https:\/\/www.clients.horus-informatique71.fr\/advocnar_backup\/2021\/01\/nos-meilleurs-voeux-pour-une-belle-annee-2021-respectueuse-de-la-sante-de-lenvironnement-et-du-climat\/","url":"https:\/\/www.clients.horus-informatique71.fr\/advocnar_backup\/2021\/01\/nos-meilleurs-voeux-pour-une-belle-annee-2021-respectueuse-de-la-sante-de-lenvironnement-et-du-climat\/","name":"Nos meilleurs voeux pour une belle ann\u00e9e 2021, respectueuse de la sant\u00e9, de l'environnement et du climat - Advocnar","isPartOf":{"@id":"https:\/\/www.clients.horus-informatique71.fr\/advocnar_backup\/#website"},"datePublished":"2021-01-01T17:15:00+00:00","dateModified":"2021-01-19T18:16:29+00:00","author":{"@id":"https:\/\/www.clients.horus-informatique71.fr\/advocnar_backup\/#\/schema\/person\/28ec283f897fb44e1146415d8015d23e"},"breadcrumb":{"@id":"https:\/\/www.clients.horus-informatique71.fr\/advocnar_backup\/2021\/01\/nos-meilleurs-voeux-pour-une-belle-annee-2021-respectueuse-de-la-sante-de-lenvironnement-et-du-climat\/#breadcrumb"},"inLanguage":"fr-FR","potentialAction":[{"@type":"ReadAction","target":["https:\/\/www.clients.horus-informatique71.fr\/advocnar_backup\/2021\/01\/nos-meilleurs-voeux-pour-une-belle-annee-2021-respectueuse-de-la-sante-de-lenvironnement-et-du-climat\/"]}]},{"@type":"BreadcrumbList","@id":"https:\/\/www.clients.horus-informatique71.fr\/advocnar_backup\/2021\/01\/nos-meilleurs-voeux-pour-une-belle-annee-2021-respectueuse-de-la-sante-de-lenvironnement-et-du-climat\/#breadcrumb","itemListElement":[{"@type":"ListItem","position":1,"name":"Accueil","item":"https:\/\/www.clients.horus-informatique71.fr\/advocnar_backup\/"},{"@type":"ListItem","position":2,"name":"Nos meilleurs voeux pour une belle ann\u00e9e 2021, respectueuse de la sant\u00e9, de l&#8217;environnement et du climat"}]},{"@type":"WebSite","@id":"https:\/\/www.clients.horus-informatique71.fr\/advocnar_backup\/#website","url":"https:\/\/www.clients.horus-informatique71.fr\/advocnar_backup\/","name":"Advocnar","description":"Association de D\u00e9fense Contre les Nuisances A\u00e9riennes","potentialAction":[{"@type":"SearchAction","target":{"@type":"EntryPoint","urlTemplate":"https:\/\/www.clients.horus-informatique71.fr\/advocnar_backup\/?s={search_term_string}"},"query-input":"required name=search_term_string"}],"inLanguage":"fr-FR"},{"@type":"Person","@id":"https:\/\/www.clients.horus-informatique71.fr\/advocnar_backup\/#\/schema\/person\/28ec283f897fb44e1146415d8015d23e","name":"FBrochot","url":"https:\/\/www.clients.horus-informatique71.fr\/advocnar_backup\/author\/fbrochot\/"}]}},"_links":{"self":[{"href":"https:\/\/www.clients.horus-informatique71.fr\/advocnar_backup\/wp-json\/wp\/v2\/posts\/76444"}],"collection":[{"href":"https:\/\/www.clients.horus-informatique71.fr\/advocnar_backup\/wp-json\/wp\/v2\/posts"}],"about":[{"href":"https:\/\/www.clients.horus-informatique71.fr\/advocnar_backup\/wp-json\/wp\/v2\/types\/post"}],"author":[{"embeddable":true,"href":"https:\/\/www.clients.horus-informatique71.fr\/advocnar_backup\/wp-json\/wp\/v2\/users\/10"}],"replies":[{"embeddable":true,"href":"https:\/\/www.clients.horus-informatique71.fr\/advocnar_backup\/wp-json\/wp\/v2\/comments?post=76444"}],"version-history":[{"count":3,"href":"https:\/\/www.clients.horus-informatique71.fr\/advocnar_backup\/wp-json\/wp\/v2\/posts\/76444\/revisions"}],"predecessor-version":[{"id":76447,"href":"https:\/\/www.clients.horus-informatique71.fr\/advocnar_backup\/wp-json\/wp\/v2\/posts\/76444\/revisions\/76447"}],"wp:featuredmedia":[{"embeddable":true,"href":"https:\/\/www.clients.horus-informatique71.fr\/advocnar_backup\/wp-json\/wp\/v2\/media\/76443"}],"wp:attachment":[{"href":"https:\/\/www.clients.horus-informatique71.fr\/advocnar_backup\/wp-json\/wp\/v2\/media?parent=76444"}],"wp:term":[{"taxonomy":"category","embeddable":true,"href":"https:\/\/www.clients.horus-informatique71.fr\/advocnar_backup\/wp-json\/wp\/v2\/categories?post=76444"},{"taxonomy":"post_tag","embeddable":true,"href":"https:\/\/www.clients.horus-informatique71.fr\/advocnar_backup\/wp-json\/wp\/v2\/tags?post=76444"}],"curies":[{"name":"wp","href":"https:\/\/api.w.org\/{rel}","templated":true}]}}