{"id":76932,"date":"2021-04-25T14:33:34","date_gmt":"2021-04-25T12:33:34","guid":{"rendered":"https:\/\/www.clients.horus-informatique71.fr\/advocnar_backup\/?p=76932"},"modified":"2021-05-09T22:50:39","modified_gmt":"2021-05-09T20:50:39","slug":"save-the-date-loi-climat-la-marche-dapres-dimanche-9-mai-14h-a-paris","status":"publish","type":"post","link":"https:\/\/www.clients.horus-informatique71.fr\/advocnar_backup\/2021\/04\/save-the-date-loi-climat-la-marche-dapres-dimanche-9-mai-14h-a-paris\/","title":{"rendered":"Loi Climat la Marche d&rsquo;Apr\u00e8s dimanche 9 mai 14h \u00e0 Paris"},"content":{"rendered":"\n<figure class=\"wp-block-image size-large\"><img loading=\"lazy\" decoding=\"async\" width=\"1024\" height=\"205\" src=\"https:\/\/www.clients.horus-informatique71.fr\/advocnar_backup\/wp-content\/uploads\/2021\/05\/Banderole-9-mai-1024x205.png\" alt=\"\" class=\"wp-image-76955\" srcset=\"https:\/\/www.clients.horus-informatique71.fr\/advocnar_backup\/wp-content\/uploads\/2021\/05\/Banderole-9-mai-1024x205.png 1024w, https:\/\/www.clients.horus-informatique71.fr\/advocnar_backup\/wp-content\/uploads\/2021\/05\/Banderole-9-mai-300x60.png 300w, https:\/\/www.clients.horus-informatique71.fr\/advocnar_backup\/wp-content\/uploads\/2021\/05\/Banderole-9-mai-768x154.png 768w, https:\/\/www.clients.horus-informatique71.fr\/advocnar_backup\/wp-content\/uploads\/2021\/05\/Banderole-9-mai.png 1173w\" sizes=\"(max-width: 1024px) 100vw, 1024px\" \/><\/figure>\n\n\n\n<div class=\"wp-block-image\"><figure class=\"aligncenter size-large is-resized\"><img loading=\"lazy\" decoding=\"async\" src=\"https:\/\/www.clients.horus-informatique71.fr\/advocnar_backup\/wp-content\/uploads\/2021\/05\/Parcours-9-mai-1024x1024.jpg\" alt=\"\" class=\"wp-image-76942\" width=\"446\" height=\"446\" srcset=\"https:\/\/www.clients.horus-informatique71.fr\/advocnar_backup\/wp-content\/uploads\/2021\/05\/Parcours-9-mai-1024x1024.jpg 1024w, https:\/\/www.clients.horus-informatique71.fr\/advocnar_backup\/wp-content\/uploads\/2021\/05\/Parcours-9-mai-300x300.jpg 300w, https:\/\/www.clients.horus-informatique71.fr\/advocnar_backup\/wp-content\/uploads\/2021\/05\/Parcours-9-mai-150x150.jpg 150w, https:\/\/www.clients.horus-informatique71.fr\/advocnar_backup\/wp-content\/uploads\/2021\/05\/Parcours-9-mai-768x767.jpg 768w, https:\/\/www.clients.horus-informatique71.fr\/advocnar_backup\/wp-content\/uploads\/2021\/05\/Parcours-9-mai.jpg 1401w\" sizes=\"(max-width: 446px) 100vw, 446px\" \/><\/figure><\/div>\n\n\n\n<h5 class=\"wp-block-heading\">Alors que la Loi <em>Climat et r\u00e9silience<\/em> \u00e9t\u00e9 annonc\u00e9e par le gouvernement comme \u201cla plus grande loi du quinquennat\u201d, elle est loin d\u2019\u00eatre \u00e0 la hauteur de l\u2019enjeu climatique.<\/h5>\n\n\n\n<p>Le gouvernement et la majorit\u00e9 ont affaibli le projet de loi, la plupart des mesures de la Convention citoyenne pour le Climat n\u2019ont pas \u00e9t\u00e9 reprises.<\/p>\n\n\n\n<p><a href=\"https:\/\/reporterre.net\/Convention-pour-le-climat-seules-10-des-propositions-ont-ete-reprises-par-le-gouvernement\">Lire l&rsquo;article de Reporterre<\/a><\/p>\n\n\n\n<h5 class=\"wp-block-heading\">Les articles 35 \u00e0 38 du chapitre IV \u00ab&nbsp;Limiter les \u00e9missions du transport a\u00e9rien et favoriser l\u2019intermodalit\u00e9 entre le train et l\u2019avion&nbsp;\u00bb ne feront pas obstacle \u00e0 l\u2019extension de l\u2019a\u00e9roport Roissy-Charles de Gaulle et de son trafic a\u00e9rien.<\/h5>\n\n\n\n<p>Au contraire ils laissent la porte grande ouverte \u00e0 tout projet visant un accroissement de capacit\u00e9 du site a\u00e9roportuaire, accompagn\u00e9 d\u2019une augmentation de ses impacts climatiques et sanitaires.<\/p>\n\n\n\n<ul><li>Roissy CDG n\u2019est pas concern\u00e9e par l\u2019article 37 cens\u00e9 \u00ab&nbsp;interdire&nbsp;\u00bb les extensions d\u2019a\u00e9roports puisque le Groupe ADP poss\u00e8de d\u00e9j\u00e0 le foncier sur lequel il projette le d\u00e9veloppement de ses infrastructures. Il n\u2019a donc pas de n\u00e9cessit\u00e9 \u00e0 demander une d\u00e9claration d\u2019utilit\u00e9 publique, seule une autorisation environnementale est n\u00e9cessaire.<\/li><li>Roissy CDG n\u2019est pas vis\u00e9 non plus par l\u2019article 36 pr\u00e9voyant la suppression de liaisons a\u00e9riennes int\u00e9rieures quand il existe des liaisons ferr\u00e9es sans correspondance en moins de 2h30. En effet les liaisons vers ou au d\u00e9part de ce hub font partie des d\u00e9rogations puisqu\u2019elles assurent majoritairement le transport de passagers en correspondance.<\/li><\/ul>\n\n\n\n<p>De nombreux amendements ont \u00e9t\u00e9 d\u00e9pos\u00e9s afin de rendre aux articles 36 et 37 leur finalit\u00e9 premi\u00e8re&nbsp;voulue par la Convention Citoyenne pour le Climat&nbsp;:<\/p>\n\n\n\n<ul><li>Organiser progressivement la fin du trafic a\u00e9rien sur les vols int\u00e9rieurs d\u2019ici 2025, uniquement sur les lignes o\u00f9 il existe une alternative bas carbone satisfaisante en prix et en temps (sur un trajet de moins de 4 heures)&nbsp;;<\/li><li>Interdire la construction de nouveaux a\u00e9roports et l\u2019extension des a\u00e9roports existants.<\/li><\/ul>\n\n\n\n<p>Ces amendements ont \u00e9t\u00e9 syst\u00e9matiquement rejet\u00e9s.<\/p>\n\n\n\n<h5 class=\"wp-block-heading\">C\u2019est pourquoi le dimanche 9 mai, nous marcherons \u00e0 Paris \u00e0 14 heures avec les associations et ONG pour d\u00e9noncer le manque d&rsquo;ambition du gouvernement qui refuse de faire face \u00e0 l\u2019urgence \u00e9cologique et sanitaire.<\/h5>\n\n\n\n<hr class=\"wp-block-separator\"\/>\n\n\n\n<p>L&rsquo;ADVOCNAR a sign\u00e9 l&rsquo;appel pour soutenir les mobilisations du 9 mai :<br><a href=\"https:\/\/marcheclimat.fr\/9mai\/appel\">Lire l&rsquo;appel ici<\/a><\/p>\n\n\n\n<p><\/p>\n","protected":false},"excerpt":{"rendered":"<p>Alors que la Loi Climat et r\u00e9silience \u00e9t\u00e9 annonc\u00e9e par le gouvernement comme \u201cla plus grande loi du quinquennat\u201d, elle est loin d\u2019\u00eatre \u00e0 la hauteur de l\u2019enjeu climatique. Le gouvernement et la majorit\u00e9 ont affaibli le projet de loi, la plupart des mesures de la Convention citoyenne pour le Climat n\u2019ont pas \u00e9t\u00e9 reprises. [&hellip;]<\/p>\n","protected":false},"author":10,"featured_media":76931,"comment_status":"closed","ping_status":"open","sticky":false,"template":"","format":"standard","meta":{"footnotes":""},"categories":[46],"tags":[],"yoast_head":"<!-- This site is optimized with the Yoast SEO plugin v22.0 - https:\/\/yoast.com\/wordpress\/plugins\/seo\/ -->\n<title>Loi Climat la Marche d&#039;Apr\u00e8s dimanche 9 mai 14h \u00e0 Paris - Advocnar<\/title>\n<meta name=\"robots\" content=\"index, follow, max-snippet:-1, max-image-preview:large, max-video-preview:-1\" \/>\n<link rel=\"canonical\" href=\"https:\/\/www.clients.horus-informatique71.fr\/advocnar_backup\/2021\/04\/save-the-date-loi-climat-la-marche-dapres-dimanche-9-mai-14h-a-paris\/\" \/>\n<meta property=\"og:locale\" content=\"fr_FR\" \/>\n<meta property=\"og:type\" content=\"article\" \/>\n<meta property=\"og:title\" content=\"Loi Climat la Marche d&#039;Apr\u00e8s dimanche 9 mai 14h \u00e0 Paris - Advocnar\" \/>\n<meta property=\"og:description\" content=\"Alors que la Loi Climat et r\u00e9silience \u00e9t\u00e9 annonc\u00e9e par le gouvernement comme \u201cla plus grande loi du quinquennat\u201d, elle est loin d\u2019\u00eatre \u00e0 la hauteur de l\u2019enjeu climatique. Le gouvernement et la majorit\u00e9 ont affaibli le projet de loi, la plupart des mesures de la Convention citoyenne pour le Climat n\u2019ont pas \u00e9t\u00e9 reprises. [&hellip;]\" \/>\n<meta property=\"og:url\" content=\"https:\/\/www.clients.horus-informatique71.fr\/advocnar_backup\/2021\/04\/save-the-date-loi-climat-la-marche-dapres-dimanche-9-mai-14h-a-paris\/\" \/>\n<meta property=\"og:site_name\" content=\"Advocnar\" \/>\n<meta property=\"article:published_time\" content=\"2021-04-25T12:33:34+00:00\" \/>\n<meta property=\"article:modified_time\" content=\"2021-05-09T20:50:39+00:00\" \/>\n<meta property=\"og:image\" content=\"https:\/\/www.clients.horus-informatique71.fr\/advocnar_backup\/wp-content\/uploads\/2021\/04\/Marche-dApres-9-mai.png\" \/>\n\t<meta property=\"og:image:width\" content=\"2773\" \/>\n\t<meta property=\"og:image:height\" content=\"2080\" \/>\n\t<meta property=\"og:image:type\" content=\"image\/png\" \/>\n<meta name=\"author\" content=\"FBrochot\" \/>\n<meta name=\"twitter:card\" content=\"summary_large_image\" \/>\n<meta name=\"twitter:label1\" content=\"\u00c9crit par\" \/>\n\t<meta name=\"twitter:data1\" content=\"FBrochot\" \/>\n\t<meta name=\"twitter:label2\" content=\"Dur\u00e9e de lecture estim\u00e9e\" \/>\n\t<meta name=\"twitter:data2\" content=\"2 minutes\" \/>\n<script type=\"application\/ld+json\" class=\"yoast-schema-graph\">{\"@context\":\"https:\/\/schema.org\",\"@graph\":[{\"@type\":\"WebPage\",\"@id\":\"https:\/\/www.clients.horus-informatique71.fr\/advocnar_backup\/2021\/04\/save-the-date-loi-climat-la-marche-dapres-dimanche-9-mai-14h-a-paris\/\",\"url\":\"https:\/\/www.clients.horus-informatique71.fr\/advocnar_backup\/2021\/04\/save-the-date-loi-climat-la-marche-dapres-dimanche-9-mai-14h-a-paris\/\",\"name\":\"Loi Climat la Marche d'Apr\u00e8s dimanche 9 mai 14h \u00e0 Paris - Advocnar\",\"isPartOf\":{\"@id\":\"https:\/\/www.clients.horus-informatique71.fr\/advocnar_backup\/#website\"},\"datePublished\":\"2021-04-25T12:33:34+00:00\",\"dateModified\":\"2021-05-09T20:50:39+00:00\",\"author\":{\"@id\":\"https:\/\/www.clients.horus-informatique71.fr\/advocnar_backup\/#\/schema\/person\/28ec283f897fb44e1146415d8015d23e\"},\"breadcrumb\":{\"@id\":\"https:\/\/www.clients.horus-informatique71.fr\/advocnar_backup\/2021\/04\/save-the-date-loi-climat-la-marche-dapres-dimanche-9-mai-14h-a-paris\/#breadcrumb\"},\"inLanguage\":\"fr-FR\",\"potentialAction\":[{\"@type\":\"ReadAction\",\"target\":[\"https:\/\/www.clients.horus-informatique71.fr\/advocnar_backup\/2021\/04\/save-the-date-loi-climat-la-marche-dapres-dimanche-9-mai-14h-a-paris\/\"]}]},{\"@type\":\"BreadcrumbList\",\"@id\":\"https:\/\/www.clients.horus-informatique71.fr\/advocnar_backup\/2021\/04\/save-the-date-loi-climat-la-marche-dapres-dimanche-9-mai-14h-a-paris\/#breadcrumb\",\"itemListElement\":[{\"@type\":\"ListItem\",\"position\":1,\"name\":\"Accueil\",\"item\":\"https:\/\/www.clients.horus-informatique71.fr\/advocnar_backup\/\"},{\"@type\":\"ListItem\",\"position\":2,\"name\":\"Loi Climat la Marche d&#8217;Apr\u00e8s dimanche 9 mai 14h \u00e0 Paris\"}]},{\"@type\":\"WebSite\",\"@id\":\"https:\/\/www.clients.horus-informatique71.fr\/advocnar_backup\/#website\",\"url\":\"https:\/\/www.clients.horus-informatique71.fr\/advocnar_backup\/\",\"name\":\"Advocnar\",\"description\":\"Association de D\u00e9fense Contre les Nuisances A\u00e9riennes\",\"potentialAction\":[{\"@type\":\"SearchAction\",\"target\":{\"@type\":\"EntryPoint\",\"urlTemplate\":\"https:\/\/www.clients.horus-informatique71.fr\/advocnar_backup\/?s={search_term_string}\"},\"query-input\":\"required name=search_term_string\"}],\"inLanguage\":\"fr-FR\"},{\"@type\":\"Person\",\"@id\":\"https:\/\/www.clients.horus-informatique71.fr\/advocnar_backup\/#\/schema\/person\/28ec283f897fb44e1146415d8015d23e\",\"name\":\"FBrochot\",\"url\":\"https:\/\/www.clients.horus-informatique71.fr\/advocnar_backup\/author\/fbrochot\/\"}]}<\/script>\n<!-- \/ Yoast SEO plugin. -->","yoast_head_json":{"title":"Loi Climat la Marche d'Apr\u00e8s dimanche 9 mai 14h \u00e0 Paris - Advocnar","robots":{"index":"index","follow":"follow","max-snippet":"max-snippet:-1","max-image-preview":"max-image-preview:large","max-video-preview":"max-video-preview:-1"},"canonical":"https:\/\/www.clients.horus-informatique71.fr\/advocnar_backup\/2021\/04\/save-the-date-loi-climat-la-marche-dapres-dimanche-9-mai-14h-a-paris\/","og_locale":"fr_FR","og_type":"article","og_title":"Loi Climat la Marche d'Apr\u00e8s dimanche 9 mai 14h \u00e0 Paris - Advocnar","og_description":"Alors que la Loi Climat et r\u00e9silience \u00e9t\u00e9 annonc\u00e9e par le gouvernement comme \u201cla plus grande loi du quinquennat\u201d, elle est loin d\u2019\u00eatre \u00e0 la hauteur de l\u2019enjeu climatique. Le gouvernement et la majorit\u00e9 ont affaibli le projet de loi, la plupart des mesures de la Convention citoyenne pour le Climat n\u2019ont pas \u00e9t\u00e9 reprises. [&hellip;]","og_url":"https:\/\/www.clients.horus-informatique71.fr\/advocnar_backup\/2021\/04\/save-the-date-loi-climat-la-marche-dapres-dimanche-9-mai-14h-a-paris\/","og_site_name":"Advocnar","article_published_time":"2021-04-25T12:33:34+00:00","article_modified_time":"2021-05-09T20:50:39+00:00","og_image":[{"width":2773,"height":2080,"url":"https:\/\/www.clients.horus-informatique71.fr\/advocnar_backup\/wp-content\/uploads\/2021\/04\/Marche-dApres-9-mai.png","type":"image\/png"}],"author":"FBrochot","twitter_card":"summary_large_image","twitter_misc":{"\u00c9crit par":"FBrochot","Dur\u00e9e de lecture estim\u00e9e":"2 minutes"},"schema":{"@context":"https:\/\/schema.org","@graph":[{"@type":"WebPage","@id":"https:\/\/www.clients.horus-informatique71.fr\/advocnar_backup\/2021\/04\/save-the-date-loi-climat-la-marche-dapres-dimanche-9-mai-14h-a-paris\/","url":"https:\/\/www.clients.horus-informatique71.fr\/advocnar_backup\/2021\/04\/save-the-date-loi-climat-la-marche-dapres-dimanche-9-mai-14h-a-paris\/","name":"Loi Climat la Marche d'Apr\u00e8s dimanche 9 mai 14h \u00e0 Paris - Advocnar","isPartOf":{"@id":"https:\/\/www.clients.horus-informatique71.fr\/advocnar_backup\/#website"},"datePublished":"2021-04-25T12:33:34+00:00","dateModified":"2021-05-09T20:50:39+00:00","author":{"@id":"https:\/\/www.clients.horus-informatique71.fr\/advocnar_backup\/#\/schema\/person\/28ec283f897fb44e1146415d8015d23e"},"breadcrumb":{"@id":"https:\/\/www.clients.horus-informatique71.fr\/advocnar_backup\/2021\/04\/save-the-date-loi-climat-la-marche-dapres-dimanche-9-mai-14h-a-paris\/#breadcrumb"},"inLanguage":"fr-FR","potentialAction":[{"@type":"ReadAction","target":["https:\/\/www.clients.horus-informatique71.fr\/advocnar_backup\/2021\/04\/save-the-date-loi-climat-la-marche-dapres-dimanche-9-mai-14h-a-paris\/"]}]},{"@type":"BreadcrumbList","@id":"https:\/\/www.clients.horus-informatique71.fr\/advocnar_backup\/2021\/04\/save-the-date-loi-climat-la-marche-dapres-dimanche-9-mai-14h-a-paris\/#breadcrumb","itemListElement":[{"@type":"ListItem","position":1,"name":"Accueil","item":"https:\/\/www.clients.horus-informatique71.fr\/advocnar_backup\/"},{"@type":"ListItem","position":2,"name":"Loi Climat la Marche d&#8217;Apr\u00e8s dimanche 9 mai 14h \u00e0 Paris"}]},{"@type":"WebSite","@id":"https:\/\/www.clients.horus-informatique71.fr\/advocnar_backup\/#website","url":"https:\/\/www.clients.horus-informatique71.fr\/advocnar_backup\/","name":"Advocnar","description":"Association de D\u00e9fense Contre les Nuisances A\u00e9riennes","potentialAction":[{"@type":"SearchAction","target":{"@type":"EntryPoint","urlTemplate":"https:\/\/www.clients.horus-informatique71.fr\/advocnar_backup\/?s={search_term_string}"},"query-input":"required name=search_term_string"}],"inLanguage":"fr-FR"},{"@type":"Person","@id":"https:\/\/www.clients.horus-informatique71.fr\/advocnar_backup\/#\/schema\/person\/28ec283f897fb44e1146415d8015d23e","name":"FBrochot","url":"https:\/\/www.clients.horus-informatique71.fr\/advocnar_backup\/author\/fbrochot\/"}]}},"_links":{"self":[{"href":"https:\/\/www.clients.horus-informatique71.fr\/advocnar_backup\/wp-json\/wp\/v2\/posts\/76932"}],"collection":[{"href":"https:\/\/www.clients.horus-informatique71.fr\/advocnar_backup\/wp-json\/wp\/v2\/posts"}],"about":[{"href":"https:\/\/www.clients.horus-informatique71.fr\/advocnar_backup\/wp-json\/wp\/v2\/types\/post"}],"author":[{"embeddable":true,"href":"https:\/\/www.clients.horus-informatique71.fr\/advocnar_backup\/wp-json\/wp\/v2\/users\/10"}],"replies":[{"embeddable":true,"href":"https:\/\/www.clients.horus-informatique71.fr\/advocnar_backup\/wp-json\/wp\/v2\/comments?post=76932"}],"version-history":[{"count":17,"href":"https:\/\/www.clients.horus-informatique71.fr\/advocnar_backup\/wp-json\/wp\/v2\/posts\/76932\/revisions"}],"predecessor-version":[{"id":76960,"href":"https:\/\/www.clients.horus-informatique71.fr\/advocnar_backup\/wp-json\/wp\/v2\/posts\/76932\/revisions\/76960"}],"wp:featuredmedia":[{"embeddable":true,"href":"https:\/\/www.clients.horus-informatique71.fr\/advocnar_backup\/wp-json\/wp\/v2\/media\/76931"}],"wp:attachment":[{"href":"https:\/\/www.clients.horus-informatique71.fr\/advocnar_backup\/wp-json\/wp\/v2\/media?parent=76932"}],"wp:term":[{"taxonomy":"category","embeddable":true,"href":"https:\/\/www.clients.horus-informatique71.fr\/advocnar_backup\/wp-json\/wp\/v2\/categories?post=76932"},{"taxonomy":"post_tag","embeddable":true,"href":"https:\/\/www.clients.horus-informatique71.fr\/advocnar_backup\/wp-json\/wp\/v2\/tags?post=76932"}],"curies":[{"name":"wp","href":"https:\/\/api.w.org\/{rel}","templated":true}]}}