{"id":76982,"date":"2021-05-21T09:21:00","date_gmt":"2021-05-21T07:21:00","guid":{"rendered":"https:\/\/www.clients.horus-informatique71.fr\/advocnar_backup\/?p=76982"},"modified":"2021-05-21T09:21:02","modified_gmt":"2021-05-21T07:21:02","slug":"ladvocnar-sera-a-la-fete-de-la-nature-a-groslay-dimanche-23-mai","status":"publish","type":"post","link":"https:\/\/www.clients.horus-informatique71.fr\/advocnar_backup\/2021\/05\/ladvocnar-sera-a-la-fete-de-la-nature-a-groslay-dimanche-23-mai\/","title":{"rendered":"L&rsquo;ADVOCNAR sera \u00e0 la f\u00eate de la Nature \u00e0 Groslay dimanche 23 mai"},"content":{"rendered":"\n<div style=\"height:26px\" aria-hidden=\"true\" class=\"wp-block-spacer\"><\/div>\n\n\n\n<h5 class=\"wp-block-heading\">Nous vous attendons sur le stand de l&rsquo;ADVOCNAR pour \u00e9changer avec vous <\/h5>\n\n\n\n<ul><li>sur la situation ambig\u00fce du projet de Terminal 4, abandonn\u00e9 &#8230; mais pas vraiment<\/li><li>sur notre <a href=\"https:\/\/agir.greenvoice.fr\/petitions\/non-a-l-extension-de-l-aeroport-de-roissy-une-bombe-climatique-et-sanitaire\">p\u00e9tition en ligne<\/a> contre toute extension de Roissy CDG<\/li><li>sur nos derni\u00e8res actions, en particulier notre action gagnante contre <a href=\"https:\/\/www.advocnar.fr2021\/01\/pollution-de-lair-inaction-persistante-de-letat-malgre-des-condamnations\/\">la pollution de l&rsquo;air due aux avions<\/a> en Ile-de-France, notre <a href=\"https:\/\/www.advocnar.fr2021\/03\/bruit-aeroports-18-associations-et-collectifs-saisissent-le-president-et-le-premier-ministre-dune-demande-dapplication-de-la-legislation-europeenne\/\">nouvelle action juridique nationale<\/a> pour obtenir une r\u00e9duction tangible du bruit a\u00e9rien autour des 9 grands a\u00e9roports fran\u00e7ais dont Roissy CDG,<\/li><li>sur le calendrier de mise en place de <a href=\"https:\/\/www.advocnar.fr2021\/04\/projet-de-descente-douce-h24-a-roissy-cdg\/\">la descente continue H24<\/a> \u00e0 Roissy CDG<\/li><\/ul>\n\n\n\n<h4 class=\"has-text-align-center wp-block-heading\">Retrouvez-nous \u00e0 la \u00ab\u00a0F\u00eate de la Nature \u00ab\u00a0<br>\u00e0 Groslay le dimanche 23 mai de 10h \u00e0 18h<br><a href=\"https:\/\/www.google.fr\/maps\/place\/Parc+Rosy+Varte,+18+Rue+Gabriel+Fauveau,+95410+Groslay\/@48.9882169,2.3523942,15z\/data=!4m5!3m4!1s0x0:0x193691ea57147bed!8m2!3d48.9882169!4d2.3523942\">Parc Rosy Varte &#8211; 18 Rue Gabriel Fauveau<\/a><\/h4>\n\n\n\n<p>Venez nombreux vous informer, nous soutenir et adh\u00e9rer.<\/p>\n\n\n\n<div class=\"wp-block-image\"><figure class=\"aligncenter size-large\"><img loading=\"lazy\" decoding=\"async\" width=\"600\" height=\"880\" src=\"https:\/\/www.clients.horus-informatique71.fr\/advocnar_backup\/wp-content\/uploads\/2021\/05\/Affiche-FN-Groslay.jpg\" alt=\"\" class=\"wp-image-76979\" srcset=\"https:\/\/www.clients.horus-informatique71.fr\/advocnar_backup\/wp-content\/uploads\/2021\/05\/Affiche-FN-Groslay.jpg 600w, https:\/\/www.clients.horus-informatique71.fr\/advocnar_backup\/wp-content\/uploads\/2021\/05\/Affiche-FN-Groslay-205x300.jpg 205w\" sizes=\"(max-width: 600px) 100vw, 600px\" \/><\/figure><\/div>\n","protected":false},"excerpt":{"rendered":"<p>Nous vous attendons sur le stand de l&rsquo;ADVOCNAR pour \u00e9changer avec vous sur la situation ambig\u00fce du projet de Terminal 4, abandonn\u00e9 &#8230; mais pas vraiment sur notre p\u00e9tition en ligne contre toute extension de Roissy CDG sur nos derni\u00e8res actions, en particulier notre action gagnante contre la pollution de l&rsquo;air due aux avions en [&hellip;]<\/p>\n","protected":false},"author":10,"featured_media":76978,"comment_status":"closed","ping_status":"open","sticky":false,"template":"","format":"standard","meta":{"footnotes":""},"categories":[46],"tags":[],"yoast_head":"<!-- This site is optimized with the Yoast SEO plugin v22.0 - https:\/\/yoast.com\/wordpress\/plugins\/seo\/ -->\n<title>L&#039;ADVOCNAR sera \u00e0 la f\u00eate de la Nature \u00e0 Groslay dimanche 23 mai - Advocnar<\/title>\n<meta name=\"robots\" content=\"index, follow, max-snippet:-1, max-image-preview:large, max-video-preview:-1\" \/>\n<link rel=\"canonical\" href=\"https:\/\/www.clients.horus-informatique71.fr\/advocnar_backup\/2021\/05\/ladvocnar-sera-a-la-fete-de-la-nature-a-groslay-dimanche-23-mai\/\" \/>\n<meta property=\"og:locale\" content=\"fr_FR\" \/>\n<meta property=\"og:type\" content=\"article\" \/>\n<meta property=\"og:title\" content=\"L&#039;ADVOCNAR sera \u00e0 la f\u00eate de la Nature \u00e0 Groslay dimanche 23 mai - Advocnar\" \/>\n<meta property=\"og:description\" content=\"Nous vous attendons sur le stand de l&rsquo;ADVOCNAR pour \u00e9changer avec vous sur la situation ambig\u00fce du projet de Terminal 4, abandonn\u00e9 &#8230; mais pas vraiment sur notre p\u00e9tition en ligne contre toute extension de Roissy CDG sur nos derni\u00e8res actions, en particulier notre action gagnante contre la pollution de l&rsquo;air due aux avions en [&hellip;]\" \/>\n<meta property=\"og:url\" content=\"https:\/\/www.clients.horus-informatique71.fr\/advocnar_backup\/2021\/05\/ladvocnar-sera-a-la-fete-de-la-nature-a-groslay-dimanche-23-mai\/\" \/>\n<meta property=\"og:site_name\" content=\"Advocnar\" \/>\n<meta property=\"article:published_time\" content=\"2021-05-21T07:21:00+00:00\" \/>\n<meta property=\"article:modified_time\" content=\"2021-05-21T07:21:02+00:00\" \/>\n<meta property=\"og:image\" content=\"https:\/\/www.clients.horus-informatique71.fr\/advocnar_backup\/wp-content\/uploads\/2021\/05\/Affiche-FN-Groslay-2.jpg\" \/>\n\t<meta property=\"og:image:width\" content=\"305\" \/>\n\t<meta property=\"og:image:height\" content=\"228\" \/>\n\t<meta property=\"og:image:type\" content=\"image\/jpeg\" \/>\n<meta name=\"author\" content=\"FBrochot\" \/>\n<meta name=\"twitter:card\" content=\"summary_large_image\" \/>\n<meta name=\"twitter:label1\" content=\"\u00c9crit par\" \/>\n\t<meta name=\"twitter:data1\" content=\"FBrochot\" \/>\n\t<meta name=\"twitter:label2\" content=\"Dur\u00e9e de lecture estim\u00e9e\" \/>\n\t<meta name=\"twitter:data2\" content=\"1 minute\" \/>\n<script type=\"application\/ld+json\" class=\"yoast-schema-graph\">{\"@context\":\"https:\/\/schema.org\",\"@graph\":[{\"@type\":\"WebPage\",\"@id\":\"https:\/\/www.clients.horus-informatique71.fr\/advocnar_backup\/2021\/05\/ladvocnar-sera-a-la-fete-de-la-nature-a-groslay-dimanche-23-mai\/\",\"url\":\"https:\/\/www.clients.horus-informatique71.fr\/advocnar_backup\/2021\/05\/ladvocnar-sera-a-la-fete-de-la-nature-a-groslay-dimanche-23-mai\/\",\"name\":\"L'ADVOCNAR sera \u00e0 la f\u00eate de la Nature \u00e0 Groslay dimanche 23 mai - Advocnar\",\"isPartOf\":{\"@id\":\"https:\/\/www.clients.horus-informatique71.fr\/advocnar_backup\/#website\"},\"datePublished\":\"2021-05-21T07:21:00+00:00\",\"dateModified\":\"2021-05-21T07:21:02+00:00\",\"author\":{\"@id\":\"https:\/\/www.clients.horus-informatique71.fr\/advocnar_backup\/#\/schema\/person\/28ec283f897fb44e1146415d8015d23e\"},\"breadcrumb\":{\"@id\":\"https:\/\/www.clients.horus-informatique71.fr\/advocnar_backup\/2021\/05\/ladvocnar-sera-a-la-fete-de-la-nature-a-groslay-dimanche-23-mai\/#breadcrumb\"},\"inLanguage\":\"fr-FR\",\"potentialAction\":[{\"@type\":\"ReadAction\",\"target\":[\"https:\/\/www.clients.horus-informatique71.fr\/advocnar_backup\/2021\/05\/ladvocnar-sera-a-la-fete-de-la-nature-a-groslay-dimanche-23-mai\/\"]}]},{\"@type\":\"BreadcrumbList\",\"@id\":\"https:\/\/www.clients.horus-informatique71.fr\/advocnar_backup\/2021\/05\/ladvocnar-sera-a-la-fete-de-la-nature-a-groslay-dimanche-23-mai\/#breadcrumb\",\"itemListElement\":[{\"@type\":\"ListItem\",\"position\":1,\"name\":\"Accueil\",\"item\":\"https:\/\/www.clients.horus-informatique71.fr\/advocnar_backup\/\"},{\"@type\":\"ListItem\",\"position\":2,\"name\":\"L&#8217;ADVOCNAR sera \u00e0 la f\u00eate de la Nature \u00e0 Groslay dimanche 23 mai\"}]},{\"@type\":\"WebSite\",\"@id\":\"https:\/\/www.clients.horus-informatique71.fr\/advocnar_backup\/#website\",\"url\":\"https:\/\/www.clients.horus-informatique71.fr\/advocnar_backup\/\",\"name\":\"Advocnar\",\"description\":\"Association de D\u00e9fense Contre les Nuisances A\u00e9riennes\",\"potentialAction\":[{\"@type\":\"SearchAction\",\"target\":{\"@type\":\"EntryPoint\",\"urlTemplate\":\"https:\/\/www.clients.horus-informatique71.fr\/advocnar_backup\/?s={search_term_string}\"},\"query-input\":\"required name=search_term_string\"}],\"inLanguage\":\"fr-FR\"},{\"@type\":\"Person\",\"@id\":\"https:\/\/www.clients.horus-informatique71.fr\/advocnar_backup\/#\/schema\/person\/28ec283f897fb44e1146415d8015d23e\",\"name\":\"FBrochot\",\"url\":\"https:\/\/www.clients.horus-informatique71.fr\/advocnar_backup\/author\/fbrochot\/\"}]}<\/script>\n<!-- \/ Yoast SEO plugin. -->","yoast_head_json":{"title":"L'ADVOCNAR sera \u00e0 la f\u00eate de la Nature \u00e0 Groslay dimanche 23 mai - Advocnar","robots":{"index":"index","follow":"follow","max-snippet":"max-snippet:-1","max-image-preview":"max-image-preview:large","max-video-preview":"max-video-preview:-1"},"canonical":"https:\/\/www.clients.horus-informatique71.fr\/advocnar_backup\/2021\/05\/ladvocnar-sera-a-la-fete-de-la-nature-a-groslay-dimanche-23-mai\/","og_locale":"fr_FR","og_type":"article","og_title":"L'ADVOCNAR sera \u00e0 la f\u00eate de la Nature \u00e0 Groslay dimanche 23 mai - Advocnar","og_description":"Nous vous attendons sur le stand de l&rsquo;ADVOCNAR pour \u00e9changer avec vous sur la situation ambig\u00fce du projet de Terminal 4, abandonn\u00e9 &#8230; mais pas vraiment sur notre p\u00e9tition en ligne contre toute extension de Roissy CDG sur nos derni\u00e8res actions, en particulier notre action gagnante contre la pollution de l&rsquo;air due aux avions en [&hellip;]","og_url":"https:\/\/www.clients.horus-informatique71.fr\/advocnar_backup\/2021\/05\/ladvocnar-sera-a-la-fete-de-la-nature-a-groslay-dimanche-23-mai\/","og_site_name":"Advocnar","article_published_time":"2021-05-21T07:21:00+00:00","article_modified_time":"2021-05-21T07:21:02+00:00","og_image":[{"width":305,"height":228,"url":"https:\/\/www.clients.horus-informatique71.fr\/advocnar_backup\/wp-content\/uploads\/2021\/05\/Affiche-FN-Groslay-2.jpg","type":"image\/jpeg"}],"author":"FBrochot","twitter_card":"summary_large_image","twitter_misc":{"\u00c9crit par":"FBrochot","Dur\u00e9e de lecture estim\u00e9e":"1 minute"},"schema":{"@context":"https:\/\/schema.org","@graph":[{"@type":"WebPage","@id":"https:\/\/www.clients.horus-informatique71.fr\/advocnar_backup\/2021\/05\/ladvocnar-sera-a-la-fete-de-la-nature-a-groslay-dimanche-23-mai\/","url":"https:\/\/www.clients.horus-informatique71.fr\/advocnar_backup\/2021\/05\/ladvocnar-sera-a-la-fete-de-la-nature-a-groslay-dimanche-23-mai\/","name":"L'ADVOCNAR sera \u00e0 la f\u00eate de la Nature \u00e0 Groslay dimanche 23 mai - Advocnar","isPartOf":{"@id":"https:\/\/www.clients.horus-informatique71.fr\/advocnar_backup\/#website"},"datePublished":"2021-05-21T07:21:00+00:00","dateModified":"2021-05-21T07:21:02+00:00","author":{"@id":"https:\/\/www.clients.horus-informatique71.fr\/advocnar_backup\/#\/schema\/person\/28ec283f897fb44e1146415d8015d23e"},"breadcrumb":{"@id":"https:\/\/www.clients.horus-informatique71.fr\/advocnar_backup\/2021\/05\/ladvocnar-sera-a-la-fete-de-la-nature-a-groslay-dimanche-23-mai\/#breadcrumb"},"inLanguage":"fr-FR","potentialAction":[{"@type":"ReadAction","target":["https:\/\/www.clients.horus-informatique71.fr\/advocnar_backup\/2021\/05\/ladvocnar-sera-a-la-fete-de-la-nature-a-groslay-dimanche-23-mai\/"]}]},{"@type":"BreadcrumbList","@id":"https:\/\/www.clients.horus-informatique71.fr\/advocnar_backup\/2021\/05\/ladvocnar-sera-a-la-fete-de-la-nature-a-groslay-dimanche-23-mai\/#breadcrumb","itemListElement":[{"@type":"ListItem","position":1,"name":"Accueil","item":"https:\/\/www.clients.horus-informatique71.fr\/advocnar_backup\/"},{"@type":"ListItem","position":2,"name":"L&#8217;ADVOCNAR sera \u00e0 la f\u00eate de la Nature \u00e0 Groslay dimanche 23 mai"}]},{"@type":"WebSite","@id":"https:\/\/www.clients.horus-informatique71.fr\/advocnar_backup\/#website","url":"https:\/\/www.clients.horus-informatique71.fr\/advocnar_backup\/","name":"Advocnar","description":"Association de D\u00e9fense Contre les Nuisances A\u00e9riennes","potentialAction":[{"@type":"SearchAction","target":{"@type":"EntryPoint","urlTemplate":"https:\/\/www.clients.horus-informatique71.fr\/advocnar_backup\/?s={search_term_string}"},"query-input":"required name=search_term_string"}],"inLanguage":"fr-FR"},{"@type":"Person","@id":"https:\/\/www.clients.horus-informatique71.fr\/advocnar_backup\/#\/schema\/person\/28ec283f897fb44e1146415d8015d23e","name":"FBrochot","url":"https:\/\/www.clients.horus-informatique71.fr\/advocnar_backup\/author\/fbrochot\/"}]}},"_links":{"self":[{"href":"https:\/\/www.clients.horus-informatique71.fr\/advocnar_backup\/wp-json\/wp\/v2\/posts\/76982"}],"collection":[{"href":"https:\/\/www.clients.horus-informatique71.fr\/advocnar_backup\/wp-json\/wp\/v2\/posts"}],"about":[{"href":"https:\/\/www.clients.horus-informatique71.fr\/advocnar_backup\/wp-json\/wp\/v2\/types\/post"}],"author":[{"embeddable":true,"href":"https:\/\/www.clients.horus-informatique71.fr\/advocnar_backup\/wp-json\/wp\/v2\/users\/10"}],"replies":[{"embeddable":true,"href":"https:\/\/www.clients.horus-informatique71.fr\/advocnar_backup\/wp-json\/wp\/v2\/comments?post=76982"}],"version-history":[{"count":6,"href":"https:\/\/www.clients.horus-informatique71.fr\/advocnar_backup\/wp-json\/wp\/v2\/posts\/76982\/revisions"}],"predecessor-version":[{"id":76999,"href":"https:\/\/www.clients.horus-informatique71.fr\/advocnar_backup\/wp-json\/wp\/v2\/posts\/76982\/revisions\/76999"}],"wp:featuredmedia":[{"embeddable":true,"href":"https:\/\/www.clients.horus-informatique71.fr\/advocnar_backup\/wp-json\/wp\/v2\/media\/76978"}],"wp:attachment":[{"href":"https:\/\/www.clients.horus-informatique71.fr\/advocnar_backup\/wp-json\/wp\/v2\/media?parent=76982"}],"wp:term":[{"taxonomy":"category","embeddable":true,"href":"https:\/\/www.clients.horus-informatique71.fr\/advocnar_backup\/wp-json\/wp\/v2\/categories?post=76982"},{"taxonomy":"post_tag","embeddable":true,"href":"https:\/\/www.clients.horus-informatique71.fr\/advocnar_backup\/wp-json\/wp\/v2\/tags?post=76982"}],"curies":[{"name":"wp","href":"https:\/\/api.w.org\/{rel}","templated":true}]}}