{"id":77225,"date":"2021-09-01T18:21:40","date_gmt":"2021-09-01T16:21:40","guid":{"rendered":"https:\/\/www.clients.horus-informatique71.fr\/advocnar_backup\/?p=77225"},"modified":"2021-09-07T10:17:40","modified_gmt":"2021-09-07T08:17:40","slug":"forums-des-associations-2021","status":"publish","type":"post","link":"https:\/\/www.clients.horus-informatique71.fr\/advocnar_backup\/2021\/09\/forums-des-associations-2021\/","title":{"rendered":"FORUMS DES ASSOCIATIONS 2021"},"content":{"rendered":"\n<h5 class=\"wp-block-heading\">Les forums des associations se d\u00e9rouleront sur deux week-ends cons\u00e9cutifs d\u00e9but septembre.<br>L&rsquo;ADVOCNAR sera pr\u00e9sente dans une vingtaine de communes.<br>Vous pourrez \u00e9galement trouver notre documentation sur certains stands partenaires.<\/h5>\n\n\n\n<p>Nos animateurs seront \u00e0 votre disposition pour r\u00e9pondre \u00e0 vos demandes :<\/p>\n\n\n\n<ul><li>Informez-vous sur les effets du bruit et de la pollution chimique des avions sur notre sant\u00e9<\/li><li>D\u00e9couvrez les nombreuses actions juridiques men\u00e9es par l&rsquo;ADVOCNAR<\/li><li>Prenez connaissance des r\u00e9sultats obtenus gr\u00e2ce nos actions<\/li><li>Profitez-en pour adh\u00e9rer ou r\u00e9-adh\u00e9rer<\/li><li>Intervenez avec nous dans des domaines vari\u00e9s, investissez-vous !<\/li><\/ul>\n\n\n\n<h5 class=\"wp-block-heading\">Samedi 4 septembre<\/h5>\n\n\n\n<figure class=\"wp-block-table\"><table><tbody><tr><td>CORMEILLES-EN-PARISIS<\/td><td>9h \u00e0 18h<\/td><td>Salle Emy-les-Pr\u00e9s<\/td><\/tr><tr><td>EAUBONNE<\/td><td>10h \u00e0 18h<\/td><td>Plaine des sports du Luat<\/td><\/tr><tr><td>ERMONT<\/td><td>9h \u00e0 17h30<\/td><td>Complexe sportif Gaston Rebuffat<\/td><\/tr><tr><td>GROSLAY<\/td><td>10h \u00e0 18h<\/td><td>Salle omnisport Jack Pichery<\/td><\/tr><tr><td>MARGENCY<\/td><td>10h \u00e0 19h<\/td><td>Parc de la Mairie<\/td><\/tr><tr><td>MONTIGNY-L\u00c8S-CORMEILLES<\/td><td>13h \u00e0 18h<\/td><td>Espace L\u00e9onard-de-Vinci<\/td><\/tr><tr><td>MONTMORENCY<\/td><td>10h \u00e0 17h<\/td><td>Parc des sports Nelson Mandela<\/td><\/tr><tr><td>SAINT-GRATIEN<\/td><td>10h \u00e0 18h<\/td><td>Place Fran\u00e7ois Truffaut<\/td><\/tr><tr><td>SAINT-LEU-LA-FOR\u00caT<\/td><td>10h \u00e0 18h<\/td><td>Gymnase Jean Moulin<\/td><\/tr><tr><td>SAINT-PRIX<\/td><td>9h \u00e0 17h<\/td><td>Complexe sportif Christian Dufresne<\/td><\/tr><\/tbody><\/table><\/figure>\n\n\n\n<p>Documentation aux stands d&rsquo;associations partenaires \u00e0:<\/p>\n\n\n\n<figure class=\"wp-block-table\"><table><tbody><tr><td>CERGY<\/td><td><\/td><td><\/td><td>10h \u00e0 18h<\/td><td>Parc Fran\u00e7ois Mitterrand<br>Stand \u00ab\u00a0Cergy-Pontoise Environnement\u00a0\u00bb<br>Association membre de \u00ab\u00a0Val d&rsquo;Oise Environnement\u00a0\u00bb<\/td><\/tr><tr><td>LA FRETTE-SUR-SEINE<\/td><td><\/td><td><\/td><td><\/td><td>Salle Albert Marquet<br>Stand \u00ab\u00a0La Frette Village\u00a0\u00bb<\/td><\/tr><\/tbody><\/table><\/figure>\n\n\n\n<h5 class=\"wp-block-heading\">Dimanche 5 septembre<\/h5>\n\n\n\n<figure class=\"wp-block-table\"><table><tbody><tr><td>HERBLAY-SUR-SEINE<\/td><td>10h \u00e0 17h<\/td><td>Centre de loisirs du Bois des Fontaines<br>1 rue Chateaubriand<\/td><\/tr><tr><td>SOISY-SOUS-MONTMORENCY<\/td><td>10h \u00e0 18h<\/td><td>Gymnase Schweitzer<\/td><\/tr><tr><td>TAVERNY<\/td><td>10h \u00e0 18h<\/td><td>Voie des sports<\/td><\/tr><tr><td>TAVERNY<\/td><td><\/td><td>Forum digital :<br><a href=\"https:\/\/asso-sport-taverny.fr\/user\/assos-de-105\/\">https:\/\/asso-sport-taverny.fr\/user\/assos-de-105\/<\/a><\/td><\/tr><\/tbody><\/table><\/figure>\n\n\n\n<h5 class=\"wp-block-heading\">Samedi 4 et dimanche 5 septembre<\/h5>\n\n\n\n<figure class=\"wp-block-table\"><table><tbody><tr><td>LE PLESSIS-BOUCHARD<\/td><td><\/td><td><\/td><td>11h \u00e0 18h<\/td><td>Centre culturel &#8211; 5 rue Pierre Brossolette<br>Stand exposition et documents<br>\u00e0 disposition du public (sans animateur)<\/td><\/tr><\/tbody><\/table><\/figure>\n\n\n\n<h5 class=\"wp-block-heading\">Samedi 11 septembre<\/h5>\n\n\n\n<figure class=\"wp-block-table\"><table><tbody><tr><td>BEAUCHAMP<\/td><td><\/td><td><\/td><td>10h \u00e0 17h<\/td><td>Salle omnisport<\/td><\/tr><tr><td>ENGHIEN-LES-BAINS<\/td><td><\/td><td><\/td><td>10h \u00e0 18h<\/td><td>Pavillon des associations <br>(derri\u00e8re l&rsquo;H\u00f4tel de Ville)<\/td><\/tr><tr><td>FRANCONVILLE<\/td><td><\/td><td><\/td><td>10h \u00e0 18h<\/td><td>Gymnase Jean-Jacques Mathieu<\/td><\/tr><tr><td>GONESSE<\/td><td><\/td><td><\/td><td>9h \u00e0 19h<\/td><td>Salle Jacques Brel<\/td><\/tr><\/tbody><\/table><\/figure>\n\n\n\n<h5 class=\"wp-block-heading\">Dimanche 12 septembre<\/h5>\n\n\n\n<figure class=\"wp-block-table\"><table><tbody><tr><td>DEUIL-LA-BARRE<\/td><td><\/td><td>10h \u00e0 18h<\/td><td>Stade Jean Bouin<\/td><\/tr><tr><td>SAINT-BRICE-SOUS-FOR\u00caT<\/td><td><\/td><td>10h \u00e0 17h<\/td><td>Centre culturel et sportif Lionel Terray<\/td><\/tr><\/tbody><\/table><\/figure>\n","protected":false},"excerpt":{"rendered":"<p>Les forums des associations se d\u00e9rouleront sur deux week-ends cons\u00e9cutifs d\u00e9but septembre.L&rsquo;ADVOCNAR sera pr\u00e9sente dans une vingtaine de communes.Vous pourrez \u00e9galement trouver notre documentation sur certains stands partenaires. Nos animateurs seront \u00e0 votre disposition pour r\u00e9pondre \u00e0 vos demandes : Informez-vous sur les effets du bruit et de la pollution chimique des avions sur notre [&hellip;]<\/p>\n","protected":false},"author":10,"featured_media":77223,"comment_status":"closed","ping_status":"open","sticky":false,"template":"","format":"standard","meta":{"footnotes":""},"categories":[46],"tags":[],"yoast_head":"<!-- This site is optimized with the Yoast SEO plugin v22.0 - https:\/\/yoast.com\/wordpress\/plugins\/seo\/ -->\n<title>FORUMS DES ASSOCIATIONS 2021 - Advocnar<\/title>\n<meta name=\"robots\" content=\"index, follow, max-snippet:-1, max-image-preview:large, max-video-preview:-1\" \/>\n<link rel=\"canonical\" href=\"https:\/\/www.clients.horus-informatique71.fr\/advocnar_backup\/2021\/09\/forums-des-associations-2021\/\" \/>\n<meta property=\"og:locale\" content=\"fr_FR\" \/>\n<meta property=\"og:type\" content=\"article\" \/>\n<meta property=\"og:title\" content=\"FORUMS DES ASSOCIATIONS 2021 - Advocnar\" \/>\n<meta property=\"og:description\" content=\"Les forums des associations se d\u00e9rouleront sur deux week-ends cons\u00e9cutifs d\u00e9but septembre.L&rsquo;ADVOCNAR sera pr\u00e9sente dans une vingtaine de communes.Vous pourrez \u00e9galement trouver notre documentation sur certains stands partenaires. Nos animateurs seront \u00e0 votre disposition pour r\u00e9pondre \u00e0 vos demandes : Informez-vous sur les effets du bruit et de la pollution chimique des avions sur notre [&hellip;]\" \/>\n<meta property=\"og:url\" content=\"https:\/\/www.clients.horus-informatique71.fr\/advocnar_backup\/2021\/09\/forums-des-associations-2021\/\" \/>\n<meta property=\"og:site_name\" content=\"Advocnar\" \/>\n<meta property=\"article:published_time\" content=\"2021-09-01T16:21:40+00:00\" \/>\n<meta property=\"article:modified_time\" content=\"2021-09-07T08:17:40+00:00\" \/>\n<meta property=\"og:image\" content=\"https:\/\/www.clients.horus-informatique71.fr\/advocnar_backup\/wp-content\/uploads\/2021\/08\/Forums-2021-site.png\" \/>\n\t<meta property=\"og:image:width\" content=\"762\" \/>\n\t<meta property=\"og:image:height\" content=\"569\" \/>\n\t<meta property=\"og:image:type\" content=\"image\/png\" \/>\n<meta name=\"author\" content=\"FBrochot\" \/>\n<meta name=\"twitter:card\" content=\"summary_large_image\" \/>\n<meta name=\"twitter:label1\" content=\"\u00c9crit par\" \/>\n\t<meta name=\"twitter:data1\" content=\"FBrochot\" \/>\n\t<meta name=\"twitter:label2\" content=\"Dur\u00e9e de lecture estim\u00e9e\" \/>\n\t<meta name=\"twitter:data2\" content=\"2 minutes\" \/>\n<script type=\"application\/ld+json\" class=\"yoast-schema-graph\">{\"@context\":\"https:\/\/schema.org\",\"@graph\":[{\"@type\":\"WebPage\",\"@id\":\"https:\/\/www.clients.horus-informatique71.fr\/advocnar_backup\/2021\/09\/forums-des-associations-2021\/\",\"url\":\"https:\/\/www.clients.horus-informatique71.fr\/advocnar_backup\/2021\/09\/forums-des-associations-2021\/\",\"name\":\"FORUMS DES ASSOCIATIONS 2021 - Advocnar\",\"isPartOf\":{\"@id\":\"https:\/\/www.clients.horus-informatique71.fr\/advocnar_backup\/#website\"},\"datePublished\":\"2021-09-01T16:21:40+00:00\",\"dateModified\":\"2021-09-07T08:17:40+00:00\",\"author\":{\"@id\":\"https:\/\/www.clients.horus-informatique71.fr\/advocnar_backup\/#\/schema\/person\/28ec283f897fb44e1146415d8015d23e\"},\"breadcrumb\":{\"@id\":\"https:\/\/www.clients.horus-informatique71.fr\/advocnar_backup\/2021\/09\/forums-des-associations-2021\/#breadcrumb\"},\"inLanguage\":\"fr-FR\",\"potentialAction\":[{\"@type\":\"ReadAction\",\"target\":[\"https:\/\/www.clients.horus-informatique71.fr\/advocnar_backup\/2021\/09\/forums-des-associations-2021\/\"]}]},{\"@type\":\"BreadcrumbList\",\"@id\":\"https:\/\/www.clients.horus-informatique71.fr\/advocnar_backup\/2021\/09\/forums-des-associations-2021\/#breadcrumb\",\"itemListElement\":[{\"@type\":\"ListItem\",\"position\":1,\"name\":\"Accueil\",\"item\":\"https:\/\/www.clients.horus-informatique71.fr\/advocnar_backup\/\"},{\"@type\":\"ListItem\",\"position\":2,\"name\":\"FORUMS DES ASSOCIATIONS 2021\"}]},{\"@type\":\"WebSite\",\"@id\":\"https:\/\/www.clients.horus-informatique71.fr\/advocnar_backup\/#website\",\"url\":\"https:\/\/www.clients.horus-informatique71.fr\/advocnar_backup\/\",\"name\":\"Advocnar\",\"description\":\"Association de D\u00e9fense Contre les Nuisances A\u00e9riennes\",\"potentialAction\":[{\"@type\":\"SearchAction\",\"target\":{\"@type\":\"EntryPoint\",\"urlTemplate\":\"https:\/\/www.clients.horus-informatique71.fr\/advocnar_backup\/?s={search_term_string}\"},\"query-input\":\"required name=search_term_string\"}],\"inLanguage\":\"fr-FR\"},{\"@type\":\"Person\",\"@id\":\"https:\/\/www.clients.horus-informatique71.fr\/advocnar_backup\/#\/schema\/person\/28ec283f897fb44e1146415d8015d23e\",\"name\":\"FBrochot\",\"url\":\"https:\/\/www.clients.horus-informatique71.fr\/advocnar_backup\/author\/fbrochot\/\"}]}<\/script>\n<!-- \/ Yoast SEO plugin. -->","yoast_head_json":{"title":"FORUMS DES ASSOCIATIONS 2021 - Advocnar","robots":{"index":"index","follow":"follow","max-snippet":"max-snippet:-1","max-image-preview":"max-image-preview:large","max-video-preview":"max-video-preview:-1"},"canonical":"https:\/\/www.clients.horus-informatique71.fr\/advocnar_backup\/2021\/09\/forums-des-associations-2021\/","og_locale":"fr_FR","og_type":"article","og_title":"FORUMS DES ASSOCIATIONS 2021 - Advocnar","og_description":"Les forums des associations se d\u00e9rouleront sur deux week-ends cons\u00e9cutifs d\u00e9but septembre.L&rsquo;ADVOCNAR sera pr\u00e9sente dans une vingtaine de communes.Vous pourrez \u00e9galement trouver notre documentation sur certains stands partenaires. Nos animateurs seront \u00e0 votre disposition pour r\u00e9pondre \u00e0 vos demandes : Informez-vous sur les effets du bruit et de la pollution chimique des avions sur notre [&hellip;]","og_url":"https:\/\/www.clients.horus-informatique71.fr\/advocnar_backup\/2021\/09\/forums-des-associations-2021\/","og_site_name":"Advocnar","article_published_time":"2021-09-01T16:21:40+00:00","article_modified_time":"2021-09-07T08:17:40+00:00","og_image":[{"width":762,"height":569,"url":"https:\/\/www.clients.horus-informatique71.fr\/advocnar_backup\/wp-content\/uploads\/2021\/08\/Forums-2021-site.png","type":"image\/png"}],"author":"FBrochot","twitter_card":"summary_large_image","twitter_misc":{"\u00c9crit par":"FBrochot","Dur\u00e9e de lecture estim\u00e9e":"2 minutes"},"schema":{"@context":"https:\/\/schema.org","@graph":[{"@type":"WebPage","@id":"https:\/\/www.clients.horus-informatique71.fr\/advocnar_backup\/2021\/09\/forums-des-associations-2021\/","url":"https:\/\/www.clients.horus-informatique71.fr\/advocnar_backup\/2021\/09\/forums-des-associations-2021\/","name":"FORUMS DES ASSOCIATIONS 2021 - Advocnar","isPartOf":{"@id":"https:\/\/www.clients.horus-informatique71.fr\/advocnar_backup\/#website"},"datePublished":"2021-09-01T16:21:40+00:00","dateModified":"2021-09-07T08:17:40+00:00","author":{"@id":"https:\/\/www.clients.horus-informatique71.fr\/advocnar_backup\/#\/schema\/person\/28ec283f897fb44e1146415d8015d23e"},"breadcrumb":{"@id":"https:\/\/www.clients.horus-informatique71.fr\/advocnar_backup\/2021\/09\/forums-des-associations-2021\/#breadcrumb"},"inLanguage":"fr-FR","potentialAction":[{"@type":"ReadAction","target":["https:\/\/www.clients.horus-informatique71.fr\/advocnar_backup\/2021\/09\/forums-des-associations-2021\/"]}]},{"@type":"BreadcrumbList","@id":"https:\/\/www.clients.horus-informatique71.fr\/advocnar_backup\/2021\/09\/forums-des-associations-2021\/#breadcrumb","itemListElement":[{"@type":"ListItem","position":1,"name":"Accueil","item":"https:\/\/www.clients.horus-informatique71.fr\/advocnar_backup\/"},{"@type":"ListItem","position":2,"name":"FORUMS DES ASSOCIATIONS 2021"}]},{"@type":"WebSite","@id":"https:\/\/www.clients.horus-informatique71.fr\/advocnar_backup\/#website","url":"https:\/\/www.clients.horus-informatique71.fr\/advocnar_backup\/","name":"Advocnar","description":"Association de D\u00e9fense Contre les Nuisances A\u00e9riennes","potentialAction":[{"@type":"SearchAction","target":{"@type":"EntryPoint","urlTemplate":"https:\/\/www.clients.horus-informatique71.fr\/advocnar_backup\/?s={search_term_string}"},"query-input":"required name=search_term_string"}],"inLanguage":"fr-FR"},{"@type":"Person","@id":"https:\/\/www.clients.horus-informatique71.fr\/advocnar_backup\/#\/schema\/person\/28ec283f897fb44e1146415d8015d23e","name":"FBrochot","url":"https:\/\/www.clients.horus-informatique71.fr\/advocnar_backup\/author\/fbrochot\/"}]}},"_links":{"self":[{"href":"https:\/\/www.clients.horus-informatique71.fr\/advocnar_backup\/wp-json\/wp\/v2\/posts\/77225"}],"collection":[{"href":"https:\/\/www.clients.horus-informatique71.fr\/advocnar_backup\/wp-json\/wp\/v2\/posts"}],"about":[{"href":"https:\/\/www.clients.horus-informatique71.fr\/advocnar_backup\/wp-json\/wp\/v2\/types\/post"}],"author":[{"embeddable":true,"href":"https:\/\/www.clients.horus-informatique71.fr\/advocnar_backup\/wp-json\/wp\/v2\/users\/10"}],"replies":[{"embeddable":true,"href":"https:\/\/www.clients.horus-informatique71.fr\/advocnar_backup\/wp-json\/wp\/v2\/comments?post=77225"}],"version-history":[{"count":33,"href":"https:\/\/www.clients.horus-informatique71.fr\/advocnar_backup\/wp-json\/wp\/v2\/posts\/77225\/revisions"}],"predecessor-version":[{"id":77284,"href":"https:\/\/www.clients.horus-informatique71.fr\/advocnar_backup\/wp-json\/wp\/v2\/posts\/77225\/revisions\/77284"}],"wp:featuredmedia":[{"embeddable":true,"href":"https:\/\/www.clients.horus-informatique71.fr\/advocnar_backup\/wp-json\/wp\/v2\/media\/77223"}],"wp:attachment":[{"href":"https:\/\/www.clients.horus-informatique71.fr\/advocnar_backup\/wp-json\/wp\/v2\/media?parent=77225"}],"wp:term":[{"taxonomy":"category","embeddable":true,"href":"https:\/\/www.clients.horus-informatique71.fr\/advocnar_backup\/wp-json\/wp\/v2\/categories?post=77225"},{"taxonomy":"post_tag","embeddable":true,"href":"https:\/\/www.clients.horus-informatique71.fr\/advocnar_backup\/wp-json\/wp\/v2\/tags?post=77225"}],"curies":[{"name":"wp","href":"https:\/\/api.w.org\/{rel}","templated":true}]}}