{"id":77310,"date":"2021-11-06T09:10:25","date_gmt":"2021-11-06T08:10:25","guid":{"rendered":"https:\/\/www.clients.horus-informatique71.fr\/advocnar_backup\/?p=77310"},"modified":"2021-11-06T09:10:53","modified_gmt":"2021-11-06T08:10:53","slug":"reunion-publique-a-gonesse-protegeons-nous-contre-le-bruit-aerien-13-novembre-a-10h","status":"publish","type":"post","link":"https:\/\/www.clients.horus-informatique71.fr\/advocnar_backup\/2021\/11\/reunion-publique-a-gonesse-protegeons-nous-contre-le-bruit-aerien-13-novembre-a-10h\/","title":{"rendered":"R\u00e9union publique \u00e0 Gonesse  \u00ab\u00a0Prot\u00e9geons-nous contre le bruit a\u00e9rien\u00a0\u00bb &#8211; 13 novembre \u00e0 10h"},"content":{"rendered":"\n<div style=\"height:19px\" aria-hidden=\"true\" class=\"wp-block-spacer\"><\/div>\n\n\n\n<h5 class=\"wp-block-heading\">La Ville de Gonesse organise une r\u00e9union publique&nbsp;en pr\u00e9sence de&nbsp;Bruitparif, l\u2019ACNUSA et l\u2019ADVOCNAR<\/h5>\n\n\n\n<h4 class=\"has-text-align-center has-luminous-vivid-orange-color has-text-color wp-block-heading\">samedi 13 novembre de 10 h \u00e0 12 h 30&nbsp;<br>Salle Jacques Brel \u00e0 GONESSE<\/h4>\n\n\n\n<p>sur le th\u00e8me:<\/p>\n\n\n\n<h5 class=\"has-text-align-center wp-block-heading\">\u00ab&nbsp;Prot\u00e9geons-nous contre le bruit a\u00e9rien&nbsp;&#8211;&nbsp;Environnement, sant\u00e9, vols de nuit&nbsp;\u00bb<\/h5>\n\n\n\n<p>L&rsquo;\u00e9tude \u00e9pid\u00e9miologique&nbsp;<em>DEBATS<\/em>&nbsp;montre par exemple que les nuisances sonores a\u00e9riennes ont des effets d\u00e9l\u00e9t\u00e8res sur la sant\u00e9 des populations riveraines de l&rsquo;a\u00e9roport&nbsp;: maladies cardio-vasculaires, hypertension art\u00e9rielle, stress, g\u00eane, sommeil d\u00e9grad\u00e9, etc.<\/p>\n\n\n\n<p>L&rsquo;ADVOCNAR pr\u00e9sentera le nouveau projet de <strong>Plan de Pr\u00e9vention du Bruit dans l&rsquo;Environnement (PPBE) 2022-2026<\/strong> et ses enjeux, en particulier la protection des populations expos\u00e9es aux nuisances a\u00e9riennes et nous pourrons d\u00e9battre des propositions \u00e0 porter, notamment en ce qui concerne les vols de nuit.<\/p>\n\n\n\n<p><a href=\"https:\/\/www.clients.horus-informatique71.fr\/advocnar_backup\/wp-content\/uploads\/2021\/11\/invitation-13-NOV-2021-HD.pdf\">T\u00e9l\u00e9charger l&rsquo;invitation<\/a><\/p>\n\n\n\n<figure class=\"wp-block-image size-full\"><img loading=\"lazy\" decoding=\"async\" width=\"1148\" height=\"2430\" src=\"https:\/\/www.clients.horus-informatique71.fr\/advocnar_backup\/wp-content\/uploads\/2021\/11\/image002.jpg\" alt=\"\" class=\"wp-image-77308\" srcset=\"https:\/\/www.clients.horus-informatique71.fr\/advocnar_backup\/wp-content\/uploads\/2021\/11\/image002.jpg 1148w, https:\/\/www.clients.horus-informatique71.fr\/advocnar_backup\/wp-content\/uploads\/2021\/11\/image002-142x300.jpg 142w, https:\/\/www.clients.horus-informatique71.fr\/advocnar_backup\/wp-content\/uploads\/2021\/11\/image002-484x1024.jpg 484w, https:\/\/www.clients.horus-informatique71.fr\/advocnar_backup\/wp-content\/uploads\/2021\/11\/image002-768x1626.jpg 768w, https:\/\/www.clients.horus-informatique71.fr\/advocnar_backup\/wp-content\/uploads\/2021\/11\/image002-726x1536.jpg 726w, https:\/\/www.clients.horus-informatique71.fr\/advocnar_backup\/wp-content\/uploads\/2021\/11\/image002-968x2048.jpg 968w\" sizes=\"(max-width: 1148px) 100vw, 1148px\" \/><\/figure>\n","protected":false},"excerpt":{"rendered":"<p>La Ville de Gonesse organise une r\u00e9union publique&nbsp;en pr\u00e9sence de&nbsp;Bruitparif, l\u2019ACNUSA et l\u2019ADVOCNAR samedi 13 novembre de 10 h \u00e0 12 h 30&nbsp;Salle Jacques Brel \u00e0 GONESSE sur le th\u00e8me: \u00ab&nbsp;Prot\u00e9geons-nous contre le bruit a\u00e9rien&nbsp;&#8211;&nbsp;Environnement, sant\u00e9, vols de nuit&nbsp;\u00bb L&rsquo;\u00e9tude \u00e9pid\u00e9miologique&nbsp;DEBATS&nbsp;montre par exemple que les nuisances sonores a\u00e9riennes ont des effets d\u00e9l\u00e9t\u00e8res sur la sant\u00e9 [&hellip;]<\/p>\n","protected":false},"author":10,"featured_media":77309,"comment_status":"closed","ping_status":"open","sticky":false,"template":"","format":"standard","meta":{"footnotes":""},"categories":[46],"tags":[],"yoast_head":"<!-- This site is optimized with the Yoast SEO plugin v22.0 - https:\/\/yoast.com\/wordpress\/plugins\/seo\/ -->\n<title>R\u00e9union publique \u00e0 Gonesse &quot;Prot\u00e9geons-nous contre le bruit a\u00e9rien&quot; - 13 novembre \u00e0 10h - Advocnar<\/title>\n<meta name=\"robots\" content=\"index, follow, max-snippet:-1, max-image-preview:large, max-video-preview:-1\" \/>\n<link rel=\"canonical\" href=\"https:\/\/www.clients.horus-informatique71.fr\/advocnar_backup\/2021\/11\/reunion-publique-a-gonesse-protegeons-nous-contre-le-bruit-aerien-13-novembre-a-10h\/\" \/>\n<meta property=\"og:locale\" content=\"fr_FR\" \/>\n<meta property=\"og:type\" content=\"article\" \/>\n<meta property=\"og:title\" content=\"R\u00e9union publique \u00e0 Gonesse &quot;Prot\u00e9geons-nous contre le bruit a\u00e9rien&quot; - 13 novembre \u00e0 10h - Advocnar\" \/>\n<meta property=\"og:description\" content=\"La Ville de Gonesse organise une r\u00e9union publique&nbsp;en pr\u00e9sence de&nbsp;Bruitparif, l\u2019ACNUSA et l\u2019ADVOCNAR samedi 13 novembre de 10 h \u00e0 12 h 30&nbsp;Salle Jacques Brel \u00e0 GONESSE sur le th\u00e8me: \u00ab&nbsp;Prot\u00e9geons-nous contre le bruit a\u00e9rien&nbsp;&#8211;&nbsp;Environnement, sant\u00e9, vols de nuit&nbsp;\u00bb L&rsquo;\u00e9tude \u00e9pid\u00e9miologique&nbsp;DEBATS&nbsp;montre par exemple que les nuisances sonores a\u00e9riennes ont des effets d\u00e9l\u00e9t\u00e8res sur la sant\u00e9 [&hellip;]\" \/>\n<meta property=\"og:url\" content=\"https:\/\/www.clients.horus-informatique71.fr\/advocnar_backup\/2021\/11\/reunion-publique-a-gonesse-protegeons-nous-contre-le-bruit-aerien-13-novembre-a-10h\/\" \/>\n<meta property=\"og:site_name\" content=\"Advocnar\" \/>\n<meta property=\"article:published_time\" content=\"2021-11-06T08:10:25+00:00\" \/>\n<meta property=\"article:modified_time\" content=\"2021-11-06T08:10:53+00:00\" \/>\n<meta property=\"og:image\" content=\"https:\/\/www.clients.horus-informatique71.fr\/advocnar_backup\/wp-content\/uploads\/2021\/11\/RP-Gonesse-site.jpg\" \/>\n\t<meta property=\"og:image:width\" content=\"1150\" \/>\n\t<meta property=\"og:image:height\" content=\"862\" \/>\n\t<meta property=\"og:image:type\" content=\"image\/jpeg\" \/>\n<meta name=\"author\" content=\"FBrochot\" \/>\n<meta name=\"twitter:card\" content=\"summary_large_image\" \/>\n<meta name=\"twitter:label1\" content=\"\u00c9crit par\" \/>\n\t<meta name=\"twitter:data1\" content=\"FBrochot\" \/>\n\t<meta name=\"twitter:label2\" content=\"Dur\u00e9e de lecture estim\u00e9e\" \/>\n\t<meta name=\"twitter:data2\" content=\"1 minute\" \/>\n<script type=\"application\/ld+json\" class=\"yoast-schema-graph\">{\"@context\":\"https:\/\/schema.org\",\"@graph\":[{\"@type\":\"WebPage\",\"@id\":\"https:\/\/www.clients.horus-informatique71.fr\/advocnar_backup\/2021\/11\/reunion-publique-a-gonesse-protegeons-nous-contre-le-bruit-aerien-13-novembre-a-10h\/\",\"url\":\"https:\/\/www.clients.horus-informatique71.fr\/advocnar_backup\/2021\/11\/reunion-publique-a-gonesse-protegeons-nous-contre-le-bruit-aerien-13-novembre-a-10h\/\",\"name\":\"R\u00e9union publique \u00e0 Gonesse \\\"Prot\u00e9geons-nous contre le bruit a\u00e9rien\\\" - 13 novembre \u00e0 10h - Advocnar\",\"isPartOf\":{\"@id\":\"https:\/\/www.clients.horus-informatique71.fr\/advocnar_backup\/#website\"},\"datePublished\":\"2021-11-06T08:10:25+00:00\",\"dateModified\":\"2021-11-06T08:10:53+00:00\",\"author\":{\"@id\":\"https:\/\/www.clients.horus-informatique71.fr\/advocnar_backup\/#\/schema\/person\/28ec283f897fb44e1146415d8015d23e\"},\"breadcrumb\":{\"@id\":\"https:\/\/www.clients.horus-informatique71.fr\/advocnar_backup\/2021\/11\/reunion-publique-a-gonesse-protegeons-nous-contre-le-bruit-aerien-13-novembre-a-10h\/#breadcrumb\"},\"inLanguage\":\"fr-FR\",\"potentialAction\":[{\"@type\":\"ReadAction\",\"target\":[\"https:\/\/www.clients.horus-informatique71.fr\/advocnar_backup\/2021\/11\/reunion-publique-a-gonesse-protegeons-nous-contre-le-bruit-aerien-13-novembre-a-10h\/\"]}]},{\"@type\":\"BreadcrumbList\",\"@id\":\"https:\/\/www.clients.horus-informatique71.fr\/advocnar_backup\/2021\/11\/reunion-publique-a-gonesse-protegeons-nous-contre-le-bruit-aerien-13-novembre-a-10h\/#breadcrumb\",\"itemListElement\":[{\"@type\":\"ListItem\",\"position\":1,\"name\":\"Accueil\",\"item\":\"https:\/\/www.clients.horus-informatique71.fr\/advocnar_backup\/\"},{\"@type\":\"ListItem\",\"position\":2,\"name\":\"R\u00e9union publique \u00e0 Gonesse &#8220;Prot\u00e9geons-nous contre le bruit a\u00e9rien&#8221; &#8211; 13 novembre \u00e0 10h\"}]},{\"@type\":\"WebSite\",\"@id\":\"https:\/\/www.clients.horus-informatique71.fr\/advocnar_backup\/#website\",\"url\":\"https:\/\/www.clients.horus-informatique71.fr\/advocnar_backup\/\",\"name\":\"Advocnar\",\"description\":\"Association de D\u00e9fense Contre les Nuisances A\u00e9riennes\",\"potentialAction\":[{\"@type\":\"SearchAction\",\"target\":{\"@type\":\"EntryPoint\",\"urlTemplate\":\"https:\/\/www.clients.horus-informatique71.fr\/advocnar_backup\/?s={search_term_string}\"},\"query-input\":\"required name=search_term_string\"}],\"inLanguage\":\"fr-FR\"},{\"@type\":\"Person\",\"@id\":\"https:\/\/www.clients.horus-informatique71.fr\/advocnar_backup\/#\/schema\/person\/28ec283f897fb44e1146415d8015d23e\",\"name\":\"FBrochot\",\"url\":\"https:\/\/www.clients.horus-informatique71.fr\/advocnar_backup\/author\/fbrochot\/\"}]}<\/script>\n<!-- \/ Yoast SEO plugin. -->","yoast_head_json":{"title":"R\u00e9union publique \u00e0 Gonesse \"Prot\u00e9geons-nous contre le bruit a\u00e9rien\" - 13 novembre \u00e0 10h - Advocnar","robots":{"index":"index","follow":"follow","max-snippet":"max-snippet:-1","max-image-preview":"max-image-preview:large","max-video-preview":"max-video-preview:-1"},"canonical":"https:\/\/www.clients.horus-informatique71.fr\/advocnar_backup\/2021\/11\/reunion-publique-a-gonesse-protegeons-nous-contre-le-bruit-aerien-13-novembre-a-10h\/","og_locale":"fr_FR","og_type":"article","og_title":"R\u00e9union publique \u00e0 Gonesse \"Prot\u00e9geons-nous contre le bruit a\u00e9rien\" - 13 novembre \u00e0 10h - Advocnar","og_description":"La Ville de Gonesse organise une r\u00e9union publique&nbsp;en pr\u00e9sence de&nbsp;Bruitparif, l\u2019ACNUSA et l\u2019ADVOCNAR samedi 13 novembre de 10 h \u00e0 12 h 30&nbsp;Salle Jacques Brel \u00e0 GONESSE sur le th\u00e8me: \u00ab&nbsp;Prot\u00e9geons-nous contre le bruit a\u00e9rien&nbsp;&#8211;&nbsp;Environnement, sant\u00e9, vols de nuit&nbsp;\u00bb L&rsquo;\u00e9tude \u00e9pid\u00e9miologique&nbsp;DEBATS&nbsp;montre par exemple que les nuisances sonores a\u00e9riennes ont des effets d\u00e9l\u00e9t\u00e8res sur la sant\u00e9 [&hellip;]","og_url":"https:\/\/www.clients.horus-informatique71.fr\/advocnar_backup\/2021\/11\/reunion-publique-a-gonesse-protegeons-nous-contre-le-bruit-aerien-13-novembre-a-10h\/","og_site_name":"Advocnar","article_published_time":"2021-11-06T08:10:25+00:00","article_modified_time":"2021-11-06T08:10:53+00:00","og_image":[{"width":1150,"height":862,"url":"https:\/\/www.clients.horus-informatique71.fr\/advocnar_backup\/wp-content\/uploads\/2021\/11\/RP-Gonesse-site.jpg","type":"image\/jpeg"}],"author":"FBrochot","twitter_card":"summary_large_image","twitter_misc":{"\u00c9crit par":"FBrochot","Dur\u00e9e de lecture estim\u00e9e":"1 minute"},"schema":{"@context":"https:\/\/schema.org","@graph":[{"@type":"WebPage","@id":"https:\/\/www.clients.horus-informatique71.fr\/advocnar_backup\/2021\/11\/reunion-publique-a-gonesse-protegeons-nous-contre-le-bruit-aerien-13-novembre-a-10h\/","url":"https:\/\/www.clients.horus-informatique71.fr\/advocnar_backup\/2021\/11\/reunion-publique-a-gonesse-protegeons-nous-contre-le-bruit-aerien-13-novembre-a-10h\/","name":"R\u00e9union publique \u00e0 Gonesse \"Prot\u00e9geons-nous contre le bruit a\u00e9rien\" - 13 novembre \u00e0 10h - Advocnar","isPartOf":{"@id":"https:\/\/www.clients.horus-informatique71.fr\/advocnar_backup\/#website"},"datePublished":"2021-11-06T08:10:25+00:00","dateModified":"2021-11-06T08:10:53+00:00","author":{"@id":"https:\/\/www.clients.horus-informatique71.fr\/advocnar_backup\/#\/schema\/person\/28ec283f897fb44e1146415d8015d23e"},"breadcrumb":{"@id":"https:\/\/www.clients.horus-informatique71.fr\/advocnar_backup\/2021\/11\/reunion-publique-a-gonesse-protegeons-nous-contre-le-bruit-aerien-13-novembre-a-10h\/#breadcrumb"},"inLanguage":"fr-FR","potentialAction":[{"@type":"ReadAction","target":["https:\/\/www.clients.horus-informatique71.fr\/advocnar_backup\/2021\/11\/reunion-publique-a-gonesse-protegeons-nous-contre-le-bruit-aerien-13-novembre-a-10h\/"]}]},{"@type":"BreadcrumbList","@id":"https:\/\/www.clients.horus-informatique71.fr\/advocnar_backup\/2021\/11\/reunion-publique-a-gonesse-protegeons-nous-contre-le-bruit-aerien-13-novembre-a-10h\/#breadcrumb","itemListElement":[{"@type":"ListItem","position":1,"name":"Accueil","item":"https:\/\/www.clients.horus-informatique71.fr\/advocnar_backup\/"},{"@type":"ListItem","position":2,"name":"R\u00e9union publique \u00e0 Gonesse &#8220;Prot\u00e9geons-nous contre le bruit a\u00e9rien&#8221; &#8211; 13 novembre \u00e0 10h"}]},{"@type":"WebSite","@id":"https:\/\/www.clients.horus-informatique71.fr\/advocnar_backup\/#website","url":"https:\/\/www.clients.horus-informatique71.fr\/advocnar_backup\/","name":"Advocnar","description":"Association de D\u00e9fense Contre les Nuisances A\u00e9riennes","potentialAction":[{"@type":"SearchAction","target":{"@type":"EntryPoint","urlTemplate":"https:\/\/www.clients.horus-informatique71.fr\/advocnar_backup\/?s={search_term_string}"},"query-input":"required name=search_term_string"}],"inLanguage":"fr-FR"},{"@type":"Person","@id":"https:\/\/www.clients.horus-informatique71.fr\/advocnar_backup\/#\/schema\/person\/28ec283f897fb44e1146415d8015d23e","name":"FBrochot","url":"https:\/\/www.clients.horus-informatique71.fr\/advocnar_backup\/author\/fbrochot\/"}]}},"_links":{"self":[{"href":"https:\/\/www.clients.horus-informatique71.fr\/advocnar_backup\/wp-json\/wp\/v2\/posts\/77310"}],"collection":[{"href":"https:\/\/www.clients.horus-informatique71.fr\/advocnar_backup\/wp-json\/wp\/v2\/posts"}],"about":[{"href":"https:\/\/www.clients.horus-informatique71.fr\/advocnar_backup\/wp-json\/wp\/v2\/types\/post"}],"author":[{"embeddable":true,"href":"https:\/\/www.clients.horus-informatique71.fr\/advocnar_backup\/wp-json\/wp\/v2\/users\/10"}],"replies":[{"embeddable":true,"href":"https:\/\/www.clients.horus-informatique71.fr\/advocnar_backup\/wp-json\/wp\/v2\/comments?post=77310"}],"version-history":[{"count":9,"href":"https:\/\/www.clients.horus-informatique71.fr\/advocnar_backup\/wp-json\/wp\/v2\/posts\/77310\/revisions"}],"predecessor-version":[{"id":77319,"href":"https:\/\/www.clients.horus-informatique71.fr\/advocnar_backup\/wp-json\/wp\/v2\/posts\/77310\/revisions\/77319"}],"wp:featuredmedia":[{"embeddable":true,"href":"https:\/\/www.clients.horus-informatique71.fr\/advocnar_backup\/wp-json\/wp\/v2\/media\/77309"}],"wp:attachment":[{"href":"https:\/\/www.clients.horus-informatique71.fr\/advocnar_backup\/wp-json\/wp\/v2\/media?parent=77310"}],"wp:term":[{"taxonomy":"category","embeddable":true,"href":"https:\/\/www.clients.horus-informatique71.fr\/advocnar_backup\/wp-json\/wp\/v2\/categories?post=77310"},{"taxonomy":"post_tag","embeddable":true,"href":"https:\/\/www.clients.horus-informatique71.fr\/advocnar_backup\/wp-json\/wp\/v2\/tags?post=77310"}],"curies":[{"name":"wp","href":"https:\/\/api.w.org\/{rel}","templated":true}]}}