{"id":77321,"date":"2021-11-06T09:54:19","date_gmt":"2021-11-06T08:54:19","guid":{"rendered":"https:\/\/www.clients.horus-informatique71.fr\/advocnar_backup\/?p=77321"},"modified":"2021-11-06T09:55:01","modified_gmt":"2021-11-06T08:55:01","slug":"assemblee-generale-mardi-23-novembre-deuil-la-barre","status":"publish","type":"post","link":"https:\/\/www.clients.horus-informatique71.fr\/advocnar_backup\/2021\/11\/assemblee-generale-mardi-23-novembre-deuil-la-barre\/","title":{"rendered":"ASSEMBL\u00c9E G\u00c9N\u00c9RALE MARDI 23 NOVEMBRE &#8211; DEUIL-LA-BARRE"},"content":{"rendered":"\n<div style=\"height:28px\" aria-hidden=\"true\" class=\"wp-block-spacer\"><\/div>\n\n\n\n<h5 class=\"wp-block-heading\">L\u2019Assembl\u00e9e G\u00e9n\u00e9rale de notre association ADVOCNAR se tiendra le&nbsp;:<\/h5>\n\n\n\n<h4 class=\"has-text-align-center has-vivid-green-cyan-color has-text-color wp-block-heading\">Mardi 23 novembre 2021 \u00e0 20 heures<br>Salle des f\u00eates<br>11 avenue Schaeffer \u2013 DEUIL-LA-BARRE<\/h4>\n\n\n\n<p>Nous aurons le plaisir de vous accueillir \u00e0 partir de 19h45.<\/p>\n\n\n\n<h5 class=\"wp-block-heading\">L\u2019ordre du jour sera le suivant\u00a0:<\/h5>\n\n\n\n<ul><li>Approbation du compte-rendu de l\u2019Assembl\u00e9e G\u00e9n\u00e9rale du 11 janvier 2021<\/li><li>Rapport financier 2020\/2021<\/li><li>\u00c9lection du Conseil d\u2019Administration<\/li><li>Rapport moral et rapport d\u2019activit\u00e9s 2020\/2021, avec un point sur nos actions juridiques<\/li><li>Les actions et projets que nous avons initi\u00e9s et allons mettre en \u0153uvre en 2021\/2022.<\/li><li>Questions-R\u00e9ponses<\/li><\/ul>\n\n\n\n<p>Il sera possible, pour celles et ceux qui n\u2019auraient pas cotis\u00e9 en 2021, de r\u00e9gler leur cotisation \u00e0 l\u2019entr\u00e9e pour assister et voter \u00e0 l\u2019Assembl\u00e9e G\u00e9n\u00e9rale, et de retirer leur panneau d\u2019affichage <em>NON \u00e0 toute extension de Roissy CDG<\/em>.<\/p>\n\n\n\n<p>Nous insistons sur l\u2019importance de votre pr\u00e9sence pour la protection des riverains et de l\u2019environnement. Si vous ne pouvez pas participer \u00e0 cette Assembl\u00e9e G\u00e9n\u00e9rale, nous vous remercions de remplir le pouvoir joint \u00e0 cet envoi et de l&rsquo;envoyer au secr\u00e9tariat par courrier, ou de le scanner et de l&rsquo;envoyer par mail.<\/p>\n\n\n\n<p>Nous vous proposerons de terminer les \u00e9changes de fa\u00e7on conviviale autour d\u2019un verre.<\/p>\n\n\n\n<p><a href=\"https:\/\/fr.mappy.com\/plan#\/11%20Avenue%20Schaeffer%2095170%20Deuil-la-Barre\">Voir le plan<\/a><\/p>\n","protected":false},"excerpt":{"rendered":"<p>L\u2019Assembl\u00e9e G\u00e9n\u00e9rale de notre association ADVOCNAR se tiendra le&nbsp;: Mardi 23 novembre 2021 \u00e0 20 heuresSalle des f\u00eates11 avenue Schaeffer \u2013 DEUIL-LA-BARRE Nous aurons le plaisir de vous accueillir \u00e0 partir de 19h45. L\u2019ordre du jour sera le suivant\u00a0: Approbation du compte-rendu de l\u2019Assembl\u00e9e G\u00e9n\u00e9rale du 11 janvier 2021 Rapport financier 2020\/2021 \u00c9lection du Conseil [&hellip;]<\/p>\n","protected":false},"author":10,"featured_media":77320,"comment_status":"closed","ping_status":"open","sticky":false,"template":"","format":"standard","meta":{"footnotes":""},"categories":[46],"tags":[],"yoast_head":"<!-- This site is optimized with the Yoast SEO plugin v22.0 - https:\/\/yoast.com\/wordpress\/plugins\/seo\/ -->\n<title>ASSEMBL\u00c9E G\u00c9N\u00c9RALE MARDI 23 NOVEMBRE - DEUIL-LA-BARRE - Advocnar<\/title>\n<meta name=\"robots\" content=\"index, follow, max-snippet:-1, max-image-preview:large, max-video-preview:-1\" \/>\n<link rel=\"canonical\" href=\"https:\/\/www.clients.horus-informatique71.fr\/advocnar_backup\/2021\/11\/assemblee-generale-mardi-23-novembre-deuil-la-barre\/\" \/>\n<meta property=\"og:locale\" content=\"fr_FR\" \/>\n<meta property=\"og:type\" content=\"article\" \/>\n<meta property=\"og:title\" content=\"ASSEMBL\u00c9E G\u00c9N\u00c9RALE MARDI 23 NOVEMBRE - DEUIL-LA-BARRE - Advocnar\" \/>\n<meta property=\"og:description\" content=\"L\u2019Assembl\u00e9e G\u00e9n\u00e9rale de notre association ADVOCNAR se tiendra le&nbsp;: Mardi 23 novembre 2021 \u00e0 20 heuresSalle des f\u00eates11 avenue Schaeffer \u2013 DEUIL-LA-BARRE Nous aurons le plaisir de vous accueillir \u00e0 partir de 19h45. L\u2019ordre du jour sera le suivant\u00a0: Approbation du compte-rendu de l\u2019Assembl\u00e9e G\u00e9n\u00e9rale du 11 janvier 2021 Rapport financier 2020\/2021 \u00c9lection du Conseil [&hellip;]\" \/>\n<meta property=\"og:url\" content=\"https:\/\/www.clients.horus-informatique71.fr\/advocnar_backup\/2021\/11\/assemblee-generale-mardi-23-novembre-deuil-la-barre\/\" \/>\n<meta property=\"og:site_name\" content=\"Advocnar\" \/>\n<meta property=\"article:published_time\" content=\"2021-11-06T08:54:19+00:00\" \/>\n<meta property=\"article:modified_time\" content=\"2021-11-06T08:55:01+00:00\" \/>\n<meta property=\"og:image\" content=\"https:\/\/www.clients.horus-informatique71.fr\/advocnar_backup\/wp-content\/uploads\/2021\/11\/Assemblee-generale-2021.png\" \/>\n\t<meta property=\"og:image:width\" content=\"918\" \/>\n\t<meta property=\"og:image:height\" content=\"688\" \/>\n\t<meta property=\"og:image:type\" content=\"image\/png\" \/>\n<meta name=\"author\" content=\"FBrochot\" \/>\n<meta name=\"twitter:card\" content=\"summary_large_image\" \/>\n<meta name=\"twitter:label1\" content=\"\u00c9crit par\" \/>\n\t<meta name=\"twitter:data1\" content=\"FBrochot\" \/>\n\t<meta name=\"twitter:label2\" content=\"Dur\u00e9e de lecture estim\u00e9e\" \/>\n\t<meta name=\"twitter:data2\" content=\"1 minute\" \/>\n<script type=\"application\/ld+json\" class=\"yoast-schema-graph\">{\"@context\":\"https:\/\/schema.org\",\"@graph\":[{\"@type\":\"WebPage\",\"@id\":\"https:\/\/www.clients.horus-informatique71.fr\/advocnar_backup\/2021\/11\/assemblee-generale-mardi-23-novembre-deuil-la-barre\/\",\"url\":\"https:\/\/www.clients.horus-informatique71.fr\/advocnar_backup\/2021\/11\/assemblee-generale-mardi-23-novembre-deuil-la-barre\/\",\"name\":\"ASSEMBL\u00c9E G\u00c9N\u00c9RALE MARDI 23 NOVEMBRE - DEUIL-LA-BARRE - Advocnar\",\"isPartOf\":{\"@id\":\"https:\/\/www.clients.horus-informatique71.fr\/advocnar_backup\/#website\"},\"datePublished\":\"2021-11-06T08:54:19+00:00\",\"dateModified\":\"2021-11-06T08:55:01+00:00\",\"author\":{\"@id\":\"https:\/\/www.clients.horus-informatique71.fr\/advocnar_backup\/#\/schema\/person\/28ec283f897fb44e1146415d8015d23e\"},\"breadcrumb\":{\"@id\":\"https:\/\/www.clients.horus-informatique71.fr\/advocnar_backup\/2021\/11\/assemblee-generale-mardi-23-novembre-deuil-la-barre\/#breadcrumb\"},\"inLanguage\":\"fr-FR\",\"potentialAction\":[{\"@type\":\"ReadAction\",\"target\":[\"https:\/\/www.clients.horus-informatique71.fr\/advocnar_backup\/2021\/11\/assemblee-generale-mardi-23-novembre-deuil-la-barre\/\"]}]},{\"@type\":\"BreadcrumbList\",\"@id\":\"https:\/\/www.clients.horus-informatique71.fr\/advocnar_backup\/2021\/11\/assemblee-generale-mardi-23-novembre-deuil-la-barre\/#breadcrumb\",\"itemListElement\":[{\"@type\":\"ListItem\",\"position\":1,\"name\":\"Accueil\",\"item\":\"https:\/\/www.clients.horus-informatique71.fr\/advocnar_backup\/\"},{\"@type\":\"ListItem\",\"position\":2,\"name\":\"ASSEMBL\u00c9E G\u00c9N\u00c9RALE MARDI 23 NOVEMBRE &#8211; DEUIL-LA-BARRE\"}]},{\"@type\":\"WebSite\",\"@id\":\"https:\/\/www.clients.horus-informatique71.fr\/advocnar_backup\/#website\",\"url\":\"https:\/\/www.clients.horus-informatique71.fr\/advocnar_backup\/\",\"name\":\"Advocnar\",\"description\":\"Association de D\u00e9fense Contre les Nuisances A\u00e9riennes\",\"potentialAction\":[{\"@type\":\"SearchAction\",\"target\":{\"@type\":\"EntryPoint\",\"urlTemplate\":\"https:\/\/www.clients.horus-informatique71.fr\/advocnar_backup\/?s={search_term_string}\"},\"query-input\":\"required name=search_term_string\"}],\"inLanguage\":\"fr-FR\"},{\"@type\":\"Person\",\"@id\":\"https:\/\/www.clients.horus-informatique71.fr\/advocnar_backup\/#\/schema\/person\/28ec283f897fb44e1146415d8015d23e\",\"name\":\"FBrochot\",\"url\":\"https:\/\/www.clients.horus-informatique71.fr\/advocnar_backup\/author\/fbrochot\/\"}]}<\/script>\n<!-- \/ Yoast SEO plugin. -->","yoast_head_json":{"title":"ASSEMBL\u00c9E G\u00c9N\u00c9RALE MARDI 23 NOVEMBRE - DEUIL-LA-BARRE - Advocnar","robots":{"index":"index","follow":"follow","max-snippet":"max-snippet:-1","max-image-preview":"max-image-preview:large","max-video-preview":"max-video-preview:-1"},"canonical":"https:\/\/www.clients.horus-informatique71.fr\/advocnar_backup\/2021\/11\/assemblee-generale-mardi-23-novembre-deuil-la-barre\/","og_locale":"fr_FR","og_type":"article","og_title":"ASSEMBL\u00c9E G\u00c9N\u00c9RALE MARDI 23 NOVEMBRE - DEUIL-LA-BARRE - Advocnar","og_description":"L\u2019Assembl\u00e9e G\u00e9n\u00e9rale de notre association ADVOCNAR se tiendra le&nbsp;: Mardi 23 novembre 2021 \u00e0 20 heuresSalle des f\u00eates11 avenue Schaeffer \u2013 DEUIL-LA-BARRE Nous aurons le plaisir de vous accueillir \u00e0 partir de 19h45. L\u2019ordre du jour sera le suivant\u00a0: Approbation du compte-rendu de l\u2019Assembl\u00e9e G\u00e9n\u00e9rale du 11 janvier 2021 Rapport financier 2020\/2021 \u00c9lection du Conseil [&hellip;]","og_url":"https:\/\/www.clients.horus-informatique71.fr\/advocnar_backup\/2021\/11\/assemblee-generale-mardi-23-novembre-deuil-la-barre\/","og_site_name":"Advocnar","article_published_time":"2021-11-06T08:54:19+00:00","article_modified_time":"2021-11-06T08:55:01+00:00","og_image":[{"width":918,"height":688,"url":"https:\/\/www.clients.horus-informatique71.fr\/advocnar_backup\/wp-content\/uploads\/2021\/11\/Assemblee-generale-2021.png","type":"image\/png"}],"author":"FBrochot","twitter_card":"summary_large_image","twitter_misc":{"\u00c9crit par":"FBrochot","Dur\u00e9e de lecture estim\u00e9e":"1 minute"},"schema":{"@context":"https:\/\/schema.org","@graph":[{"@type":"WebPage","@id":"https:\/\/www.clients.horus-informatique71.fr\/advocnar_backup\/2021\/11\/assemblee-generale-mardi-23-novembre-deuil-la-barre\/","url":"https:\/\/www.clients.horus-informatique71.fr\/advocnar_backup\/2021\/11\/assemblee-generale-mardi-23-novembre-deuil-la-barre\/","name":"ASSEMBL\u00c9E G\u00c9N\u00c9RALE MARDI 23 NOVEMBRE - DEUIL-LA-BARRE - Advocnar","isPartOf":{"@id":"https:\/\/www.clients.horus-informatique71.fr\/advocnar_backup\/#website"},"datePublished":"2021-11-06T08:54:19+00:00","dateModified":"2021-11-06T08:55:01+00:00","author":{"@id":"https:\/\/www.clients.horus-informatique71.fr\/advocnar_backup\/#\/schema\/person\/28ec283f897fb44e1146415d8015d23e"},"breadcrumb":{"@id":"https:\/\/www.clients.horus-informatique71.fr\/advocnar_backup\/2021\/11\/assemblee-generale-mardi-23-novembre-deuil-la-barre\/#breadcrumb"},"inLanguage":"fr-FR","potentialAction":[{"@type":"ReadAction","target":["https:\/\/www.clients.horus-informatique71.fr\/advocnar_backup\/2021\/11\/assemblee-generale-mardi-23-novembre-deuil-la-barre\/"]}]},{"@type":"BreadcrumbList","@id":"https:\/\/www.clients.horus-informatique71.fr\/advocnar_backup\/2021\/11\/assemblee-generale-mardi-23-novembre-deuil-la-barre\/#breadcrumb","itemListElement":[{"@type":"ListItem","position":1,"name":"Accueil","item":"https:\/\/www.clients.horus-informatique71.fr\/advocnar_backup\/"},{"@type":"ListItem","position":2,"name":"ASSEMBL\u00c9E G\u00c9N\u00c9RALE MARDI 23 NOVEMBRE &#8211; DEUIL-LA-BARRE"}]},{"@type":"WebSite","@id":"https:\/\/www.clients.horus-informatique71.fr\/advocnar_backup\/#website","url":"https:\/\/www.clients.horus-informatique71.fr\/advocnar_backup\/","name":"Advocnar","description":"Association de D\u00e9fense Contre les Nuisances A\u00e9riennes","potentialAction":[{"@type":"SearchAction","target":{"@type":"EntryPoint","urlTemplate":"https:\/\/www.clients.horus-informatique71.fr\/advocnar_backup\/?s={search_term_string}"},"query-input":"required name=search_term_string"}],"inLanguage":"fr-FR"},{"@type":"Person","@id":"https:\/\/www.clients.horus-informatique71.fr\/advocnar_backup\/#\/schema\/person\/28ec283f897fb44e1146415d8015d23e","name":"FBrochot","url":"https:\/\/www.clients.horus-informatique71.fr\/advocnar_backup\/author\/fbrochot\/"}]}},"_links":{"self":[{"href":"https:\/\/www.clients.horus-informatique71.fr\/advocnar_backup\/wp-json\/wp\/v2\/posts\/77321"}],"collection":[{"href":"https:\/\/www.clients.horus-informatique71.fr\/advocnar_backup\/wp-json\/wp\/v2\/posts"}],"about":[{"href":"https:\/\/www.clients.horus-informatique71.fr\/advocnar_backup\/wp-json\/wp\/v2\/types\/post"}],"author":[{"embeddable":true,"href":"https:\/\/www.clients.horus-informatique71.fr\/advocnar_backup\/wp-json\/wp\/v2\/users\/10"}],"replies":[{"embeddable":true,"href":"https:\/\/www.clients.horus-informatique71.fr\/advocnar_backup\/wp-json\/wp\/v2\/comments?post=77321"}],"version-history":[{"count":6,"href":"https:\/\/www.clients.horus-informatique71.fr\/advocnar_backup\/wp-json\/wp\/v2\/posts\/77321\/revisions"}],"predecessor-version":[{"id":77328,"href":"https:\/\/www.clients.horus-informatique71.fr\/advocnar_backup\/wp-json\/wp\/v2\/posts\/77321\/revisions\/77328"}],"wp:featuredmedia":[{"embeddable":true,"href":"https:\/\/www.clients.horus-informatique71.fr\/advocnar_backup\/wp-json\/wp\/v2\/media\/77320"}],"wp:attachment":[{"href":"https:\/\/www.clients.horus-informatique71.fr\/advocnar_backup\/wp-json\/wp\/v2\/media?parent=77321"}],"wp:term":[{"taxonomy":"category","embeddable":true,"href":"https:\/\/www.clients.horus-informatique71.fr\/advocnar_backup\/wp-json\/wp\/v2\/categories?post=77321"},{"taxonomy":"post_tag","embeddable":true,"href":"https:\/\/www.clients.horus-informatique71.fr\/advocnar_backup\/wp-json\/wp\/v2\/tags?post=77321"}],"curies":[{"name":"wp","href":"https:\/\/api.w.org\/{rel}","templated":true}]}}