{"id":77353,"date":"2021-11-12T08:00:00","date_gmt":"2021-11-12T07:00:00","guid":{"rendered":"https:\/\/www.clients.horus-informatique71.fr\/advocnar_backup\/?p=77353"},"modified":"2021-11-20T09:04:41","modified_gmt":"2021-11-20T08:04:41","slug":"victoire-pour-le-climat-relaxe-pour-les-activistes-du-climat-qui-avaient-penetre-sur-le-tarmac-de-roissy-le-3-octobre-2020","status":"publish","type":"post","link":"https:\/\/www.clients.horus-informatique71.fr\/advocnar_backup\/2021\/11\/victoire-pour-le-climat-relaxe-pour-les-activistes-du-climat-qui-avaient-penetre-sur-le-tarmac-de-roissy-le-3-octobre-2020\/","title":{"rendered":"Victoire pour le climat : relaxe pour les activistes du climat qui avaient p\u00e9n\u00e9tr\u00e9 sur le tarmac de Roissy le 3 octobre 2020"},"content":{"rendered":"\n<div style=\"height:24px\" aria-hidden=\"true\" class=\"wp-block-spacer\"><\/div>\n\n\n\n<h5 class=\"wp-block-heading\">Le 3 octobre 2020 au matin, \u00e0 l\u2019appel d\u2019Alternatiba et ANV-COP21, plusieurs centaines de personnes issues de plusieurs ONG et associations environnementales, du collectif Non au T4, de l\u2019ADVOCNAR, avaient manifest\u00e9 devant l\u2019a\u00e9roport de Roissy, dans le cadre d\u2019une journ\u00e9e nationale d\u2019action pour la r\u00e9duction du trafic a\u00e9rien.<\/h5>\n\n\n\n<p>Une centaine d\u2019entre elles s\u2019\u00e9taient introduites par effraction sur le tarmac et s\u2019\u00e9taient post\u00e9es devant un avion au sol, dans une zone parking du site du premier a\u00e9roport europ\u00e9en, pour alerter sur l\u2019impact climatique du projet de terminal 4.<\/p>\n\n\n\n<p><strong>Quatre mois plus tard, en pleine crise du Covid-19, le gouvernement avait abandonn\u00e9 le projet d\u2019extension de l\u2019a\u00e9roport via un nouveau terminal, le T4, expliquant qu\u2019il n\u2019\u00e9tait plus adapt\u00e9 aux enjeux actuels.<\/strong><\/p>\n\n\n\n<p>Parmi les 125 personnes plac\u00e9es en garde \u00e0 vue le jour de l\u2019action, 7 activistes ont \u00e9t\u00e9 convoqu\u00e9s au tribunal correctionnel de Bobigny le 6 octobre dernier. <strong>Ils ont \u00e9t\u00e9 relax\u00e9s ce 12 novembre du chef de trouble au fonctionnement des installations a\u00e9roportuaires.<\/strong> Seuls 2 activistes ont \u00e9t\u00e9 condamn\u00e9s \u00e0 verser chacun 500&nbsp;euros d\u2019amende pour avoir sectionn\u00e9 le grillage d\u2019enceinte afin de p\u00e9n\u00e9trer par effraction sur le tarmac.<\/p>\n\n\n\n<p><strong>Le tribunal correctionnel a estim\u00e9 que l\u2019action des activistes avait eu pour but \u00ab&nbsp;d\u2019alerter&nbsp;\u00bb les consciences \u00e0 propos du r\u00e9chauffement climatique.<\/strong><\/p>\n\n\n\n<h4 class=\"wp-block-heading\">12.11.2021 \u2013 Ouest France<\/h4>\n\n\n\n<p><a href=\"https:\/\/www.ouest-france.fr\/environnement\/ecologie\/intrusion-sur-le-tarmac-de-roissy-relaxe-pour-les-activistes-du-climat-f96821b6-43c1-11ec-bbd9-998ea1ad5f9a\">Intrusion sur le tarmac de Roissy\u00a0: relaxe pour les activistes du climat<\/a><\/p>\n\n\n\n<h4 class=\"wp-block-heading\">12.11.2021 \u2013 Le Parisien 93<\/h4>\n\n\n\n<p><a href=\"https:\/\/www.leparisien.fr\/seine-saint-denis-93\/aeroport-de-roissy-relaxe-partielle-pour-les-militants-ecologistes-qui-avaient-envahi-le-tarmac-12-11-2021-YRW3JYZRZNGNVDS7PVBSUWDWTQ.php?s=09#xtor=AD-1481423553\">A\u00e9roport de Roissy : relaxe partielle pour les militants \u00e9cologistes qui avaient envahi le tarmac<\/a><\/p>\n","protected":false},"excerpt":{"rendered":"<p>Le 3 octobre 2020 au matin, \u00e0 l\u2019appel d\u2019Alternatiba et ANV-COP21, plusieurs centaines de personnes issues de plusieurs ONG et associations environnementales, du collectif Non au T4, de l\u2019ADVOCNAR, avaient manifest\u00e9 devant l\u2019a\u00e9roport de Roissy, dans le cadre d\u2019une journ\u00e9e nationale d\u2019action pour la r\u00e9duction du trafic a\u00e9rien. Une centaine d\u2019entre elles s\u2019\u00e9taient introduites par [&hellip;]<\/p>\n","protected":false},"author":10,"featured_media":77352,"comment_status":"closed","ping_status":"open","sticky":false,"template":"","format":"standard","meta":{"footnotes":""},"categories":[46],"tags":[],"yoast_head":"<!-- This site is optimized with the Yoast SEO plugin v22.0 - https:\/\/yoast.com\/wordpress\/plugins\/seo\/ -->\n<title>Victoire pour le climat : relaxe pour les activistes du climat qui avaient p\u00e9n\u00e9tr\u00e9 sur le tarmac de Roissy le 3 octobre 2020 - Advocnar<\/title>\n<meta name=\"robots\" content=\"index, follow, max-snippet:-1, max-image-preview:large, max-video-preview:-1\" \/>\n<link rel=\"canonical\" href=\"https:\/\/www.clients.horus-informatique71.fr\/advocnar_backup\/2021\/11\/victoire-pour-le-climat-relaxe-pour-les-activistes-du-climat-qui-avaient-penetre-sur-le-tarmac-de-roissy-le-3-octobre-2020\/\" \/>\n<meta property=\"og:locale\" content=\"fr_FR\" \/>\n<meta property=\"og:type\" content=\"article\" \/>\n<meta property=\"og:title\" content=\"Victoire pour le climat : relaxe pour les activistes du climat qui avaient p\u00e9n\u00e9tr\u00e9 sur le tarmac de Roissy le 3 octobre 2020 - Advocnar\" \/>\n<meta property=\"og:description\" content=\"Le 3 octobre 2020 au matin, \u00e0 l\u2019appel d\u2019Alternatiba et ANV-COP21, plusieurs centaines de personnes issues de plusieurs ONG et associations environnementales, du collectif Non au T4, de l\u2019ADVOCNAR, avaient manifest\u00e9 devant l\u2019a\u00e9roport de Roissy, dans le cadre d\u2019une journ\u00e9e nationale d\u2019action pour la r\u00e9duction du trafic a\u00e9rien. Une centaine d\u2019entre elles s\u2019\u00e9taient introduites par [&hellip;]\" \/>\n<meta property=\"og:url\" content=\"https:\/\/www.clients.horus-informatique71.fr\/advocnar_backup\/2021\/11\/victoire-pour-le-climat-relaxe-pour-les-activistes-du-climat-qui-avaient-penetre-sur-le-tarmac-de-roissy-le-3-octobre-2020\/\" \/>\n<meta property=\"og:site_name\" content=\"Advocnar\" \/>\n<meta property=\"article:published_time\" content=\"2021-11-12T07:00:00+00:00\" \/>\n<meta property=\"article:modified_time\" content=\"2021-11-20T08:04:41+00:00\" \/>\n<meta property=\"og:image\" content=\"https:\/\/www.clients.horus-informatique71.fr\/advocnar_backup\/wp-content\/uploads\/2021\/11\/2021-11-12-Photo-NT4-relaxe.jpg\" \/>\n\t<meta property=\"og:image:width\" content=\"680\" \/>\n\t<meta property=\"og:image:height\" content=\"510\" \/>\n\t<meta property=\"og:image:type\" content=\"image\/jpeg\" \/>\n<meta name=\"author\" content=\"FBrochot\" \/>\n<meta name=\"twitter:card\" content=\"summary_large_image\" \/>\n<meta name=\"twitter:label1\" content=\"\u00c9crit par\" \/>\n\t<meta name=\"twitter:data1\" content=\"FBrochot\" \/>\n\t<meta name=\"twitter:label2\" content=\"Dur\u00e9e de lecture estim\u00e9e\" \/>\n\t<meta name=\"twitter:data2\" content=\"2 minutes\" \/>\n<script type=\"application\/ld+json\" class=\"yoast-schema-graph\">{\"@context\":\"https:\/\/schema.org\",\"@graph\":[{\"@type\":\"WebPage\",\"@id\":\"https:\/\/www.clients.horus-informatique71.fr\/advocnar_backup\/2021\/11\/victoire-pour-le-climat-relaxe-pour-les-activistes-du-climat-qui-avaient-penetre-sur-le-tarmac-de-roissy-le-3-octobre-2020\/\",\"url\":\"https:\/\/www.clients.horus-informatique71.fr\/advocnar_backup\/2021\/11\/victoire-pour-le-climat-relaxe-pour-les-activistes-du-climat-qui-avaient-penetre-sur-le-tarmac-de-roissy-le-3-octobre-2020\/\",\"name\":\"Victoire pour le climat : relaxe pour les activistes du climat qui avaient p\u00e9n\u00e9tr\u00e9 sur le tarmac de Roissy le 3 octobre 2020 - Advocnar\",\"isPartOf\":{\"@id\":\"https:\/\/www.clients.horus-informatique71.fr\/advocnar_backup\/#website\"},\"datePublished\":\"2021-11-12T07:00:00+00:00\",\"dateModified\":\"2021-11-20T08:04:41+00:00\",\"author\":{\"@id\":\"https:\/\/www.clients.horus-informatique71.fr\/advocnar_backup\/#\/schema\/person\/28ec283f897fb44e1146415d8015d23e\"},\"breadcrumb\":{\"@id\":\"https:\/\/www.clients.horus-informatique71.fr\/advocnar_backup\/2021\/11\/victoire-pour-le-climat-relaxe-pour-les-activistes-du-climat-qui-avaient-penetre-sur-le-tarmac-de-roissy-le-3-octobre-2020\/#breadcrumb\"},\"inLanguage\":\"fr-FR\",\"potentialAction\":[{\"@type\":\"ReadAction\",\"target\":[\"https:\/\/www.clients.horus-informatique71.fr\/advocnar_backup\/2021\/11\/victoire-pour-le-climat-relaxe-pour-les-activistes-du-climat-qui-avaient-penetre-sur-le-tarmac-de-roissy-le-3-octobre-2020\/\"]}]},{\"@type\":\"BreadcrumbList\",\"@id\":\"https:\/\/www.clients.horus-informatique71.fr\/advocnar_backup\/2021\/11\/victoire-pour-le-climat-relaxe-pour-les-activistes-du-climat-qui-avaient-penetre-sur-le-tarmac-de-roissy-le-3-octobre-2020\/#breadcrumb\",\"itemListElement\":[{\"@type\":\"ListItem\",\"position\":1,\"name\":\"Accueil\",\"item\":\"https:\/\/www.clients.horus-informatique71.fr\/advocnar_backup\/\"},{\"@type\":\"ListItem\",\"position\":2,\"name\":\"Victoire pour le climat : relaxe pour les activistes du climat qui avaient p\u00e9n\u00e9tr\u00e9 sur le tarmac de Roissy le 3 octobre 2020\"}]},{\"@type\":\"WebSite\",\"@id\":\"https:\/\/www.clients.horus-informatique71.fr\/advocnar_backup\/#website\",\"url\":\"https:\/\/www.clients.horus-informatique71.fr\/advocnar_backup\/\",\"name\":\"Advocnar\",\"description\":\"Association de D\u00e9fense Contre les Nuisances A\u00e9riennes\",\"potentialAction\":[{\"@type\":\"SearchAction\",\"target\":{\"@type\":\"EntryPoint\",\"urlTemplate\":\"https:\/\/www.clients.horus-informatique71.fr\/advocnar_backup\/?s={search_term_string}\"},\"query-input\":\"required name=search_term_string\"}],\"inLanguage\":\"fr-FR\"},{\"@type\":\"Person\",\"@id\":\"https:\/\/www.clients.horus-informatique71.fr\/advocnar_backup\/#\/schema\/person\/28ec283f897fb44e1146415d8015d23e\",\"name\":\"FBrochot\",\"url\":\"https:\/\/www.clients.horus-informatique71.fr\/advocnar_backup\/author\/fbrochot\/\"}]}<\/script>\n<!-- \/ Yoast SEO plugin. -->","yoast_head_json":{"title":"Victoire pour le climat : relaxe pour les activistes du climat qui avaient p\u00e9n\u00e9tr\u00e9 sur le tarmac de Roissy le 3 octobre 2020 - Advocnar","robots":{"index":"index","follow":"follow","max-snippet":"max-snippet:-1","max-image-preview":"max-image-preview:large","max-video-preview":"max-video-preview:-1"},"canonical":"https:\/\/www.clients.horus-informatique71.fr\/advocnar_backup\/2021\/11\/victoire-pour-le-climat-relaxe-pour-les-activistes-du-climat-qui-avaient-penetre-sur-le-tarmac-de-roissy-le-3-octobre-2020\/","og_locale":"fr_FR","og_type":"article","og_title":"Victoire pour le climat : relaxe pour les activistes du climat qui avaient p\u00e9n\u00e9tr\u00e9 sur le tarmac de Roissy le 3 octobre 2020 - Advocnar","og_description":"Le 3 octobre 2020 au matin, \u00e0 l\u2019appel d\u2019Alternatiba et ANV-COP21, plusieurs centaines de personnes issues de plusieurs ONG et associations environnementales, du collectif Non au T4, de l\u2019ADVOCNAR, avaient manifest\u00e9 devant l\u2019a\u00e9roport de Roissy, dans le cadre d\u2019une journ\u00e9e nationale d\u2019action pour la r\u00e9duction du trafic a\u00e9rien. Une centaine d\u2019entre elles s\u2019\u00e9taient introduites par [&hellip;]","og_url":"https:\/\/www.clients.horus-informatique71.fr\/advocnar_backup\/2021\/11\/victoire-pour-le-climat-relaxe-pour-les-activistes-du-climat-qui-avaient-penetre-sur-le-tarmac-de-roissy-le-3-octobre-2020\/","og_site_name":"Advocnar","article_published_time":"2021-11-12T07:00:00+00:00","article_modified_time":"2021-11-20T08:04:41+00:00","og_image":[{"width":680,"height":510,"url":"https:\/\/www.clients.horus-informatique71.fr\/advocnar_backup\/wp-content\/uploads\/2021\/11\/2021-11-12-Photo-NT4-relaxe.jpg","type":"image\/jpeg"}],"author":"FBrochot","twitter_card":"summary_large_image","twitter_misc":{"\u00c9crit par":"FBrochot","Dur\u00e9e de lecture estim\u00e9e":"2 minutes"},"schema":{"@context":"https:\/\/schema.org","@graph":[{"@type":"WebPage","@id":"https:\/\/www.clients.horus-informatique71.fr\/advocnar_backup\/2021\/11\/victoire-pour-le-climat-relaxe-pour-les-activistes-du-climat-qui-avaient-penetre-sur-le-tarmac-de-roissy-le-3-octobre-2020\/","url":"https:\/\/www.clients.horus-informatique71.fr\/advocnar_backup\/2021\/11\/victoire-pour-le-climat-relaxe-pour-les-activistes-du-climat-qui-avaient-penetre-sur-le-tarmac-de-roissy-le-3-octobre-2020\/","name":"Victoire pour le climat : relaxe pour les activistes du climat qui avaient p\u00e9n\u00e9tr\u00e9 sur le tarmac de Roissy le 3 octobre 2020 - Advocnar","isPartOf":{"@id":"https:\/\/www.clients.horus-informatique71.fr\/advocnar_backup\/#website"},"datePublished":"2021-11-12T07:00:00+00:00","dateModified":"2021-11-20T08:04:41+00:00","author":{"@id":"https:\/\/www.clients.horus-informatique71.fr\/advocnar_backup\/#\/schema\/person\/28ec283f897fb44e1146415d8015d23e"},"breadcrumb":{"@id":"https:\/\/www.clients.horus-informatique71.fr\/advocnar_backup\/2021\/11\/victoire-pour-le-climat-relaxe-pour-les-activistes-du-climat-qui-avaient-penetre-sur-le-tarmac-de-roissy-le-3-octobre-2020\/#breadcrumb"},"inLanguage":"fr-FR","potentialAction":[{"@type":"ReadAction","target":["https:\/\/www.clients.horus-informatique71.fr\/advocnar_backup\/2021\/11\/victoire-pour-le-climat-relaxe-pour-les-activistes-du-climat-qui-avaient-penetre-sur-le-tarmac-de-roissy-le-3-octobre-2020\/"]}]},{"@type":"BreadcrumbList","@id":"https:\/\/www.clients.horus-informatique71.fr\/advocnar_backup\/2021\/11\/victoire-pour-le-climat-relaxe-pour-les-activistes-du-climat-qui-avaient-penetre-sur-le-tarmac-de-roissy-le-3-octobre-2020\/#breadcrumb","itemListElement":[{"@type":"ListItem","position":1,"name":"Accueil","item":"https:\/\/www.clients.horus-informatique71.fr\/advocnar_backup\/"},{"@type":"ListItem","position":2,"name":"Victoire pour le climat : relaxe pour les activistes du climat qui avaient p\u00e9n\u00e9tr\u00e9 sur le tarmac de Roissy le 3 octobre 2020"}]},{"@type":"WebSite","@id":"https:\/\/www.clients.horus-informatique71.fr\/advocnar_backup\/#website","url":"https:\/\/www.clients.horus-informatique71.fr\/advocnar_backup\/","name":"Advocnar","description":"Association de D\u00e9fense Contre les Nuisances A\u00e9riennes","potentialAction":[{"@type":"SearchAction","target":{"@type":"EntryPoint","urlTemplate":"https:\/\/www.clients.horus-informatique71.fr\/advocnar_backup\/?s={search_term_string}"},"query-input":"required name=search_term_string"}],"inLanguage":"fr-FR"},{"@type":"Person","@id":"https:\/\/www.clients.horus-informatique71.fr\/advocnar_backup\/#\/schema\/person\/28ec283f897fb44e1146415d8015d23e","name":"FBrochot","url":"https:\/\/www.clients.horus-informatique71.fr\/advocnar_backup\/author\/fbrochot\/"}]}},"_links":{"self":[{"href":"https:\/\/www.clients.horus-informatique71.fr\/advocnar_backup\/wp-json\/wp\/v2\/posts\/77353"}],"collection":[{"href":"https:\/\/www.clients.horus-informatique71.fr\/advocnar_backup\/wp-json\/wp\/v2\/posts"}],"about":[{"href":"https:\/\/www.clients.horus-informatique71.fr\/advocnar_backup\/wp-json\/wp\/v2\/types\/post"}],"author":[{"embeddable":true,"href":"https:\/\/www.clients.horus-informatique71.fr\/advocnar_backup\/wp-json\/wp\/v2\/users\/10"}],"replies":[{"embeddable":true,"href":"https:\/\/www.clients.horus-informatique71.fr\/advocnar_backup\/wp-json\/wp\/v2\/comments?post=77353"}],"version-history":[{"count":4,"href":"https:\/\/www.clients.horus-informatique71.fr\/advocnar_backup\/wp-json\/wp\/v2\/posts\/77353\/revisions"}],"predecessor-version":[{"id":77357,"href":"https:\/\/www.clients.horus-informatique71.fr\/advocnar_backup\/wp-json\/wp\/v2\/posts\/77353\/revisions\/77357"}],"wp:featuredmedia":[{"embeddable":true,"href":"https:\/\/www.clients.horus-informatique71.fr\/advocnar_backup\/wp-json\/wp\/v2\/media\/77352"}],"wp:attachment":[{"href":"https:\/\/www.clients.horus-informatique71.fr\/advocnar_backup\/wp-json\/wp\/v2\/media?parent=77353"}],"wp:term":[{"taxonomy":"category","embeddable":true,"href":"https:\/\/www.clients.horus-informatique71.fr\/advocnar_backup\/wp-json\/wp\/v2\/categories?post=77353"},{"taxonomy":"post_tag","embeddable":true,"href":"https:\/\/www.clients.horus-informatique71.fr\/advocnar_backup\/wp-json\/wp\/v2\/tags?post=77353"}],"curies":[{"name":"wp","href":"https:\/\/api.w.org\/{rel}","templated":true}]}}