{"id":77805,"date":"2022-02-25T10:06:20","date_gmt":"2022-02-25T09:06:20","guid":{"rendered":"https:\/\/www.clients.horus-informatique71.fr\/advocnar_backup\/?p=77805"},"modified":"2022-02-25T10:06:22","modified_gmt":"2022-02-25T09:06:22","slug":"reunion-publique-sur-le-ppbe-de-roissy-cdg-mitry-mory-7-mars-20h30","status":"publish","type":"post","link":"https:\/\/www.clients.horus-informatique71.fr\/advocnar_backup\/2022\/02\/reunion-publique-sur-le-ppbe-de-roissy-cdg-mitry-mory-7-mars-20h30\/","title":{"rendered":"R\u00e9union publique sur le PPBE de Roissy CDG : Mitry-Mory 7 mars 20h30"},"content":{"rendered":"\n<div style=\"height:27px\" aria-hidden=\"true\" class=\"wp-block-spacer\"><\/div>\n\n\n\n<h5 class=\"wp-block-heading\">Le groupe G.A.R.E (Groupement Associations Roissy Environnement) et la ville de Mitry-Mory vous invitent \u00e0 une r\u00e9union publique sur les nuisances a\u00e9riennes et le projet de Plan de Pr\u00e9vention du Bruit dans l&rsquo;Environnement de Roissy-Charles de Gaulle<\/h5>\n\n\n\n<h4 class=\"has-text-align-center has-vivid-cyan-blue-color has-text-color wp-block-heading\">Lundi 7 mars \u00e0 20h30<\/h4>\n\n\n\n<h5 class=\"has-text-align-center wp-block-heading\">Salle Jean Vilar, 5 avenue Jean-Baptiste Cl\u00e9ment \u00e0 Mitry-Mory<\/h5>\n\n\n\n<h4 class=\"wp-block-heading\"><\/h4>\n\n\n\n<p>La r\u00e9union sera anim\u00e9e par Fran\u00e7oise Brochot (Pr\u00e9sidente de l&rsquo;ADVOCNAR) et Audrey Boehly (Porte-parole du Collectif NON au T4)<\/p>\n\n\n\n<ul><li>Qu&rsquo;est-ce qu&rsquo;un PPBE (Plan de Pr\u00e9vention du Bruit dans l&rsquo;Environnement)<\/li><li>Quels sont les enjeux du projet de PPBE 2022-2026 de Roissy CDG pour votre sant\u00e9, l&rsquo;environnement et le climat?<\/li><li><a href=\"http:\/\/www.consultations-publiques.developpement-durable.gouv.fr\/consultation-du-public-sur-le-projet-de-plan-de-a2571.html\">Comment participer \u00e0 la consultation du public<\/a> sur le projet de PPBE qui se tient jusqu&rsquo;au 22 mars?<\/li><li><a href=\"https:\/\/www.advocnar.fr2022\/01\/ppbe-de-roissy-cdg-participez-a-la-consultation-du-public\/\">Quelles contributions apporter \u00e0 ce plan <\/a>pour qu&rsquo;il soit vraiment efficace contre le bruit du trafic a\u00e9rien?<\/li><\/ul>\n\n\n\n<p>Nous apporterons des r\u00e9ponses \u00e0 ces questions et \u00e0 celles que vous nous soumettrez en s\u00e9ance.<\/p>\n\n\n\n<h5 class=\"has-text-align-center wp-block-heading\">VENEZ NOMBREUX ET FAITES SUIVRE L&rsquo;INFORMATION AUTOUR DE VOUS !<\/h5>\n\n\n\n<div style=\"height:25px\" aria-hidden=\"true\" class=\"wp-block-spacer\"><\/div>\n\n\n\n<p><\/p>\n\n\n\n<figure class=\"wp-block-image size-full\"><img loading=\"lazy\" decoding=\"async\" width=\"591\" height=\"835\" src=\"https:\/\/www.clients.horus-informatique71.fr\/advocnar_backup\/wp-content\/uploads\/2022\/02\/Affiche-RP-Mitry-Mory.png\" alt=\"\" class=\"wp-image-77804\" srcset=\"https:\/\/www.clients.horus-informatique71.fr\/advocnar_backup\/wp-content\/uploads\/2022\/02\/Affiche-RP-Mitry-Mory.png 591w, https:\/\/www.clients.horus-informatique71.fr\/advocnar_backup\/wp-content\/uploads\/2022\/02\/Affiche-RP-Mitry-Mory-212x300.png 212w\" sizes=\"(max-width: 591px) 100vw, 591px\" \/><\/figure>\n","protected":false},"excerpt":{"rendered":"<p>Le groupe G.A.R.E (Groupement Associations Roissy Environnement) et la ville de Mitry-Mory vous invitent \u00e0 une r\u00e9union publique sur les nuisances a\u00e9riennes et le projet de Plan de Pr\u00e9vention du Bruit dans l&rsquo;Environnement de Roissy-Charles de Gaulle Lundi 7 mars \u00e0 20h30 Salle Jean Vilar, 5 avenue Jean-Baptiste Cl\u00e9ment \u00e0 Mitry-Mory La r\u00e9union sera anim\u00e9e [&hellip;]<\/p>\n","protected":false},"author":10,"featured_media":77803,"comment_status":"closed","ping_status":"open","sticky":false,"template":"","format":"standard","meta":{"footnotes":""},"categories":[46],"tags":[],"yoast_head":"<!-- This site is optimized with the Yoast SEO plugin v22.0 - https:\/\/yoast.com\/wordpress\/plugins\/seo\/ -->\n<title>R\u00e9union publique sur le PPBE de Roissy CDG : Mitry-Mory 7 mars 20h30 - Advocnar<\/title>\n<meta name=\"robots\" content=\"index, follow, max-snippet:-1, max-image-preview:large, max-video-preview:-1\" \/>\n<link rel=\"canonical\" href=\"https:\/\/www.clients.horus-informatique71.fr\/advocnar_backup\/2022\/02\/reunion-publique-sur-le-ppbe-de-roissy-cdg-mitry-mory-7-mars-20h30\/\" \/>\n<meta property=\"og:locale\" content=\"fr_FR\" \/>\n<meta property=\"og:type\" content=\"article\" \/>\n<meta property=\"og:title\" content=\"R\u00e9union publique sur le PPBE de Roissy CDG : Mitry-Mory 7 mars 20h30 - Advocnar\" \/>\n<meta property=\"og:description\" content=\"Le groupe G.A.R.E (Groupement Associations Roissy Environnement) et la ville de Mitry-Mory vous invitent \u00e0 une r\u00e9union publique sur les nuisances a\u00e9riennes et le projet de Plan de Pr\u00e9vention du Bruit dans l&rsquo;Environnement de Roissy-Charles de Gaulle Lundi 7 mars \u00e0 20h30 Salle Jean Vilar, 5 avenue Jean-Baptiste Cl\u00e9ment \u00e0 Mitry-Mory La r\u00e9union sera anim\u00e9e [&hellip;]\" \/>\n<meta property=\"og:url\" content=\"https:\/\/www.clients.horus-informatique71.fr\/advocnar_backup\/2022\/02\/reunion-publique-sur-le-ppbe-de-roissy-cdg-mitry-mory-7-mars-20h30\/\" \/>\n<meta property=\"og:site_name\" content=\"Advocnar\" \/>\n<meta property=\"article:published_time\" content=\"2022-02-25T09:06:20+00:00\" \/>\n<meta property=\"article:modified_time\" content=\"2022-02-25T09:06:22+00:00\" \/>\n<meta property=\"og:image\" content=\"https:\/\/www.clients.horus-informatique71.fr\/advocnar_backup\/wp-content\/uploads\/2022\/02\/RP-Mitry-Mory.png\" \/>\n\t<meta property=\"og:image:width\" content=\"934\" \/>\n\t<meta property=\"og:image:height\" content=\"702\" \/>\n\t<meta property=\"og:image:type\" content=\"image\/png\" \/>\n<meta name=\"author\" content=\"FBrochot\" \/>\n<meta name=\"twitter:card\" content=\"summary_large_image\" \/>\n<meta name=\"twitter:label1\" content=\"\u00c9crit par\" \/>\n\t<meta name=\"twitter:data1\" content=\"FBrochot\" \/>\n\t<meta name=\"twitter:label2\" content=\"Dur\u00e9e de lecture estim\u00e9e\" \/>\n\t<meta name=\"twitter:data2\" content=\"2 minutes\" \/>\n<script type=\"application\/ld+json\" class=\"yoast-schema-graph\">{\"@context\":\"https:\/\/schema.org\",\"@graph\":[{\"@type\":\"WebPage\",\"@id\":\"https:\/\/www.clients.horus-informatique71.fr\/advocnar_backup\/2022\/02\/reunion-publique-sur-le-ppbe-de-roissy-cdg-mitry-mory-7-mars-20h30\/\",\"url\":\"https:\/\/www.clients.horus-informatique71.fr\/advocnar_backup\/2022\/02\/reunion-publique-sur-le-ppbe-de-roissy-cdg-mitry-mory-7-mars-20h30\/\",\"name\":\"R\u00e9union publique sur le PPBE de Roissy CDG : Mitry-Mory 7 mars 20h30 - Advocnar\",\"isPartOf\":{\"@id\":\"https:\/\/www.clients.horus-informatique71.fr\/advocnar_backup\/#website\"},\"datePublished\":\"2022-02-25T09:06:20+00:00\",\"dateModified\":\"2022-02-25T09:06:22+00:00\",\"author\":{\"@id\":\"https:\/\/www.clients.horus-informatique71.fr\/advocnar_backup\/#\/schema\/person\/28ec283f897fb44e1146415d8015d23e\"},\"breadcrumb\":{\"@id\":\"https:\/\/www.clients.horus-informatique71.fr\/advocnar_backup\/2022\/02\/reunion-publique-sur-le-ppbe-de-roissy-cdg-mitry-mory-7-mars-20h30\/#breadcrumb\"},\"inLanguage\":\"fr-FR\",\"potentialAction\":[{\"@type\":\"ReadAction\",\"target\":[\"https:\/\/www.clients.horus-informatique71.fr\/advocnar_backup\/2022\/02\/reunion-publique-sur-le-ppbe-de-roissy-cdg-mitry-mory-7-mars-20h30\/\"]}]},{\"@type\":\"BreadcrumbList\",\"@id\":\"https:\/\/www.clients.horus-informatique71.fr\/advocnar_backup\/2022\/02\/reunion-publique-sur-le-ppbe-de-roissy-cdg-mitry-mory-7-mars-20h30\/#breadcrumb\",\"itemListElement\":[{\"@type\":\"ListItem\",\"position\":1,\"name\":\"Accueil\",\"item\":\"https:\/\/www.clients.horus-informatique71.fr\/advocnar_backup\/\"},{\"@type\":\"ListItem\",\"position\":2,\"name\":\"R\u00e9union publique sur le PPBE de Roissy CDG : Mitry-Mory 7 mars 20h30\"}]},{\"@type\":\"WebSite\",\"@id\":\"https:\/\/www.clients.horus-informatique71.fr\/advocnar_backup\/#website\",\"url\":\"https:\/\/www.clients.horus-informatique71.fr\/advocnar_backup\/\",\"name\":\"Advocnar\",\"description\":\"Association de D\u00e9fense Contre les Nuisances A\u00e9riennes\",\"potentialAction\":[{\"@type\":\"SearchAction\",\"target\":{\"@type\":\"EntryPoint\",\"urlTemplate\":\"https:\/\/www.clients.horus-informatique71.fr\/advocnar_backup\/?s={search_term_string}\"},\"query-input\":\"required name=search_term_string\"}],\"inLanguage\":\"fr-FR\"},{\"@type\":\"Person\",\"@id\":\"https:\/\/www.clients.horus-informatique71.fr\/advocnar_backup\/#\/schema\/person\/28ec283f897fb44e1146415d8015d23e\",\"name\":\"FBrochot\",\"url\":\"https:\/\/www.clients.horus-informatique71.fr\/advocnar_backup\/author\/fbrochot\/\"}]}<\/script>\n<!-- \/ Yoast SEO plugin. -->","yoast_head_json":{"title":"R\u00e9union publique sur le PPBE de Roissy CDG : Mitry-Mory 7 mars 20h30 - Advocnar","robots":{"index":"index","follow":"follow","max-snippet":"max-snippet:-1","max-image-preview":"max-image-preview:large","max-video-preview":"max-video-preview:-1"},"canonical":"https:\/\/www.clients.horus-informatique71.fr\/advocnar_backup\/2022\/02\/reunion-publique-sur-le-ppbe-de-roissy-cdg-mitry-mory-7-mars-20h30\/","og_locale":"fr_FR","og_type":"article","og_title":"R\u00e9union publique sur le PPBE de Roissy CDG : Mitry-Mory 7 mars 20h30 - Advocnar","og_description":"Le groupe G.A.R.E (Groupement Associations Roissy Environnement) et la ville de Mitry-Mory vous invitent \u00e0 une r\u00e9union publique sur les nuisances a\u00e9riennes et le projet de Plan de Pr\u00e9vention du Bruit dans l&rsquo;Environnement de Roissy-Charles de Gaulle Lundi 7 mars \u00e0 20h30 Salle Jean Vilar, 5 avenue Jean-Baptiste Cl\u00e9ment \u00e0 Mitry-Mory La r\u00e9union sera anim\u00e9e [&hellip;]","og_url":"https:\/\/www.clients.horus-informatique71.fr\/advocnar_backup\/2022\/02\/reunion-publique-sur-le-ppbe-de-roissy-cdg-mitry-mory-7-mars-20h30\/","og_site_name":"Advocnar","article_published_time":"2022-02-25T09:06:20+00:00","article_modified_time":"2022-02-25T09:06:22+00:00","og_image":[{"width":934,"height":702,"url":"https:\/\/www.clients.horus-informatique71.fr\/advocnar_backup\/wp-content\/uploads\/2022\/02\/RP-Mitry-Mory.png","type":"image\/png"}],"author":"FBrochot","twitter_card":"summary_large_image","twitter_misc":{"\u00c9crit par":"FBrochot","Dur\u00e9e de lecture estim\u00e9e":"2 minutes"},"schema":{"@context":"https:\/\/schema.org","@graph":[{"@type":"WebPage","@id":"https:\/\/www.clients.horus-informatique71.fr\/advocnar_backup\/2022\/02\/reunion-publique-sur-le-ppbe-de-roissy-cdg-mitry-mory-7-mars-20h30\/","url":"https:\/\/www.clients.horus-informatique71.fr\/advocnar_backup\/2022\/02\/reunion-publique-sur-le-ppbe-de-roissy-cdg-mitry-mory-7-mars-20h30\/","name":"R\u00e9union publique sur le PPBE de Roissy CDG : Mitry-Mory 7 mars 20h30 - Advocnar","isPartOf":{"@id":"https:\/\/www.clients.horus-informatique71.fr\/advocnar_backup\/#website"},"datePublished":"2022-02-25T09:06:20+00:00","dateModified":"2022-02-25T09:06:22+00:00","author":{"@id":"https:\/\/www.clients.horus-informatique71.fr\/advocnar_backup\/#\/schema\/person\/28ec283f897fb44e1146415d8015d23e"},"breadcrumb":{"@id":"https:\/\/www.clients.horus-informatique71.fr\/advocnar_backup\/2022\/02\/reunion-publique-sur-le-ppbe-de-roissy-cdg-mitry-mory-7-mars-20h30\/#breadcrumb"},"inLanguage":"fr-FR","potentialAction":[{"@type":"ReadAction","target":["https:\/\/www.clients.horus-informatique71.fr\/advocnar_backup\/2022\/02\/reunion-publique-sur-le-ppbe-de-roissy-cdg-mitry-mory-7-mars-20h30\/"]}]},{"@type":"BreadcrumbList","@id":"https:\/\/www.clients.horus-informatique71.fr\/advocnar_backup\/2022\/02\/reunion-publique-sur-le-ppbe-de-roissy-cdg-mitry-mory-7-mars-20h30\/#breadcrumb","itemListElement":[{"@type":"ListItem","position":1,"name":"Accueil","item":"https:\/\/www.clients.horus-informatique71.fr\/advocnar_backup\/"},{"@type":"ListItem","position":2,"name":"R\u00e9union publique sur le PPBE de Roissy CDG : Mitry-Mory 7 mars 20h30"}]},{"@type":"WebSite","@id":"https:\/\/www.clients.horus-informatique71.fr\/advocnar_backup\/#website","url":"https:\/\/www.clients.horus-informatique71.fr\/advocnar_backup\/","name":"Advocnar","description":"Association de D\u00e9fense Contre les Nuisances A\u00e9riennes","potentialAction":[{"@type":"SearchAction","target":{"@type":"EntryPoint","urlTemplate":"https:\/\/www.clients.horus-informatique71.fr\/advocnar_backup\/?s={search_term_string}"},"query-input":"required name=search_term_string"}],"inLanguage":"fr-FR"},{"@type":"Person","@id":"https:\/\/www.clients.horus-informatique71.fr\/advocnar_backup\/#\/schema\/person\/28ec283f897fb44e1146415d8015d23e","name":"FBrochot","url":"https:\/\/www.clients.horus-informatique71.fr\/advocnar_backup\/author\/fbrochot\/"}]}},"_links":{"self":[{"href":"https:\/\/www.clients.horus-informatique71.fr\/advocnar_backup\/wp-json\/wp\/v2\/posts\/77805"}],"collection":[{"href":"https:\/\/www.clients.horus-informatique71.fr\/advocnar_backup\/wp-json\/wp\/v2\/posts"}],"about":[{"href":"https:\/\/www.clients.horus-informatique71.fr\/advocnar_backup\/wp-json\/wp\/v2\/types\/post"}],"author":[{"embeddable":true,"href":"https:\/\/www.clients.horus-informatique71.fr\/advocnar_backup\/wp-json\/wp\/v2\/users\/10"}],"replies":[{"embeddable":true,"href":"https:\/\/www.clients.horus-informatique71.fr\/advocnar_backup\/wp-json\/wp\/v2\/comments?post=77805"}],"version-history":[{"count":10,"href":"https:\/\/www.clients.horus-informatique71.fr\/advocnar_backup\/wp-json\/wp\/v2\/posts\/77805\/revisions"}],"predecessor-version":[{"id":77815,"href":"https:\/\/www.clients.horus-informatique71.fr\/advocnar_backup\/wp-json\/wp\/v2\/posts\/77805\/revisions\/77815"}],"wp:featuredmedia":[{"embeddable":true,"href":"https:\/\/www.clients.horus-informatique71.fr\/advocnar_backup\/wp-json\/wp\/v2\/media\/77803"}],"wp:attachment":[{"href":"https:\/\/www.clients.horus-informatique71.fr\/advocnar_backup\/wp-json\/wp\/v2\/media?parent=77805"}],"wp:term":[{"taxonomy":"category","embeddable":true,"href":"https:\/\/www.clients.horus-informatique71.fr\/advocnar_backup\/wp-json\/wp\/v2\/categories?post=77805"},{"taxonomy":"post_tag","embeddable":true,"href":"https:\/\/www.clients.horus-informatique71.fr\/advocnar_backup\/wp-json\/wp\/v2\/tags?post=77805"}],"curies":[{"name":"wp","href":"https:\/\/api.w.org\/{rel}","templated":true}]}}