{"id":77879,"date":"2022-09-09T09:33:00","date_gmt":"2022-09-09T07:33:00","guid":{"rendered":"https:\/\/www.clients.horus-informatique71.fr\/advocnar_backup\/?p=77879"},"modified":"2022-10-18T15:21:11","modified_gmt":"2022-10-18T13:21:11","slug":"soutenez-la-petition-ufcna-sur-le-portail-petitions-du-parlement-europeen","status":"publish","type":"post","link":"https:\/\/www.clients.horus-informatique71.fr\/advocnar_backup\/2022\/09\/soutenez-la-petition-ufcna-sur-le-portail-petitions-du-parlement-europeen\/","title":{"rendered":"Soutenez la p\u00e9tition UFCNA sur le portail P\u00e9titions du Parlement Europ\u00e9en"},"content":{"rendered":"\n<div style=\"height:16px\" aria-hidden=\"true\" class=\"wp-block-spacer\"><\/div>\n\n\n\n<p>Avec notre avocat Louis Cofflard et notre f\u00e9d\u00e9ration nationale UFCNA (Union Fran\u00e7aise Contre les Nuisances des A\u00e9ronefs), nous avons lanc\u00e9 une p\u00e9tition au niveau des instances europ\u00e9ennes pour demander le respect des textes europ\u00e9ens en mati\u00e8re de r\u00e9duction des nuisances a\u00e9riennes&nbsp;: pollution sonore, pollution chimique et gaz \u00e0 effet de serre&nbsp;:<\/p>\n\n\n\n<blockquote class=\"wp-block-quote\"><p>P\u00e9tition n\u00ba&nbsp;1064\/2021, pr\u00e9sent\u00e9e par Louis&nbsp;Cofflard, de nationalit\u00e9 fran\u00e7aise, au nom de l\u2019Union fran\u00e7aise contre les nuisances des a\u00e9ronefs, sur l\u2019augmentation du trafic a\u00e9rien et ses cons\u00e9quences n\u00e9gatives en France<\/p><\/blockquote>\n\n\n\n<p>Vous pourrez en prendre connaissance ici&nbsp;:<\/p>\n\n\n\n<h4 class=\"has-text-align-center wp-block-heading\"><a href=\"https:\/\/www.europarl.europa.eu\/petitions\/fr\/petition\/content\/1064%252F2021\/html\/P%25C3%25A9tition-n%25C2%25BA%25C2%25A01064%252F2021%252C-pr%25C3%25A9sent%25C3%25A9e-par-Louis%25C2%25A0Cofflard%252C-de-nationalit%25C3%25A9-fran%25C3%25A7aise%252C-au-nom-de-l%25E2%2580%2599Union-fran%25C3%25A7aise-contre-les-nuisances-des-a%25C3%25A9ronefs%252C-sur-l%25E2%2580%2599augmentation-du-trafic-a%25C3%25A9rien-et-ses-cons%25C3%25A9quences-n%25C3%25A9gatives-en-France\">P\u00c9TITION n\u00b01064\/2021<\/a><\/h4>\n\n\n\n<h4 class=\"wp-block-heading\"><\/h4>\n\n\n\n<h5 class=\"wp-block-heading\">Afin que cette p\u00e9tition soit examin\u00e9e par l\u2019UE et que nous soyons re\u00e7us par la Commission P\u00e9tition du Parlement Europ\u00e9en, nous devons recueillir un maximum de soutiens&nbsp;!<\/h5>\n\n\n\n<p>La proc\u00e9dure est simple&nbsp;&gt;&gt;&gt; Rendez-vous sur le portail p\u00e9titions&nbsp;:<\/p>\n\n\n\n<h4 class=\"has-text-align-center wp-block-heading\"><a href=\"https:\/\/www.europarl.europa.eu\/petitions\/fr\/home\">https:\/\/www.europarl.europa.eu\/petitions\/fr\/home<\/a><\/h4>\n\n\n\n<p>[Les onglets \u00ab&nbsp;cr\u00e9er un compte &#8211; Se connecter- Chercher une p\u00e9tition&nbsp;\u00bb sont dans le bandeau bleu en haut de page]<\/p>\n\n\n\n<ol type=\"1\"><li>Cr\u00e9er un compte<\/li><li>Se connecter<\/li><li>Chercher une p\u00e9tition&nbsp;: dans la case \u00ab&nbsp;mot-cl\u00e9&nbsp;\u00bb inscrire le num\u00e9ro de p\u00e9tition <strong>1064\/2021<\/strong>&nbsp;<\/li><li>Soutenir la p\u00e9tition&nbsp;: cliquer sur OUVERTE AU SOUTIEN puis sur SOUTENIR<\/li><\/ol>\n\n\n\n<p>Nous comptons sur vous pour faire monter le compteur des soutiens et nous vous en remercions par avance.<\/p>\n","protected":false},"excerpt":{"rendered":"<p>Avec notre avocat Louis Cofflard et notre f\u00e9d\u00e9ration nationale UFCNA (Union Fran\u00e7aise Contre les Nuisances des A\u00e9ronefs), nous avons lanc\u00e9 une p\u00e9tition au niveau des instances europ\u00e9ennes pour demander le respect des textes europ\u00e9ens en mati\u00e8re de r\u00e9duction des nuisances a\u00e9riennes&nbsp;: pollution sonore, pollution chimique et gaz \u00e0 effet de serre&nbsp;: P\u00e9tition n\u00ba&nbsp;1064\/2021, pr\u00e9sent\u00e9e par [&hellip;]<\/p>\n","protected":false},"author":10,"featured_media":77878,"comment_status":"closed","ping_status":"open","sticky":false,"template":"","format":"standard","meta":{"footnotes":""},"categories":[46],"tags":[],"yoast_head":"<!-- This site is optimized with the Yoast SEO plugin v22.0 - https:\/\/yoast.com\/wordpress\/plugins\/seo\/ -->\n<title>Soutenez la p\u00e9tition UFCNA sur le portail P\u00e9titions du Parlement Europ\u00e9en - Advocnar<\/title>\n<meta name=\"robots\" content=\"index, follow, max-snippet:-1, max-image-preview:large, max-video-preview:-1\" \/>\n<link rel=\"canonical\" href=\"https:\/\/www.clients.horus-informatique71.fr\/advocnar_backup\/2022\/09\/soutenez-la-petition-ufcna-sur-le-portail-petitions-du-parlement-europeen\/\" \/>\n<meta property=\"og:locale\" content=\"fr_FR\" \/>\n<meta property=\"og:type\" content=\"article\" \/>\n<meta property=\"og:title\" content=\"Soutenez la p\u00e9tition UFCNA sur le portail P\u00e9titions du Parlement Europ\u00e9en - Advocnar\" \/>\n<meta property=\"og:description\" content=\"Avec notre avocat Louis Cofflard et notre f\u00e9d\u00e9ration nationale UFCNA (Union Fran\u00e7aise Contre les Nuisances des A\u00e9ronefs), nous avons lanc\u00e9 une p\u00e9tition au niveau des instances europ\u00e9ennes pour demander le respect des textes europ\u00e9ens en mati\u00e8re de r\u00e9duction des nuisances a\u00e9riennes&nbsp;: pollution sonore, pollution chimique et gaz \u00e0 effet de serre&nbsp;: P\u00e9tition n\u00ba&nbsp;1064\/2021, pr\u00e9sent\u00e9e par [&hellip;]\" \/>\n<meta property=\"og:url\" content=\"https:\/\/www.clients.horus-informatique71.fr\/advocnar_backup\/2022\/09\/soutenez-la-petition-ufcna-sur-le-portail-petitions-du-parlement-europeen\/\" \/>\n<meta property=\"og:site_name\" content=\"Advocnar\" \/>\n<meta property=\"article:published_time\" content=\"2022-09-09T07:33:00+00:00\" \/>\n<meta property=\"article:modified_time\" content=\"2022-10-18T13:21:11+00:00\" \/>\n<meta property=\"og:image\" content=\"https:\/\/www.clients.horus-informatique71.fr\/advocnar_backup\/wp-content\/uploads\/2022\/03\/Petition-UE.png\" \/>\n\t<meta property=\"og:image:width\" content=\"604\" \/>\n\t<meta property=\"og:image:height\" content=\"452\" \/>\n\t<meta property=\"og:image:type\" content=\"image\/png\" \/>\n<meta name=\"author\" content=\"FBrochot\" \/>\n<meta name=\"twitter:card\" content=\"summary_large_image\" \/>\n<meta name=\"twitter:label1\" content=\"\u00c9crit par\" \/>\n\t<meta name=\"twitter:data1\" content=\"FBrochot\" \/>\n\t<meta name=\"twitter:label2\" content=\"Dur\u00e9e de lecture estim\u00e9e\" \/>\n\t<meta name=\"twitter:data2\" content=\"1 minute\" \/>\n<script type=\"application\/ld+json\" class=\"yoast-schema-graph\">{\"@context\":\"https:\/\/schema.org\",\"@graph\":[{\"@type\":\"WebPage\",\"@id\":\"https:\/\/www.clients.horus-informatique71.fr\/advocnar_backup\/2022\/09\/soutenez-la-petition-ufcna-sur-le-portail-petitions-du-parlement-europeen\/\",\"url\":\"https:\/\/www.clients.horus-informatique71.fr\/advocnar_backup\/2022\/09\/soutenez-la-petition-ufcna-sur-le-portail-petitions-du-parlement-europeen\/\",\"name\":\"Soutenez la p\u00e9tition UFCNA sur le portail P\u00e9titions du Parlement Europ\u00e9en - Advocnar\",\"isPartOf\":{\"@id\":\"https:\/\/www.clients.horus-informatique71.fr\/advocnar_backup\/#website\"},\"datePublished\":\"2022-09-09T07:33:00+00:00\",\"dateModified\":\"2022-10-18T13:21:11+00:00\",\"author\":{\"@id\":\"https:\/\/www.clients.horus-informatique71.fr\/advocnar_backup\/#\/schema\/person\/28ec283f897fb44e1146415d8015d23e\"},\"breadcrumb\":{\"@id\":\"https:\/\/www.clients.horus-informatique71.fr\/advocnar_backup\/2022\/09\/soutenez-la-petition-ufcna-sur-le-portail-petitions-du-parlement-europeen\/#breadcrumb\"},\"inLanguage\":\"fr-FR\",\"potentialAction\":[{\"@type\":\"ReadAction\",\"target\":[\"https:\/\/www.clients.horus-informatique71.fr\/advocnar_backup\/2022\/09\/soutenez-la-petition-ufcna-sur-le-portail-petitions-du-parlement-europeen\/\"]}]},{\"@type\":\"BreadcrumbList\",\"@id\":\"https:\/\/www.clients.horus-informatique71.fr\/advocnar_backup\/2022\/09\/soutenez-la-petition-ufcna-sur-le-portail-petitions-du-parlement-europeen\/#breadcrumb\",\"itemListElement\":[{\"@type\":\"ListItem\",\"position\":1,\"name\":\"Accueil\",\"item\":\"https:\/\/www.clients.horus-informatique71.fr\/advocnar_backup\/\"},{\"@type\":\"ListItem\",\"position\":2,\"name\":\"Soutenez la p\u00e9tition UFCNA sur le portail P\u00e9titions du Parlement Europ\u00e9en\"}]},{\"@type\":\"WebSite\",\"@id\":\"https:\/\/www.clients.horus-informatique71.fr\/advocnar_backup\/#website\",\"url\":\"https:\/\/www.clients.horus-informatique71.fr\/advocnar_backup\/\",\"name\":\"Advocnar\",\"description\":\"Association de D\u00e9fense Contre les Nuisances A\u00e9riennes\",\"potentialAction\":[{\"@type\":\"SearchAction\",\"target\":{\"@type\":\"EntryPoint\",\"urlTemplate\":\"https:\/\/www.clients.horus-informatique71.fr\/advocnar_backup\/?s={search_term_string}\"},\"query-input\":\"required name=search_term_string\"}],\"inLanguage\":\"fr-FR\"},{\"@type\":\"Person\",\"@id\":\"https:\/\/www.clients.horus-informatique71.fr\/advocnar_backup\/#\/schema\/person\/28ec283f897fb44e1146415d8015d23e\",\"name\":\"FBrochot\",\"url\":\"https:\/\/www.clients.horus-informatique71.fr\/advocnar_backup\/author\/fbrochot\/\"}]}<\/script>\n<!-- \/ Yoast SEO plugin. -->","yoast_head_json":{"title":"Soutenez la p\u00e9tition UFCNA sur le portail P\u00e9titions du Parlement Europ\u00e9en - Advocnar","robots":{"index":"index","follow":"follow","max-snippet":"max-snippet:-1","max-image-preview":"max-image-preview:large","max-video-preview":"max-video-preview:-1"},"canonical":"https:\/\/www.clients.horus-informatique71.fr\/advocnar_backup\/2022\/09\/soutenez-la-petition-ufcna-sur-le-portail-petitions-du-parlement-europeen\/","og_locale":"fr_FR","og_type":"article","og_title":"Soutenez la p\u00e9tition UFCNA sur le portail P\u00e9titions du Parlement Europ\u00e9en - Advocnar","og_description":"Avec notre avocat Louis Cofflard et notre f\u00e9d\u00e9ration nationale UFCNA (Union Fran\u00e7aise Contre les Nuisances des A\u00e9ronefs), nous avons lanc\u00e9 une p\u00e9tition au niveau des instances europ\u00e9ennes pour demander le respect des textes europ\u00e9ens en mati\u00e8re de r\u00e9duction des nuisances a\u00e9riennes&nbsp;: pollution sonore, pollution chimique et gaz \u00e0 effet de serre&nbsp;: P\u00e9tition n\u00ba&nbsp;1064\/2021, pr\u00e9sent\u00e9e par [&hellip;]","og_url":"https:\/\/www.clients.horus-informatique71.fr\/advocnar_backup\/2022\/09\/soutenez-la-petition-ufcna-sur-le-portail-petitions-du-parlement-europeen\/","og_site_name":"Advocnar","article_published_time":"2022-09-09T07:33:00+00:00","article_modified_time":"2022-10-18T13:21:11+00:00","og_image":[{"width":604,"height":452,"url":"https:\/\/www.clients.horus-informatique71.fr\/advocnar_backup\/wp-content\/uploads\/2022\/03\/Petition-UE.png","type":"image\/png"}],"author":"FBrochot","twitter_card":"summary_large_image","twitter_misc":{"\u00c9crit par":"FBrochot","Dur\u00e9e de lecture estim\u00e9e":"1 minute"},"schema":{"@context":"https:\/\/schema.org","@graph":[{"@type":"WebPage","@id":"https:\/\/www.clients.horus-informatique71.fr\/advocnar_backup\/2022\/09\/soutenez-la-petition-ufcna-sur-le-portail-petitions-du-parlement-europeen\/","url":"https:\/\/www.clients.horus-informatique71.fr\/advocnar_backup\/2022\/09\/soutenez-la-petition-ufcna-sur-le-portail-petitions-du-parlement-europeen\/","name":"Soutenez la p\u00e9tition UFCNA sur le portail P\u00e9titions du Parlement Europ\u00e9en - Advocnar","isPartOf":{"@id":"https:\/\/www.clients.horus-informatique71.fr\/advocnar_backup\/#website"},"datePublished":"2022-09-09T07:33:00+00:00","dateModified":"2022-10-18T13:21:11+00:00","author":{"@id":"https:\/\/www.clients.horus-informatique71.fr\/advocnar_backup\/#\/schema\/person\/28ec283f897fb44e1146415d8015d23e"},"breadcrumb":{"@id":"https:\/\/www.clients.horus-informatique71.fr\/advocnar_backup\/2022\/09\/soutenez-la-petition-ufcna-sur-le-portail-petitions-du-parlement-europeen\/#breadcrumb"},"inLanguage":"fr-FR","potentialAction":[{"@type":"ReadAction","target":["https:\/\/www.clients.horus-informatique71.fr\/advocnar_backup\/2022\/09\/soutenez-la-petition-ufcna-sur-le-portail-petitions-du-parlement-europeen\/"]}]},{"@type":"BreadcrumbList","@id":"https:\/\/www.clients.horus-informatique71.fr\/advocnar_backup\/2022\/09\/soutenez-la-petition-ufcna-sur-le-portail-petitions-du-parlement-europeen\/#breadcrumb","itemListElement":[{"@type":"ListItem","position":1,"name":"Accueil","item":"https:\/\/www.clients.horus-informatique71.fr\/advocnar_backup\/"},{"@type":"ListItem","position":2,"name":"Soutenez la p\u00e9tition UFCNA sur le portail P\u00e9titions du Parlement Europ\u00e9en"}]},{"@type":"WebSite","@id":"https:\/\/www.clients.horus-informatique71.fr\/advocnar_backup\/#website","url":"https:\/\/www.clients.horus-informatique71.fr\/advocnar_backup\/","name":"Advocnar","description":"Association de D\u00e9fense Contre les Nuisances A\u00e9riennes","potentialAction":[{"@type":"SearchAction","target":{"@type":"EntryPoint","urlTemplate":"https:\/\/www.clients.horus-informatique71.fr\/advocnar_backup\/?s={search_term_string}"},"query-input":"required name=search_term_string"}],"inLanguage":"fr-FR"},{"@type":"Person","@id":"https:\/\/www.clients.horus-informatique71.fr\/advocnar_backup\/#\/schema\/person\/28ec283f897fb44e1146415d8015d23e","name":"FBrochot","url":"https:\/\/www.clients.horus-informatique71.fr\/advocnar_backup\/author\/fbrochot\/"}]}},"_links":{"self":[{"href":"https:\/\/www.clients.horus-informatique71.fr\/advocnar_backup\/wp-json\/wp\/v2\/posts\/77879"}],"collection":[{"href":"https:\/\/www.clients.horus-informatique71.fr\/advocnar_backup\/wp-json\/wp\/v2\/posts"}],"about":[{"href":"https:\/\/www.clients.horus-informatique71.fr\/advocnar_backup\/wp-json\/wp\/v2\/types\/post"}],"author":[{"embeddable":true,"href":"https:\/\/www.clients.horus-informatique71.fr\/advocnar_backup\/wp-json\/wp\/v2\/users\/10"}],"replies":[{"embeddable":true,"href":"https:\/\/www.clients.horus-informatique71.fr\/advocnar_backup\/wp-json\/wp\/v2\/comments?post=77879"}],"version-history":[{"count":9,"href":"https:\/\/www.clients.horus-informatique71.fr\/advocnar_backup\/wp-json\/wp\/v2\/posts\/77879\/revisions"}],"predecessor-version":[{"id":78241,"href":"https:\/\/www.clients.horus-informatique71.fr\/advocnar_backup\/wp-json\/wp\/v2\/posts\/77879\/revisions\/78241"}],"wp:featuredmedia":[{"embeddable":true,"href":"https:\/\/www.clients.horus-informatique71.fr\/advocnar_backup\/wp-json\/wp\/v2\/media\/77878"}],"wp:attachment":[{"href":"https:\/\/www.clients.horus-informatique71.fr\/advocnar_backup\/wp-json\/wp\/v2\/media?parent=77879"}],"wp:term":[{"taxonomy":"category","embeddable":true,"href":"https:\/\/www.clients.horus-informatique71.fr\/advocnar_backup\/wp-json\/wp\/v2\/categories?post=77879"},{"taxonomy":"post_tag","embeddable":true,"href":"https:\/\/www.clients.horus-informatique71.fr\/advocnar_backup\/wp-json\/wp\/v2\/tags?post=77879"}],"curies":[{"name":"wp","href":"https:\/\/api.w.org\/{rel}","templated":true}]}}